{"id":7390,"date":"2026-04-21T17:43:40","date_gmt":"2026-04-21T17:43:40","guid":{"rendered":"https:\/\/www.yoga-federation.eu\/skalarni-jogove-tabory-v-roce-2026\/"},"modified":"2026-04-24T07:41:26","modified_gmt":"2026-04-24T07:41:26","slug":"skalarni-jogove-tabory-v-roce-2026","status":"publish","type":"post","link":"https:\/\/www.yoga-federation.eu\/cz\/skalarni-jogove-tabory-v-roce-2026\/","title":{"rendered":"Skal\u00e1rn\u00ed j\u00f3gov\u00e9 t\u00e1bory v roce 2026"},"content":{"rendered":"<p><div class=\"fusion-fullwidth fullwidth-box fusion-builder-row-1 fusion-flex-container nonhundred-percent-fullwidth non-hundred-percent-height-scrolling\" style=\"background-color: rgba(255,255,255,0);background-position: center center;background-repeat: no-repeat;border-width: 0px 0px 0px 0px;border-color:#eae9e9;border-style:solid;\" ><div class=\"fusion-builder-row fusion-row fusion-flex-align-items-flex-start\" style=\"max-width:1144px;margin-left: calc(-4% \/ 2 );margin-right: calc(-4% \/ 2 );\"><div class=\"fusion-layout-column fusion_builder_column fusion-builder-column-0 fusion_builder_column_1_1 1_1 fusion-flex-column\"><div class=\"fusion-column-wrapper fusion-flex-justify-content-flex-start fusion-content-layout-column\" style=\"background-position:left top;background-repeat:no-repeat;-webkit-background-size:cover;-moz-background-size:cover;-o-background-size:cover;background-size:cover;padding: 0px 0px 0px 0px;\"><div class=\"fusion-text fusion-text-1\"><p data-start=\"0\" data-end=\"393\">Pokud hled\u00e1te skute\u010dn\u011b hlubok\u00fd a transforma\u010dn\u00ed z\u00e1\u017eitek, <strong data-start=\"61\" data-end=\"85\">Skalarn\u00ed J\u00f3gov\u00e9 Retreaty<\/strong> nab\u00edzej\u00ed jedine\u010dnou p\u0159\u00edle\u017eitost vystoupit z ka\u017edodenn\u00edch povinnost\u00ed a vstoupit do prostoru hlubok\u00e9 vnit\u0159n\u00ed pr\u00e1ce, u\u010den\u00ed a obnovy. Pod veden\u00edm doyena j\u00f3gy, prof. Predraga Niki\u0107e, Ph.D., a t\u00fdmu vysoce zku\u0161en\u00fdch j\u00f3gov\u00fdch u\u010ditel\u016f je ka\u017ed\u00fd retreat pe\u010dliv\u011b navr\u017een tak, aby podporoval osobn\u00ed i duchovn\u00ed rozvoj.<\/p>\n<p data-start=\"395\" data-end=\"733\">V klidn\u00e9m prost\u0159ed\u00ed <strong data-start=\"415\" data-end=\"446\">Evropsk\u00e9ho domu sv\u011btla j\u00f3gy<\/strong> spojuj\u00ed retreaty tradi\u010dn\u00ed j\u00f3gov\u00e9 pozn\u00e1n\u00ed s modern\u00edm, integrativn\u00edm p\u0159\u00edstupem. Prost\u0159ednictv\u00edm ka\u017edodenn\u00ed praxe, p\u0159edn\u00e1\u0161ek a veden\u00fdch sezen\u00ed jsou \u00fa\u010dastn\u00edci zv\u00e1ni k objevov\u00e1n\u00ed hlub\u0161\u00edch dimenz\u00ed j\u00f3gy \u2013 nejen jako fyzick\u00e9 discipl\u00edny, ale jako komplexn\u00ed cesty sebereflexe a transformace.<\/p>\n<p data-start=\"735\" data-end=\"1022\">Ka\u017ed\u00fd program je citliv\u011b p\u0159izp\u016fsoben pot\u0159eb\u00e1m skupiny, co\u017e umo\u017e\u0148uje vyv\u00e1\u017een\u00fd a personalizovan\u00fd z\u00e1\u017eitek. A\u0165 u\u017e jste oddan\u00fd praktikuj\u00edc\u00ed nebo lektor, kter\u00fd chce prohloubit sv\u00e9 znalosti, retreat poskytuje strukturovan\u00e9, a z\u00e1rove\u0148 podp\u016frn\u00e9 prost\u0159ed\u00ed pro r\u016fst, reflexi a smyslupln\u00e9 propojen\u00ed.<\/p>\n<p data-start=\"1024\" data-end=\"1280\" data-is-last-node=\"\" data-is-only-node=\"\">Mimo form\u00e1ln\u00ed program je z\u00e1\u017eitek obohacen o pocit komunity, jednoduchosti a p\u0159\u00edtomnosti. Obklopeni p\u0159\u00edrodou a prost\u0159ed\u00edm pln\u00fdm klidu, \u00fa\u010dastn\u00edci \u010dasto znovu objevuj\u00ed jasnost, rovnov\u00e1hu a obnoven\u00fd smysl \u017eivota, kter\u00fd p\u0159etrv\u00e1v\u00e1 dlouho po skon\u010den\u00ed retreatu.<\/p>\n<p data-start=\"1024\" data-end=\"1280\" data-is-last-node=\"\" data-is-only-node=\"\">Letos doporu\u010dujeme n\u00e1sleduj\u00edc\u00ed j\u00f3gov\u00e9 retreaty.<\/p>\n<\/div><\/div><\/div><style type=\"text\/css\">.fusion-body .fusion-builder-column-0{width:100% !important;margin-top : 0px;margin-bottom : 20px;}.fusion-builder-column-0 > .fusion-column-wrapper {padding-top : 0px !important;padding-right : 0px !important;margin-right : 1.92%;padding-bottom : 0px !important;padding-left : 0px !important;margin-left : 1.92%;}@media only screen and (max-width:1024px) {.fusion-body .fusion-builder-column-0{width:100% !important;order : 0;}.fusion-builder-column-0 > .fusion-column-wrapper {margin-right : 1.92%;margin-left : 1.92%;}}@media only screen and (max-width:640px) {.fusion-body .fusion-builder-column-0{width:100% !important;order : 0;}.fusion-builder-column-0 > .fusion-column-wrapper {margin-right : 1.92%;margin-left : 1.92%;}}<\/style><\/div><style type=\"text\/css\">.fusion-body .fusion-flex-container.fusion-builder-row-1{ padding-top : 0px;margin-top : 0px;padding-right : 0px;padding-bottom : 0px;margin-bottom : 0px;padding-left : 0px;}<\/style><\/div><div class=\"fusion-fullwidth fullwidth-box fusion-builder-row-2 fusion-flex-container nonhundred-percent-fullwidth non-hundred-percent-height-scrolling\" style=\"background-color: rgba(255,255,255,0);background-position: center center;background-repeat: no-repeat;border-width: 0px 0px 0px 0px;border-color:#eae9e9;border-style:solid;\" ><div class=\"fusion-builder-row fusion-row fusion-flex-align-items-flex-start\" style=\"max-width:1144px;margin-left: calc(-4% \/ 2 );margin-right: calc(-4% \/ 2 );\"><div class=\"fusion-layout-column fusion_builder_column fusion-builder-column-1 fusion_builder_column_1_4 1_4 fusion-flex-column\"><div class=\"fusion-column-wrapper fusion-flex-justify-content-flex-start fusion-content-layout-column\" style=\"background-position:left top;background-repeat:no-repeat;-webkit-background-size:cover;-moz-background-size:cover;-o-background-size:cover;background-size:cover;padding: 0px 0px 0px 0px;\"><div class=\"fusion-flip-boxes flip-boxes row fusion-columns-1 flip-effect-classic\"><div class=\"fusion-flip-box-wrapper fusion-column col-lg-12 col-md-12 col-sm-12\"><div class=\"fusion-flip-box flip-right\" tabindex=\"0\"><div class=\"flip-box-inner-wrapper\"><div class=\"flip-box-front\" style=\"background-color:#f6f6f6;border-color:rgba(0,0,0,0);border-radius:4px;border-style:solid;border-width:1px;color:#747474;transition-duration:0.4s;\"><div class=\"flip-box-front-inner\"><div class=\"flip-box-grafix flip-box-image\"><img loading=\"lazy\" decoding=\"async\" class=\"lazyload\" src=\"data:image\/svg+xml,%3Csvg%20xmlns%3D%27http%3A%2F%2Fwww.w3.org%2F2000%2Fsvg%27%20width%3D%271080%27%20height%3D%271350%27%20viewBox%3D%270%200%201080%201350%27%3E%3Crect%20width%3D%271080%27%20height%3D%2731350%27%20fill-opacity%3D%220%22%2F%3E%3C%2Fsvg%3E\" data-orig-src=\"http:\/\/www.yoga-federation.eu\/wp-content\/uploads\/2026\/04\/CZ-1-skalarni-jogovy-retreat.jpg\" width=\"1080\" height=\"1350\" alt=\"skalarni jogovy retreaty\" \/><\/div><h2 class=\"flip-box-heading\" style=\"color:#333333;\">Skal\u00e1rn\u00ed j\u00f3gov\u00e9 t\u00e1bory v roce 2026<\/h2>European House of Yoga Light<\/div><\/div><div class=\"flip-box-back\" style=\"background-color:#ffffff;border-color:rgba(0,0,0,0);border-radius:4px;border-style:solid;border-width:1px;color:#ffffff;transition-duration:0.4s;\"><div class=\"flip-box-back-inner\">\n<p style=\"text-align: center;\"><span style=\"color: #000080;\">Pokud hled\u00e1te hlubok\u00fd a transforma\u010dn\u00ed z\u00e1\u017eitek, na\u0161e Scalar Yoga Retreaty jsou p\u0159esn\u011b pro v\u00e1s.<\/span><\/p>\n<\/div><\/div><\/div><\/div><\/div><\/div><\/div><\/div><style type=\"text\/css\">.fusion-body .fusion-builder-column-1{width:25% !important;margin-top : 0px;margin-bottom : 20px;}.fusion-builder-column-1 > .fusion-column-wrapper {padding-top : 0px !important;padding-right : 0px !important;margin-right : 7.68%;padding-bottom : 0px !important;padding-left : 0px !important;margin-left : 7.68%;}@media only screen and (max-width:1024px) {.fusion-body .fusion-builder-column-1{width:100% !important;order : 0;}.fusion-builder-column-1 > .fusion-column-wrapper {margin-right : 1.92%;margin-left : 1.92%;}}@media only screen and (max-width:640px) {.fusion-body .fusion-builder-column-1{width:100% !important;order : 0;}.fusion-builder-column-1 > .fusion-column-wrapper {margin-right : 1.92%;margin-left : 1.92%;}}<\/style><div class=\"fusion-layout-column fusion_builder_column fusion-builder-column-2 fusion_builder_column_1_4 1_4 fusion-flex-column\"><div class=\"fusion-column-wrapper fusion-flex-justify-content-flex-start fusion-content-layout-column\" style=\"background-position:left top;background-repeat:no-repeat;-webkit-background-size:cover;-moz-background-size:cover;-o-background-size:cover;background-size:cover;padding: 0px 0px 0px 0px;\"><div class=\"fusion-flip-boxes flip-boxes row fusion-columns-1 flip-effect-classic\"><div class=\"fusion-flip-box-wrapper fusion-column col-lg-12 col-md-12 col-sm-12\"><div class=\"fusion-flip-box flip-right\" tabindex=\"0\"><div class=\"flip-box-inner-wrapper\"><div class=\"flip-box-front\" style=\"background-color:#f6f6f6;border-color:rgba(0,0,0,0);border-radius:4px;border-style:solid;border-width:1px;color:#747474;transition-duration:0.4s;\"><div class=\"flip-box-front-inner\"><div class=\"flip-box-grafix flip-box-image\"><img loading=\"lazy\" decoding=\"async\" class=\"lazyload\" src=\"data:image\/svg+xml,%3Csvg%20xmlns%3D%27http%3A%2F%2Fwww.w3.org%2F2000%2Fsvg%27%20width%3D%271080%27%20height%3D%271350%27%20viewBox%3D%270%200%201080%201350%27%3E%3Crect%20width%3D%271080%27%20height%3D%2731350%27%20fill-opacity%3D%220%22%2F%3E%3C%2Fsvg%3E\" data-orig-src=\"http:\/\/www.yoga-federation.eu\/wp-content\/uploads\/2026\/04\/CZ-2-jogovy-retreat-Samvid.jpg\" width=\"1080\" height=\"1350\" alt=\"jogovy retreat Samvid\" \/><\/div><h2 class=\"flip-box-heading\" style=\"color:#333333;\">Skal\u00e1rn\u00ed j\u00f3ga retreat Samvid<\/h2>3. - 9. \u010dervence 2026<\/div><\/div><div class=\"flip-box-back\" style=\"background-color:#ffffff;border-color:rgba(0,0,0,0);border-radius:4px;border-style:solid;border-width:1px;color:#ffffff;transition-duration:0.4s;\"><div class=\"flip-box-back-inner\">\n<p style=\"text-align: center;\"><span style=\"color: #000080;\">Praktikuj\u00edc\u00ed j\u00f3gy se setkaj\u00ed ve dnech 3.\u20139. \u010dervence 2026 v Evropsk\u00e9m dom\u011b sv\u011btla j\u00f3gy. P\u0159idejte se k n\u00e1m!<\/span><\/p>\n<p style=\"text-align: center;\"><a href=\"https:\/\/www.yoga-ac.eu\/cs\/jogove-retreaty-2026\/\" target=\"_blank\" rel=\"noopener\">P\u0159e\u010dt\u011bte si v\u00edce<\/a><\/p>\n<\/div><\/div><\/div><\/div><\/div><\/div><\/div><\/div><style type=\"text\/css\">.fusion-body .fusion-builder-column-2{width:25% !important;margin-top : 0px;margin-bottom : 20px;}.fusion-builder-column-2 > .fusion-column-wrapper {padding-top : 0px !important;padding-right : 0px !important;margin-right : 7.68%;padding-bottom : 0px !important;padding-left : 0px !important;margin-left : 7.68%;}@media only screen and (max-width:1024px) {.fusion-body .fusion-builder-column-2{width:100% !important;order : 0;}.fusion-builder-column-2 > .fusion-column-wrapper {margin-right : 1.92%;margin-left : 1.92%;}}@media only screen and (max-width:640px) {.fusion-body .fusion-builder-column-2{width:100% !important;order : 0;}.fusion-builder-column-2 > .fusion-column-wrapper {margin-right : 1.92%;margin-left : 1.92%;}}<\/style><div class=\"fusion-layout-column fusion_builder_column fusion-builder-column-3 fusion_builder_column_1_4 1_4 fusion-flex-column\"><div class=\"fusion-column-wrapper fusion-flex-justify-content-flex-start fusion-content-layout-column\" style=\"background-position:left top;background-repeat:no-repeat;-webkit-background-size:cover;-moz-background-size:cover;-o-background-size:cover;background-size:cover;padding: 0px 0px 0px 0px;\"><div class=\"fusion-flip-boxes flip-boxes row fusion-columns-1 flip-effect-classic\"><div class=\"fusion-flip-box-wrapper fusion-column col-lg-12 col-md-12 col-sm-12\"><div class=\"fusion-flip-box flip-right\" tabindex=\"0\"><div class=\"flip-box-inner-wrapper\"><div class=\"flip-box-front\" style=\"background-color:#f6f6f6;border-color:rgba(0,0,0,0);border-radius:4px;border-style:solid;border-width:1px;color:#747474;transition-duration:0.4s;\"><div class=\"flip-box-front-inner\"><div class=\"flip-box-grafix flip-box-image\"><img loading=\"lazy\" decoding=\"async\" class=\"lazyload\" src=\"data:image\/svg+xml,%3Csvg%20xmlns%3D%27http%3A%2F%2Fwww.w3.org%2F2000%2Fsvg%27%20width%3D%271080%27%20height%3D%271350%27%20viewBox%3D%270%200%201080%201350%27%3E%3Crect%20width%3D%271080%27%20height%3D%2731350%27%20fill-opacity%3D%220%22%2F%3E%3C%2Fsvg%3E\" data-orig-src=\"http:\/\/www.yoga-federation.eu\/wp-content\/uploads\/2026\/04\/CZ-3-jogovy-retreat-pro-pary.jpg\" width=\"1080\" height=\"1350\" alt=\"jogovy retreat pro pary\" \/><\/div><h2 class=\"flip-box-heading\" style=\"color:#333333;\">J\u00f3ga retreat pro p\u00e1ry<\/h2>12.-14. \u010dervence 2026<\/div><\/div><div class=\"flip-box-back\" style=\"background-color:#ffffff;border-color:rgba(0,0,0,0);border-radius:4px;border-style:solid;border-width:1px;color:#ffffff;transition-duration:0.4s;\"><div class=\"flip-box-back-inner\">\n<p style=\"text-align: center;\"><span style=\"color: #000080;\">Praktikov\u00e1n\u00ed j\u00f3gy s partnerem m\u016f\u017ee b\u00fdt kr\u00e1sn\u00fdm zp\u016fsobem, jak prohloubit a pos\u00edlit va\u0161e vz\u00e1jemn\u00e9 propojen\u00ed.<\/span><\/p>\n<p style=\"text-align: center;\"><a href=\"https:\/\/www.yoga-ac.eu\/cs\/jogove-retreaty-2026\/\" target=\"_blank\" rel=\"noopener\">P\u0159e\u010dt\u011bte si v\u00edce<\/a><\/p>\n<\/div><\/div><\/div><\/div><\/div><\/div><\/div><\/div><style type=\"text\/css\">.fusion-body .fusion-builder-column-3{width:25% !important;margin-top : 0px;margin-bottom : 20px;}.fusion-builder-column-3 > .fusion-column-wrapper {padding-top : 0px !important;padding-right : 0px !important;margin-right : 7.68%;padding-bottom : 0px !important;padding-left : 0px !important;margin-left : 7.68%;}@media only screen and (max-width:1024px) {.fusion-body .fusion-builder-column-3{width:100% !important;order : 0;}.fusion-builder-column-3 > .fusion-column-wrapper {margin-right : 1.92%;margin-left : 1.92%;}}@media only screen and (max-width:640px) {.fusion-body .fusion-builder-column-3{width:100% !important;order : 0;}.fusion-builder-column-3 > .fusion-column-wrapper {margin-right : 1.92%;margin-left : 1.92%;}}<\/style><div class=\"fusion-layout-column fusion_builder_column fusion-builder-column-4 fusion_builder_column_1_4 1_4 fusion-flex-column\"><div class=\"fusion-column-wrapper fusion-flex-justify-content-flex-start fusion-content-layout-column\" style=\"background-position:left top;background-repeat:no-repeat;-webkit-background-size:cover;-moz-background-size:cover;-o-background-size:cover;background-size:cover;padding: 0px 0px 0px 0px;\"><div class=\"fusion-flip-boxes flip-boxes row fusion-columns-1 flip-effect-classic\"><div class=\"fusion-flip-box-wrapper fusion-column col-lg-12 col-md-12 col-sm-12\"><div class=\"fusion-flip-box flip-right\" tabindex=\"0\"><div class=\"flip-box-inner-wrapper\"><div class=\"flip-box-front\" style=\"background-color:#f6f6f6;border-color:rgba(0,0,0,0);border-radius:4px;border-style:solid;border-width:1px;color:#747474;transition-duration:0.4s;\"><div class=\"flip-box-front-inner\"><div class=\"flip-box-grafix flip-box-image\"><img loading=\"lazy\" decoding=\"async\" class=\"lazyload\" src=\"data:image\/svg+xml,%3Csvg%20xmlns%3D%27http%3A%2F%2Fwww.w3.org%2F2000%2Fsvg%27%20width%3D%271080%27%20height%3D%271350%27%20viewBox%3D%270%200%201080%201350%27%3E%3Crect%20width%3D%271080%27%20height%3D%2731350%27%20fill-opacity%3D%220%22%2F%3E%3C%2Fsvg%3E\" data-orig-src=\"http:\/\/www.yoga-federation.eu\/wp-content\/uploads\/2026\/04\/CZ-4-nada-joga-retreat.jpg\" width=\"1080\" height=\"1350\" alt=\"nada joga retreat\" \/><\/div><h2 class=\"flip-box-heading\" style=\"color:#333333;\">Nada j\u00f3ga retreat<\/h2>12.-14. \u010dervence 2026<\/div><\/div><div class=\"flip-box-back\" style=\"background-color:#ffffff;border-color:rgba(0,0,0,0);border-radius:4px;border-style:solid;border-width:1px;color:#ffffff;transition-duration:0.4s;\"><div class=\"flip-box-back-inner\">\n<p style=\"text-align: center;\"><span style=\"color: #000080;\">Zveme v\u00e1s k duchovn\u00edmu z\u00e1\u017eitku N\u00e1d\u00e1 j\u00f3gy \u2013 za\u017eijte jemn\u00e9 vnit\u0159n\u00ed vibrace na\u0161eho byt\u00ed.<\/span><\/p>\n<\/div><\/div><\/div><\/div><\/div><\/div><\/div><\/div><style type=\"text\/css\">.fusion-body .fusion-builder-column-4{width:25% !important;margin-top : 0px;margin-bottom : 20px;}.fusion-builder-column-4 > .fusion-column-wrapper {padding-top : 0px !important;padding-right : 0px !important;margin-right : 7.68%;padding-bottom : 0px !important;padding-left : 0px !important;margin-left : 7.68%;}@media only screen and (max-width:1024px) {.fusion-body .fusion-builder-column-4{width:100% !important;order : 0;}.fusion-builder-column-4 > .fusion-column-wrapper {margin-right : 1.92%;margin-left : 1.92%;}}@media only screen and (max-width:640px) {.fusion-body .fusion-builder-column-4{width:100% !important;order : 0;}.fusion-builder-column-4 > .fusion-column-wrapper {margin-right : 1.92%;margin-left : 1.92%;}}<\/style><\/div><style type=\"text\/css\">.fusion-body .fusion-flex-container.fusion-builder-row-2{ padding-top : 0px;margin-top : 0px;padding-right : 0px;padding-bottom : 0px;margin-bottom : 0px;padding-left : 0px;}<\/style><\/div><div class=\"fusion-fullwidth fullwidth-box fusion-builder-row-3 fusion-flex-container nonhundred-percent-fullwidth non-hundred-percent-height-scrolling\" style=\"background-color: rgba(255,255,255,0);background-position: center center;background-repeat: no-repeat;border-width: 0px 0px 0px 0px;border-color:#eae9e9;border-style:solid;\" ><div class=\"fusion-builder-row fusion-row fusion-flex-align-items-flex-start\" style=\"max-width:1144px;margin-left: calc(-4% \/ 2 );margin-right: calc(-4% \/ 2 );\"><div class=\"fusion-layout-column fusion_builder_column fusion-builder-column-5 fusion_builder_column_1_4 1_4 fusion-flex-column\"><div class=\"fusion-column-wrapper fusion-flex-justify-content-flex-start fusion-content-layout-column\" style=\"background-position:left top;background-repeat:no-repeat;-webkit-background-size:cover;-moz-background-size:cover;-o-background-size:cover;background-size:cover;padding: 0px 0px 0px 0px;\"><div class=\"fusion-flip-boxes flip-boxes row fusion-columns-1 flip-effect-classic\"><div class=\"fusion-flip-box-wrapper fusion-column col-lg-12 col-md-12 col-sm-12\"><div class=\"fusion-flip-box flip-right\" tabindex=\"0\"><div class=\"flip-box-inner-wrapper\"><div class=\"flip-box-front\" style=\"background-color:#f6f6f6;border-color:rgba(0,0,0,0);border-radius:4px;border-style:solid;border-width:1px;color:#747474;transition-duration:0.4s;\"><div class=\"flip-box-front-inner\"><div class=\"flip-box-grafix flip-box-image\"><img loading=\"lazy\" decoding=\"async\" class=\"lazyload\" src=\"data:image\/svg+xml,%3Csvg%20xmlns%3D%27http%3A%2F%2Fwww.w3.org%2F2000%2Fsvg%27%20width%3D%271080%27%20height%3D%271350%27%20viewBox%3D%270%200%201080%201350%27%3E%3Crect%20width%3D%271080%27%20height%3D%2731350%27%20fill-opacity%3D%220%22%2F%3E%3C%2Fsvg%3E\" data-orig-src=\"http:\/\/www.yoga-federation.eu\/wp-content\/uploads\/2026\/04\/CZ-6-jogovy-retreat.jpg\" width=\"1080\" height=\"1350\" alt=\"jogovy retreat\" \/><\/div><h2 class=\"flip-box-heading\" style=\"color:#333333;\">Transforma\u010dn\u00ed v\u00edkend s profesorem Niki\u0107em<\/h2>17. - 19. \u010dervence 2026<\/div><\/div><div class=\"flip-box-back\" style=\"background-color:#ffffff;border-color:rgba(0,0,0,0);border-radius:4px;border-style:solid;border-width:1px;color:#ffffff;transition-duration:0.4s;\"><div class=\"flip-box-back-inner\">\n<p style=\"text-align: center;\"><span style=\"color: #000080;\">Mo\u017enost z\u00edskat a osobn\u011b realizovat individu\u00e1ln\u00ed rozvojov\u00fd program a energetickou podporu.<\/span><\/p>\n<p style=\"text-align: center;\"><a href=\"https:\/\/www.yoga-ac.eu\/cs\/jogove-retreaty-2026\/\" target=\"_blank\" rel=\"noopener\">P\u0159e\u010dt\u011bte si v\u00edce.<\/a><\/p>\n<\/div><\/div><\/div><\/div><\/div><\/div><\/div><\/div><style type=\"text\/css\">.fusion-body .fusion-builder-column-5{width:25% !important;margin-top : 0px;margin-bottom : 20px;}.fusion-builder-column-5 > .fusion-column-wrapper {padding-top : 0px !important;padding-right : 0px !important;margin-right : 7.68%;padding-bottom : 0px !important;padding-left : 0px !important;margin-left : 7.68%;}@media only screen and (max-width:1024px) {.fusion-body .fusion-builder-column-5{width:100% !important;order : 0;}.fusion-builder-column-5 > .fusion-column-wrapper {margin-right : 1.92%;margin-left : 1.92%;}}@media only screen and (max-width:640px) {.fusion-body .fusion-builder-column-5{width:100% !important;order : 0;}.fusion-builder-column-5 > .fusion-column-wrapper {margin-right : 1.92%;margin-left : 1.92%;}}<\/style><div class=\"fusion-layout-column fusion_builder_column fusion-builder-column-6 fusion_builder_column_1_4 1_4 fusion-flex-column\"><div class=\"fusion-column-wrapper fusion-flex-justify-content-flex-start fusion-content-layout-column\" style=\"background-position:left top;background-repeat:no-repeat;-webkit-background-size:cover;-moz-background-size:cover;-o-background-size:cover;background-size:cover;padding: 0px 0px 0px 0px;\"><div class=\"fusion-flip-boxes flip-boxes row fusion-columns-1 flip-effect-classic\"><div class=\"fusion-flip-box-wrapper fusion-column col-lg-12 col-md-12 col-sm-12\"><div class=\"fusion-flip-box flip-right\" tabindex=\"0\"><div class=\"flip-box-inner-wrapper\"><div class=\"flip-box-front\" style=\"background-color:#f6f6f6;border-color:rgba(0,0,0,0);border-radius:4px;border-style:solid;border-width:1px;color:#747474;transition-duration:0.4s;\"><div class=\"flip-box-front-inner\"><div class=\"flip-box-grafix flip-box-image\"><img loading=\"lazy\" decoding=\"async\" class=\"lazyload\" src=\"data:image\/svg+xml,%3Csvg%20xmlns%3D%27http%3A%2F%2Fwww.w3.org%2F2000%2Fsvg%27%20width%3D%271080%27%20height%3D%271350%27%20viewBox%3D%270%200%201080%201350%27%3E%3Crect%20width%3D%271080%27%20height%3D%2731350%27%20fill-opacity%3D%220%22%2F%3E%3C%2Fsvg%3E\" data-orig-src=\"http:\/\/www.yoga-federation.eu\/wp-content\/uploads\/2026\/04\/CZ-5-regeneracni-jogovy-retreat.jpg\" width=\"1080\" height=\"1350\" alt=\"regeneracni jogovy retreat\" \/><\/div><h2 class=\"flip-box-heading\" style=\"color:#333333;\">Regenera\u010dn\u00ed j\u00f3ga retreat<\/h2>17. - 19. \u010dervence 2026<\/div><\/div><div class=\"flip-box-back\" style=\"background-color:#ffffff;border-color:rgba(0,0,0,0);border-radius:4px;border-style:solid;border-width:1px;color:#ffffff;transition-duration:0.4s;\"><div class=\"flip-box-back-inner\">\n<p style=\"text-align: center;\"><span style=\"color: #000080;\">Regenera\u010dn\u00ed j\u00f3ga v\u00e1s provede cestou k obnoven\u00ed sebev\u011bdom\u00ed prost\u0159ednictv\u00edm zlep\u0161en\u00ed zdrav\u00ed.<\/span><\/p>\n<p style=\"text-align: center;\"><a href=\"https:\/\/www.yoga-ac.eu\/cs\/jogove-retreaty-2026\/\" target=\"_blank\" rel=\"noopener\">P\u0159e\u010dt\u011bte si v\u00edce<\/a><\/p>\n<\/div><\/div><\/div><\/div><\/div><\/div><\/div><\/div><style type=\"text\/css\">.fusion-body .fusion-builder-column-6{width:25% !important;margin-top : 0px;margin-bottom : 20px;}.fusion-builder-column-6 > .fusion-column-wrapper {padding-top : 0px !important;padding-right : 0px !important;margin-right : 7.68%;padding-bottom : 0px !important;padding-left : 0px !important;margin-left : 7.68%;}@media only screen and (max-width:1024px) {.fusion-body .fusion-builder-column-6{width:100% !important;order : 0;}.fusion-builder-column-6 > .fusion-column-wrapper {margin-right : 1.92%;margin-left : 1.92%;}}@media only screen and (max-width:640px) {.fusion-body .fusion-builder-column-6{width:100% !important;order : 0;}.fusion-builder-column-6 > .fusion-column-wrapper {margin-right : 1.92%;margin-left : 1.92%;}}<\/style><div class=\"fusion-layout-column fusion_builder_column fusion-builder-column-7 fusion_builder_column_1_4 1_4 fusion-flex-column\"><div class=\"fusion-column-wrapper fusion-flex-justify-content-flex-start fusion-content-layout-column\" style=\"background-position:left top;background-repeat:no-repeat;-webkit-background-size:cover;-moz-background-size:cover;-o-background-size:cover;background-size:cover;padding: 0px 0px 0px 0px;\"><div class=\"fusion-flip-boxes flip-boxes row fusion-columns-1 flip-effect-classic\"><div class=\"fusion-flip-box-wrapper fusion-column col-lg-12 col-md-12 col-sm-12\"><div class=\"fusion-flip-box flip-right\" tabindex=\"0\"><div class=\"flip-box-inner-wrapper\"><div class=\"flip-box-front\" style=\"background-color:#f6f6f6;border-color:rgba(0,0,0,0);border-radius:4px;border-style:solid;border-width:1px;color:#747474;transition-duration:0.4s;\"><div class=\"flip-box-front-inner\"><div class=\"flip-box-grafix flip-box-image\"><img loading=\"lazy\" decoding=\"async\" class=\"lazyload\" src=\"data:image\/svg+xml,%3Csvg%20xmlns%3D%27http%3A%2F%2Fwww.w3.org%2F2000%2Fsvg%27%20width%3D%271200%27%20height%3D%271200%27%20viewBox%3D%270%200%201200%201200%27%3E%3Crect%20width%3D%271200%27%20height%3D%2731200%27%20fill-opacity%3D%220%22%2F%3E%3C%2Fsvg%3E\" data-orig-src=\"http:\/\/www.yoga-federation.eu\/wp-content\/uploads\/2026\/04\/yoga_retreats_ehoyl_6.jpg\" width=\"1200\" height=\"1200\" alt=\"\" \/><\/div><h2 class=\"flip-box-heading\" style=\"color:#333333;\">J\u00f3ga \u2013 vegetari\u00e1nsk\u00e1 strava, praktick\u00fd workshop<\/h2>17. - 19. \u010dervence 2026<\/div><\/div><div class=\"flip-box-back\" style=\"background-color:#ffffff;border-color:rgba(0,0,0,0);border-radius:4px;border-style:solid;border-width:1px;color:#ffffff;transition-duration:0.4s;\"><div class=\"flip-box-back-inner\">\n<p style=\"text-align: center;\"><span style=\"color: #000080;\">Spolu s j\u00f3govou prax\u00ed se \u00fa\u010dastn\u00edci retreatu sezn\u00e1m\u00ed s praktick\u00fdmi tajemstv\u00edmi vegetari\u00e1nsk\u00e9 kuchyn\u011b.<\/span><\/p>\n<p style=\"text-align: center;\"><a href=\"https:\/\/www.yoga-ac.eu\/cs\/jogove-retreaty-2026\/\" target=\"_blank\" rel=\"noopener\">P\u0159e\u010dt\u011bte si v\u00edce.<\/a><\/p>\n<\/div><\/div><\/div><\/div><\/div><\/div><\/div><\/div><style type=\"text\/css\">.fusion-body .fusion-builder-column-7{width:25% !important;margin-top : 0px;margin-bottom : 20px;}.fusion-builder-column-7 > .fusion-column-wrapper {padding-top : 0px !important;padding-right : 0px !important;margin-right : 7.68%;padding-bottom : 0px !important;padding-left : 0px !important;margin-left : 7.68%;}@media only screen and (max-width:1024px) {.fusion-body .fusion-builder-column-7{width:100% !important;order : 0;}.fusion-builder-column-7 > .fusion-column-wrapper {margin-right : 1.92%;margin-left : 1.92%;}}@media only screen and (max-width:640px) {.fusion-body .fusion-builder-column-7{width:100% !important;order : 0;}.fusion-builder-column-7 > .fusion-column-wrapper {margin-right : 1.92%;margin-left : 1.92%;}}<\/style><div class=\"fusion-layout-column fusion_builder_column fusion-builder-column-8 fusion_builder_column_1_4 1_4 fusion-flex-column\"><div class=\"fusion-column-wrapper fusion-flex-justify-content-flex-start fusion-content-layout-column\" style=\"background-position:left top;background-repeat:no-repeat;-webkit-background-size:cover;-moz-background-size:cover;-o-background-size:cover;background-size:cover;padding: 0px 0px 0px 0px;\"><div class=\"fusion-flip-boxes flip-boxes row fusion-columns-1 flip-effect-classic\"><div class=\"fusion-flip-box-wrapper fusion-column col-lg-12 col-md-12 col-sm-12\"><div class=\"fusion-flip-box flip-right\" tabindex=\"0\"><div class=\"flip-box-inner-wrapper\"><div class=\"flip-box-front\" style=\"background-color:#f6f6f6;border-color:rgba(0,0,0,0);border-radius:4px;border-style:solid;border-width:1px;color:#747474;transition-duration:0.4s;\"><div class=\"flip-box-front-inner\"><div class=\"flip-box-grafix flip-box-image\"><img loading=\"lazy\" decoding=\"async\" class=\"lazyload\" src=\"data:image\/svg+xml,%3Csvg%20xmlns%3D%27http%3A%2F%2Fwww.w3.org%2F2000%2Fsvg%27%20width%3D%271080%27%20height%3D%271350%27%20viewBox%3D%270%200%201080%201350%27%3E%3Crect%20width%3D%271080%27%20height%3D%2731350%27%20fill-opacity%3D%220%22%2F%3E%3C%2Fsvg%3E\" data-orig-src=\"http:\/\/www.yoga-federation.eu\/wp-content\/uploads\/2026\/04\/CZ-7-rodinny-jogovy-retreat.jpg\" width=\"1080\" height=\"1350\" alt=\"rodinny jogovy retreat\" \/><\/div><h2 class=\"flip-box-heading\" style=\"color:#333333;\">Rodinn\u00fd j\u00f3gov\u00fd t\u00e1bor - pro d\u011bti a dosp\u011bl\u00e9<\/h2>28. \u010dervenec - 3. srpen 2026<\/div><\/div><div class=\"flip-box-back\" style=\"background-color:#ffffff;border-color:rgba(0,0,0,0);border-radius:4px;border-style:solid;border-width:1px;color:#ffffff;transition-duration:0.4s;\"><div class=\"flip-box-back-inner\">\n<p style=\"text-align: center;\"><span style=\"color: #000080;\">Str\u00e1vte aktivn\u00ed j\u00f3govou dovolenou se sv\u00fdmi d\u011btmi a rodinn\u00fdmi p\u0159\u00edslu\u0161n\u00edky \u2013 j\u00f3ga pro d\u011bti i dosp\u011bl\u00e9.<\/span><\/p>\n<p style=\"text-align: center;\"><a href=\"https:\/\/www.yoga-ac.eu\/cs\/jogove-retreaty-2026\/\" target=\"_blank\" rel=\"noopener\">P\u0159e\u010dt\u011bte si v\u00edce.<\/a><\/p>\n<\/div><\/div><\/div><\/div><\/div><\/div><\/div><\/div><style type=\"text\/css\">.fusion-body .fusion-builder-column-8{width:25% !important;margin-top : 0px;margin-bottom : 20px;}.fusion-builder-column-8 > .fusion-column-wrapper {padding-top : 0px !important;padding-right : 0px !important;margin-right : 7.68%;padding-bottom : 0px !important;padding-left : 0px !important;margin-left : 7.68%;}@media only screen and (max-width:1024px) {.fusion-body .fusion-builder-column-8{width:100% !important;order : 0;}.fusion-builder-column-8 > .fusion-column-wrapper {margin-right : 1.92%;margin-left : 1.92%;}}@media only screen and (max-width:640px) {.fusion-body .fusion-builder-column-8{width:100% !important;order : 0;}.fusion-builder-column-8 > .fusion-column-wrapper {margin-right : 1.92%;margin-left : 1.92%;}}<\/style><\/div><style type=\"text\/css\">.fusion-body .fusion-flex-container.fusion-builder-row-3{ padding-top : 0px;margin-top : 0px;padding-right : 0px;padding-bottom : 0px;margin-bottom : 0px;padding-left : 0px;}<\/style><\/div><\/p>\n","protected":false},"excerpt":{"rendered":"","protected":false},"author":6,"featured_media":7382,"comment_status":"closed","ping_status":"open","sticky":false,"template":"","format":"standard","meta":{"footnotes":""},"categories":[56,120,40],"tags":[],"class_list":["post-7390","post","type-post","status-publish","format-standard","has-post-thumbnail","hentry","category-activity","category-joga-tabor","category-uncategorized-cz"],"yoast_head":"<!-- This site is optimized with the Yoast SEO plugin v27.4 - https:\/\/yoast.com\/product\/yoast-seo-wordpress\/ -->\n<title>Skal\u00e1rn\u00ed j\u00f3gov\u00e9 t\u00e1bory v roce 2026 - Yoga Federation of Europe<\/title>\n<meta name=\"description\" content=\"Pokud hled\u00e1te skute\u010dn\u011b hlubok\u00fd a transforma\u010dn\u00ed z\u00e1\u017eitek, na\u0161e Scalar Yoga Retreaty nab\u00edzej\u00ed jedine\u010dnou p\u0159\u00edle\u017eitost.\" \/>\n<meta name=\"robots\" content=\"index, follow, max-snippet:-1, max-image-preview:large, max-video-preview:-1\" \/>\n<link rel=\"canonical\" href=\"https:\/\/www.yoga-federation.eu\/cz\/skalarni-jogove-tabory-v-roce-2026\/\" \/>\n<meta property=\"og:locale\" content=\"en_US\" \/>\n<meta property=\"og:type\" content=\"article\" \/>\n<meta property=\"og:title\" content=\"Skal\u00e1rn\u00ed j\u00f3gov\u00e9 t\u00e1bory v roce 2026 - Yoga Federation of Europe\" \/>\n<meta property=\"og:description\" content=\"Pokud hled\u00e1te skute\u010dn\u011b hlubok\u00fd a transforma\u010dn\u00ed z\u00e1\u017eitek, na\u0161e Scalar Yoga Retreaty nab\u00edzej\u00ed jedine\u010dnou p\u0159\u00edle\u017eitost.\" \/>\n<meta property=\"og:url\" content=\"https:\/\/www.yoga-federation.eu\/cz\/skalarni-jogove-tabory-v-roce-2026\/\" \/>\n<meta property=\"og:site_name\" content=\"Yoga Federation of Europe\" \/>\n<meta property=\"article:published_time\" content=\"2026-04-21T17:43:40+00:00\" \/>\n<meta property=\"article:modified_time\" content=\"2026-04-24T07:41:26+00:00\" \/>\n<meta property=\"og:image\" content=\"http:\/\/www.yoga-federation.eu\/wp-content\/uploads\/2026\/04\/yoga_retreats_ehoyl_0.jpg\" \/>\n\t<meta property=\"og:image:width\" content=\"1200\" \/>\n\t<meta property=\"og:image:height\" content=\"1200\" \/>\n\t<meta property=\"og:image:type\" content=\"image\/jpeg\" \/>\n<meta name=\"author\" content=\"YFE\" \/>\n<meta name=\"twitter:card\" content=\"summary_large_image\" \/>\n<meta name=\"twitter:label1\" content=\"Written by\" \/>\n\t<meta name=\"twitter:data1\" content=\"YFE\" \/>\n\t<meta name=\"twitter:label2\" content=\"Est. reading time\" \/>\n\t<meta name=\"twitter:data2\" content=\"7 minutes\" \/>\n<script type=\"application\/ld+json\" class=\"yoast-schema-graph\">{\"@context\":\"https:\\\/\\\/schema.org\",\"@graph\":[{\"@type\":\"Article\",\"@id\":\"https:\\\/\\\/www.yoga-federation.eu\\\/cz\\\/skalarni-jogove-tabory-v-roce-2026\\\/#article\",\"isPartOf\":{\"@id\":\"https:\\\/\\\/www.yoga-federation.eu\\\/cz\\\/skalarni-jogove-tabory-v-roce-2026\\\/\"},\"author\":{\"name\":\"YFE\",\"@id\":\"https:\\\/\\\/www.yoga-federation.eu\\\/#\\\/schema\\\/person\\\/c70b5a8f7323477f70814bd277cc9105\"},\"headline\":\"Skal\u00e1rn\u00ed j\u00f3gov\u00e9 t\u00e1bory v roce 2026\",\"datePublished\":\"2026-04-21T17:43:40+00:00\",\"dateModified\":\"2026-04-24T07:41:26+00:00\",\"mainEntityOfPage\":{\"@id\":\"https:\\\/\\\/www.yoga-federation.eu\\\/cz\\\/skalarni-jogove-tabory-v-roce-2026\\\/\"},\"wordCount\":3422,\"image\":{\"@id\":\"https:\\\/\\\/www.yoga-federation.eu\\\/cz\\\/skalarni-jogove-tabory-v-roce-2026\\\/#primaryimage\"},\"thumbnailUrl\":\"https:\\\/\\\/www.yoga-federation.eu\\\/wp-content\\\/uploads\\\/2026\\\/04\\\/yoga_retreats_ehoyl_0.jpg\",\"articleSection\":[\"Activity\",\"j\u00f3ga t\u00e1bor\"],\"inLanguage\":\"cz-CZ\"},{\"@type\":\"WebPage\",\"@id\":\"https:\\\/\\\/www.yoga-federation.eu\\\/cz\\\/skalarni-jogove-tabory-v-roce-2026\\\/\",\"url\":\"https:\\\/\\\/www.yoga-federation.eu\\\/cz\\\/skalarni-jogove-tabory-v-roce-2026\\\/\",\"name\":\"Skal\u00e1rn\u00ed j\u00f3gov\u00e9 t\u00e1bory v roce 2026 - Yoga Federation of Europe\",\"isPartOf\":{\"@id\":\"https:\\\/\\\/www.yoga-federation.eu\\\/#website\"},\"primaryImageOfPage\":{\"@id\":\"https:\\\/\\\/www.yoga-federation.eu\\\/cz\\\/skalarni-jogove-tabory-v-roce-2026\\\/#primaryimage\"},\"image\":{\"@id\":\"https:\\\/\\\/www.yoga-federation.eu\\\/cz\\\/skalarni-jogove-tabory-v-roce-2026\\\/#primaryimage\"},\"thumbnailUrl\":\"https:\\\/\\\/www.yoga-federation.eu\\\/wp-content\\\/uploads\\\/2026\\\/04\\\/yoga_retreats_ehoyl_0.jpg\",\"datePublished\":\"2026-04-21T17:43:40+00:00\",\"dateModified\":\"2026-04-24T07:41:26+00:00\",\"author\":{\"@id\":\"https:\\\/\\\/www.yoga-federation.eu\\\/#\\\/schema\\\/person\\\/c70b5a8f7323477f70814bd277cc9105\"},\"description\":\"Pokud hled\u00e1te skute\u010dn\u011b hlubok\u00fd a transforma\u010dn\u00ed z\u00e1\u017eitek, na\u0161e Scalar Yoga Retreaty nab\u00edzej\u00ed jedine\u010dnou p\u0159\u00edle\u017eitost.\",\"breadcrumb\":{\"@id\":\"https:\\\/\\\/www.yoga-federation.eu\\\/cz\\\/skalarni-jogove-tabory-v-roce-2026\\\/#breadcrumb\"},\"inLanguage\":\"cz-CZ\",\"potentialAction\":[{\"@type\":\"ReadAction\",\"target\":[\"https:\\\/\\\/www.yoga-federation.eu\\\/cz\\\/skalarni-jogove-tabory-v-roce-2026\\\/\"]}]},{\"@type\":\"ImageObject\",\"inLanguage\":\"cz-CZ\",\"@id\":\"https:\\\/\\\/www.yoga-federation.eu\\\/cz\\\/skalarni-jogove-tabory-v-roce-2026\\\/#primaryimage\",\"url\":\"https:\\\/\\\/www.yoga-federation.eu\\\/wp-content\\\/uploads\\\/2026\\\/04\\\/yoga_retreats_ehoyl_0.jpg\",\"contentUrl\":\"https:\\\/\\\/www.yoga-federation.eu\\\/wp-content\\\/uploads\\\/2026\\\/04\\\/yoga_retreats_ehoyl_0.jpg\",\"width\":1200,\"height\":1200,\"caption\":\"yoga_retreats_ehoyl_0\"},{\"@type\":\"BreadcrumbList\",\"@id\":\"https:\\\/\\\/www.yoga-federation.eu\\\/cz\\\/skalarni-jogove-tabory-v-roce-2026\\\/#breadcrumb\",\"itemListElement\":[{\"@type\":\"ListItem\",\"position\":1,\"name\":\"Home\",\"item\":\"https:\\\/\\\/www.yoga-federation.eu\\\/cz\\\/\"},{\"@type\":\"ListItem\",\"position\":2,\"name\":\"Skal\u00e1rn\u00ed j\u00f3gov\u00e9 t\u00e1bory v roce 2026\"}]},{\"@type\":\"WebSite\",\"@id\":\"https:\\\/\\\/www.yoga-federation.eu\\\/#website\",\"url\":\"https:\\\/\\\/www.yoga-federation.eu\\\/\",\"name\":\"Yoga Federation of Europe\",\"description\":\"Yoga in Europe\",\"potentialAction\":[{\"@type\":\"SearchAction\",\"target\":{\"@type\":\"EntryPoint\",\"urlTemplate\":\"https:\\\/\\\/www.yoga-federation.eu\\\/?s={search_term_string}\"},\"query-input\":{\"@type\":\"PropertyValueSpecification\",\"valueRequired\":true,\"valueName\":\"search_term_string\"}}],\"inLanguage\":\"cz-CZ\"},{\"@type\":\"Person\",\"@id\":\"https:\\\/\\\/www.yoga-federation.eu\\\/#\\\/schema\\\/person\\\/c70b5a8f7323477f70814bd277cc9105\",\"name\":\"YFE\",\"image\":{\"@type\":\"ImageObject\",\"inLanguage\":\"cz-CZ\",\"@id\":\"https:\\\/\\\/secure.gravatar.com\\\/avatar\\\/64f6beecfc59c339d337f0a16c80bfc143a5e623923f6f42beb67b25788f3e50?s=96&d=mm&r=g\",\"url\":\"https:\\\/\\\/secure.gravatar.com\\\/avatar\\\/64f6beecfc59c339d337f0a16c80bfc143a5e623923f6f42beb67b25788f3e50?s=96&d=mm&r=g\",\"contentUrl\":\"https:\\\/\\\/secure.gravatar.com\\\/avatar\\\/64f6beecfc59c339d337f0a16c80bfc143a5e623923f6f42beb67b25788f3e50?s=96&d=mm&r=g\",\"caption\":\"YFE\"},\"url\":\"https:\\\/\\\/www.yoga-federation.eu\\\/cz\\\/author\\\/ana\\\/\"}]}<\/script>\n<!-- \/ Yoast SEO plugin. -->","yoast_head_json":{"title":"Skal\u00e1rn\u00ed j\u00f3gov\u00e9 t\u00e1bory v roce 2026 - Yoga Federation of Europe","description":"Pokud hled\u00e1te skute\u010dn\u011b hlubok\u00fd a transforma\u010dn\u00ed z\u00e1\u017eitek, na\u0161e Scalar Yoga Retreaty nab\u00edzej\u00ed jedine\u010dnou p\u0159\u00edle\u017eitost.","robots":{"index":"index","follow":"follow","max-snippet":"max-snippet:-1","max-image-preview":"max-image-preview:large","max-video-preview":"max-video-preview:-1"},"canonical":"https:\/\/www.yoga-federation.eu\/cz\/skalarni-jogove-tabory-v-roce-2026\/","og_locale":"en_US","og_type":"article","og_title":"Skal\u00e1rn\u00ed j\u00f3gov\u00e9 t\u00e1bory v roce 2026 - Yoga Federation of Europe","og_description":"Pokud hled\u00e1te skute\u010dn\u011b hlubok\u00fd a transforma\u010dn\u00ed z\u00e1\u017eitek, na\u0161e Scalar Yoga Retreaty nab\u00edzej\u00ed jedine\u010dnou p\u0159\u00edle\u017eitost.","og_url":"https:\/\/www.yoga-federation.eu\/cz\/skalarni-jogove-tabory-v-roce-2026\/","og_site_name":"Yoga Federation of Europe","article_published_time":"2026-04-21T17:43:40+00:00","article_modified_time":"2026-04-24T07:41:26+00:00","og_image":[{"width":1200,"height":1200,"url":"http:\/\/www.yoga-federation.eu\/wp-content\/uploads\/2026\/04\/yoga_retreats_ehoyl_0.jpg","type":"image\/jpeg"}],"author":"YFE","twitter_card":"summary_large_image","twitter_misc":{"Written by":"YFE","Est. reading time":"7 minutes"},"schema":{"@context":"https:\/\/schema.org","@graph":[{"@type":"Article","@id":"https:\/\/www.yoga-federation.eu\/cz\/skalarni-jogove-tabory-v-roce-2026\/#article","isPartOf":{"@id":"https:\/\/www.yoga-federation.eu\/cz\/skalarni-jogove-tabory-v-roce-2026\/"},"author":{"name":"YFE","@id":"https:\/\/www.yoga-federation.eu\/#\/schema\/person\/c70b5a8f7323477f70814bd277cc9105"},"headline":"Skal\u00e1rn\u00ed j\u00f3gov\u00e9 t\u00e1bory v roce 2026","datePublished":"2026-04-21T17:43:40+00:00","dateModified":"2026-04-24T07:41:26+00:00","mainEntityOfPage":{"@id":"https:\/\/www.yoga-federation.eu\/cz\/skalarni-jogove-tabory-v-roce-2026\/"},"wordCount":3422,"image":{"@id":"https:\/\/www.yoga-federation.eu\/cz\/skalarni-jogove-tabory-v-roce-2026\/#primaryimage"},"thumbnailUrl":"https:\/\/www.yoga-federation.eu\/wp-content\/uploads\/2026\/04\/yoga_retreats_ehoyl_0.jpg","articleSection":["Activity","j\u00f3ga t\u00e1bor"],"inLanguage":"cz-CZ"},{"@type":"WebPage","@id":"https:\/\/www.yoga-federation.eu\/cz\/skalarni-jogove-tabory-v-roce-2026\/","url":"https:\/\/www.yoga-federation.eu\/cz\/skalarni-jogove-tabory-v-roce-2026\/","name":"Skal\u00e1rn\u00ed j\u00f3gov\u00e9 t\u00e1bory v roce 2026 - Yoga Federation of Europe","isPartOf":{"@id":"https:\/\/www.yoga-federation.eu\/#website"},"primaryImageOfPage":{"@id":"https:\/\/www.yoga-federation.eu\/cz\/skalarni-jogove-tabory-v-roce-2026\/#primaryimage"},"image":{"@id":"https:\/\/www.yoga-federation.eu\/cz\/skalarni-jogove-tabory-v-roce-2026\/#primaryimage"},"thumbnailUrl":"https:\/\/www.yoga-federation.eu\/wp-content\/uploads\/2026\/04\/yoga_retreats_ehoyl_0.jpg","datePublished":"2026-04-21T17:43:40+00:00","dateModified":"2026-04-24T07:41:26+00:00","author":{"@id":"https:\/\/www.yoga-federation.eu\/#\/schema\/person\/c70b5a8f7323477f70814bd277cc9105"},"description":"Pokud hled\u00e1te skute\u010dn\u011b hlubok\u00fd a transforma\u010dn\u00ed z\u00e1\u017eitek, na\u0161e Scalar Yoga Retreaty nab\u00edzej\u00ed jedine\u010dnou p\u0159\u00edle\u017eitost.","breadcrumb":{"@id":"https:\/\/www.yoga-federation.eu\/cz\/skalarni-jogove-tabory-v-roce-2026\/#breadcrumb"},"inLanguage":"cz-CZ","potentialAction":[{"@type":"ReadAction","target":["https:\/\/www.yoga-federation.eu\/cz\/skalarni-jogove-tabory-v-roce-2026\/"]}]},{"@type":"ImageObject","inLanguage":"cz-CZ","@id":"https:\/\/www.yoga-federation.eu\/cz\/skalarni-jogove-tabory-v-roce-2026\/#primaryimage","url":"https:\/\/www.yoga-federation.eu\/wp-content\/uploads\/2026\/04\/yoga_retreats_ehoyl_0.jpg","contentUrl":"https:\/\/www.yoga-federation.eu\/wp-content\/uploads\/2026\/04\/yoga_retreats_ehoyl_0.jpg","width":1200,"height":1200,"caption":"yoga_retreats_ehoyl_0"},{"@type":"BreadcrumbList","@id":"https:\/\/www.yoga-federation.eu\/cz\/skalarni-jogove-tabory-v-roce-2026\/#breadcrumb","itemListElement":[{"@type":"ListItem","position":1,"name":"Home","item":"https:\/\/www.yoga-federation.eu\/cz\/"},{"@type":"ListItem","position":2,"name":"Skal\u00e1rn\u00ed j\u00f3gov\u00e9 t\u00e1bory v roce 2026"}]},{"@type":"WebSite","@id":"https:\/\/www.yoga-federation.eu\/#website","url":"https:\/\/www.yoga-federation.eu\/","name":"Yoga Federation of Europe","description":"Yoga in Europe","potentialAction":[{"@type":"SearchAction","target":{"@type":"EntryPoint","urlTemplate":"https:\/\/www.yoga-federation.eu\/?s={search_term_string}"},"query-input":{"@type":"PropertyValueSpecification","valueRequired":true,"valueName":"search_term_string"}}],"inLanguage":"cz-CZ"},{"@type":"Person","@id":"https:\/\/www.yoga-federation.eu\/#\/schema\/person\/c70b5a8f7323477f70814bd277cc9105","name":"YFE","image":{"@type":"ImageObject","inLanguage":"cz-CZ","@id":"https:\/\/secure.gravatar.com\/avatar\/64f6beecfc59c339d337f0a16c80bfc143a5e623923f6f42beb67b25788f3e50?s=96&d=mm&r=g","url":"https:\/\/secure.gravatar.com\/avatar\/64f6beecfc59c339d337f0a16c80bfc143a5e623923f6f42beb67b25788f3e50?s=96&d=mm&r=g","contentUrl":"https:\/\/secure.gravatar.com\/avatar\/64f6beecfc59c339d337f0a16c80bfc143a5e623923f6f42beb67b25788f3e50?s=96&d=mm&r=g","caption":"YFE"},"url":"https:\/\/www.yoga-federation.eu\/cz\/author\/ana\/"}]}},"_links":{"self":[{"href":"https:\/\/www.yoga-federation.eu\/cz\/wp-json\/wp\/v2\/posts\/7390","targetHints":{"allow":["GET"]}}],"collection":[{"href":"https:\/\/www.yoga-federation.eu\/cz\/wp-json\/wp\/v2\/posts"}],"about":[{"href":"https:\/\/www.yoga-federation.eu\/cz\/wp-json\/wp\/v2\/types\/post"}],"author":[{"embeddable":true,"href":"https:\/\/www.yoga-federation.eu\/cz\/wp-json\/wp\/v2\/users\/6"}],"replies":[{"embeddable":true,"href":"https:\/\/www.yoga-federation.eu\/cz\/wp-json\/wp\/v2\/comments?post=7390"}],"version-history":[{"count":21,"href":"https:\/\/www.yoga-federation.eu\/cz\/wp-json\/wp\/v2\/posts\/7390\/revisions"}],"predecessor-version":[{"id":7427,"href":"https:\/\/www.yoga-federation.eu\/cz\/wp-json\/wp\/v2\/posts\/7390\/revisions\/7427"}],"wp:featuredmedia":[{"embeddable":true,"href":"https:\/\/www.yoga-federation.eu\/cz\/wp-json\/wp\/v2\/media\/7382"}],"wp:attachment":[{"href":"https:\/\/www.yoga-federation.eu\/cz\/wp-json\/wp\/v2\/media?parent=7390"}],"wp:term":[{"taxonomy":"category","embeddable":true,"href":"https:\/\/www.yoga-federation.eu\/cz\/wp-json\/wp\/v2\/categories?post=7390"},{"taxonomy":"post_tag","embeddable":true,"href":"https:\/\/www.yoga-federation.eu\/cz\/wp-json\/wp\/v2\/tags?post=7390"}],"curies":[{"name":"wp","href":"https:\/\/api.w.org\/{rel}","templated":true}]}}