{"id":7216,"date":"2024-11-23T22:22:23","date_gmt":"2024-11-23T22:22:23","guid":{"rendered":"https:\/\/www.yoga-federation.eu\/?p=7216"},"modified":"2024-11-23T22:39:46","modified_gmt":"2024-11-23T22:39:46","slug":"zlata-kundalini-joga-skoleni-vyssi-urovne","status":"publish","type":"post","link":"https:\/\/www.yoga-federation.eu\/cz\/zlata-kundalini-joga-skoleni-vyssi-urovne\/","title":{"rendered":"Zlat\u00e1 Kundalini J\u00f3ga &#8211; \u0161kolen\u00ed vy\u0161\u0161\u00ed \u00farovn\u011b"},"content":{"rendered":"<div class=\"fusion-fullwidth fullwidth-box fusion-builder-row-1 fusion-flex-container nonhundred-percent-fullwidth non-hundred-percent-height-scrolling\" style=\"background-color: rgba(255,255,255,0);background-position: center center;background-repeat: no-repeat;border-width: 0px 0px 0px 0px;border-color:#eae9e9;border-style:solid;\" ><div class=\"fusion-builder-row fusion-row fusion-flex-align-items-stretch\" style=\"max-width:1144px;margin-left: calc(-4% \/ 2 );margin-right: calc(-4% \/ 2 );\"><div class=\"fusion-layout-column fusion_builder_column fusion-builder-column-0 fusion_builder_column_1_1 1_1 fusion-flex-column\"><div class=\"fusion-column-wrapper fusion-flex-justify-content-flex-start fusion-content-layout-column\" style=\"background-position:left top;background-repeat:no-repeat;-webkit-background-size:cover;-moz-background-size:cover;-o-background-size:cover;background-size:cover;padding: 0px 0px 0px 0px;\"><div class=\"fusion-text fusion-text-1\"><p><a href=\"http:\/\/www.yoga-federation.eu\/wp-content\/uploads\/2024\/11\/zlata_kundalini_joga_kurz_pro_ucitele_jogy_1.jpg\"><img loading=\"lazy\" decoding=\"async\" class=\"lazyload alignnone size-full wp-image-7218\" src=\"http:\/\/www.yoga-federation.eu\/wp-content\/uploads\/2024\/11\/zlata_kundalini_joga_kurz_pro_ucitele_jogy_1.jpg\" data-orig-src=\"http:\/\/www.yoga-federation.eu\/wp-content\/uploads\/2024\/11\/zlata_kundalini_joga_kurz_pro_ucitele_jogy_1.jpg\" alt=\"zlata_kundalini_joga_kurz_pro_ucitele_jogy_1\" width=\"1366\" height=\"768\" srcset=\"data:image\/svg+xml,%3Csvg%20xmlns%3D%27http%3A%2F%2Fwww.w3.org%2F2000%2Fsvg%27%20width%3D%271366%27%20height%3D%27768%27%20viewBox%3D%270%200%201366%20768%27%3E%3Crect%20width%3D%271366%27%20height%3D%273768%27%20fill-opacity%3D%220%22%2F%3E%3C%2Fsvg%3E\" data-srcset=\"https:\/\/www.yoga-federation.eu\/wp-content\/uploads\/2024\/11\/zlata_kundalini_joga_kurz_pro_ucitele_jogy_1-200x112.jpg 200w, https:\/\/www.yoga-federation.eu\/wp-content\/uploads\/2024\/11\/zlata_kundalini_joga_kurz_pro_ucitele_jogy_1-300x169.jpg 300w, https:\/\/www.yoga-federation.eu\/wp-content\/uploads\/2024\/11\/zlata_kundalini_joga_kurz_pro_ucitele_jogy_1-400x225.jpg 400w, https:\/\/www.yoga-federation.eu\/wp-content\/uploads\/2024\/11\/zlata_kundalini_joga_kurz_pro_ucitele_jogy_1-600x337.jpg 600w, https:\/\/www.yoga-federation.eu\/wp-content\/uploads\/2024\/11\/zlata_kundalini_joga_kurz_pro_ucitele_jogy_1-768x432.jpg 768w, https:\/\/www.yoga-federation.eu\/wp-content\/uploads\/2024\/11\/zlata_kundalini_joga_kurz_pro_ucitele_jogy_1-800x450.jpg 800w, https:\/\/www.yoga-federation.eu\/wp-content\/uploads\/2024\/11\/zlata_kundalini_joga_kurz_pro_ucitele_jogy_1-1024x576.jpg 1024w, https:\/\/www.yoga-federation.eu\/wp-content\/uploads\/2024\/11\/zlata_kundalini_joga_kurz_pro_ucitele_jogy_1-1200x675.jpg 1200w, https:\/\/www.yoga-federation.eu\/wp-content\/uploads\/2024\/11\/zlata_kundalini_joga_kurz_pro_ucitele_jogy_1.jpg 1366w\" data-sizes=\"auto\" data-orig-sizes=\"auto, (max-width: 1366px) 100vw, 1366px\" \/><\/a><\/p>\n<\/div><div class=\"fusion-text fusion-text-2\"><h3>Zlat\u00e1 Kundalini j\u00f3ga je styl j\u00f3gy, kter\u00fd spojuje: fyzick\u00e9 cvi\u010den\u00ed (\u00e1sany), <span style=\"background-color: rgba(255, 255, 255, 0); color: var(--body_typography-color); font-family: var(--body_typography-font-family); font-size: var(--body_typography-font-size); font-style: var(--body_typography-font-style,normal); font-weight: var(--body_typography-font-weight); letter-spacing: var(--body_typography-letter-spacing);\">dechov\u00e9 techniky (pr\u00e1n\u00e1j\u00e1ma), meditace (dhj\u00e1na), <\/span><span style=\"color: var(--body_typography-color); font-family: var(--body_typography-font-family); font-size: var(--body_typography-font-size); font-style: var(--body_typography-font-style,normal); font-weight: var(--body_typography-font-weight); letter-spacing: var(--body_typography-letter-spacing); background-color: rgba(255, 255, 255, 0);\">pou\u017e\u00edv\u00e1n\u00ed manter.<\/span><\/h3>\n<p>Pat\u0159\u00ed do rodiny integrativn\u00edch p\u0159\u00edstup\u016f k j\u00f3ze, kter\u00e9 maj\u00ed sv\u00e9 ko\u0159eny v <span style=\"background-color: rgba(255, 255, 255, 0); color: var(--body_typography-color); font-family: var(--body_typography-font-family); font-size: var(--body_typography-font-size); font-style: var(--body_typography-font-style,normal); font-weight: var(--body_typography-font-weight); letter-spacing: var(--body_typography-letter-spacing);\">tantrick\u00e9 tradici star\u00e9 n\u011bkolik tis\u00edc let.<\/span><\/p>\n<p>\u201cKundala\u201d v sanskrtu znamen\u00e1 \u201ekruhov\u00fd prsten\u201c nebo \u201esto\u010den\u00fd kruh\u201c. V eposu Mah\u00e1bh\u00e1rata ozna\u010duje uspan\u00e9ho hada (naga) sto\u010den\u00e9ho do kruhu. V tantrismu z 11. stolet\u00ed symbolizuje \u0160akti \u2013 vit\u00e1ln\u00ed energii, kter\u00e1 nem\u00e1 za\u010d\u00e1tek ani konec. Kundalini p\u0159edstavuje sp\u00edc\u00ed s\u00edlu, energii a potenci\u00e1l ka\u017ed\u00e9 bytosti.<\/p>\n<p>\u0160kolen\u00ed pro U\u010ditele zlat\u00e9 kundalini j\u00f3gy prob\u00edh\u00e1 pod odborn\u00fdm <span style=\"background-color: rgba(255, 255, 255, 0); color: var(--body_typography-color); font-family: var(--body_typography-font-family); font-size: var(--body_typography-font-size); font-style: var(--body_typography-font-style,normal); font-weight: var(--body_typography-font-weight); letter-spacing: var(--body_typography-letter-spacing);\">veden\u00edm doyena j\u00f3gy prof. Dr. Predraga K. Niki\u0107e, dr\u017eitele <\/span><span style=\"background-color: rgba(255, 255, 255, 0); color: var(--body_typography-color); font-family: var(--body_typography-font-family); font-size: var(--body_typography-font-size); font-style: var(--body_typography-font-style,normal); font-weight: var(--body_typography-font-weight); letter-spacing: var(--body_typography-letter-spacing);\">vyznamen\u00e1n\u00ed \u201ePadma \u0160r\u00ed\u201c, kter\u00e9 obdr\u017eel od prezidenta Indie. <\/span><span style=\"background-color: rgba(255, 255, 255, 0); color: var(--body_typography-color); font-family: var(--body_typography-font-family); font-size: var(--body_typography-font-size); font-style: var(--body_typography-font-style,normal); font-weight: var(--body_typography-font-weight); letter-spacing: var(--body_typography-letter-spacing);\">Metody Zlat\u00e9, tradi\u010dn\u00ed Kundalini tradice \u010derpaj\u00ed z tis\u00edcilet\u00e9 <\/span><span style=\"background-color: rgba(255, 255, 255, 0); color: var(--body_typography-color); font-family: var(--body_typography-font-family); font-size: var(--body_typography-font-size); font-style: var(--body_typography-font-style,normal); font-weight: var(--body_typography-font-weight); letter-spacing: var(--body_typography-letter-spacing);\">zku\u0161enosti a moudrosti star\u00fdch ri\u0161i\u016f a guru\u016f. <\/span><\/p>\n<p><b>O programu<\/b><\/p>\n<p>\u0160kolen\u00ed trv\u00e1 5 m\u011bs\u00edc\u016f.<\/p>\n<p>Program v\u00fdcviku zahrnuje:<\/p>\n<p>Teorii Kundalini j\u00f3gy<\/p>\n<p>Intenzivn\u00ed energetickou praxi j\u00f3gy<\/p>\n<p>V\u00edkend v Evropsk\u00e9m Chr\u00e1mu Sv\u011btla J\u00f3gy<\/p>\n<p>Iniciaci<\/p>\n<p>Kundalini aktivaci<\/p>\n<p>Z\u00e1v\u011bre\u010dnou zkou\u0161ku<\/p>\n<p>Ud\u011blen\u00ed certifik\u00e1tu o absolvov\u00e1n\u00ed \u0161kolen\u00ed<\/p>\n<\/div><div class=\"fusion-text fusion-text-3\"><div><\/div>\n<p><img loading=\"lazy\" decoding=\"async\" class=\"lazyload alignnone size-full wp-image-7223\" src=\"http:\/\/www.yoga-federation.eu\/wp-content\/uploads\/2024\/11\/zlata_kundalini_joga_kurz_pro_ucitele_jogy_6.jpg\" data-orig-src=\"http:\/\/www.yoga-federation.eu\/wp-content\/uploads\/2024\/11\/zlata_kundalini_joga_kurz_pro_ucitele_jogy_6.jpg\" alt=\"zlata_kundalini_joga_kurz_pro_ucitele_jogy_6\" width=\"1366\" height=\"768\" style=\"color: var(--body_typography-color); font-family: var(--body_typography-font-family); font-size: var(--body_typography-font-size); font-style: var(--body_typography-font-style,normal); font-weight: var(--body_typography-font-weight); letter-spacing: var(--body_typography-letter-spacing); background-color: rgba(255, 255, 255, 0);\" srcset=\"data:image\/svg+xml,%3Csvg%20xmlns%3D%27http%3A%2F%2Fwww.w3.org%2F2000%2Fsvg%27%20width%3D%271366%27%20height%3D%27768%27%20viewBox%3D%270%200%201366%20768%27%3E%3Crect%20width%3D%271366%27%20height%3D%273768%27%20fill-opacity%3D%220%22%2F%3E%3C%2Fsvg%3E\" data-srcset=\"https:\/\/www.yoga-federation.eu\/wp-content\/uploads\/2024\/11\/zlata_kundalini_joga_kurz_pro_ucitele_jogy_6-200x112.jpg 200w, https:\/\/www.yoga-federation.eu\/wp-content\/uploads\/2024\/11\/zlata_kundalini_joga_kurz_pro_ucitele_jogy_6-300x169.jpg 300w, https:\/\/www.yoga-federation.eu\/wp-content\/uploads\/2024\/11\/zlata_kundalini_joga_kurz_pro_ucitele_jogy_6-400x225.jpg 400w, https:\/\/www.yoga-federation.eu\/wp-content\/uploads\/2024\/11\/zlata_kundalini_joga_kurz_pro_ucitele_jogy_6-600x337.jpg 600w, https:\/\/www.yoga-federation.eu\/wp-content\/uploads\/2024\/11\/zlata_kundalini_joga_kurz_pro_ucitele_jogy_6-768x432.jpg 768w, https:\/\/www.yoga-federation.eu\/wp-content\/uploads\/2024\/11\/zlata_kundalini_joga_kurz_pro_ucitele_jogy_6-800x450.jpg 800w, https:\/\/www.yoga-federation.eu\/wp-content\/uploads\/2024\/11\/zlata_kundalini_joga_kurz_pro_ucitele_jogy_6-1024x576.jpg 1024w, https:\/\/www.yoga-federation.eu\/wp-content\/uploads\/2024\/11\/zlata_kundalini_joga_kurz_pro_ucitele_jogy_6-1200x675.jpg 1200w, https:\/\/www.yoga-federation.eu\/wp-content\/uploads\/2024\/11\/zlata_kundalini_joga_kurz_pro_ucitele_jogy_6.jpg 1366w\" data-sizes=\"auto\" data-orig-sizes=\"auto, (max-width: 1366px) 100vw, 1366px\" \/><\/p>\n<\/p>\n<p><a href=\"https:\/\/yoga-retreat.info\/zlata-kundalini-joga\" target=\"_blank\" rel=\"noopener noreferrer\">Sta\u0148te se u\u010ditelem Zlat\u00e9 <span style=\"background-color: rgba(255, 255, 255, 0); color: var(--body_typography-color); font-family: var(--body_typography-font-family); font-size: var(--body_typography-font-size); font-style: var(--body_typography-font-style,normal); font-weight: var(--body_typography-font-weight); letter-spacing: var(--body_typography-letter-spacing);\">Kundalini J\u00f3gy<\/span><\/a><span style=\"background-color: rgba(255, 255, 255, 0); color: var(--body_typography-color); font-family: var(--body_typography-font-family); font-size: var(--body_typography-font-size); font-style: var(--body_typography-font-style,normal); font-weight: var(--body_typography-font-weight); letter-spacing: var(--body_typography-letter-spacing);\"><\/span><span style=\"background-color: rgba(255, 255, 255, 0); color: var(--body_typography-color); font-family: var(--body_typography-font-family); font-size: var(--body_typography-font-size); font-style: var(--body_typography-font-style,normal); font-weight: var(--body_typography-font-weight); letter-spacing: var(--body_typography-letter-spacing);\"><\/span><span style=\"background-color: rgba(255, 255, 255, 0); color: var(--body_typography-color); font-family: var(--body_typography-font-family); font-size: var(--body_typography-font-size); font-style: var(--body_typography-font-style,normal); font-weight: var(--body_typography-font-weight); letter-spacing: var(--body_typography-letter-spacing);\"><\/span><span style=\"background-color: rgba(255, 255, 255, 0); color: var(--body_typography-color); font-family: var(--body_typography-font-family); font-size: var(--body_typography-font-size); font-style: var(--body_typography-font-style,normal); font-weight: var(--body_typography-font-weight); letter-spacing: var(--body_typography-letter-spacing);\"><\/span><\/p>\n<p>Z\u00edskejte nov\u00e9 profesion\u00e1ln\u00ed dovednosti<\/p>\n<p>Prohlubte sv\u00e9 znalosti a zku\u0161enosti<\/p>\n<p>Nau\u010dte se praktick\u00e9 a snadno aplikovateln\u00e9 techniky, kter\u00e9 lze <span style=\"background-color: rgba(255, 255, 255, 0); color: var(--body_typography-color); font-family: var(--body_typography-font-family); font-size: var(--body_typography-font-size); font-style: var(--body_typography-font-style,normal); font-weight: var(--body_typography-font-weight); letter-spacing: var(--body_typography-letter-spacing);\">vyu\u017e\u00edt ve v\u0161ech oblastech ka\u017edodenn\u00edho \u017eivota<\/span><\/p>\n<p>P\u0159ihl\u00e1\u0161ky se pod\u00e1vaj\u00ed e-mailem: yogalight.eu@gmail.com<\/p>\n<p> Z\u00e1pis do programu prob\u00edh\u00e1 do napln\u011bn\u00ed kapacity skupiny.<\/p>\n<p><span style=\"background-color: rgba(255, 255, 255, 0); color: var(--body_typography-color); font-family: var(--body_typography-font-family); font-size: var(--body_typography-font-size); font-style: var(--body_typography-font-style,normal); font-weight: var(--body_typography-font-weight); letter-spacing: var(--body_typography-letter-spacing);\"><br \/><\/span><\/p>\n<\/div><\/div><\/div><style type=\"text\/css\">.fusion-body .fusion-builder-column-0{width:100% !important;margin-top : 0px;margin-bottom : 20px;}.fusion-builder-column-0 > .fusion-column-wrapper {padding-top : 0px !important;padding-right : 0px !important;margin-right : 1.92%;padding-bottom : 0px !important;padding-left : 0px !important;margin-left : 1.92%;}@media only screen and (max-width:1024px) {.fusion-body .fusion-builder-column-0{width:100% !important;order : 0;}.fusion-builder-column-0 > .fusion-column-wrapper {margin-right : 1.92%;margin-left : 1.92%;}}@media only screen and (max-width:640px) {.fusion-body .fusion-builder-column-0{width:100% !important;order : 0;}.fusion-builder-column-0 > .fusion-column-wrapper {margin-right : 1.92%;margin-left : 1.92%;}}<\/style><\/div><style type=\"text\/css\">.fusion-body .fusion-flex-container.fusion-builder-row-1{ padding-top : 0px;margin-top : 0px;padding-right : 0px;padding-bottom : 0px;margin-bottom : 0px;padding-left : 0px;}<\/style><\/div>\n","protected":false},"excerpt":{"rendered":"","protected":false},"author":6,"featured_media":7218,"comment_status":"closed","ping_status":"open","sticky":false,"template":"","format":"standard","meta":{"footnotes":""},"categories":[136,40,48],"tags":[],"class_list":["post-7216","post","type-post","status-publish","format-standard","has-post-thumbnail","hentry","category-activities-2024-cz","category-uncategorized-cz","category-vzdelavani"],"yoast_head":"<!-- This site is optimized with the Yoast SEO plugin v27.4 - https:\/\/yoast.com\/product\/yoast-seo-wordpress\/ -->\n<title>Zlat\u00e1 Kundalini J\u00f3ga - \u0161kolen\u00ed vy\u0161\u0161\u00ed \u00farovn\u011b - Yoga Federation of Europe<\/title>\n<meta name=\"description\" content=\"Prob\u00edh\u00e1 z\u00e1pis nov\u00e9 generace U\u010ditel\u016f Zlat\u00e9 Kundalini J\u00f3gy.\" \/>\n<meta name=\"robots\" content=\"index, follow, max-snippet:-1, max-image-preview:large, max-video-preview:-1\" \/>\n<link rel=\"canonical\" href=\"https:\/\/www.yoga-federation.eu\/cz\/zlata-kundalini-joga-skoleni-vyssi-urovne\/\" \/>\n<meta property=\"og:locale\" content=\"en_US\" \/>\n<meta property=\"og:type\" content=\"article\" \/>\n<meta property=\"og:title\" content=\"Zlat\u00e1 Kundalini J\u00f3ga - \u0161kolen\u00ed vy\u0161\u0161\u00ed \u00farovn\u011b - Yoga Federation of Europe\" \/>\n<meta property=\"og:description\" content=\"Prob\u00edh\u00e1 z\u00e1pis nov\u00e9 generace U\u010ditel\u016f Zlat\u00e9 Kundalini J\u00f3gy.\" \/>\n<meta property=\"og:url\" content=\"https:\/\/www.yoga-federation.eu\/cz\/zlata-kundalini-joga-skoleni-vyssi-urovne\/\" \/>\n<meta property=\"og:site_name\" content=\"Yoga Federation of Europe\" \/>\n<meta property=\"article:published_time\" content=\"2024-11-23T22:22:23+00:00\" \/>\n<meta property=\"article:modified_time\" content=\"2024-11-23T22:39:46+00:00\" \/>\n<meta property=\"og:image\" content=\"http:\/\/www.yoga-federation.eu\/wp-content\/uploads\/2024\/11\/zlata_kundalini_joga_kurz_pro_ucitele_jogy_1.jpg\" \/>\n\t<meta property=\"og:image:width\" content=\"1366\" \/>\n\t<meta property=\"og:image:height\" content=\"768\" \/>\n\t<meta property=\"og:image:type\" content=\"image\/jpeg\" \/>\n<meta name=\"author\" content=\"YFE\" \/>\n<meta name=\"twitter:card\" content=\"summary_large_image\" \/>\n<meta name=\"twitter:label1\" content=\"Written by\" \/>\n\t<meta name=\"twitter:data1\" content=\"YFE\" \/>\n\t<meta name=\"twitter:label2\" content=\"Est. reading time\" \/>\n\t<meta name=\"twitter:data2\" content=\"3 minutes\" \/>\n<script type=\"application\/ld+json\" class=\"yoast-schema-graph\">{\"@context\":\"https:\\\/\\\/schema.org\",\"@graph\":[{\"@type\":\"Article\",\"@id\":\"https:\\\/\\\/www.yoga-federation.eu\\\/cz\\\/zlata-kundalini-joga-skoleni-vyssi-urovne\\\/#article\",\"isPartOf\":{\"@id\":\"https:\\\/\\\/www.yoga-federation.eu\\\/cz\\\/zlata-kundalini-joga-skoleni-vyssi-urovne\\\/\"},\"author\":{\"name\":\"YFE\",\"@id\":\"https:\\\/\\\/www.yoga-federation.eu\\\/#\\\/schema\\\/person\\\/c70b5a8f7323477f70814bd277cc9105\"},\"headline\":\"Zlat\u00e1 Kundalini J\u00f3ga &#8211; \u0161kolen\u00ed vy\u0161\u0161\u00ed \u00farovn\u011b\",\"datePublished\":\"2024-11-23T22:22:23+00:00\",\"dateModified\":\"2024-11-23T22:39:46+00:00\",\"mainEntityOfPage\":{\"@id\":\"https:\\\/\\\/www.yoga-federation.eu\\\/cz\\\/zlata-kundalini-joga-skoleni-vyssi-urovne\\\/\"},\"wordCount\":828,\"image\":{\"@id\":\"https:\\\/\\\/www.yoga-federation.eu\\\/cz\\\/zlata-kundalini-joga-skoleni-vyssi-urovne\\\/#primaryimage\"},\"thumbnailUrl\":\"https:\\\/\\\/www.yoga-federation.eu\\\/wp-content\\\/uploads\\\/2024\\\/11\\\/zlata_kundalini_joga_kurz_pro_ucitele_jogy_1.jpg\",\"articleSection\":{\"0\":\"Activities 2024\",\"2\":\"Vzd\u011bl\u00e1v\u00e1n\u00ed\"},\"inLanguage\":\"cz-CZ\"},{\"@type\":\"WebPage\",\"@id\":\"https:\\\/\\\/www.yoga-federation.eu\\\/cz\\\/zlata-kundalini-joga-skoleni-vyssi-urovne\\\/\",\"url\":\"https:\\\/\\\/www.yoga-federation.eu\\\/cz\\\/zlata-kundalini-joga-skoleni-vyssi-urovne\\\/\",\"name\":\"Zlat\u00e1 Kundalini J\u00f3ga - \u0161kolen\u00ed vy\u0161\u0161\u00ed \u00farovn\u011b - Yoga Federation of Europe\",\"isPartOf\":{\"@id\":\"https:\\\/\\\/www.yoga-federation.eu\\\/#website\"},\"primaryImageOfPage\":{\"@id\":\"https:\\\/\\\/www.yoga-federation.eu\\\/cz\\\/zlata-kundalini-joga-skoleni-vyssi-urovne\\\/#primaryimage\"},\"image\":{\"@id\":\"https:\\\/\\\/www.yoga-federation.eu\\\/cz\\\/zlata-kundalini-joga-skoleni-vyssi-urovne\\\/#primaryimage\"},\"thumbnailUrl\":\"https:\\\/\\\/www.yoga-federation.eu\\\/wp-content\\\/uploads\\\/2024\\\/11\\\/zlata_kundalini_joga_kurz_pro_ucitele_jogy_1.jpg\",\"datePublished\":\"2024-11-23T22:22:23+00:00\",\"dateModified\":\"2024-11-23T22:39:46+00:00\",\"author\":{\"@id\":\"https:\\\/\\\/www.yoga-federation.eu\\\/#\\\/schema\\\/person\\\/c70b5a8f7323477f70814bd277cc9105\"},\"description\":\"Prob\u00edh\u00e1 z\u00e1pis nov\u00e9 generace U\u010ditel\u016f Zlat\u00e9 Kundalini J\u00f3gy.\",\"breadcrumb\":{\"@id\":\"https:\\\/\\\/www.yoga-federation.eu\\\/cz\\\/zlata-kundalini-joga-skoleni-vyssi-urovne\\\/#breadcrumb\"},\"inLanguage\":\"cz-CZ\",\"potentialAction\":[{\"@type\":\"ReadAction\",\"target\":[\"https:\\\/\\\/www.yoga-federation.eu\\\/cz\\\/zlata-kundalini-joga-skoleni-vyssi-urovne\\\/\"]}]},{\"@type\":\"ImageObject\",\"inLanguage\":\"cz-CZ\",\"@id\":\"https:\\\/\\\/www.yoga-federation.eu\\\/cz\\\/zlata-kundalini-joga-skoleni-vyssi-urovne\\\/#primaryimage\",\"url\":\"https:\\\/\\\/www.yoga-federation.eu\\\/wp-content\\\/uploads\\\/2024\\\/11\\\/zlata_kundalini_joga_kurz_pro_ucitele_jogy_1.jpg\",\"contentUrl\":\"https:\\\/\\\/www.yoga-federation.eu\\\/wp-content\\\/uploads\\\/2024\\\/11\\\/zlata_kundalini_joga_kurz_pro_ucitele_jogy_1.jpg\",\"width\":1366,\"height\":768,\"caption\":\"zlata_kundalini_joga_kurz_pro_ucitele_jogy_1\"},{\"@type\":\"BreadcrumbList\",\"@id\":\"https:\\\/\\\/www.yoga-federation.eu\\\/cz\\\/zlata-kundalini-joga-skoleni-vyssi-urovne\\\/#breadcrumb\",\"itemListElement\":[{\"@type\":\"ListItem\",\"position\":1,\"name\":\"Home\",\"item\":\"https:\\\/\\\/www.yoga-federation.eu\\\/cz\\\/\"},{\"@type\":\"ListItem\",\"position\":2,\"name\":\"Zlat\u00e1 Kundalini J\u00f3ga &#8211; \u0161kolen\u00ed vy\u0161\u0161\u00ed \u00farovn\u011b\"}]},{\"@type\":\"WebSite\",\"@id\":\"https:\\\/\\\/www.yoga-federation.eu\\\/#website\",\"url\":\"https:\\\/\\\/www.yoga-federation.eu\\\/\",\"name\":\"Yoga Federation of Europe\",\"description\":\"Yoga in Europe\",\"potentialAction\":[{\"@type\":\"SearchAction\",\"target\":{\"@type\":\"EntryPoint\",\"urlTemplate\":\"https:\\\/\\\/www.yoga-federation.eu\\\/?s={search_term_string}\"},\"query-input\":{\"@type\":\"PropertyValueSpecification\",\"valueRequired\":true,\"valueName\":\"search_term_string\"}}],\"inLanguage\":\"cz-CZ\"},{\"@type\":\"Person\",\"@id\":\"https:\\\/\\\/www.yoga-federation.eu\\\/#\\\/schema\\\/person\\\/c70b5a8f7323477f70814bd277cc9105\",\"name\":\"YFE\",\"image\":{\"@type\":\"ImageObject\",\"inLanguage\":\"cz-CZ\",\"@id\":\"https:\\\/\\\/secure.gravatar.com\\\/avatar\\\/64f6beecfc59c339d337f0a16c80bfc143a5e623923f6f42beb67b25788f3e50?s=96&d=mm&r=g\",\"url\":\"https:\\\/\\\/secure.gravatar.com\\\/avatar\\\/64f6beecfc59c339d337f0a16c80bfc143a5e623923f6f42beb67b25788f3e50?s=96&d=mm&r=g\",\"contentUrl\":\"https:\\\/\\\/secure.gravatar.com\\\/avatar\\\/64f6beecfc59c339d337f0a16c80bfc143a5e623923f6f42beb67b25788f3e50?s=96&d=mm&r=g\",\"caption\":\"YFE\"},\"url\":\"https:\\\/\\\/www.yoga-federation.eu\\\/cz\\\/author\\\/ana\\\/\"}]}<\/script>\n<!-- \/ Yoast SEO plugin. -->","yoast_head_json":{"title":"Zlat\u00e1 Kundalini J\u00f3ga - \u0161kolen\u00ed vy\u0161\u0161\u00ed \u00farovn\u011b - Yoga Federation of Europe","description":"Prob\u00edh\u00e1 z\u00e1pis nov\u00e9 generace U\u010ditel\u016f Zlat\u00e9 Kundalini J\u00f3gy.","robots":{"index":"index","follow":"follow","max-snippet":"max-snippet:-1","max-image-preview":"max-image-preview:large","max-video-preview":"max-video-preview:-1"},"canonical":"https:\/\/www.yoga-federation.eu\/cz\/zlata-kundalini-joga-skoleni-vyssi-urovne\/","og_locale":"en_US","og_type":"article","og_title":"Zlat\u00e1 Kundalini J\u00f3ga - \u0161kolen\u00ed vy\u0161\u0161\u00ed \u00farovn\u011b - Yoga Federation of Europe","og_description":"Prob\u00edh\u00e1 z\u00e1pis nov\u00e9 generace U\u010ditel\u016f Zlat\u00e9 Kundalini J\u00f3gy.","og_url":"https:\/\/www.yoga-federation.eu\/cz\/zlata-kundalini-joga-skoleni-vyssi-urovne\/","og_site_name":"Yoga Federation of Europe","article_published_time":"2024-11-23T22:22:23+00:00","article_modified_time":"2024-11-23T22:39:46+00:00","og_image":[{"width":1366,"height":768,"url":"http:\/\/www.yoga-federation.eu\/wp-content\/uploads\/2024\/11\/zlata_kundalini_joga_kurz_pro_ucitele_jogy_1.jpg","type":"image\/jpeg"}],"author":"YFE","twitter_card":"summary_large_image","twitter_misc":{"Written by":"YFE","Est. reading time":"3 minutes"},"schema":{"@context":"https:\/\/schema.org","@graph":[{"@type":"Article","@id":"https:\/\/www.yoga-federation.eu\/cz\/zlata-kundalini-joga-skoleni-vyssi-urovne\/#article","isPartOf":{"@id":"https:\/\/www.yoga-federation.eu\/cz\/zlata-kundalini-joga-skoleni-vyssi-urovne\/"},"author":{"name":"YFE","@id":"https:\/\/www.yoga-federation.eu\/#\/schema\/person\/c70b5a8f7323477f70814bd277cc9105"},"headline":"Zlat\u00e1 Kundalini J\u00f3ga &#8211; \u0161kolen\u00ed vy\u0161\u0161\u00ed \u00farovn\u011b","datePublished":"2024-11-23T22:22:23+00:00","dateModified":"2024-11-23T22:39:46+00:00","mainEntityOfPage":{"@id":"https:\/\/www.yoga-federation.eu\/cz\/zlata-kundalini-joga-skoleni-vyssi-urovne\/"},"wordCount":828,"image":{"@id":"https:\/\/www.yoga-federation.eu\/cz\/zlata-kundalini-joga-skoleni-vyssi-urovne\/#primaryimage"},"thumbnailUrl":"https:\/\/www.yoga-federation.eu\/wp-content\/uploads\/2024\/11\/zlata_kundalini_joga_kurz_pro_ucitele_jogy_1.jpg","articleSection":{"0":"Activities 2024","2":"Vzd\u011bl\u00e1v\u00e1n\u00ed"},"inLanguage":"cz-CZ"},{"@type":"WebPage","@id":"https:\/\/www.yoga-federation.eu\/cz\/zlata-kundalini-joga-skoleni-vyssi-urovne\/","url":"https:\/\/www.yoga-federation.eu\/cz\/zlata-kundalini-joga-skoleni-vyssi-urovne\/","name":"Zlat\u00e1 Kundalini J\u00f3ga - \u0161kolen\u00ed vy\u0161\u0161\u00ed \u00farovn\u011b - Yoga Federation of Europe","isPartOf":{"@id":"https:\/\/www.yoga-federation.eu\/#website"},"primaryImageOfPage":{"@id":"https:\/\/www.yoga-federation.eu\/cz\/zlata-kundalini-joga-skoleni-vyssi-urovne\/#primaryimage"},"image":{"@id":"https:\/\/www.yoga-federation.eu\/cz\/zlata-kundalini-joga-skoleni-vyssi-urovne\/#primaryimage"},"thumbnailUrl":"https:\/\/www.yoga-federation.eu\/wp-content\/uploads\/2024\/11\/zlata_kundalini_joga_kurz_pro_ucitele_jogy_1.jpg","datePublished":"2024-11-23T22:22:23+00:00","dateModified":"2024-11-23T22:39:46+00:00","author":{"@id":"https:\/\/www.yoga-federation.eu\/#\/schema\/person\/c70b5a8f7323477f70814bd277cc9105"},"description":"Prob\u00edh\u00e1 z\u00e1pis nov\u00e9 generace U\u010ditel\u016f Zlat\u00e9 Kundalini J\u00f3gy.","breadcrumb":{"@id":"https:\/\/www.yoga-federation.eu\/cz\/zlata-kundalini-joga-skoleni-vyssi-urovne\/#breadcrumb"},"inLanguage":"cz-CZ","potentialAction":[{"@type":"ReadAction","target":["https:\/\/www.yoga-federation.eu\/cz\/zlata-kundalini-joga-skoleni-vyssi-urovne\/"]}]},{"@type":"ImageObject","inLanguage":"cz-CZ","@id":"https:\/\/www.yoga-federation.eu\/cz\/zlata-kundalini-joga-skoleni-vyssi-urovne\/#primaryimage","url":"https:\/\/www.yoga-federation.eu\/wp-content\/uploads\/2024\/11\/zlata_kundalini_joga_kurz_pro_ucitele_jogy_1.jpg","contentUrl":"https:\/\/www.yoga-federation.eu\/wp-content\/uploads\/2024\/11\/zlata_kundalini_joga_kurz_pro_ucitele_jogy_1.jpg","width":1366,"height":768,"caption":"zlata_kundalini_joga_kurz_pro_ucitele_jogy_1"},{"@type":"BreadcrumbList","@id":"https:\/\/www.yoga-federation.eu\/cz\/zlata-kundalini-joga-skoleni-vyssi-urovne\/#breadcrumb","itemListElement":[{"@type":"ListItem","position":1,"name":"Home","item":"https:\/\/www.yoga-federation.eu\/cz\/"},{"@type":"ListItem","position":2,"name":"Zlat\u00e1 Kundalini J\u00f3ga &#8211; \u0161kolen\u00ed vy\u0161\u0161\u00ed \u00farovn\u011b"}]},{"@type":"WebSite","@id":"https:\/\/www.yoga-federation.eu\/#website","url":"https:\/\/www.yoga-federation.eu\/","name":"Yoga Federation of Europe","description":"Yoga in Europe","potentialAction":[{"@type":"SearchAction","target":{"@type":"EntryPoint","urlTemplate":"https:\/\/www.yoga-federation.eu\/?s={search_term_string}"},"query-input":{"@type":"PropertyValueSpecification","valueRequired":true,"valueName":"search_term_string"}}],"inLanguage":"cz-CZ"},{"@type":"Person","@id":"https:\/\/www.yoga-federation.eu\/#\/schema\/person\/c70b5a8f7323477f70814bd277cc9105","name":"YFE","image":{"@type":"ImageObject","inLanguage":"cz-CZ","@id":"https:\/\/secure.gravatar.com\/avatar\/64f6beecfc59c339d337f0a16c80bfc143a5e623923f6f42beb67b25788f3e50?s=96&d=mm&r=g","url":"https:\/\/secure.gravatar.com\/avatar\/64f6beecfc59c339d337f0a16c80bfc143a5e623923f6f42beb67b25788f3e50?s=96&d=mm&r=g","contentUrl":"https:\/\/secure.gravatar.com\/avatar\/64f6beecfc59c339d337f0a16c80bfc143a5e623923f6f42beb67b25788f3e50?s=96&d=mm&r=g","caption":"YFE"},"url":"https:\/\/www.yoga-federation.eu\/cz\/author\/ana\/"}]}},"_links":{"self":[{"href":"https:\/\/www.yoga-federation.eu\/cz\/wp-json\/wp\/v2\/posts\/7216","targetHints":{"allow":["GET"]}}],"collection":[{"href":"https:\/\/www.yoga-federation.eu\/cz\/wp-json\/wp\/v2\/posts"}],"about":[{"href":"https:\/\/www.yoga-federation.eu\/cz\/wp-json\/wp\/v2\/types\/post"}],"author":[{"embeddable":true,"href":"https:\/\/www.yoga-federation.eu\/cz\/wp-json\/wp\/v2\/users\/6"}],"replies":[{"embeddable":true,"href":"https:\/\/www.yoga-federation.eu\/cz\/wp-json\/wp\/v2\/comments?post=7216"}],"version-history":[{"count":9,"href":"https:\/\/www.yoga-federation.eu\/cz\/wp-json\/wp\/v2\/posts\/7216\/revisions"}],"predecessor-version":[{"id":7238,"href":"https:\/\/www.yoga-federation.eu\/cz\/wp-json\/wp\/v2\/posts\/7216\/revisions\/7238"}],"wp:featuredmedia":[{"embeddable":true,"href":"https:\/\/www.yoga-federation.eu\/cz\/wp-json\/wp\/v2\/media\/7218"}],"wp:attachment":[{"href":"https:\/\/www.yoga-federation.eu\/cz\/wp-json\/wp\/v2\/media?parent=7216"}],"wp:term":[{"taxonomy":"category","embeddable":true,"href":"https:\/\/www.yoga-federation.eu\/cz\/wp-json\/wp\/v2\/categories?post=7216"},{"taxonomy":"post_tag","embeddable":true,"href":"https:\/\/www.yoga-federation.eu\/cz\/wp-json\/wp\/v2\/tags?post=7216"}],"curies":[{"name":"wp","href":"https:\/\/api.w.org\/{rel}","templated":true}]}}