{"id":7114,"date":"2024-07-11T11:33:50","date_gmt":"2024-07-11T11:33:50","guid":{"rendered":"https:\/\/www.yoga-federation.eu\/?p=7114"},"modified":"2024-09-09T12:31:25","modified_gmt":"2024-09-09T12:31:25","slug":"konalo-se-velke-evropske-jogove-predstaveni-v-ceskych-budejovicich","status":"publish","type":"post","link":"https:\/\/www.yoga-federation.eu\/cz\/konalo-se-velke-evropske-jogove-predstaveni-v-ceskych-budejovicich\/","title":{"rendered":"Konalo se Velk\u00e9 evropsk\u00e9 j\u00f3gov\u00e9 p\u0159edstaven\u00ed v \u010cesk\u00fdch Bud\u011bjovic\u00edch"},"content":{"rendered":"<div class=\"fusion-fullwidth fullwidth-box fusion-builder-row-1 fusion-flex-container nonhundred-percent-fullwidth non-hundred-percent-height-scrolling\" style=\"background-color: rgba(255,255,255,0);background-position: center center;background-repeat: no-repeat;border-width: 0px 0px 0px 0px;border-color:#eae9e9;border-style:solid;\" ><div class=\"fusion-builder-row fusion-row fusion-flex-align-items-flex-start\" style=\"max-width:1144px;margin-left: calc(-4% \/ 2 );margin-right: calc(-4% \/ 2 );\"><div class=\"fusion-layout-column fusion_builder_column fusion-builder-column-0 fusion_builder_column_1_1 1_1 fusion-flex-column\"><div class=\"fusion-column-wrapper fusion-flex-justify-content-flex-start fusion-content-layout-column\" style=\"background-position:left top;background-repeat:no-repeat;-webkit-background-size:cover;-moz-background-size:cover;-o-background-size:cover;background-size:cover;padding: 0px 0px 0px 0px;\"><div class=\"fusion-text fusion-text-1\"><p>Dne 7. \u010dervence 2024 se ve Sportovn\u00ed hale v \u010cesk\u00fdch Bud\u011bjovic\u00edch konalo Osm\u00e9 Velk\u00e9 evropsk\u00e9 j\u00f3gov\u00e9 p\u0159edstaven\u00ed, kter\u00e9 ji\u017e osm\u00fdm rokem po\u0159\u00e1dala Evropsk\u00e1 federace j\u00f3gy ve spolupr\u00e1ci s International Yoga Academy. Projekt spolufinancovalo Statut\u00e1rn\u00ed m\u011bsto \u010cesk\u00e9 Bud\u011bjovice. J\u00f3gov\u00e9 p\u0159edstaven\u00ed zah\u00e1jila Mgr. Barbora \u010c\u00ed\u017ekov\u00e1, vedouc\u00ed Odboru \u0161kolstv\u00ed a t\u011blov\u00fdchovy, Magistr\u00e1t m\u011bsta \u010cesk\u00e9 Bud\u011bjovice.<\/p>\n<p>J\u00f3gov\u00e9ho p\u0159edstaven\u00ed se z\u00fa\u010dastnili praktikuj\u00edc\u00ed j\u00f3gy z n\u011bkolika evropsk\u00fdch zem\u00ed, instrukto\u0159i j\u00f3gy, studenti Vzd\u011bl\u00e1vac\u00edho programu Instruktor j\u00f3gy YFE a tak\u00e9 ob\u010dan\u00e9 \u010cesk\u00fdch Bud\u011bjovic, shrom\u00e1\u017ed\u011bn\u00fdch s c\u00edlem rozvoje uv\u011bdom\u011bn\u00ed jednotlivc\u016f jejich vlastn\u00ed role v modern\u00ed spole\u010dnosti, jejich osobn\u00ed odpov\u011bdnosti a jejich vlastn\u00edho potenci\u00e1lu pro n\u00e1soben\u00ed radosti a \u0161t\u011bst\u00ed ve spole\u010densk\u00e9m prost\u0159ed\u00ed.<\/p>\n<p>\u201eVELK\u00c9 EVROPSK\u00c9 J\u00d3GOV\u00c9 P\u0158EDSTAVEN\u00cd\u201d, kter\u00e9 se letos konalo ji\u017e osm\u00fdm rokem, m\u00e1 ji\u017e l\u00e9ta mezin\u00e1rodn\u00ed charakter. Leto\u0161n\u00edho j\u00f3gov\u00e9ho vystoupen\u00ed se krom\u011b j\u00f3gov\u00fdch praktikant\u016f z \u010cesk\u00e9 republiky, p\u0159edstavitel\u016f a \u010dlen\u016f Evropsk\u00e9 a \u010cesk\u00e9 federace j\u00f3gy, z\u00fa\u010dastnili i j\u00f3gov\u00e9 praktikanty z Rakouska, Lucemburska, \u0160v\u00fdcarska, It\u00e1lie, N\u011bmecka, Srbska, Spojen\u00fdch Arabsk\u00fdch Emir\u00e1tech, Bosny a Hercegoviny, Slovenska.<\/p>\n<\/div><style type=\"text\/css\">.fusion-gallery-1 .fusion-gallery-image {border:0px solid #f6f6f6;}<\/style><div class=\"fusion-gallery fusion-gallery-container fusion-grid-3 fusion-columns-total-6 fusion-gallery-layout-grid fusion-gallery-1\" style=\"margin:-5px;\"><div style=\"padding:5px;\" class=\"fusion-grid-column fusion-gallery-column fusion-gallery-column-3 hover-type-none\"><div class=\"fusion-gallery-image\"><a href=\"https:\/\/www.yoga-federation.eu\/wp-content\/uploads\/2024\/09\/Velke-jogove-predstaveni-2024-3.jpg\" rel=\"noreferrer\" data-rel=\"iLightbox[gallery_image_1]\" class=\"fusion-lightbox\" target=\"_self\"><img loading=\"lazy\" decoding=\"async\" src=\"https:\/\/www.yoga-federation.eu\/wp-content\/uploads\/2024\/09\/Velke-jogove-predstaveni-2024-3.jpg\" data-orig-src=\"https:\/\/www.yoga-federation.eu\/wp-content\/uploads\/2024\/09\/Velke-jogove-predstaveni-2024-3.jpg\" width=\"2048\" height=\"1365\" alt=\"Velke _jogove_ predstaveni_2024-3\" title=\"Velk\u00e9 j\u00f3g\u00f3ve p\u0159edstaven\u00ed 2024-3\" aria-label=\"Velk\u00e9 j\u00f3g\u00f3ve p\u0159edstaven\u00ed 2024-3\" class=\"lazyload img-responsive wp-image-7117\" srcset=\"data:image\/svg+xml,%3Csvg%20xmlns%3D%27http%3A%2F%2Fwww.w3.org%2F2000%2Fsvg%27%20width%3D%272048%27%20height%3D%271365%27%20viewBox%3D%270%200%202048%201365%27%3E%3Crect%20width%3D%272048%27%20height%3D%2731365%27%20fill-opacity%3D%220%22%2F%3E%3C%2Fsvg%3E\" data-srcset=\"https:\/\/www.yoga-federation.eu\/wp-content\/uploads\/2024\/09\/Velke-jogove-predstaveni-2024-3-200x133.jpg 200w, https:\/\/www.yoga-federation.eu\/wp-content\/uploads\/2024\/09\/Velke-jogove-predstaveni-2024-3-400x267.jpg 400w, https:\/\/www.yoga-federation.eu\/wp-content\/uploads\/2024\/09\/Velke-jogove-predstaveni-2024-3-600x400.jpg 600w, https:\/\/www.yoga-federation.eu\/wp-content\/uploads\/2024\/09\/Velke-jogove-predstaveni-2024-3-800x533.jpg 800w, https:\/\/www.yoga-federation.eu\/wp-content\/uploads\/2024\/09\/Velke-jogove-predstaveni-2024-3-1200x800.jpg 1200w, https:\/\/www.yoga-federation.eu\/wp-content\/uploads\/2024\/09\/Velke-jogove-predstaveni-2024-3.jpg 2048w\" data-sizes=\"auto\" data-orig-sizes=\"auto, (min-width: 2200px) 100vw, (min-width: 784px) 363px, (min-width: 712px) 545px, (min-width: 640px) 712px, \" \/><\/a><\/div><\/div><div style=\"padding:5px;\" class=\"fusion-grid-column fusion-gallery-column fusion-gallery-column-3 hover-type-none\"><div class=\"fusion-gallery-image\"><a href=\"https:\/\/www.yoga-federation.eu\/wp-content\/uploads\/2024\/09\/Velke-jogove-predstaveni-2024-2.jpg\" rel=\"noreferrer\" data-rel=\"iLightbox[gallery_image_1]\" class=\"fusion-lightbox\" target=\"_self\"><img loading=\"lazy\" decoding=\"async\" src=\"https:\/\/www.yoga-federation.eu\/wp-content\/uploads\/2024\/09\/Velke-jogove-predstaveni-2024-2.jpg\" data-orig-src=\"https:\/\/www.yoga-federation.eu\/wp-content\/uploads\/2024\/09\/Velke-jogove-predstaveni-2024-2.jpg\" width=\"2048\" height=\"1536\" alt=\"\" title=\"Velk\u00e9 j\u00f3g\u00f3ve p\u0159edstaven\u00ed 2024-2\" aria-label=\"Velk\u00e9 j\u00f3g\u00f3ve p\u0159edstaven\u00ed 2024-2\" class=\"lazyload img-responsive wp-image-7121\" srcset=\"data:image\/svg+xml,%3Csvg%20xmlns%3D%27http%3A%2F%2Fwww.w3.org%2F2000%2Fsvg%27%20width%3D%272048%27%20height%3D%271536%27%20viewBox%3D%270%200%202048%201536%27%3E%3Crect%20width%3D%272048%27%20height%3D%2731536%27%20fill-opacity%3D%220%22%2F%3E%3C%2Fsvg%3E\" data-srcset=\"https:\/\/www.yoga-federation.eu\/wp-content\/uploads\/2024\/09\/Velke-jogove-predstaveni-2024-2-200x150.jpg 200w, https:\/\/www.yoga-federation.eu\/wp-content\/uploads\/2024\/09\/Velke-jogove-predstaveni-2024-2-400x300.jpg 400w, https:\/\/www.yoga-federation.eu\/wp-content\/uploads\/2024\/09\/Velke-jogove-predstaveni-2024-2-600x450.jpg 600w, https:\/\/www.yoga-federation.eu\/wp-content\/uploads\/2024\/09\/Velke-jogove-predstaveni-2024-2-800x600.jpg 800w, https:\/\/www.yoga-federation.eu\/wp-content\/uploads\/2024\/09\/Velke-jogove-predstaveni-2024-2-1200x900.jpg 1200w, https:\/\/www.yoga-federation.eu\/wp-content\/uploads\/2024\/09\/Velke-jogove-predstaveni-2024-2.jpg 2048w\" data-sizes=\"auto\" data-orig-sizes=\"auto, (min-width: 2200px) 100vw, (min-width: 784px) 363px, (min-width: 712px) 545px, (min-width: 640px) 712px, \" \/><\/a><\/div><\/div><div style=\"padding:5px;\" class=\"fusion-grid-column fusion-gallery-column fusion-gallery-column-3 hover-type-none\"><div class=\"fusion-gallery-image\"><a href=\"https:\/\/www.yoga-federation.eu\/wp-content\/uploads\/2024\/09\/Velke-jogove-predstaveni-2024-6.jpg\" rel=\"noreferrer\" data-rel=\"iLightbox[gallery_image_1]\" class=\"fusion-lightbox\" target=\"_self\"><img loading=\"lazy\" decoding=\"async\" src=\"https:\/\/www.yoga-federation.eu\/wp-content\/uploads\/2024\/09\/Velke-jogove-predstaveni-2024-6.jpg\" data-orig-src=\"https:\/\/www.yoga-federation.eu\/wp-content\/uploads\/2024\/09\/Velke-jogove-predstaveni-2024-6.jpg\" width=\"2048\" height=\"1365\" alt=\"\" title=\"Velk\u00e9 j\u00f3g\u00f3ve p\u0159edstaven\u00ed 2024-6\" aria-label=\"Velk\u00e9 j\u00f3g\u00f3ve p\u0159edstaven\u00ed 2024-6\" class=\"lazyload img-responsive wp-image-7133\" srcset=\"data:image\/svg+xml,%3Csvg%20xmlns%3D%27http%3A%2F%2Fwww.w3.org%2F2000%2Fsvg%27%20width%3D%272048%27%20height%3D%271365%27%20viewBox%3D%270%200%202048%201365%27%3E%3Crect%20width%3D%272048%27%20height%3D%2731365%27%20fill-opacity%3D%220%22%2F%3E%3C%2Fsvg%3E\" data-srcset=\"https:\/\/www.yoga-federation.eu\/wp-content\/uploads\/2024\/09\/Velke-jogove-predstaveni-2024-6-200x133.jpg 200w, https:\/\/www.yoga-federation.eu\/wp-content\/uploads\/2024\/09\/Velke-jogove-predstaveni-2024-6-400x267.jpg 400w, https:\/\/www.yoga-federation.eu\/wp-content\/uploads\/2024\/09\/Velke-jogove-predstaveni-2024-6-600x400.jpg 600w, https:\/\/www.yoga-federation.eu\/wp-content\/uploads\/2024\/09\/Velke-jogove-predstaveni-2024-6-800x533.jpg 800w, https:\/\/www.yoga-federation.eu\/wp-content\/uploads\/2024\/09\/Velke-jogove-predstaveni-2024-6-1200x800.jpg 1200w, https:\/\/www.yoga-federation.eu\/wp-content\/uploads\/2024\/09\/Velke-jogove-predstaveni-2024-6.jpg 2048w\" data-sizes=\"auto\" data-orig-sizes=\"auto, (min-width: 2200px) 100vw, (min-width: 784px) 363px, (min-width: 712px) 545px, (min-width: 640px) 712px, \" \/><\/a><\/div><\/div><div class=\"clearfix\"><\/div><div style=\"padding:5px;\" class=\"fusion-grid-column fusion-gallery-column fusion-gallery-column-3 hover-type-none\"><div class=\"fusion-gallery-image\"><a href=\"https:\/\/www.yoga-federation.eu\/wp-content\/uploads\/2024\/09\/Velke-jogove-predstaveni-2024-5.jpg\" rel=\"noreferrer\" data-rel=\"iLightbox[gallery_image_1]\" class=\"fusion-lightbox\" target=\"_self\"><img loading=\"lazy\" decoding=\"async\" src=\"https:\/\/www.yoga-federation.eu\/wp-content\/uploads\/2024\/09\/Velke-jogove-predstaveni-2024-5.jpg\" data-orig-src=\"https:\/\/www.yoga-federation.eu\/wp-content\/uploads\/2024\/09\/Velke-jogove-predstaveni-2024-5.jpg\" width=\"2048\" height=\"1365\" alt=\"Velke _jogove_ predstaveni_2024\" title=\"Velk\u00e9 j\u00f3g\u00f3ve p\u0159edstaven\u00ed 2024-5\" aria-label=\"Velk\u00e9 j\u00f3g\u00f3ve p\u0159edstaven\u00ed 2024-5\" class=\"lazyload img-responsive wp-image-7129\" srcset=\"data:image\/svg+xml,%3Csvg%20xmlns%3D%27http%3A%2F%2Fwww.w3.org%2F2000%2Fsvg%27%20width%3D%272048%27%20height%3D%271365%27%20viewBox%3D%270%200%202048%201365%27%3E%3Crect%20width%3D%272048%27%20height%3D%2731365%27%20fill-opacity%3D%220%22%2F%3E%3C%2Fsvg%3E\" data-srcset=\"https:\/\/www.yoga-federation.eu\/wp-content\/uploads\/2024\/09\/Velke-jogove-predstaveni-2024-5-200x133.jpg 200w, https:\/\/www.yoga-federation.eu\/wp-content\/uploads\/2024\/09\/Velke-jogove-predstaveni-2024-5-400x267.jpg 400w, https:\/\/www.yoga-federation.eu\/wp-content\/uploads\/2024\/09\/Velke-jogove-predstaveni-2024-5-600x400.jpg 600w, https:\/\/www.yoga-federation.eu\/wp-content\/uploads\/2024\/09\/Velke-jogove-predstaveni-2024-5-800x533.jpg 800w, https:\/\/www.yoga-federation.eu\/wp-content\/uploads\/2024\/09\/Velke-jogove-predstaveni-2024-5-1200x800.jpg 1200w, https:\/\/www.yoga-federation.eu\/wp-content\/uploads\/2024\/09\/Velke-jogove-predstaveni-2024-5.jpg 2048w\" data-sizes=\"auto\" data-orig-sizes=\"auto, (min-width: 2200px) 100vw, (min-width: 784px) 363px, (min-width: 712px) 545px, (min-width: 640px) 712px, \" \/><\/a><\/div><\/div><div style=\"padding:5px;\" class=\"fusion-grid-column fusion-gallery-column fusion-gallery-column-3 hover-type-none\"><div class=\"fusion-gallery-image\"><a href=\"https:\/\/www.yoga-federation.eu\/wp-content\/uploads\/2024\/09\/Velke-jogove-predstaveni-2024-4.jpg\" rel=\"noreferrer\" data-rel=\"iLightbox[gallery_image_1]\" class=\"fusion-lightbox\" target=\"_self\"><img loading=\"lazy\" decoding=\"async\" src=\"https:\/\/www.yoga-federation.eu\/wp-content\/uploads\/2024\/09\/Velke-jogove-predstaveni-2024-4.jpg\" data-orig-src=\"https:\/\/www.yoga-federation.eu\/wp-content\/uploads\/2024\/09\/Velke-jogove-predstaveni-2024-4.jpg\" width=\"2048\" height=\"1365\" alt=\"Velke _jogove_ predstaveni_2024\" title=\"Velk\u00e9 j\u00f3g\u00f3ve p\u0159edstaven\u00ed 2024-4\" aria-label=\"Velk\u00e9 j\u00f3g\u00f3ve p\u0159edstaven\u00ed 2024-4\" class=\"lazyload img-responsive wp-image-7125\" srcset=\"data:image\/svg+xml,%3Csvg%20xmlns%3D%27http%3A%2F%2Fwww.w3.org%2F2000%2Fsvg%27%20width%3D%272048%27%20height%3D%271365%27%20viewBox%3D%270%200%202048%201365%27%3E%3Crect%20width%3D%272048%27%20height%3D%2731365%27%20fill-opacity%3D%220%22%2F%3E%3C%2Fsvg%3E\" data-srcset=\"https:\/\/www.yoga-federation.eu\/wp-content\/uploads\/2024\/09\/Velke-jogove-predstaveni-2024-4-200x133.jpg 200w, https:\/\/www.yoga-federation.eu\/wp-content\/uploads\/2024\/09\/Velke-jogove-predstaveni-2024-4-400x267.jpg 400w, https:\/\/www.yoga-federation.eu\/wp-content\/uploads\/2024\/09\/Velke-jogove-predstaveni-2024-4-600x400.jpg 600w, https:\/\/www.yoga-federation.eu\/wp-content\/uploads\/2024\/09\/Velke-jogove-predstaveni-2024-4-800x533.jpg 800w, https:\/\/www.yoga-federation.eu\/wp-content\/uploads\/2024\/09\/Velke-jogove-predstaveni-2024-4-1200x800.jpg 1200w, https:\/\/www.yoga-federation.eu\/wp-content\/uploads\/2024\/09\/Velke-jogove-predstaveni-2024-4.jpg 2048w\" data-sizes=\"auto\" data-orig-sizes=\"auto, (min-width: 2200px) 100vw, (min-width: 784px) 363px, (min-width: 712px) 545px, (min-width: 640px) 712px, \" \/><\/a><\/div><\/div><div style=\"padding:5px;\" class=\"fusion-grid-column fusion-gallery-column fusion-gallery-column-3 hover-type-none\"><div class=\"fusion-gallery-image\"><a href=\"https:\/\/www.yoga-federation.eu\/wp-content\/uploads\/2023\/06\/logo_cb_rgb_w.jpg\" rel=\"noreferrer\" data-rel=\"iLightbox[gallery_image_1]\" class=\"fusion-lightbox\" target=\"_self\"><img loading=\"lazy\" decoding=\"async\" src=\"https:\/\/www.yoga-federation.eu\/wp-content\/uploads\/2023\/06\/logo_cb_rgb_w.jpg\" data-orig-src=\"https:\/\/www.yoga-federation.eu\/wp-content\/uploads\/2023\/06\/logo_cb_rgb_w.jpg\" width=\"500\" height=\"327\" alt=\"Velke _jogove_ predstaveni_2024\" title=\"logo_cb_rgb_w\" aria-label=\"logo_cb_rgb_w\" class=\"lazyload img-responsive wp-image-6552\" srcset=\"data:image\/svg+xml,%3Csvg%20xmlns%3D%27http%3A%2F%2Fwww.w3.org%2F2000%2Fsvg%27%20width%3D%27500%27%20height%3D%27327%27%20viewBox%3D%270%200%20500%20327%27%3E%3Crect%20width%3D%27500%27%20height%3D%273327%27%20fill-opacity%3D%220%22%2F%3E%3C%2Fsvg%3E\" data-srcset=\"https:\/\/www.yoga-federation.eu\/wp-content\/uploads\/2023\/06\/logo_cb_rgb_w-200x131.jpg 200w, https:\/\/www.yoga-federation.eu\/wp-content\/uploads\/2023\/06\/logo_cb_rgb_w-400x262.jpg 400w, https:\/\/www.yoga-federation.eu\/wp-content\/uploads\/2023\/06\/logo_cb_rgb_w.jpg 500w\" data-sizes=\"auto\" data-orig-sizes=\"auto, (min-width: 2200px) 100vw, (min-width: 784px) 363px, (min-width: 712px) 545px, (min-width: 640px) 712px, \" \/><\/a><\/div><\/div><div class=\"clearfix\"><\/div><\/div><style type=\"text\/css\">.fusion-gallery-2 .fusion-gallery-image {border:0px solid #f6f6f6;}<\/style><div class=\"fusion-gallery fusion-gallery-container fusion-grid-3 fusion-columns-total-0 fusion-gallery-layout-grid fusion-gallery-2\" style=\"margin:-5px;\"><\/div><div class=\"fusion-text fusion-text-2\"><\/p>\n<p>C\u00edlem t\u00e9to mezin\u00e1rodn\u00ed ud\u00e1losti, je podporovat zdrav\u00ed, j\u00f3gu jako \u017eivotn\u00ed styl a zdrav\u00fd zp\u016fsob \u017eivota, kulturu t\u011bla a um\u011bn\u00ed pohybu.<\/p>\n<p>Projekt m\u011bl za c\u00edl rozv\u00edjet mezin\u00e1rodn\u00ed sportovn\u00ed spolupr\u00e1ci a v\u00fdm\u011bnu s c\u00edlem podpo\u0159it a rozvoj sportovn\u00edch \u010dinnosti a soci\u00e1ln\u00ed rozvoj v m\u011bst\u011b \u010cesk\u00e9 Bud\u011bjovice, podporovat udr\u017eiteln\u00fd rozvoj sportovn\u00edho prost\u0159ed\u00ed jako ned\u00edlnou sou\u010d\u00e1st \u017eivotn\u00edho prost\u0159ed\u00ed, povzbudit a podporovat sportovn\u00ed projevy, kter\u00e9 jsou v\u00fdsledkem tvo\u0159ivosti jednotlivc\u016f, skupin a spole\u010dnost\u00ed. V\u00fdznam akce se odr\u00e1\u017eel i v setk\u00e1n\u00ed ob\u010dan\u016f z r\u016fzn\u00fdch evropsk\u00fdch m\u011bstech kter\u00fd m\u011bli p\u0159\u00edle\u017eitost sd\u011blit osobn\u00ed zku\u0161enost\u00ed a sv\u00e9 vlastn\u00ed hodnoty ze sv\u00fdch zem\u00ed.<\/p>\n<p>Touto akc\u00ed se obyvatel\u00e9 \u010cB a jej\u00ed n\u00e1v\u0161t\u011bvn\u00edci sezn\u00e1mili s v\u00fdznamem p\u011bstov\u00e1n\u00ed zdrav\u00fdch \u017eivotn\u00edch styl\u016f prost\u0159ednictv\u00edm fyzick\u00e9 aktivity a cvi\u010den\u00ed a tak\u00e9 byli povzbuzeni, aby nez\u00e1visle vytv\u00e1\u0159eli p\u0159\u00edle\u017eitosti pro sportovn\u00ed vyj\u00e1d\u0159en\u00ed. M\u011bsto \u010cesk\u00e9 Bud\u011bjovice tak potvrdilo \u017ee pat\u0159\u00ed mezi osv\u00edcen\u00e1 m\u011bsta, kter\u00e9 zprost\u0159edkov\u00e1vaj\u00ed ob\u010dan\u016fm sportovn\u00ed z\u00e1\u017eitek s p\u0159esahem do dal\u0161\u00edch slo\u017eek osobn\u00edho \u017eivota. Akce se konala pod heslem pana profesora Predraga Niki\u0107e: U\u010di\u0148 dobro \u2013 odm\u011bn\u00ed\u0161 sebe.<\/p>\n<p><a href=\"https:\/\/www.facebook.com\/media\/set\/?set=a.1069910708245810&amp;type=3\">Fotogalerie<\/a><\/p>\n<p>Medi\u00e1ln\u00ed podpora<\/p>\n<p><a href=\"https:\/\/www.c-budejovice.cz\/velke-evropske-jogove-predstaveni-poprve-v-budejovicich\" target=\"_blank\" rel=\"noopener noreferrer\">https:\/\/www.c-budejovice.cz\/velke-evropske-jogove-predstaveni-poprve-v-budejovicich<\/a><\/p>\n<p><span style=\"background-color: rgba(255, 255, 255, 0); color: var(--body_typography-color); font-family: var(--body_typography-font-family); font-size: var(--body_typography-font-size); font-style: var(--body_typography-font-style,normal); font-weight: var(--body_typography-font-weight); letter-spacing: var(--body_typography-letter-spacing);\"><a href=\"https:\/\/ceskobudejovicky.denik.cz\/zpravy_region\/joga-zdravi-ceske-budejovice.html\">https:\/\/ceskobudejovicky.denik.cz\/zpravy_region\/joga-zdravi-ceske-budejovice.html<\/a><\/span><\/p>\n<p><a href=\"https:\/\/www.idnes.cz\/ceske-budejovice\/zpravy\/tipy-na-vikend-kam-za-kulturou-kudy-z-nudy.A240704_805101_budejovice-zpravy_mrl\" target=\"_blank\" rel=\"noopener noreferrer\">https:\/\/www.idnes.cz\/ceske-budejovice\/zpravy\/tipy-na-vikend-kam-za-kulturou-kudy-z-nudy.A240704_805101_budejovice-zpravy_mrl<\/a><span style=\"background-color: rgba(255, 255, 255, 0); color: var(--body_typography-color); font-family: var(--body_typography-font-family); font-size: var(--body_typography-font-size); font-style: var(--body_typography-font-style,normal); font-weight: var(--body_typography-font-weight); letter-spacing: var(--body_typography-letter-spacing);\"><br \/><\/span><\/p><\/p>\n<\/div><\/div><\/div><style type=\"text\/css\">.fusion-body .fusion-builder-column-0{width:100% !important;margin-top : 0px;margin-bottom : 20px;}.fusion-builder-column-0 > .fusion-column-wrapper {padding-top : 0px !important;padding-right : 0px !important;margin-right : 1.92%;padding-bottom : 0px !important;padding-left : 0px !important;margin-left : 1.92%;}@media only screen and (max-width:1024px) {.fusion-body .fusion-builder-column-0{width:100% !important;order : 0;}.fusion-builder-column-0 > .fusion-column-wrapper {margin-right : 1.92%;margin-left : 1.92%;}}@media only screen and (max-width:640px) {.fusion-body .fusion-builder-column-0{width:100% !important;order : 0;}.fusion-builder-column-0 > .fusion-column-wrapper {margin-right : 1.92%;margin-left : 1.92%;}}<\/style><\/div><style type=\"text\/css\">.fusion-body .fusion-flex-container.fusion-builder-row-1{ padding-top : 0px;margin-top : 0px;padding-right : 0px;padding-bottom : 0px;margin-bottom : 0px;padding-left : 0px;}<\/style><\/div>\n","protected":false},"excerpt":{"rendered":"","protected":false},"author":6,"featured_media":7117,"comment_status":"closed","ping_status":"open","sticky":false,"template":"","format":"standard","meta":{"footnotes":""},"categories":[47,64,40],"tags":[],"class_list":["post-7114","post","type-post","status-publish","format-standard","has-post-thumbnail","hentry","category-jogove-predstaveni","category-projekty","category-uncategorized-cz"],"yoast_head":"<!-- This site is optimized with the Yoast SEO plugin v27.4 - https:\/\/yoast.com\/product\/yoast-seo-wordpress\/ -->\n<title>Konalo se Velk\u00e9 evropsk\u00e9 j\u00f3gov\u00e9 p\u0159edstaven\u00ed v \u010cesk\u00fdch Bud\u011bjovic\u00edch - Yoga Federation of Europe<\/title>\n<meta name=\"description\" content=\"Dne 7. \u010dervence 2024 se ve Sportovn\u00ed hale v \u010cesk\u00fdch Bud\u011bjovic\u00edch konalo Osm\u00e9 Velk\u00e9 evropsk\u00e9 j\u00f3gov\u00e9 p\u0159edstaven\u00ed.\" \/>\n<meta name=\"robots\" content=\"index, follow, max-snippet:-1, max-image-preview:large, max-video-preview:-1\" \/>\n<link rel=\"canonical\" href=\"https:\/\/www.yoga-federation.eu\/cz\/konalo-se-velke-evropske-jogove-predstaveni-v-ceskych-budejovicich\/\" \/>\n<meta property=\"og:locale\" content=\"en_US\" \/>\n<meta property=\"og:type\" content=\"article\" \/>\n<meta property=\"og:title\" content=\"Konalo se Velk\u00e9 evropsk\u00e9 j\u00f3gov\u00e9 p\u0159edstaven\u00ed v \u010cesk\u00fdch Bud\u011bjovic\u00edch - Yoga Federation of Europe\" \/>\n<meta property=\"og:description\" content=\"Dne 7. \u010dervence 2024 se ve Sportovn\u00ed hale v \u010cesk\u00fdch Bud\u011bjovic\u00edch konalo Osm\u00e9 Velk\u00e9 evropsk\u00e9 j\u00f3gov\u00e9 p\u0159edstaven\u00ed.\" \/>\n<meta property=\"og:url\" content=\"https:\/\/www.yoga-federation.eu\/cz\/konalo-se-velke-evropske-jogove-predstaveni-v-ceskych-budejovicich\/\" \/>\n<meta property=\"og:site_name\" content=\"Yoga Federation of Europe\" \/>\n<meta property=\"article:published_time\" content=\"2024-07-11T11:33:50+00:00\" \/>\n<meta property=\"article:modified_time\" content=\"2024-09-09T12:31:25+00:00\" \/>\n<meta property=\"og:image\" content=\"http:\/\/www.yoga-federation.eu\/wp-content\/uploads\/2024\/09\/Velke-jogove-predstaveni-2024-3.jpg\" \/>\n\t<meta property=\"og:image:width\" content=\"2048\" \/>\n\t<meta property=\"og:image:height\" content=\"1365\" \/>\n\t<meta property=\"og:image:type\" content=\"image\/jpeg\" \/>\n<meta name=\"author\" content=\"YFE\" \/>\n<meta name=\"twitter:card\" content=\"summary_large_image\" \/>\n<meta name=\"twitter:label1\" content=\"Written by\" \/>\n\t<meta name=\"twitter:data1\" content=\"YFE\" \/>\n\t<meta name=\"twitter:label2\" content=\"Est. reading time\" \/>\n\t<meta name=\"twitter:data2\" content=\"3 minutes\" \/>\n<script type=\"application\/ld+json\" class=\"yoast-schema-graph\">{\"@context\":\"https:\\\/\\\/schema.org\",\"@graph\":[{\"@type\":\"Article\",\"@id\":\"https:\\\/\\\/www.yoga-federation.eu\\\/cz\\\/konalo-se-velke-evropske-jogove-predstaveni-v-ceskych-budejovicich\\\/#article\",\"isPartOf\":{\"@id\":\"https:\\\/\\\/www.yoga-federation.eu\\\/cz\\\/konalo-se-velke-evropske-jogove-predstaveni-v-ceskych-budejovicich\\\/\"},\"author\":{\"name\":\"YFE\",\"@id\":\"https:\\\/\\\/www.yoga-federation.eu\\\/#\\\/schema\\\/person\\\/c70b5a8f7323477f70814bd277cc9105\"},\"headline\":\"Konalo se Velk\u00e9 evropsk\u00e9 j\u00f3gov\u00e9 p\u0159edstaven\u00ed v \u010cesk\u00fdch Bud\u011bjovic\u00edch\",\"datePublished\":\"2024-07-11T11:33:50+00:00\",\"dateModified\":\"2024-09-09T12:31:25+00:00\",\"mainEntityOfPage\":{\"@id\":\"https:\\\/\\\/www.yoga-federation.eu\\\/cz\\\/konalo-se-velke-evropske-jogove-predstaveni-v-ceskych-budejovicich\\\/\"},\"wordCount\":1143,\"image\":{\"@id\":\"https:\\\/\\\/www.yoga-federation.eu\\\/cz\\\/konalo-se-velke-evropske-jogove-predstaveni-v-ceskych-budejovicich\\\/#primaryimage\"},\"thumbnailUrl\":\"https:\\\/\\\/www.yoga-federation.eu\\\/wp-content\\\/uploads\\\/2024\\\/09\\\/Velke-jogove-predstaveni-2024-3.jpg\",\"articleSection\":[\"J\u00f3gov\u00e9 p\u0159edstaven\u00ed\",\"Projekty\"],\"inLanguage\":\"cz-CZ\"},{\"@type\":\"WebPage\",\"@id\":\"https:\\\/\\\/www.yoga-federation.eu\\\/cz\\\/konalo-se-velke-evropske-jogove-predstaveni-v-ceskych-budejovicich\\\/\",\"url\":\"https:\\\/\\\/www.yoga-federation.eu\\\/cz\\\/konalo-se-velke-evropske-jogove-predstaveni-v-ceskych-budejovicich\\\/\",\"name\":\"Konalo se Velk\u00e9 evropsk\u00e9 j\u00f3gov\u00e9 p\u0159edstaven\u00ed v \u010cesk\u00fdch Bud\u011bjovic\u00edch - Yoga Federation of Europe\",\"isPartOf\":{\"@id\":\"https:\\\/\\\/www.yoga-federation.eu\\\/#website\"},\"primaryImageOfPage\":{\"@id\":\"https:\\\/\\\/www.yoga-federation.eu\\\/cz\\\/konalo-se-velke-evropske-jogove-predstaveni-v-ceskych-budejovicich\\\/#primaryimage\"},\"image\":{\"@id\":\"https:\\\/\\\/www.yoga-federation.eu\\\/cz\\\/konalo-se-velke-evropske-jogove-predstaveni-v-ceskych-budejovicich\\\/#primaryimage\"},\"thumbnailUrl\":\"https:\\\/\\\/www.yoga-federation.eu\\\/wp-content\\\/uploads\\\/2024\\\/09\\\/Velke-jogove-predstaveni-2024-3.jpg\",\"datePublished\":\"2024-07-11T11:33:50+00:00\",\"dateModified\":\"2024-09-09T12:31:25+00:00\",\"author\":{\"@id\":\"https:\\\/\\\/www.yoga-federation.eu\\\/#\\\/schema\\\/person\\\/c70b5a8f7323477f70814bd277cc9105\"},\"description\":\"Dne 7. \u010dervence 2024 se ve Sportovn\u00ed hale v \u010cesk\u00fdch Bud\u011bjovic\u00edch konalo Osm\u00e9 Velk\u00e9 evropsk\u00e9 j\u00f3gov\u00e9 p\u0159edstaven\u00ed.\",\"breadcrumb\":{\"@id\":\"https:\\\/\\\/www.yoga-federation.eu\\\/cz\\\/konalo-se-velke-evropske-jogove-predstaveni-v-ceskych-budejovicich\\\/#breadcrumb\"},\"inLanguage\":\"cz-CZ\",\"potentialAction\":[{\"@type\":\"ReadAction\",\"target\":[\"https:\\\/\\\/www.yoga-federation.eu\\\/cz\\\/konalo-se-velke-evropske-jogove-predstaveni-v-ceskych-budejovicich\\\/\"]}]},{\"@type\":\"ImageObject\",\"inLanguage\":\"cz-CZ\",\"@id\":\"https:\\\/\\\/www.yoga-federation.eu\\\/cz\\\/konalo-se-velke-evropske-jogove-predstaveni-v-ceskych-budejovicich\\\/#primaryimage\",\"url\":\"https:\\\/\\\/www.yoga-federation.eu\\\/wp-content\\\/uploads\\\/2024\\\/09\\\/Velke-jogove-predstaveni-2024-3.jpg\",\"contentUrl\":\"https:\\\/\\\/www.yoga-federation.eu\\\/wp-content\\\/uploads\\\/2024\\\/09\\\/Velke-jogove-predstaveni-2024-3.jpg\",\"width\":2048,\"height\":1365,\"caption\":\"Velke _jogove_ predstaveni_2024-3\"},{\"@type\":\"BreadcrumbList\",\"@id\":\"https:\\\/\\\/www.yoga-federation.eu\\\/cz\\\/konalo-se-velke-evropske-jogove-predstaveni-v-ceskych-budejovicich\\\/#breadcrumb\",\"itemListElement\":[{\"@type\":\"ListItem\",\"position\":1,\"name\":\"Home\",\"item\":\"https:\\\/\\\/www.yoga-federation.eu\\\/cz\\\/\"},{\"@type\":\"ListItem\",\"position\":2,\"name\":\"Konalo se Velk\u00e9 evropsk\u00e9 j\u00f3gov\u00e9 p\u0159edstaven\u00ed v \u010cesk\u00fdch Bud\u011bjovic\u00edch\"}]},{\"@type\":\"WebSite\",\"@id\":\"https:\\\/\\\/www.yoga-federation.eu\\\/#website\",\"url\":\"https:\\\/\\\/www.yoga-federation.eu\\\/\",\"name\":\"Yoga Federation of Europe\",\"description\":\"Yoga in Europe\",\"potentialAction\":[{\"@type\":\"SearchAction\",\"target\":{\"@type\":\"EntryPoint\",\"urlTemplate\":\"https:\\\/\\\/www.yoga-federation.eu\\\/?s={search_term_string}\"},\"query-input\":{\"@type\":\"PropertyValueSpecification\",\"valueRequired\":true,\"valueName\":\"search_term_string\"}}],\"inLanguage\":\"cz-CZ\"},{\"@type\":\"Person\",\"@id\":\"https:\\\/\\\/www.yoga-federation.eu\\\/#\\\/schema\\\/person\\\/c70b5a8f7323477f70814bd277cc9105\",\"name\":\"YFE\",\"image\":{\"@type\":\"ImageObject\",\"inLanguage\":\"cz-CZ\",\"@id\":\"https:\\\/\\\/secure.gravatar.com\\\/avatar\\\/64f6beecfc59c339d337f0a16c80bfc143a5e623923f6f42beb67b25788f3e50?s=96&d=mm&r=g\",\"url\":\"https:\\\/\\\/secure.gravatar.com\\\/avatar\\\/64f6beecfc59c339d337f0a16c80bfc143a5e623923f6f42beb67b25788f3e50?s=96&d=mm&r=g\",\"contentUrl\":\"https:\\\/\\\/secure.gravatar.com\\\/avatar\\\/64f6beecfc59c339d337f0a16c80bfc143a5e623923f6f42beb67b25788f3e50?s=96&d=mm&r=g\",\"caption\":\"YFE\"},\"url\":\"https:\\\/\\\/www.yoga-federation.eu\\\/cz\\\/author\\\/ana\\\/\"}]}<\/script>\n<!-- \/ Yoast SEO plugin. -->","yoast_head_json":{"title":"Konalo se Velk\u00e9 evropsk\u00e9 j\u00f3gov\u00e9 p\u0159edstaven\u00ed v \u010cesk\u00fdch Bud\u011bjovic\u00edch - Yoga Federation of Europe","description":"Dne 7. \u010dervence 2024 se ve Sportovn\u00ed hale v \u010cesk\u00fdch Bud\u011bjovic\u00edch konalo Osm\u00e9 Velk\u00e9 evropsk\u00e9 j\u00f3gov\u00e9 p\u0159edstaven\u00ed.","robots":{"index":"index","follow":"follow","max-snippet":"max-snippet:-1","max-image-preview":"max-image-preview:large","max-video-preview":"max-video-preview:-1"},"canonical":"https:\/\/www.yoga-federation.eu\/cz\/konalo-se-velke-evropske-jogove-predstaveni-v-ceskych-budejovicich\/","og_locale":"en_US","og_type":"article","og_title":"Konalo se Velk\u00e9 evropsk\u00e9 j\u00f3gov\u00e9 p\u0159edstaven\u00ed v \u010cesk\u00fdch Bud\u011bjovic\u00edch - Yoga Federation of Europe","og_description":"Dne 7. \u010dervence 2024 se ve Sportovn\u00ed hale v \u010cesk\u00fdch Bud\u011bjovic\u00edch konalo Osm\u00e9 Velk\u00e9 evropsk\u00e9 j\u00f3gov\u00e9 p\u0159edstaven\u00ed.","og_url":"https:\/\/www.yoga-federation.eu\/cz\/konalo-se-velke-evropske-jogove-predstaveni-v-ceskych-budejovicich\/","og_site_name":"Yoga Federation of Europe","article_published_time":"2024-07-11T11:33:50+00:00","article_modified_time":"2024-09-09T12:31:25+00:00","og_image":[{"width":2048,"height":1365,"url":"http:\/\/www.yoga-federation.eu\/wp-content\/uploads\/2024\/09\/Velke-jogove-predstaveni-2024-3.jpg","type":"image\/jpeg"}],"author":"YFE","twitter_card":"summary_large_image","twitter_misc":{"Written by":"YFE","Est. reading time":"3 minutes"},"schema":{"@context":"https:\/\/schema.org","@graph":[{"@type":"Article","@id":"https:\/\/www.yoga-federation.eu\/cz\/konalo-se-velke-evropske-jogove-predstaveni-v-ceskych-budejovicich\/#article","isPartOf":{"@id":"https:\/\/www.yoga-federation.eu\/cz\/konalo-se-velke-evropske-jogove-predstaveni-v-ceskych-budejovicich\/"},"author":{"name":"YFE","@id":"https:\/\/www.yoga-federation.eu\/#\/schema\/person\/c70b5a8f7323477f70814bd277cc9105"},"headline":"Konalo se Velk\u00e9 evropsk\u00e9 j\u00f3gov\u00e9 p\u0159edstaven\u00ed v \u010cesk\u00fdch Bud\u011bjovic\u00edch","datePublished":"2024-07-11T11:33:50+00:00","dateModified":"2024-09-09T12:31:25+00:00","mainEntityOfPage":{"@id":"https:\/\/www.yoga-federation.eu\/cz\/konalo-se-velke-evropske-jogove-predstaveni-v-ceskych-budejovicich\/"},"wordCount":1143,"image":{"@id":"https:\/\/www.yoga-federation.eu\/cz\/konalo-se-velke-evropske-jogove-predstaveni-v-ceskych-budejovicich\/#primaryimage"},"thumbnailUrl":"https:\/\/www.yoga-federation.eu\/wp-content\/uploads\/2024\/09\/Velke-jogove-predstaveni-2024-3.jpg","articleSection":["J\u00f3gov\u00e9 p\u0159edstaven\u00ed","Projekty"],"inLanguage":"cz-CZ"},{"@type":"WebPage","@id":"https:\/\/www.yoga-federation.eu\/cz\/konalo-se-velke-evropske-jogove-predstaveni-v-ceskych-budejovicich\/","url":"https:\/\/www.yoga-federation.eu\/cz\/konalo-se-velke-evropske-jogove-predstaveni-v-ceskych-budejovicich\/","name":"Konalo se Velk\u00e9 evropsk\u00e9 j\u00f3gov\u00e9 p\u0159edstaven\u00ed v \u010cesk\u00fdch Bud\u011bjovic\u00edch - Yoga Federation of Europe","isPartOf":{"@id":"https:\/\/www.yoga-federation.eu\/#website"},"primaryImageOfPage":{"@id":"https:\/\/www.yoga-federation.eu\/cz\/konalo-se-velke-evropske-jogove-predstaveni-v-ceskych-budejovicich\/#primaryimage"},"image":{"@id":"https:\/\/www.yoga-federation.eu\/cz\/konalo-se-velke-evropske-jogove-predstaveni-v-ceskych-budejovicich\/#primaryimage"},"thumbnailUrl":"https:\/\/www.yoga-federation.eu\/wp-content\/uploads\/2024\/09\/Velke-jogove-predstaveni-2024-3.jpg","datePublished":"2024-07-11T11:33:50+00:00","dateModified":"2024-09-09T12:31:25+00:00","author":{"@id":"https:\/\/www.yoga-federation.eu\/#\/schema\/person\/c70b5a8f7323477f70814bd277cc9105"},"description":"Dne 7. \u010dervence 2024 se ve Sportovn\u00ed hale v \u010cesk\u00fdch Bud\u011bjovic\u00edch konalo Osm\u00e9 Velk\u00e9 evropsk\u00e9 j\u00f3gov\u00e9 p\u0159edstaven\u00ed.","breadcrumb":{"@id":"https:\/\/www.yoga-federation.eu\/cz\/konalo-se-velke-evropske-jogove-predstaveni-v-ceskych-budejovicich\/#breadcrumb"},"inLanguage":"cz-CZ","potentialAction":[{"@type":"ReadAction","target":["https:\/\/www.yoga-federation.eu\/cz\/konalo-se-velke-evropske-jogove-predstaveni-v-ceskych-budejovicich\/"]}]},{"@type":"ImageObject","inLanguage":"cz-CZ","@id":"https:\/\/www.yoga-federation.eu\/cz\/konalo-se-velke-evropske-jogove-predstaveni-v-ceskych-budejovicich\/#primaryimage","url":"https:\/\/www.yoga-federation.eu\/wp-content\/uploads\/2024\/09\/Velke-jogove-predstaveni-2024-3.jpg","contentUrl":"https:\/\/www.yoga-federation.eu\/wp-content\/uploads\/2024\/09\/Velke-jogove-predstaveni-2024-3.jpg","width":2048,"height":1365,"caption":"Velke _jogove_ predstaveni_2024-3"},{"@type":"BreadcrumbList","@id":"https:\/\/www.yoga-federation.eu\/cz\/konalo-se-velke-evropske-jogove-predstaveni-v-ceskych-budejovicich\/#breadcrumb","itemListElement":[{"@type":"ListItem","position":1,"name":"Home","item":"https:\/\/www.yoga-federation.eu\/cz\/"},{"@type":"ListItem","position":2,"name":"Konalo se Velk\u00e9 evropsk\u00e9 j\u00f3gov\u00e9 p\u0159edstaven\u00ed v \u010cesk\u00fdch Bud\u011bjovic\u00edch"}]},{"@type":"WebSite","@id":"https:\/\/www.yoga-federation.eu\/#website","url":"https:\/\/www.yoga-federation.eu\/","name":"Yoga Federation of Europe","description":"Yoga in Europe","potentialAction":[{"@type":"SearchAction","target":{"@type":"EntryPoint","urlTemplate":"https:\/\/www.yoga-federation.eu\/?s={search_term_string}"},"query-input":{"@type":"PropertyValueSpecification","valueRequired":true,"valueName":"search_term_string"}}],"inLanguage":"cz-CZ"},{"@type":"Person","@id":"https:\/\/www.yoga-federation.eu\/#\/schema\/person\/c70b5a8f7323477f70814bd277cc9105","name":"YFE","image":{"@type":"ImageObject","inLanguage":"cz-CZ","@id":"https:\/\/secure.gravatar.com\/avatar\/64f6beecfc59c339d337f0a16c80bfc143a5e623923f6f42beb67b25788f3e50?s=96&d=mm&r=g","url":"https:\/\/secure.gravatar.com\/avatar\/64f6beecfc59c339d337f0a16c80bfc143a5e623923f6f42beb67b25788f3e50?s=96&d=mm&r=g","contentUrl":"https:\/\/secure.gravatar.com\/avatar\/64f6beecfc59c339d337f0a16c80bfc143a5e623923f6f42beb67b25788f3e50?s=96&d=mm&r=g","caption":"YFE"},"url":"https:\/\/www.yoga-federation.eu\/cz\/author\/ana\/"}]}},"_links":{"self":[{"href":"https:\/\/www.yoga-federation.eu\/cz\/wp-json\/wp\/v2\/posts\/7114","targetHints":{"allow":["GET"]}}],"collection":[{"href":"https:\/\/www.yoga-federation.eu\/cz\/wp-json\/wp\/v2\/posts"}],"about":[{"href":"https:\/\/www.yoga-federation.eu\/cz\/wp-json\/wp\/v2\/types\/post"}],"author":[{"embeddable":true,"href":"https:\/\/www.yoga-federation.eu\/cz\/wp-json\/wp\/v2\/users\/6"}],"replies":[{"embeddable":true,"href":"https:\/\/www.yoga-federation.eu\/cz\/wp-json\/wp\/v2\/comments?post=7114"}],"version-history":[{"count":9,"href":"https:\/\/www.yoga-federation.eu\/cz\/wp-json\/wp\/v2\/posts\/7114\/revisions"}],"predecessor-version":[{"id":7143,"href":"https:\/\/www.yoga-federation.eu\/cz\/wp-json\/wp\/v2\/posts\/7114\/revisions\/7143"}],"wp:featuredmedia":[{"embeddable":true,"href":"https:\/\/www.yoga-federation.eu\/cz\/wp-json\/wp\/v2\/media\/7117"}],"wp:attachment":[{"href":"https:\/\/www.yoga-federation.eu\/cz\/wp-json\/wp\/v2\/media?parent=7114"}],"wp:term":[{"taxonomy":"category","embeddable":true,"href":"https:\/\/www.yoga-federation.eu\/cz\/wp-json\/wp\/v2\/categories?post=7114"},{"taxonomy":"post_tag","embeddable":true,"href":"https:\/\/www.yoga-federation.eu\/cz\/wp-json\/wp\/v2\/tags?post=7114"}],"curies":[{"name":"wp","href":"https:\/\/api.w.org\/{rel}","templated":true}]}}