{"id":6714,"date":"2023-12-31T15:16:51","date_gmt":"2023-12-31T15:16:51","guid":{"rendered":"https:\/\/www.yoga-federation.eu\/?p=6714"},"modified":"2025-06-04T11:13:23","modified_gmt":"2025-06-04T11:13:23","slug":"skalarni-jogove-tabory","status":"publish","type":"post","link":"https:\/\/www.yoga-federation.eu\/cz\/skalarni-jogove-tabory\/","title":{"rendered":"Skal\u00e1rn\u00ed j\u00f3gov\u00e9 t\u00e1bory v roce 2025"},"content":{"rendered":"<div class=\"fusion-fullwidth fullwidth-box fusion-builder-row-1 fusion-flex-container nonhundred-percent-fullwidth non-hundred-percent-height-scrolling\" style=\"background-color: rgba(255,255,255,0);background-position: center center;background-repeat: no-repeat;border-width: 0px 0px 0px 0px;border-color:#eae9e9;border-style:solid;\" ><div class=\"fusion-builder-row fusion-row fusion-flex-align-items-flex-start\" style=\"max-width:1144px;margin-left: calc(-4% \/ 2 );margin-right: calc(-4% \/ 2 );\"><div class=\"fusion-layout-column fusion_builder_column fusion-builder-column-0 fusion_builder_column_1_1 1_1 fusion-flex-column\"><div class=\"fusion-column-wrapper fusion-flex-justify-content-flex-start fusion-content-layout-column\" style=\"background-position:left top;background-repeat:no-repeat;-webkit-background-size:cover;-moz-background-size:cover;-o-background-size:cover;background-size:cover;padding: 0px 0px 0px 0px;\"><style type=\"text\/css\">@media only screen and (max-width:1024px) {.fusion-title.fusion-title-1{margin-top:0px!important;margin-bottom:31px!important;}}<\/style><div class=\"fusion-title title fusion-title-1 fusion-title-text fusion-title-size-one\" style=\"margin-top:0px;margin-bottom:31px;\"><div class=\"title-sep-container title-sep-container-left fusion-no-large-visibility fusion-no-medium-visibility fusion-no-small-visibility\"><div class=\"title-sep sep-double sep-solid\" style=\"border-color:#e0dede;\"><\/div><\/div><h1 class=\"title-heading-left\" style=\"margin:0;\"><h1><span style=\"color: #000080;\">Skal\u00e1rn\u00ed j\u00f3gov\u00e9 t\u00e1bory v roce 2025<\/span><\/h1><\/h1><div class=\"title-sep-container title-sep-container-right\"><div class=\"title-sep sep-double sep-solid\" style=\"border-color:#e0dede;\"><\/div><\/div><\/div><div class=\"fusion-text fusion-text-1\"><\/div>\n<p><span class=\"jCAhz ChMk0b\"><span class=\"ryNqvb\">Pokud hled\u00e1te pohlcuj\u00edc\u00ed transforma\u010dn\u00ed z\u00e1\u017eitek, na\u0161e skal\u00e1rn\u00ed j\u00f3gov\u00e9 retreaty a kempy pod veden\u00edm zku\u0161en\u00fdch mistr\u016f j\u00f3gy jsou to prav\u00e9 pro v\u00e1s. <\/span><\/span><span class=\"jCAhz ChMk0b\"><span class=\"ryNqvb\">Zahrnuj\u00ed meditace, lekce j\u00f3gy, medita\u010dn\u00ed workshopy v p\u0159\u00edrodn\u00ed rezervaci, energoterapeutick\u00e1 sezen\u00ed, k\u00edrtanov\u00e9 ve\u010dery a satsangy s Mistrem.<\/span><\/span><\/p>\n<p>Skal\u00e1rn\u00ed j\u00f3gov\u00e9 retreaty <span style=\"background-color: rgba(255, 255, 255, 0); color: var(--body_typography-color); font-family: var(--body_typography-font-family); font-size: var(--body_typography-font-size); font-style: var(--body_typography-font-style,normal); font-weight: var(--body_typography-font-weight); letter-spacing: var(--body_typography-letter-spacing);\">doyena j\u00f3gy prof. <\/span><span style=\"background-color: rgba(255, 255, 255, 0); color: var(--body_typography-color); font-family: var(--body_typography-font-family); font-size: var(--body_typography-font-size); font-style: var(--body_typography-font-style,normal); font-weight: var(--body_typography-font-weight); letter-spacing: var(--body_typography-letter-spacing);\">Predraga Niki\u0107e jsou <\/span><span style=\"background-color: rgba(255, 255, 255, 0); color: var(--body_typography-color); font-family: var(--body_typography-font-family); font-size: var(--body_typography-font-size); font-style: var(--body_typography-font-style,normal); font-weight: var(--body_typography-font-weight); letter-spacing: var(--body_typography-letter-spacing);\">zn\u00e1m\u00e9 sv\u00fdm intenzivn\u00edm <\/span><span style=\"background-color: rgba(255, 255, 255, 0); color: var(--body_typography-color); font-family: var(--body_typography-font-family); font-size: var(--body_typography-font-size); font-style: var(--body_typography-font-style,normal); font-weight: var(--body_typography-font-weight); letter-spacing: var(--body_typography-letter-spacing);\">obsahem a hlubok\u00fdmi <\/span><span style=\"background-color: rgba(255, 255, 255, 0); color: var(--body_typography-color); font-family: var(--body_typography-font-family); font-size: var(--body_typography-font-size); font-style: var(--body_typography-font-style,normal); font-weight: var(--body_typography-font-weight); letter-spacing: var(--body_typography-letter-spacing);\">energetick\u00fdmi <\/span><span style=\"background-color: rgba(255, 255, 255, 0); color: var(--body_typography-color); font-family: var(--body_typography-font-family); font-size: var(--body_typography-font-size); font-style: var(--body_typography-font-style,normal); font-weight: var(--body_typography-font-weight); letter-spacing: var(--body_typography-letter-spacing);\">transforma\u010dn\u00edmi procesy.<\/span><\/p>\n<p>Ve spolupr\u00e1ci s International Yoga Academy PN a Evropsk\u00fdm Chr\u00e1mem Sv\u011btla J\u00f3gy organizujeme j\u00f3gov\u00e9 pobyty a zakladn\u00ed a pokro\u010dil\u00e9 kurzy j\u00f3gy.<\/p>\n<p><a href=\"https:\/\/yoga-retreat.info\/jogove-pobyty\" target=\"_blank\" rel=\"noopener noreferrer\">Pod\u00edvejte se na na\u0161i nab\u00eddku v roce 2025.<\/a><\/p>\n<style type=\"text\/css\">.fusion-gallery-1 .fusion-gallery-image {border:0px solid #f6f6f6;}<\/style><div class=\"fusion-gallery fusion-gallery-container fusion-grid-3 fusion-columns-total-6 fusion-gallery-layout-grid fusion-gallery-1\" style=\"margin:-5px;\"><div style=\"padding:5px;\" class=\"fusion-grid-column fusion-gallery-column fusion-gallery-column-3 hover-type-none\"><div class=\"fusion-gallery-image\"><a href=\"https:\/\/yoga-retreat.info\/regeneracni-leciva-joga\" rel=\"noreferrer\" data-rel=\"iLightbox[gallery_image_1]\" class=\"fusion-lightbox\" target=\"_self\"><img loading=\"lazy\" decoding=\"async\" src=\"https:\/\/www.yoga-federation.eu\/wp-content\/uploads\/2025\/04\/regenerecni_joga_retreat__evropsky_chram_svetla_jogy.jpg\" data-orig-src=\"https:\/\/www.yoga-federation.eu\/wp-content\/uploads\/2025\/04\/regenerecni_joga_retreat__evropsky_chram_svetla_jogy.jpg\" width=\"1080\" height=\"1080\" alt=\"regenerecni_joga_retreat__evropsky_chram_svetla_jogy\" title=\"regenerecni_joga_retreat__evropsky_chram_svetla_jogy\" aria-label=\"regenerecni_joga_retreat__evropsky_chram_svetla_jogy\" class=\"lazyload img-responsive wp-image-7257\" srcset=\"data:image\/svg+xml,%3Csvg%20xmlns%3D%27http%3A%2F%2Fwww.w3.org%2F2000%2Fsvg%27%20width%3D%271080%27%20height%3D%271080%27%20viewBox%3D%270%200%201080%201080%27%3E%3Crect%20width%3D%271080%27%20height%3D%2731080%27%20fill-opacity%3D%220%22%2F%3E%3C%2Fsvg%3E\" data-srcset=\"https:\/\/www.yoga-federation.eu\/wp-content\/uploads\/2025\/04\/regenerecni_joga_retreat__evropsky_chram_svetla_jogy-200x200.jpg 200w, https:\/\/www.yoga-federation.eu\/wp-content\/uploads\/2025\/04\/regenerecni_joga_retreat__evropsky_chram_svetla_jogy-400x400.jpg 400w, https:\/\/www.yoga-federation.eu\/wp-content\/uploads\/2025\/04\/regenerecni_joga_retreat__evropsky_chram_svetla_jogy-600x600.jpg 600w, https:\/\/www.yoga-federation.eu\/wp-content\/uploads\/2025\/04\/regenerecni_joga_retreat__evropsky_chram_svetla_jogy-800x800.jpg 800w, https:\/\/www.yoga-federation.eu\/wp-content\/uploads\/2025\/04\/regenerecni_joga_retreat__evropsky_chram_svetla_jogy.jpg 1080w\" data-sizes=\"auto\" data-orig-sizes=\"auto, (min-width: 2200px) 100vw, (min-width: 784px) 363px, (min-width: 712px) 545px, (min-width: 640px) 712px, \" \/><\/a><\/div><\/div><div style=\"padding:5px;\" class=\"fusion-grid-column fusion-gallery-column fusion-gallery-column-3 hover-type-none\"><div class=\"fusion-gallery-image\"><a href=\"https:\/\/www.yoga-federation.eu\/wp-content\/uploads\/2025\/04\/Transformacni_joga_vikendjoga_evropsky_chram_svetla_jogy.jpg\" rel=\"noreferrer\" data-rel=\"iLightbox[gallery_image_1]\" class=\"fusion-lightbox\" target=\"_self\"><img loading=\"lazy\" decoding=\"async\" src=\"https:\/\/www.yoga-federation.eu\/wp-content\/uploads\/2025\/04\/Transformacni_joga_vikendjoga_evropsky_chram_svetla_jogy.jpg\" data-orig-src=\"https:\/\/www.yoga-federation.eu\/wp-content\/uploads\/2025\/04\/Transformacni_joga_vikendjoga_evropsky_chram_svetla_jogy.jpg\" width=\"1080\" height=\"1080\" alt=\"Transformacni_joga_vikendjoga_evropsky_chram_svetla_jogy\" title=\"Transformacni_joga_vikendjoga_evropsky_chram_svetla_jogy\" aria-label=\"Transformacni_joga_vikendjoga_evropsky_chram_svetla_jogy\" class=\"lazyload img-responsive wp-image-7265\" srcset=\"data:image\/svg+xml,%3Csvg%20xmlns%3D%27http%3A%2F%2Fwww.w3.org%2F2000%2Fsvg%27%20width%3D%271080%27%20height%3D%271080%27%20viewBox%3D%270%200%201080%201080%27%3E%3Crect%20width%3D%271080%27%20height%3D%2731080%27%20fill-opacity%3D%220%22%2F%3E%3C%2Fsvg%3E\" data-srcset=\"https:\/\/www.yoga-federation.eu\/wp-content\/uploads\/2025\/04\/Transformacni_joga_vikendjoga_evropsky_chram_svetla_jogy-200x200.jpg 200w, https:\/\/www.yoga-federation.eu\/wp-content\/uploads\/2025\/04\/Transformacni_joga_vikendjoga_evropsky_chram_svetla_jogy-400x400.jpg 400w, https:\/\/www.yoga-federation.eu\/wp-content\/uploads\/2025\/04\/Transformacni_joga_vikendjoga_evropsky_chram_svetla_jogy-600x600.jpg 600w, https:\/\/www.yoga-federation.eu\/wp-content\/uploads\/2025\/04\/Transformacni_joga_vikendjoga_evropsky_chram_svetla_jogy-800x800.jpg 800w, https:\/\/www.yoga-federation.eu\/wp-content\/uploads\/2025\/04\/Transformacni_joga_vikendjoga_evropsky_chram_svetla_jogy.jpg 1080w\" data-sizes=\"auto\" data-orig-sizes=\"auto, (min-width: 2200px) 100vw, (min-width: 784px) 363px, (min-width: 712px) 545px, (min-width: 640px) 712px, \" \/><\/a><\/div><\/div><div style=\"padding:5px;\" class=\"fusion-grid-column fusion-gallery-column fusion-gallery-column-3 hover-type-none\"><div class=\"fusion-gallery-image\"><a href=\"https:\/\/www.yoga-federation.eu\/wp-content\/uploads\/2025\/04\/Nada-joga.jpg\" rel=\"noreferrer\" data-rel=\"iLightbox[gallery_image_1]\" class=\"fusion-lightbox\" target=\"_self\"><img loading=\"lazy\" decoding=\"async\" src=\"https:\/\/www.yoga-federation.eu\/wp-content\/uploads\/2025\/04\/Nada-joga.jpg\" data-orig-src=\"https:\/\/www.yoga-federation.eu\/wp-content\/uploads\/2025\/04\/Nada-joga.jpg\" width=\"1080\" height=\"1080\" alt=\"nada_joga_retreat_evropsky_chram_svetla_jogy\" title=\"Nada joga\" aria-label=\"Nada joga\" class=\"lazyload img-responsive wp-image-7245\" srcset=\"data:image\/svg+xml,%3Csvg%20xmlns%3D%27http%3A%2F%2Fwww.w3.org%2F2000%2Fsvg%27%20width%3D%271080%27%20height%3D%271080%27%20viewBox%3D%270%200%201080%201080%27%3E%3Crect%20width%3D%271080%27%20height%3D%2731080%27%20fill-opacity%3D%220%22%2F%3E%3C%2Fsvg%3E\" data-srcset=\"https:\/\/www.yoga-federation.eu\/wp-content\/uploads\/2025\/04\/Nada-joga-200x200.jpg 200w, https:\/\/www.yoga-federation.eu\/wp-content\/uploads\/2025\/04\/Nada-joga-400x400.jpg 400w, https:\/\/www.yoga-federation.eu\/wp-content\/uploads\/2025\/04\/Nada-joga-600x600.jpg 600w, https:\/\/www.yoga-federation.eu\/wp-content\/uploads\/2025\/04\/Nada-joga-800x800.jpg 800w, https:\/\/www.yoga-federation.eu\/wp-content\/uploads\/2025\/04\/Nada-joga.jpg 1080w\" data-sizes=\"auto\" data-orig-sizes=\"auto, (min-width: 2200px) 100vw, (min-width: 784px) 363px, (min-width: 712px) 545px, (min-width: 640px) 712px, \" \/><\/a><\/div><\/div><div class=\"clearfix\"><\/div><div style=\"padding:5px;\" class=\"fusion-grid-column fusion-gallery-column fusion-gallery-column-3 hover-type-none\"><div class=\"fusion-gallery-image\"><a href=\"https:\/\/www.yoga-federation.eu\/wp-content\/uploads\/2025\/04\/joga_pro_pary_evropsky_chram_svetla_jogy.jpg\" rel=\"noreferrer\" data-rel=\"iLightbox[gallery_image_1]\" class=\"fusion-lightbox\" target=\"_self\"><img loading=\"lazy\" decoding=\"async\" src=\"https:\/\/www.yoga-federation.eu\/wp-content\/uploads\/2025\/04\/joga_pro_pary_evropsky_chram_svetla_jogy.jpg\" data-orig-src=\"https:\/\/www.yoga-federation.eu\/wp-content\/uploads\/2025\/04\/joga_pro_pary_evropsky_chram_svetla_jogy.jpg\" width=\"1080\" height=\"1080\" alt=\"joga_pro_pary_evropsky_chram_svetla_jogy\" title=\"joga_pro_pary_evropsky_chram_svetla_jogy\" aria-label=\"joga_pro_pary_evropsky_chram_svetla_jogy\" class=\"lazyload img-responsive wp-image-7249\" srcset=\"data:image\/svg+xml,%3Csvg%20xmlns%3D%27http%3A%2F%2Fwww.w3.org%2F2000%2Fsvg%27%20width%3D%271080%27%20height%3D%271080%27%20viewBox%3D%270%200%201080%201080%27%3E%3Crect%20width%3D%271080%27%20height%3D%2731080%27%20fill-opacity%3D%220%22%2F%3E%3C%2Fsvg%3E\" data-srcset=\"https:\/\/www.yoga-federation.eu\/wp-content\/uploads\/2025\/04\/joga_pro_pary_evropsky_chram_svetla_jogy-200x200.jpg 200w, https:\/\/www.yoga-federation.eu\/wp-content\/uploads\/2025\/04\/joga_pro_pary_evropsky_chram_svetla_jogy-400x400.jpg 400w, https:\/\/www.yoga-federation.eu\/wp-content\/uploads\/2025\/04\/joga_pro_pary_evropsky_chram_svetla_jogy-600x600.jpg 600w, https:\/\/www.yoga-federation.eu\/wp-content\/uploads\/2025\/04\/joga_pro_pary_evropsky_chram_svetla_jogy-800x800.jpg 800w, https:\/\/www.yoga-federation.eu\/wp-content\/uploads\/2025\/04\/joga_pro_pary_evropsky_chram_svetla_jogy.jpg 1080w\" data-sizes=\"auto\" data-orig-sizes=\"auto, (min-width: 2200px) 100vw, (min-width: 784px) 363px, (min-width: 712px) 545px, (min-width: 640px) 712px, \" \/><\/a><\/div><\/div><div style=\"padding:5px;\" class=\"fusion-grid-column fusion-gallery-column fusion-gallery-column-3 hover-type-none\"><div class=\"fusion-gallery-image\"><a href=\"https:\/\/www.yoga-federation.eu\/wp-content\/uploads\/2025\/04\/joga_retreat_moksha_evropsky_chram_svetla_jogy.jpg\" rel=\"noreferrer\" data-rel=\"iLightbox[gallery_image_1]\" class=\"fusion-lightbox\" target=\"_self\"><img loading=\"lazy\" decoding=\"async\" src=\"https:\/\/www.yoga-federation.eu\/wp-content\/uploads\/2025\/04\/joga_retreat_moksha_evropsky_chram_svetla_jogy.jpg\" data-orig-src=\"https:\/\/www.yoga-federation.eu\/wp-content\/uploads\/2025\/04\/joga_retreat_moksha_evropsky_chram_svetla_jogy.jpg\" width=\"1080\" height=\"1080\" alt=\"joga_retreat_moksha_evropsky_chram_svetla_jogy\" title=\"joga_retreat_moksha_evropsky_chram_svetla_jogy\" aria-label=\"joga_retreat_moksha_evropsky_chram_svetla_jogy\" class=\"lazyload img-responsive wp-image-7253\" srcset=\"data:image\/svg+xml,%3Csvg%20xmlns%3D%27http%3A%2F%2Fwww.w3.org%2F2000%2Fsvg%27%20width%3D%271080%27%20height%3D%271080%27%20viewBox%3D%270%200%201080%201080%27%3E%3Crect%20width%3D%271080%27%20height%3D%2731080%27%20fill-opacity%3D%220%22%2F%3E%3C%2Fsvg%3E\" data-srcset=\"https:\/\/www.yoga-federation.eu\/wp-content\/uploads\/2025\/04\/joga_retreat_moksha_evropsky_chram_svetla_jogy-200x200.jpg 200w, https:\/\/www.yoga-federation.eu\/wp-content\/uploads\/2025\/04\/joga_retreat_moksha_evropsky_chram_svetla_jogy-400x400.jpg 400w, https:\/\/www.yoga-federation.eu\/wp-content\/uploads\/2025\/04\/joga_retreat_moksha_evropsky_chram_svetla_jogy-600x600.jpg 600w, https:\/\/www.yoga-federation.eu\/wp-content\/uploads\/2025\/04\/joga_retreat_moksha_evropsky_chram_svetla_jogy-800x800.jpg 800w, https:\/\/www.yoga-federation.eu\/wp-content\/uploads\/2025\/04\/joga_retreat_moksha_evropsky_chram_svetla_jogy.jpg 1080w\" data-sizes=\"auto\" data-orig-sizes=\"auto, (min-width: 2200px) 100vw, (min-width: 784px) 363px, (min-width: 712px) 545px, (min-width: 640px) 712px, \" \/><\/a><\/div><\/div><div style=\"padding:5px;\" class=\"fusion-grid-column fusion-gallery-column fusion-gallery-column-3 hover-type-none\"><div class=\"fusion-gallery-image\"><a href=\"https:\/\/www.yoga-federation.eu\/wp-content\/uploads\/2025\/04\/rodinny_joga_retreat_evropsky_chram_svetla_jogy.jpg\" rel=\"noreferrer\" data-rel=\"iLightbox[gallery_image_1]\" class=\"fusion-lightbox\" target=\"_self\"><img loading=\"lazy\" decoding=\"async\" src=\"https:\/\/www.yoga-federation.eu\/wp-content\/uploads\/2025\/04\/rodinny_joga_retreat_evropsky_chram_svetla_jogy.jpg\" data-orig-src=\"https:\/\/www.yoga-federation.eu\/wp-content\/uploads\/2025\/04\/rodinny_joga_retreat_evropsky_chram_svetla_jogy.jpg\" width=\"1080\" height=\"1080\" alt=\"rodinny_joga_retreat_evropsky_chram_svetla_jogy\" title=\"rodinny_joga_retreat_evropsky_chram_svetla_jogy\" aria-label=\"rodinny_joga_retreat_evropsky_chram_svetla_jogy\" class=\"lazyload img-responsive wp-image-7261\" srcset=\"data:image\/svg+xml,%3Csvg%20xmlns%3D%27http%3A%2F%2Fwww.w3.org%2F2000%2Fsvg%27%20width%3D%271080%27%20height%3D%271080%27%20viewBox%3D%270%200%201080%201080%27%3E%3Crect%20width%3D%271080%27%20height%3D%2731080%27%20fill-opacity%3D%220%22%2F%3E%3C%2Fsvg%3E\" data-srcset=\"https:\/\/www.yoga-federation.eu\/wp-content\/uploads\/2025\/04\/rodinny_joga_retreat_evropsky_chram_svetla_jogy-200x200.jpg 200w, https:\/\/www.yoga-federation.eu\/wp-content\/uploads\/2025\/04\/rodinny_joga_retreat_evropsky_chram_svetla_jogy-400x400.jpg 400w, https:\/\/www.yoga-federation.eu\/wp-content\/uploads\/2025\/04\/rodinny_joga_retreat_evropsky_chram_svetla_jogy-600x600.jpg 600w, https:\/\/www.yoga-federation.eu\/wp-content\/uploads\/2025\/04\/rodinny_joga_retreat_evropsky_chram_svetla_jogy-800x800.jpg 800w, https:\/\/www.yoga-federation.eu\/wp-content\/uploads\/2025\/04\/rodinny_joga_retreat_evropsky_chram_svetla_jogy.jpg 1080w\" data-sizes=\"auto\" data-orig-sizes=\"auto, (min-width: 2200px) 100vw, (min-width: 784px) 363px, (min-width: 712px) 545px, (min-width: 640px) 712px, \" \/><\/a><\/div><\/div><div class=\"clearfix\"><\/div><\/div><\/div><\/div><style type=\"text\/css\">.fusion-body .fusion-builder-column-0{width:100% !important;margin-top : 0px;margin-bottom : 20px;}.fusion-builder-column-0 > .fusion-column-wrapper {padding-top : 0px !important;padding-right : 0px !important;margin-right : 1.92%;padding-bottom : 0px !important;padding-left : 0px !important;margin-left : 1.92%;}@media only screen and (max-width:1024px) {.fusion-body .fusion-builder-column-0{width:100% !important;order : 0;}.fusion-builder-column-0 > .fusion-column-wrapper {margin-right : 1.92%;margin-left : 1.92%;}}@media only screen and (max-width:640px) {.fusion-body .fusion-builder-column-0{width:100% !important;order : 0;}.fusion-builder-column-0 > .fusion-column-wrapper {margin-right : 1.92%;margin-left : 1.92%;}}<\/style><\/div><style type=\"text\/css\">.fusion-body .fusion-flex-container.fusion-builder-row-1{ padding-top : 0px;margin-top : 0px;padding-right : 0px;padding-bottom : 0px;margin-bottom : 0px;padding-left : 0px;}<\/style><\/div>\n<p>&nbsp;<\/p>\n<div class=\"fusion-video fusion-youtube\" style=\"max-width:600px;max-height:360px;align-self:center; width:100%\"><div class=\"video-shortcode\"><iframe loading=\"lazy\" title=\"YouTube video player\" src=\"https:\/\/www.youtube.com\/embed\/-WaPef0IKYQ?wmode=transparent&autoplay=0\" width=\"600\" height=\"360\" allowfullscreen allow=\"autoplay; fullscreen\"><\/iframe><\/div><\/div>\n","protected":false},"excerpt":{"rendered":"<p>&nbsp;<\/p>\n","protected":false},"author":6,"featured_media":7275,"comment_status":"closed","ping_status":"open","sticky":false,"template":"","format":"standard","meta":{"footnotes":""},"categories":[120],"tags":[],"class_list":["post-6714","post","type-post","status-publish","format-standard","has-post-thumbnail","hentry","category-joga-tabor"],"yoast_head":"<!-- This site is optimized with the Yoast SEO plugin v27.4 - https:\/\/yoast.com\/product\/yoast-seo-wordpress\/ -->\n<title>Skal\u00e1rn\u00ed j\u00f3gov\u00e9 t\u00e1bory v roce 2025 - Yoga Federation of Europe<\/title>\n<meta name=\"description\" content=\"Skal\u00e1rn\u00ed j\u00f3gov\u00e9 retreaty - spojen\u00ed intenzivn\u00edho programu a hlubok\u00e9 transformace\" \/>\n<meta name=\"robots\" content=\"index, follow, max-snippet:-1, max-image-preview:large, max-video-preview:-1\" \/>\n<link rel=\"canonical\" href=\"https:\/\/www.yoga-federation.eu\/cz\/skalarni-jogove-tabory\/\" \/>\n<meta property=\"og:locale\" content=\"en_US\" \/>\n<meta property=\"og:type\" content=\"article\" \/>\n<meta property=\"og:title\" content=\"Skal\u00e1rn\u00ed j\u00f3gov\u00e9 t\u00e1bory v roce 2025 - Yoga Federation of Europe\" \/>\n<meta property=\"og:description\" content=\"Skal\u00e1rn\u00ed j\u00f3gov\u00e9 retreaty - spojen\u00ed intenzivn\u00edho programu a hlubok\u00e9 transformace\" \/>\n<meta property=\"og:url\" content=\"https:\/\/www.yoga-federation.eu\/cz\/skalarni-jogove-tabory\/\" \/>\n<meta property=\"og:site_name\" content=\"Yoga Federation of Europe\" \/>\n<meta property=\"article:published_time\" content=\"2023-12-31T15:16:51+00:00\" \/>\n<meta property=\"article:modified_time\" content=\"2025-06-04T11:13:23+00:00\" \/>\n<meta property=\"og:image\" content=\"http:\/\/www.yoga-federation.eu\/wp-content\/uploads\/2023\/12\/MOKSHA-YOGA-RETREATS-2025-scaled.jpg\" \/>\n\t<meta property=\"og:image:width\" content=\"2560\" \/>\n\t<meta property=\"og:image:height\" content=\"1810\" \/>\n\t<meta property=\"og:image:type\" content=\"image\/jpeg\" \/>\n<meta name=\"author\" content=\"YFE\" \/>\n<meta name=\"twitter:card\" content=\"summary_large_image\" \/>\n<meta name=\"twitter:label1\" content=\"Written by\" \/>\n\t<meta name=\"twitter:data1\" content=\"YFE\" \/>\n\t<meta name=\"twitter:label2\" content=\"Est. reading time\" \/>\n\t<meta name=\"twitter:data2\" content=\"2 minutes\" \/>\n<script type=\"application\/ld+json\" class=\"yoast-schema-graph\">{\"@context\":\"https:\\\/\\\/schema.org\",\"@graph\":[{\"@type\":\"Article\",\"@id\":\"https:\\\/\\\/www.yoga-federation.eu\\\/cz\\\/skalarni-jogove-tabory\\\/#article\",\"isPartOf\":{\"@id\":\"https:\\\/\\\/www.yoga-federation.eu\\\/cz\\\/skalarni-jogove-tabory\\\/\"},\"author\":{\"name\":\"YFE\",\"@id\":\"https:\\\/\\\/www.yoga-federation.eu\\\/#\\\/schema\\\/person\\\/c70b5a8f7323477f70814bd277cc9105\"},\"headline\":\"Skal\u00e1rn\u00ed j\u00f3gov\u00e9 t\u00e1bory v roce 2025\",\"datePublished\":\"2023-12-31T15:16:51+00:00\",\"dateModified\":\"2025-06-04T11:13:23+00:00\",\"mainEntityOfPage\":{\"@id\":\"https:\\\/\\\/www.yoga-federation.eu\\\/cz\\\/skalarni-jogove-tabory\\\/\"},\"wordCount\":882,\"image\":{\"@id\":\"https:\\\/\\\/www.yoga-federation.eu\\\/cz\\\/skalarni-jogove-tabory\\\/#primaryimage\"},\"thumbnailUrl\":\"https:\\\/\\\/www.yoga-federation.eu\\\/wp-content\\\/uploads\\\/2023\\\/12\\\/MOKSHA-YOGA-RETREATS-2025-scaled.jpg\",\"articleSection\":[\"j\u00f3ga t\u00e1bor\"],\"inLanguage\":\"cz-CZ\"},{\"@type\":\"WebPage\",\"@id\":\"https:\\\/\\\/www.yoga-federation.eu\\\/cz\\\/skalarni-jogove-tabory\\\/\",\"url\":\"https:\\\/\\\/www.yoga-federation.eu\\\/cz\\\/skalarni-jogove-tabory\\\/\",\"name\":\"Skal\u00e1rn\u00ed j\u00f3gov\u00e9 t\u00e1bory v roce 2025 - Yoga Federation of Europe\",\"isPartOf\":{\"@id\":\"https:\\\/\\\/www.yoga-federation.eu\\\/#website\"},\"primaryImageOfPage\":{\"@id\":\"https:\\\/\\\/www.yoga-federation.eu\\\/cz\\\/skalarni-jogove-tabory\\\/#primaryimage\"},\"image\":{\"@id\":\"https:\\\/\\\/www.yoga-federation.eu\\\/cz\\\/skalarni-jogove-tabory\\\/#primaryimage\"},\"thumbnailUrl\":\"https:\\\/\\\/www.yoga-federation.eu\\\/wp-content\\\/uploads\\\/2023\\\/12\\\/MOKSHA-YOGA-RETREATS-2025-scaled.jpg\",\"datePublished\":\"2023-12-31T15:16:51+00:00\",\"dateModified\":\"2025-06-04T11:13:23+00:00\",\"author\":{\"@id\":\"https:\\\/\\\/www.yoga-federation.eu\\\/#\\\/schema\\\/person\\\/c70b5a8f7323477f70814bd277cc9105\"},\"description\":\"Skal\u00e1rn\u00ed j\u00f3gov\u00e9 retreaty - spojen\u00ed intenzivn\u00edho programu a hlubok\u00e9 transformace\",\"breadcrumb\":{\"@id\":\"https:\\\/\\\/www.yoga-federation.eu\\\/cz\\\/skalarni-jogove-tabory\\\/#breadcrumb\"},\"inLanguage\":\"cz-CZ\",\"potentialAction\":[{\"@type\":\"ReadAction\",\"target\":[\"https:\\\/\\\/www.yoga-federation.eu\\\/cz\\\/skalarni-jogove-tabory\\\/\"]}]},{\"@type\":\"ImageObject\",\"inLanguage\":\"cz-CZ\",\"@id\":\"https:\\\/\\\/www.yoga-federation.eu\\\/cz\\\/skalarni-jogove-tabory\\\/#primaryimage\",\"url\":\"https:\\\/\\\/www.yoga-federation.eu\\\/wp-content\\\/uploads\\\/2023\\\/12\\\/MOKSHA-YOGA-RETREATS-2025-scaled.jpg\",\"contentUrl\":\"https:\\\/\\\/www.yoga-federation.eu\\\/wp-content\\\/uploads\\\/2023\\\/12\\\/MOKSHA-YOGA-RETREATS-2025-scaled.jpg\",\"width\":2560,\"height\":1810,\"caption\":\"moksha_yoga_retraet\"},{\"@type\":\"BreadcrumbList\",\"@id\":\"https:\\\/\\\/www.yoga-federation.eu\\\/cz\\\/skalarni-jogove-tabory\\\/#breadcrumb\",\"itemListElement\":[{\"@type\":\"ListItem\",\"position\":1,\"name\":\"Home\",\"item\":\"https:\\\/\\\/www.yoga-federation.eu\\\/cz\\\/\"},{\"@type\":\"ListItem\",\"position\":2,\"name\":\"Skal\u00e1rn\u00ed j\u00f3gov\u00e9 t\u00e1bory v roce 2025\"}]},{\"@type\":\"WebSite\",\"@id\":\"https:\\\/\\\/www.yoga-federation.eu\\\/#website\",\"url\":\"https:\\\/\\\/www.yoga-federation.eu\\\/\",\"name\":\"Yoga Federation of Europe\",\"description\":\"Yoga in Europe\",\"potentialAction\":[{\"@type\":\"SearchAction\",\"target\":{\"@type\":\"EntryPoint\",\"urlTemplate\":\"https:\\\/\\\/www.yoga-federation.eu\\\/?s={search_term_string}\"},\"query-input\":{\"@type\":\"PropertyValueSpecification\",\"valueRequired\":true,\"valueName\":\"search_term_string\"}}],\"inLanguage\":\"cz-CZ\"},{\"@type\":\"Person\",\"@id\":\"https:\\\/\\\/www.yoga-federation.eu\\\/#\\\/schema\\\/person\\\/c70b5a8f7323477f70814bd277cc9105\",\"name\":\"YFE\",\"image\":{\"@type\":\"ImageObject\",\"inLanguage\":\"cz-CZ\",\"@id\":\"https:\\\/\\\/secure.gravatar.com\\\/avatar\\\/64f6beecfc59c339d337f0a16c80bfc143a5e623923f6f42beb67b25788f3e50?s=96&d=mm&r=g\",\"url\":\"https:\\\/\\\/secure.gravatar.com\\\/avatar\\\/64f6beecfc59c339d337f0a16c80bfc143a5e623923f6f42beb67b25788f3e50?s=96&d=mm&r=g\",\"contentUrl\":\"https:\\\/\\\/secure.gravatar.com\\\/avatar\\\/64f6beecfc59c339d337f0a16c80bfc143a5e623923f6f42beb67b25788f3e50?s=96&d=mm&r=g\",\"caption\":\"YFE\"},\"url\":\"https:\\\/\\\/www.yoga-federation.eu\\\/cz\\\/author\\\/ana\\\/\"}]}<\/script>\n<!-- \/ Yoast SEO plugin. -->","yoast_head_json":{"title":"Skal\u00e1rn\u00ed j\u00f3gov\u00e9 t\u00e1bory v roce 2025 - Yoga Federation of Europe","description":"Skal\u00e1rn\u00ed j\u00f3gov\u00e9 retreaty - spojen\u00ed intenzivn\u00edho programu a hlubok\u00e9 transformace","robots":{"index":"index","follow":"follow","max-snippet":"max-snippet:-1","max-image-preview":"max-image-preview:large","max-video-preview":"max-video-preview:-1"},"canonical":"https:\/\/www.yoga-federation.eu\/cz\/skalarni-jogove-tabory\/","og_locale":"en_US","og_type":"article","og_title":"Skal\u00e1rn\u00ed j\u00f3gov\u00e9 t\u00e1bory v roce 2025 - Yoga Federation of Europe","og_description":"Skal\u00e1rn\u00ed j\u00f3gov\u00e9 retreaty - spojen\u00ed intenzivn\u00edho programu a hlubok\u00e9 transformace","og_url":"https:\/\/www.yoga-federation.eu\/cz\/skalarni-jogove-tabory\/","og_site_name":"Yoga Federation of Europe","article_published_time":"2023-12-31T15:16:51+00:00","article_modified_time":"2025-06-04T11:13:23+00:00","og_image":[{"width":2560,"height":1810,"url":"http:\/\/www.yoga-federation.eu\/wp-content\/uploads\/2023\/12\/MOKSHA-YOGA-RETREATS-2025-scaled.jpg","type":"image\/jpeg"}],"author":"YFE","twitter_card":"summary_large_image","twitter_misc":{"Written by":"YFE","Est. reading time":"2 minutes"},"schema":{"@context":"https:\/\/schema.org","@graph":[{"@type":"Article","@id":"https:\/\/www.yoga-federation.eu\/cz\/skalarni-jogove-tabory\/#article","isPartOf":{"@id":"https:\/\/www.yoga-federation.eu\/cz\/skalarni-jogove-tabory\/"},"author":{"name":"YFE","@id":"https:\/\/www.yoga-federation.eu\/#\/schema\/person\/c70b5a8f7323477f70814bd277cc9105"},"headline":"Skal\u00e1rn\u00ed j\u00f3gov\u00e9 t\u00e1bory v roce 2025","datePublished":"2023-12-31T15:16:51+00:00","dateModified":"2025-06-04T11:13:23+00:00","mainEntityOfPage":{"@id":"https:\/\/www.yoga-federation.eu\/cz\/skalarni-jogove-tabory\/"},"wordCount":882,"image":{"@id":"https:\/\/www.yoga-federation.eu\/cz\/skalarni-jogove-tabory\/#primaryimage"},"thumbnailUrl":"https:\/\/www.yoga-federation.eu\/wp-content\/uploads\/2023\/12\/MOKSHA-YOGA-RETREATS-2025-scaled.jpg","articleSection":["j\u00f3ga t\u00e1bor"],"inLanguage":"cz-CZ"},{"@type":"WebPage","@id":"https:\/\/www.yoga-federation.eu\/cz\/skalarni-jogove-tabory\/","url":"https:\/\/www.yoga-federation.eu\/cz\/skalarni-jogove-tabory\/","name":"Skal\u00e1rn\u00ed j\u00f3gov\u00e9 t\u00e1bory v roce 2025 - Yoga Federation of Europe","isPartOf":{"@id":"https:\/\/www.yoga-federation.eu\/#website"},"primaryImageOfPage":{"@id":"https:\/\/www.yoga-federation.eu\/cz\/skalarni-jogove-tabory\/#primaryimage"},"image":{"@id":"https:\/\/www.yoga-federation.eu\/cz\/skalarni-jogove-tabory\/#primaryimage"},"thumbnailUrl":"https:\/\/www.yoga-federation.eu\/wp-content\/uploads\/2023\/12\/MOKSHA-YOGA-RETREATS-2025-scaled.jpg","datePublished":"2023-12-31T15:16:51+00:00","dateModified":"2025-06-04T11:13:23+00:00","author":{"@id":"https:\/\/www.yoga-federation.eu\/#\/schema\/person\/c70b5a8f7323477f70814bd277cc9105"},"description":"Skal\u00e1rn\u00ed j\u00f3gov\u00e9 retreaty - spojen\u00ed intenzivn\u00edho programu a hlubok\u00e9 transformace","breadcrumb":{"@id":"https:\/\/www.yoga-federation.eu\/cz\/skalarni-jogove-tabory\/#breadcrumb"},"inLanguage":"cz-CZ","potentialAction":[{"@type":"ReadAction","target":["https:\/\/www.yoga-federation.eu\/cz\/skalarni-jogove-tabory\/"]}]},{"@type":"ImageObject","inLanguage":"cz-CZ","@id":"https:\/\/www.yoga-federation.eu\/cz\/skalarni-jogove-tabory\/#primaryimage","url":"https:\/\/www.yoga-federation.eu\/wp-content\/uploads\/2023\/12\/MOKSHA-YOGA-RETREATS-2025-scaled.jpg","contentUrl":"https:\/\/www.yoga-federation.eu\/wp-content\/uploads\/2023\/12\/MOKSHA-YOGA-RETREATS-2025-scaled.jpg","width":2560,"height":1810,"caption":"moksha_yoga_retraet"},{"@type":"BreadcrumbList","@id":"https:\/\/www.yoga-federation.eu\/cz\/skalarni-jogove-tabory\/#breadcrumb","itemListElement":[{"@type":"ListItem","position":1,"name":"Home","item":"https:\/\/www.yoga-federation.eu\/cz\/"},{"@type":"ListItem","position":2,"name":"Skal\u00e1rn\u00ed j\u00f3gov\u00e9 t\u00e1bory v roce 2025"}]},{"@type":"WebSite","@id":"https:\/\/www.yoga-federation.eu\/#website","url":"https:\/\/www.yoga-federation.eu\/","name":"Yoga Federation of Europe","description":"Yoga in Europe","potentialAction":[{"@type":"SearchAction","target":{"@type":"EntryPoint","urlTemplate":"https:\/\/www.yoga-federation.eu\/?s={search_term_string}"},"query-input":{"@type":"PropertyValueSpecification","valueRequired":true,"valueName":"search_term_string"}}],"inLanguage":"cz-CZ"},{"@type":"Person","@id":"https:\/\/www.yoga-federation.eu\/#\/schema\/person\/c70b5a8f7323477f70814bd277cc9105","name":"YFE","image":{"@type":"ImageObject","inLanguage":"cz-CZ","@id":"https:\/\/secure.gravatar.com\/avatar\/64f6beecfc59c339d337f0a16c80bfc143a5e623923f6f42beb67b25788f3e50?s=96&d=mm&r=g","url":"https:\/\/secure.gravatar.com\/avatar\/64f6beecfc59c339d337f0a16c80bfc143a5e623923f6f42beb67b25788f3e50?s=96&d=mm&r=g","contentUrl":"https:\/\/secure.gravatar.com\/avatar\/64f6beecfc59c339d337f0a16c80bfc143a5e623923f6f42beb67b25788f3e50?s=96&d=mm&r=g","caption":"YFE"},"url":"https:\/\/www.yoga-federation.eu\/cz\/author\/ana\/"}]}},"_links":{"self":[{"href":"https:\/\/www.yoga-federation.eu\/cz\/wp-json\/wp\/v2\/posts\/6714","targetHints":{"allow":["GET"]}}],"collection":[{"href":"https:\/\/www.yoga-federation.eu\/cz\/wp-json\/wp\/v2\/posts"}],"about":[{"href":"https:\/\/www.yoga-federation.eu\/cz\/wp-json\/wp\/v2\/types\/post"}],"author":[{"embeddable":true,"href":"https:\/\/www.yoga-federation.eu\/cz\/wp-json\/wp\/v2\/users\/6"}],"replies":[{"embeddable":true,"href":"https:\/\/www.yoga-federation.eu\/cz\/wp-json\/wp\/v2\/comments?post=6714"}],"version-history":[{"count":9,"href":"https:\/\/www.yoga-federation.eu\/cz\/wp-json\/wp\/v2\/posts\/6714\/revisions"}],"predecessor-version":[{"id":7320,"href":"https:\/\/www.yoga-federation.eu\/cz\/wp-json\/wp\/v2\/posts\/6714\/revisions\/7320"}],"wp:featuredmedia":[{"embeddable":true,"href":"https:\/\/www.yoga-federation.eu\/cz\/wp-json\/wp\/v2\/media\/7275"}],"wp:attachment":[{"href":"https:\/\/www.yoga-federation.eu\/cz\/wp-json\/wp\/v2\/media?parent=6714"}],"wp:term":[{"taxonomy":"category","embeddable":true,"href":"https:\/\/www.yoga-federation.eu\/cz\/wp-json\/wp\/v2\/categories?post=6714"},{"taxonomy":"post_tag","embeddable":true,"href":"https:\/\/www.yoga-federation.eu\/cz\/wp-json\/wp\/v2\/tags?post=6714"}],"curies":[{"name":"wp","href":"https:\/\/api.w.org\/{rel}","templated":true}]}}