{"id":6469,"date":"2023-08-24T01:04:33","date_gmt":"2023-08-24T01:04:33","guid":{"rendered":"https:\/\/www.yoga-federation.eu\/?p=6469"},"modified":"2023-08-24T01:06:21","modified_gmt":"2023-08-24T01:06:21","slug":"lekce-jogy-zdarma-v-liberci","status":"publish","type":"post","link":"https:\/\/www.yoga-federation.eu\/cz\/lekce-jogy-zdarma-v-liberci\/","title":{"rendered":"Lekce j\u00f3gy zdarma v Liberci"},"content":{"rendered":"<div class=\"fusion-fullwidth fullwidth-box fusion-builder-row-1 fusion-flex-container nonhundred-percent-fullwidth non-hundred-percent-height-scrolling\" style=\"background-color: rgba(255,255,255,0);background-position: center center;background-repeat: no-repeat;border-width: 0px 0px 0px 0px;border-color:#eae9e9;border-style:solid;\" ><div class=\"fusion-builder-row fusion-row fusion-flex-align-items-flex-start\" style=\"max-width:1144px;margin-left: calc(-4% \/ 2 );margin-right: calc(-4% \/ 2 );\"><div class=\"fusion-layout-column fusion_builder_column fusion-builder-column-0 fusion_builder_column_1_1 1_1 fusion-flex-column\"><div class=\"fusion-column-wrapper fusion-flex-justify-content-flex-start fusion-content-layout-column\" style=\"background-position:left top;background-repeat:no-repeat;-webkit-background-size:cover;-moz-background-size:cover;-o-background-size:cover;background-size:cover;padding: 0px 0px 0px 0px;\"><div class=\"fusion-text fusion-text-1\"><p><span class=\"jCAhz ChMk0b\"><span class=\"ryNqvb\">Instruktorka Evropsk\u00e9 federace j\u00f3gy,<\/span><\/span> Nhung H.A. Nguyen, Ph.D, vede lekce j\u00f3gy zdarma v Libirci pro sv\u00e9 kolegy z \u00dastavu pro nanomateri\u00e1ly, pokro\u010dil\u00e9 technologie a inovace a pro v\u0161echny z\u00e1jemce, kte\u0159\u00ed cht\u011bj\u00ed za\u017e\u00edt v\u00fdhody cvi\u010den\u00ed j\u00f3gy.<\/p>\n<p><a href=\"https:\/\/www.linkedin.com\/posts\/cxi-tul_jaejga-scienceyoga-cxiliberec-activity-7099361147379691520-MZ4b\/?utm_source=share&amp;utm_medium=member_desktop\" target=\"_blank\" rel=\"noopener\">Linkedin <\/a><\/p>\n<\/div><div class=\"fusion-slider-sc\"><div class=\"fusion-flexslider-loading flexslider flexslider-hover-type-none\" data-slideshow_autoplay=\"1\" data-slideshow_smooth_height=\"0\" data-slideshow_speed=\"7000\" style=\"max-width:100%;height:100%;\"><ul class=\"slides\"><li class=\"image\"><span class=\"fusion-image-hover-element hover-type-none\"><img loading=\"lazy\" decoding=\"async\" src=\"data:image\/svg+xml,%3Csvg%20xmlns%3D%27http%3A%2F%2Fwww.w3.org%2F2000%2Fsvg%27%20width%3D%27720%27%20height%3D%27540%27%20viewBox%3D%270%200%20720%20540%27%3E%3Crect%20width%3D%27720%27%20height%3D%273540%27%20fill-opacity%3D%220%22%2F%3E%3C%2Fsvg%3E\" width=\"720\" height=\"540\" class=\"wp-image-6474 lazyload\" data-orig-src=\"https:\/\/www.yoga-federation.eu\/wp-content\/uploads\/2023\/08\/Lekce-jogy-v-Liberci.jpg\" \/><\/span><\/li><li class=\"image\"><span class=\"fusion-image-hover-element hover-type-none\"><img loading=\"lazy\" decoding=\"async\" src=\"data:image\/svg+xml,%3Csvg%20xmlns%3D%27http%3A%2F%2Fwww.w3.org%2F2000%2Fsvg%27%20width%3D%27720%27%20height%3D%27540%27%20viewBox%3D%270%200%20720%20540%27%3E%3Crect%20width%3D%27720%27%20height%3D%273540%27%20fill-opacity%3D%220%22%2F%3E%3C%2Fsvg%3E\" alt=\"yoga in liberec\" width=\"720\" height=\"540\" class=\"wp-image-6470 lazyload\" data-orig-src=\"https:\/\/www.yoga-federation.eu\/wp-content\/uploads\/2023\/08\/Yoga-in-Liberec.jpg\" \/><\/span><\/li><\/ul><\/div><\/div><\/div><\/div><style type=\"text\/css\">.fusion-body .fusion-builder-column-0{width:100% !important;margin-top : 0px;margin-bottom : 20px;}.fusion-builder-column-0 > .fusion-column-wrapper {padding-top : 0px !important;padding-right : 0px !important;margin-right : 1.92%;padding-bottom : 0px !important;padding-left : 0px !important;margin-left : 1.92%;}@media only screen and (max-width:1024px) {.fusion-body .fusion-builder-column-0{width:100% !important;order : 0;}.fusion-builder-column-0 > .fusion-column-wrapper {margin-right : 1.92%;margin-left : 1.92%;}}@media only screen and (max-width:640px) {.fusion-body .fusion-builder-column-0{width:100% !important;order : 0;}.fusion-builder-column-0 > .fusion-column-wrapper {margin-right : 1.92%;margin-left : 1.92%;}}<\/style><\/div><style type=\"text\/css\">.fusion-body .fusion-flex-container.fusion-builder-row-1{ padding-top : 0px;margin-top : 0px;padding-right : 0px;padding-bottom : 0px;margin-bottom : 0px;padding-left : 0px;}<\/style><\/div>\n","protected":false},"excerpt":{"rendered":"","protected":false},"author":6,"featured_media":6478,"comment_status":"closed","ping_status":"open","sticky":false,"template":"","format":"standard","meta":{"footnotes":""},"categories":[114,87,64],"tags":[],"class_list":["post-6469","post","type-post","status-publish","format-standard","has-post-thumbnail","hentry","category-aktivity-v-roce-2023","category-cvicte-jogu-s-nami","category-projekty"],"yoast_head":"<!-- This site is optimized with the Yoast SEO plugin v27.4 - https:\/\/yoast.com\/product\/yoast-seo-wordpress\/ -->\n<title>Lekce j\u00f3gy zdarma v Liberci - Yoga Federation of Europe<\/title>\n<meta name=\"robots\" content=\"index, follow, max-snippet:-1, max-image-preview:large, max-video-preview:-1\" \/>\n<link rel=\"canonical\" href=\"https:\/\/www.yoga-federation.eu\/cz\/lekce-jogy-zdarma-v-liberci\/\" \/>\n<meta property=\"og:locale\" content=\"en_US\" \/>\n<meta property=\"og:type\" content=\"article\" \/>\n<meta property=\"og:title\" content=\"Lekce j\u00f3gy zdarma v Liberci - Yoga Federation of Europe\" \/>\n<meta property=\"og:url\" content=\"https:\/\/www.yoga-federation.eu\/cz\/lekce-jogy-zdarma-v-liberci\/\" \/>\n<meta property=\"og:site_name\" content=\"Yoga Federation of Europe\" \/>\n<meta property=\"article:published_time\" content=\"2023-08-24T01:04:33+00:00\" \/>\n<meta property=\"article:modified_time\" content=\"2023-08-24T01:06:21+00:00\" \/>\n<meta property=\"og:image\" content=\"https:\/\/www.yoga-federation.eu\/wp-content\/uploads\/2023\/08\/yoga-with-Nhung-in-liberec.jpg\" \/>\n\t<meta property=\"og:image:width\" content=\"1600\" \/>\n\t<meta property=\"og:image:height\" content=\"900\" \/>\n\t<meta property=\"og:image:type\" content=\"image\/jpeg\" \/>\n<meta name=\"author\" content=\"YFE\" \/>\n<meta name=\"twitter:card\" content=\"summary_large_image\" \/>\n<meta name=\"twitter:label1\" content=\"Written by\" \/>\n\t<meta name=\"twitter:data1\" content=\"YFE\" \/>\n\t<meta name=\"twitter:label2\" content=\"Est. reading time\" \/>\n\t<meta name=\"twitter:data2\" content=\"2 minutes\" \/>\n<script type=\"application\/ld+json\" class=\"yoast-schema-graph\">{\"@context\":\"https:\\\/\\\/schema.org\",\"@graph\":[{\"@type\":\"Article\",\"@id\":\"https:\\\/\\\/www.yoga-federation.eu\\\/cz\\\/lekce-jogy-zdarma-v-liberci\\\/#article\",\"isPartOf\":{\"@id\":\"https:\\\/\\\/www.yoga-federation.eu\\\/cz\\\/lekce-jogy-zdarma-v-liberci\\\/\"},\"author\":{\"name\":\"YFE\",\"@id\":\"https:\\\/\\\/www.yoga-federation.eu\\\/#\\\/schema\\\/person\\\/c70b5a8f7323477f70814bd277cc9105\"},\"headline\":\"Lekce j\u00f3gy zdarma v Liberci\",\"datePublished\":\"2023-08-24T01:04:33+00:00\",\"dateModified\":\"2023-08-24T01:06:21+00:00\",\"mainEntityOfPage\":{\"@id\":\"https:\\\/\\\/www.yoga-federation.eu\\\/cz\\\/lekce-jogy-zdarma-v-liberci\\\/\"},\"wordCount\":723,\"image\":{\"@id\":\"https:\\\/\\\/www.yoga-federation.eu\\\/cz\\\/lekce-jogy-zdarma-v-liberci\\\/#primaryimage\"},\"thumbnailUrl\":\"https:\\\/\\\/www.yoga-federation.eu\\\/wp-content\\\/uploads\\\/2023\\\/08\\\/yoga-with-Nhung-in-liberec.jpg\",\"articleSection\":[\"Aktivity v roce 2023\",\"Cvi\u010dte j\u00f3gu s n\u00e1mi\",\"Projekty\"],\"inLanguage\":\"cz-CZ\"},{\"@type\":\"WebPage\",\"@id\":\"https:\\\/\\\/www.yoga-federation.eu\\\/cz\\\/lekce-jogy-zdarma-v-liberci\\\/\",\"url\":\"https:\\\/\\\/www.yoga-federation.eu\\\/cz\\\/lekce-jogy-zdarma-v-liberci\\\/\",\"name\":\"Lekce j\u00f3gy zdarma v Liberci - Yoga Federation of Europe\",\"isPartOf\":{\"@id\":\"https:\\\/\\\/www.yoga-federation.eu\\\/#website\"},\"primaryImageOfPage\":{\"@id\":\"https:\\\/\\\/www.yoga-federation.eu\\\/cz\\\/lekce-jogy-zdarma-v-liberci\\\/#primaryimage\"},\"image\":{\"@id\":\"https:\\\/\\\/www.yoga-federation.eu\\\/cz\\\/lekce-jogy-zdarma-v-liberci\\\/#primaryimage\"},\"thumbnailUrl\":\"https:\\\/\\\/www.yoga-federation.eu\\\/wp-content\\\/uploads\\\/2023\\\/08\\\/yoga-with-Nhung-in-liberec.jpg\",\"datePublished\":\"2023-08-24T01:04:33+00:00\",\"dateModified\":\"2023-08-24T01:06:21+00:00\",\"author\":{\"@id\":\"https:\\\/\\\/www.yoga-federation.eu\\\/#\\\/schema\\\/person\\\/c70b5a8f7323477f70814bd277cc9105\"},\"breadcrumb\":{\"@id\":\"https:\\\/\\\/www.yoga-federation.eu\\\/cz\\\/lekce-jogy-zdarma-v-liberci\\\/#breadcrumb\"},\"inLanguage\":\"cz-CZ\",\"potentialAction\":[{\"@type\":\"ReadAction\",\"target\":[\"https:\\\/\\\/www.yoga-federation.eu\\\/cz\\\/lekce-jogy-zdarma-v-liberci\\\/\"]}]},{\"@type\":\"ImageObject\",\"inLanguage\":\"cz-CZ\",\"@id\":\"https:\\\/\\\/www.yoga-federation.eu\\\/cz\\\/lekce-jogy-zdarma-v-liberci\\\/#primaryimage\",\"url\":\"https:\\\/\\\/www.yoga-federation.eu\\\/wp-content\\\/uploads\\\/2023\\\/08\\\/yoga-with-Nhung-in-liberec.jpg\",\"contentUrl\":\"https:\\\/\\\/www.yoga-federation.eu\\\/wp-content\\\/uploads\\\/2023\\\/08\\\/yoga-with-Nhung-in-liberec.jpg\",\"width\":1600,\"height\":900},{\"@type\":\"BreadcrumbList\",\"@id\":\"https:\\\/\\\/www.yoga-federation.eu\\\/cz\\\/lekce-jogy-zdarma-v-liberci\\\/#breadcrumb\",\"itemListElement\":[{\"@type\":\"ListItem\",\"position\":1,\"name\":\"Home\",\"item\":\"https:\\\/\\\/www.yoga-federation.eu\\\/cz\\\/\"},{\"@type\":\"ListItem\",\"position\":2,\"name\":\"Lekce j\u00f3gy zdarma v Liberci\"}]},{\"@type\":\"WebSite\",\"@id\":\"https:\\\/\\\/www.yoga-federation.eu\\\/#website\",\"url\":\"https:\\\/\\\/www.yoga-federation.eu\\\/\",\"name\":\"Yoga Federation of Europe\",\"description\":\"Yoga in Europe\",\"potentialAction\":[{\"@type\":\"SearchAction\",\"target\":{\"@type\":\"EntryPoint\",\"urlTemplate\":\"https:\\\/\\\/www.yoga-federation.eu\\\/?s={search_term_string}\"},\"query-input\":{\"@type\":\"PropertyValueSpecification\",\"valueRequired\":true,\"valueName\":\"search_term_string\"}}],\"inLanguage\":\"cz-CZ\"},{\"@type\":\"Person\",\"@id\":\"https:\\\/\\\/www.yoga-federation.eu\\\/#\\\/schema\\\/person\\\/c70b5a8f7323477f70814bd277cc9105\",\"name\":\"YFE\",\"image\":{\"@type\":\"ImageObject\",\"inLanguage\":\"cz-CZ\",\"@id\":\"https:\\\/\\\/secure.gravatar.com\\\/avatar\\\/64f6beecfc59c339d337f0a16c80bfc143a5e623923f6f42beb67b25788f3e50?s=96&d=mm&r=g\",\"url\":\"https:\\\/\\\/secure.gravatar.com\\\/avatar\\\/64f6beecfc59c339d337f0a16c80bfc143a5e623923f6f42beb67b25788f3e50?s=96&d=mm&r=g\",\"contentUrl\":\"https:\\\/\\\/secure.gravatar.com\\\/avatar\\\/64f6beecfc59c339d337f0a16c80bfc143a5e623923f6f42beb67b25788f3e50?s=96&d=mm&r=g\",\"caption\":\"YFE\"},\"url\":\"https:\\\/\\\/www.yoga-federation.eu\\\/cz\\\/author\\\/ana\\\/\"}]}<\/script>\n<!-- \/ Yoast SEO plugin. -->","yoast_head_json":{"title":"Lekce j\u00f3gy zdarma v Liberci - Yoga Federation of Europe","robots":{"index":"index","follow":"follow","max-snippet":"max-snippet:-1","max-image-preview":"max-image-preview:large","max-video-preview":"max-video-preview:-1"},"canonical":"https:\/\/www.yoga-federation.eu\/cz\/lekce-jogy-zdarma-v-liberci\/","og_locale":"en_US","og_type":"article","og_title":"Lekce j\u00f3gy zdarma v Liberci - Yoga Federation of Europe","og_url":"https:\/\/www.yoga-federation.eu\/cz\/lekce-jogy-zdarma-v-liberci\/","og_site_name":"Yoga Federation of Europe","article_published_time":"2023-08-24T01:04:33+00:00","article_modified_time":"2023-08-24T01:06:21+00:00","og_image":[{"width":1600,"height":900,"url":"https:\/\/www.yoga-federation.eu\/wp-content\/uploads\/2023\/08\/yoga-with-Nhung-in-liberec.jpg","type":"image\/jpeg"}],"author":"YFE","twitter_card":"summary_large_image","twitter_misc":{"Written by":"YFE","Est. reading time":"2 minutes"},"schema":{"@context":"https:\/\/schema.org","@graph":[{"@type":"Article","@id":"https:\/\/www.yoga-federation.eu\/cz\/lekce-jogy-zdarma-v-liberci\/#article","isPartOf":{"@id":"https:\/\/www.yoga-federation.eu\/cz\/lekce-jogy-zdarma-v-liberci\/"},"author":{"name":"YFE","@id":"https:\/\/www.yoga-federation.eu\/#\/schema\/person\/c70b5a8f7323477f70814bd277cc9105"},"headline":"Lekce j\u00f3gy zdarma v Liberci","datePublished":"2023-08-24T01:04:33+00:00","dateModified":"2023-08-24T01:06:21+00:00","mainEntityOfPage":{"@id":"https:\/\/www.yoga-federation.eu\/cz\/lekce-jogy-zdarma-v-liberci\/"},"wordCount":723,"image":{"@id":"https:\/\/www.yoga-federation.eu\/cz\/lekce-jogy-zdarma-v-liberci\/#primaryimage"},"thumbnailUrl":"https:\/\/www.yoga-federation.eu\/wp-content\/uploads\/2023\/08\/yoga-with-Nhung-in-liberec.jpg","articleSection":["Aktivity v roce 2023","Cvi\u010dte j\u00f3gu s n\u00e1mi","Projekty"],"inLanguage":"cz-CZ"},{"@type":"WebPage","@id":"https:\/\/www.yoga-federation.eu\/cz\/lekce-jogy-zdarma-v-liberci\/","url":"https:\/\/www.yoga-federation.eu\/cz\/lekce-jogy-zdarma-v-liberci\/","name":"Lekce j\u00f3gy zdarma v Liberci - Yoga Federation of Europe","isPartOf":{"@id":"https:\/\/www.yoga-federation.eu\/#website"},"primaryImageOfPage":{"@id":"https:\/\/www.yoga-federation.eu\/cz\/lekce-jogy-zdarma-v-liberci\/#primaryimage"},"image":{"@id":"https:\/\/www.yoga-federation.eu\/cz\/lekce-jogy-zdarma-v-liberci\/#primaryimage"},"thumbnailUrl":"https:\/\/www.yoga-federation.eu\/wp-content\/uploads\/2023\/08\/yoga-with-Nhung-in-liberec.jpg","datePublished":"2023-08-24T01:04:33+00:00","dateModified":"2023-08-24T01:06:21+00:00","author":{"@id":"https:\/\/www.yoga-federation.eu\/#\/schema\/person\/c70b5a8f7323477f70814bd277cc9105"},"breadcrumb":{"@id":"https:\/\/www.yoga-federation.eu\/cz\/lekce-jogy-zdarma-v-liberci\/#breadcrumb"},"inLanguage":"cz-CZ","potentialAction":[{"@type":"ReadAction","target":["https:\/\/www.yoga-federation.eu\/cz\/lekce-jogy-zdarma-v-liberci\/"]}]},{"@type":"ImageObject","inLanguage":"cz-CZ","@id":"https:\/\/www.yoga-federation.eu\/cz\/lekce-jogy-zdarma-v-liberci\/#primaryimage","url":"https:\/\/www.yoga-federation.eu\/wp-content\/uploads\/2023\/08\/yoga-with-Nhung-in-liberec.jpg","contentUrl":"https:\/\/www.yoga-federation.eu\/wp-content\/uploads\/2023\/08\/yoga-with-Nhung-in-liberec.jpg","width":1600,"height":900},{"@type":"BreadcrumbList","@id":"https:\/\/www.yoga-federation.eu\/cz\/lekce-jogy-zdarma-v-liberci\/#breadcrumb","itemListElement":[{"@type":"ListItem","position":1,"name":"Home","item":"https:\/\/www.yoga-federation.eu\/cz\/"},{"@type":"ListItem","position":2,"name":"Lekce j\u00f3gy zdarma v Liberci"}]},{"@type":"WebSite","@id":"https:\/\/www.yoga-federation.eu\/#website","url":"https:\/\/www.yoga-federation.eu\/","name":"Yoga Federation of Europe","description":"Yoga in Europe","potentialAction":[{"@type":"SearchAction","target":{"@type":"EntryPoint","urlTemplate":"https:\/\/www.yoga-federation.eu\/?s={search_term_string}"},"query-input":{"@type":"PropertyValueSpecification","valueRequired":true,"valueName":"search_term_string"}}],"inLanguage":"cz-CZ"},{"@type":"Person","@id":"https:\/\/www.yoga-federation.eu\/#\/schema\/person\/c70b5a8f7323477f70814bd277cc9105","name":"YFE","image":{"@type":"ImageObject","inLanguage":"cz-CZ","@id":"https:\/\/secure.gravatar.com\/avatar\/64f6beecfc59c339d337f0a16c80bfc143a5e623923f6f42beb67b25788f3e50?s=96&d=mm&r=g","url":"https:\/\/secure.gravatar.com\/avatar\/64f6beecfc59c339d337f0a16c80bfc143a5e623923f6f42beb67b25788f3e50?s=96&d=mm&r=g","contentUrl":"https:\/\/secure.gravatar.com\/avatar\/64f6beecfc59c339d337f0a16c80bfc143a5e623923f6f42beb67b25788f3e50?s=96&d=mm&r=g","caption":"YFE"},"url":"https:\/\/www.yoga-federation.eu\/cz\/author\/ana\/"}]}},"_links":{"self":[{"href":"https:\/\/www.yoga-federation.eu\/cz\/wp-json\/wp\/v2\/posts\/6469","targetHints":{"allow":["GET"]}}],"collection":[{"href":"https:\/\/www.yoga-federation.eu\/cz\/wp-json\/wp\/v2\/posts"}],"about":[{"href":"https:\/\/www.yoga-federation.eu\/cz\/wp-json\/wp\/v2\/types\/post"}],"author":[{"embeddable":true,"href":"https:\/\/www.yoga-federation.eu\/cz\/wp-json\/wp\/v2\/users\/6"}],"replies":[{"embeddable":true,"href":"https:\/\/www.yoga-federation.eu\/cz\/wp-json\/wp\/v2\/comments?post=6469"}],"version-history":[{"count":0,"href":"https:\/\/www.yoga-federation.eu\/cz\/wp-json\/wp\/v2\/posts\/6469\/revisions"}],"wp:featuredmedia":[{"embeddable":true,"href":"https:\/\/www.yoga-federation.eu\/cz\/wp-json\/wp\/v2\/media\/6478"}],"wp:attachment":[{"href":"https:\/\/www.yoga-federation.eu\/cz\/wp-json\/wp\/v2\/media?parent=6469"}],"wp:term":[{"taxonomy":"category","embeddable":true,"href":"https:\/\/www.yoga-federation.eu\/cz\/wp-json\/wp\/v2\/categories?post=6469"},{"taxonomy":"post_tag","embeddable":true,"href":"https:\/\/www.yoga-federation.eu\/cz\/wp-json\/wp\/v2\/tags?post=6469"}],"curies":[{"name":"wp","href":"https:\/\/api.w.org\/{rel}","templated":true}]}}