{"id":6318,"date":"2023-01-25T11:41:39","date_gmt":"2023-01-25T11:41:39","guid":{"rendered":"https:\/\/www.yoga-federation.eu\/kirtan-yoga-camp\/"},"modified":"2024-01-15T12:28:27","modified_gmt":"2024-01-15T12:28:27","slug":"kirtan-joga-tabor","status":"publish","type":"post","link":"https:\/\/www.yoga-federation.eu\/cz\/kirtan-joga-tabor\/","title":{"rendered":"K\u00edrtan j\u00f3ga"},"content":{"rendered":"<div class=\"fusion-fullwidth fullwidth-box fusion-builder-row-1 fusion-flex-container nonhundred-percent-fullwidth non-hundred-percent-height-scrolling\" style=\"background-color: rgba(255,255,255,0);background-position: center center;background-repeat: no-repeat;border-width: 0px 0px 0px 0px;border-color:#eae9e9;border-style:solid;\" ><div class=\"fusion-builder-row fusion-row fusion-flex-align-items-flex-start\" style=\"max-width:1144px;margin-left: calc(-4% \/ 2 );margin-right: calc(-4% \/ 2 );\"><div class=\"fusion-layout-column fusion_builder_column fusion-builder-column-0 fusion_builder_column_1_1 1_1 fusion-flex-column\"><div class=\"fusion-column-wrapper fusion-flex-justify-content-flex-start fusion-content-layout-column\" style=\"background-position:left top;background-repeat:no-repeat;-webkit-background-size:cover;-moz-background-size:cover;-o-background-size:cover;background-size:cover;padding: 0px 0px 0px 0px;\"><div class=\"fusion-text fusion-text-1\"><h1 style=\"text-align: center;\">K\u00edrtan j\u00f3ga t\u00e1bor<\/h1>\n<p style=\"font-weight: 400;\">Milovn\u00edci j\u00f3gy a k\u00edrtanu (p\u00edsn\u011b, hudba, rytmus) spole\u010dn\u011b u\u017eij\u00ed transforma\u010dn\u00ed obsah, takto vytv\u00e1\u0159ej\u00edc\u00ed p\u0159edpoklady pro vlastn\u00ed rozvoj.<\/p>\n<h3 style=\"font-weight: 400;\"><span style=\"color: #000080;\"><strong>J\u00f3ga a k\u00edrtany<\/strong><\/span><\/h3>\n<p style=\"font-weight: 400;\">K\u00edrtany jsou sou\u010d\u00e1st\u00ed tradic indick\u00fdch n\u00e1rod\u016f (v\u00e9dy, sikhismus, bhakti). Pro svou \u00fa\u010dinnost jsou nyn\u00ed roz\u0161\u00ed\u0159en\u00e9 a spojovan\u00e9 s mnoha styly j\u00f3gy.<\/p>\n<p>Modern\u00ed p\u0159\u00edstupy k j\u00f3ze zd\u016fraz\u0148uj\u00ed vibra\u010dn\u00ed transforma\u010dn\u00ed \u00fa\u010dinek prov\u00e1d\u011bn\u00ed k\u00edrtany.<\/p>\n<p>Pro \u00fa\u010dastn\u00edky jsou p\u0159ipraveny vzd\u011bl\u00e1vac\u00ed obsahy, kter\u00e9 p\u0159ibli\u017euj\u00ed dimenze a rozsah k\u00edrtanu a jejich aplikaci v j\u00f3gov\u00e9 praxi.<\/p>\n<p>Pro praktikuj\u00edc\u00ed j\u00f3gy jsou k\u00edrtany prastar\u00fdm zp\u016fsobem meditace prost\u0159ednictv\u00edm hudby a p\u00edsn\u00ed. K\u00edrtany jsou jakousi \u201evnit\u0159n\u00ed komunikac\u00ed\u201c prodchnutou hlubok\u00fdmi emocemi, kter\u00e1 n\u00e1s spojuje s nejhlub\u0161\u00edmi poselstv\u00edmi na\u0161eho tajemn\u00e9ho nitra. Hudba se pohybuje intimn\u00edmi cestami \u2013 nespoutan\u011b sm\u011brem k \u201eJ\u00e1dru\u201c \u2013 \u201eCentru byt\u00ed\u201c \u2013 \u201ePodstat\u011b\u201c.<\/p>\n<p><span class=\"il\">K\u00edrtan<\/span>\u00a0se no\u0159\u00ed do hlubin a odhaluje nejtajemn\u011bj\u0161\u00ed kr\u00e1sy na\u0161eho nitra. L\u00e1ska, radost, povznesenost&#8230; se objevuj\u00ed jako odpov\u011b\u010f.<\/p>\n<p><span class=\"il\">K\u00edrtan<\/span>, veden\u00fd zku\u0161en\u00fdm u\u010ditelem j\u00f3gy, pro\u010di\u0161\u0165uje energetick\u00e9 pole (kl\u00e9\u0161e) \u00fa\u010dastn\u00edk\u016f, posiluje energetick\u00fd stav, pom\u00e1h\u00e1 p\u0159ekon\u00e1vat ment\u00e1ln\u00ed a emocion\u00e1ln\u00ed p\u0159ek\u00e1\u017eky (kl\u00e9\u0161e) a dos\u00e1hnout &#8220;spr\u00e1vn\u00e9 identifikace&#8221; &#8211; vnit\u0159n\u00edho &#8220;j\u00e1&#8221;.<\/p>\n<h3><\/h3>\n<\/div><div class=\"fusion-slider-sc\"><div class=\"fusion-flexslider-loading flexslider flexslider-hover-type-none\" data-slideshow_autoplay=\"1\" data-slideshow_smooth_height=\"0\" data-slideshow_speed=\"4450\" style=\"max-width:100%;height:100%;\"><ul class=\"slides\"><li class=\"image\"><span class=\"fusion-image-hover-element hover-type-none\"><img loading=\"lazy\" decoding=\"async\" src=\"data:image\/svg+xml,%3Csvg%20xmlns%3D%27http%3A%2F%2Fwww.w3.org%2F2000%2Fsvg%27%20width%3D%27960%27%20height%3D%27637%27%20viewBox%3D%270%200%20960%20637%27%3E%3Crect%20width%3D%27960%27%20height%3D%273637%27%20fill-opacity%3D%220%22%2F%3E%3C%2Fsvg%3E\" alt=\"kirtan-yoga-camp-2023-yfe\" width=\"960\" height=\"637\" class=\"wp-image-6137 lazyload\" data-orig-src=\"http:\/\/www.yoga-federation.eu\/wp-content\/uploads\/2023\/01\/kirtan-yoga-camp-2023-yfe-4.jpg\" \/><\/span><\/li><li class=\"image\"><span class=\"fusion-image-hover-element hover-type-none\"><img loading=\"lazy\" decoding=\"async\" src=\"data:image\/svg+xml,%3Csvg%20xmlns%3D%27http%3A%2F%2Fwww.w3.org%2F2000%2Fsvg%27%20width%3D%271600%27%20height%3D%271060%27%20viewBox%3D%270%200%201600%201060%27%3E%3Crect%20width%3D%271600%27%20height%3D%2731060%27%20fill-opacity%3D%220%22%2F%3E%3C%2Fsvg%3E\" alt=\"kirtan-yoga-camp-2023-yfe\" width=\"1600\" height=\"1060\" class=\"wp-image-6129 lazyload\" data-orig-src=\"http:\/\/www.yoga-federation.eu\/wp-content\/uploads\/2023\/01\/kirtan-yoga-camp-2023-yfe.jpg\" \/><\/span><\/li><li class=\"image\"><span class=\"fusion-image-hover-element hover-type-none\"><img loading=\"lazy\" decoding=\"async\" src=\"data:image\/svg+xml,%3Csvg%20xmlns%3D%27http%3A%2F%2Fwww.w3.org%2F2000%2Fsvg%27%20width%3D%271600%27%20height%3D%271067%27%20viewBox%3D%270%200%201600%201067%27%3E%3Crect%20width%3D%271600%27%20height%3D%2731067%27%20fill-opacity%3D%220%22%2F%3E%3C%2Fsvg%3E\" alt=\"christmas yoga celebration\" width=\"1600\" height=\"1067\" class=\"wp-image-4069 lazyload\" data-orig-src=\"http:\/\/www.yoga-federation.eu\/wp-content\/uploads\/2018\/12\/christmas-yoga-celebration-2018-111.jpg\" \/><\/span><\/li><li class=\"image\"><span class=\"fusion-image-hover-element hover-type-none\"><img loading=\"lazy\" decoding=\"async\" src=\"data:image\/svg+xml,%3Csvg%20xmlns%3D%27http%3A%2F%2Fwww.w3.org%2F2000%2Fsvg%27%20width%3D%271600%27%20height%3D%271068%27%20viewBox%3D%270%200%201600%201068%27%3E%3Crect%20width%3D%271600%27%20height%3D%2731068%27%20fill-opacity%3D%220%22%2F%3E%3C%2Fsvg%3E\" alt=\"kirtan yoga yfe\" width=\"1600\" height=\"1068\" class=\"wp-image-3357 lazyload\" data-orig-src=\"http:\/\/www.yoga-federation.eu\/wp-content\/uploads\/2018\/05\/kirtan-yoga-yfe.jpg\" \/><\/span><\/li><\/ul><\/div><\/div><div class=\"fusion-text fusion-text-2\"><h3>Vibra\u010dn\u00ed v\u00fdznam K\u00edrtan J\u00f3ga T\u00e1bora<\/h3>\n<p style=\"font-weight: 400;\">\u00da\u010dastn\u00edci\u00a0<span class=\"il\">K\u00edrtan<\/span>\u00a0j\u00f3gov\u00e9ho t\u00e1boru poznaj\u00ed kr\u00e1tk\u00e9 hudebn\u00ed formy (melodie s textem) slo\u017een\u00e9 ze slov, kter\u00e1 maj\u00ed v j\u00f3ze p\u0159edev\u0161\u00edm vibra\u010dn\u00ed v\u00fdznam. K\u00edrtany jsou snadno zapamatovateln\u00e9, proto\u017ee texty a v\u011bty jsou kr\u00e1tk\u00e9. Jsou to pe\u010dliv\u011b slo\u017een\u00e9 vibra\u010dn\u00ed slabiky s c\u00edlem dos\u00e1hnout osvobozen\u00ed od \u201evnit\u0159n\u00edch p\u0159ek\u00e1\u017eek\u201c (kl\u00e9\u0161e), kter\u00e9 br\u00e1n\u00ed praktikuj\u00edc\u00edmu j\u00f3gy dos\u00e1hnout vnit\u0159n\u00ed svobody (moksha).<\/p>\n<h3 style=\"font-weight: 400;\"><b>\u00da\u010dinky\u00a0<span class=\"il\">K\u00edrtan<\/span>\u00a0J\u00f3ga T\u00e1bora<\/b><\/h3>\n<p style=\"font-weight: 400;\">\u00da\u010dast\u00ed v K\u00edrtany budou m\u00edt \u00fa\u010dastn\u00edci p\u0159\u00edle\u017eitost uv\u011bdomit si vnit\u0159n\u00ed pro\u017eitky: radost, bla\u017eenost, l\u00e1sku, jednotu, harmonii a soulad s okol\u00edm.<\/p>\n<p>\u00da\u010dastn\u00edci budou m\u00edt p\u0159\u00edle\u017eitost osvojit si lidsk\u00e9 hodnoty prost\u0159ednictv\u00edm obdivu: pro\u017eitek dobra, l\u00e1sky, vnit\u0159n\u00edho klidu&#8230; budou povzbuzovat a vyjad\u0159ovat \u00factu a vd\u011b\u010dnost k \u017eivotu&#8230;<\/p>\n<p>Pou\u017e\u00edv\u00e1n\u00edm hlasu p\u0159i prov\u00e1d\u011bn\u00ed\u00a0<span class=\"il\">k\u00edrtan<\/span>\u00a0j\u00f3gy se \u00fa\u010dastn\u00edci u\u010d\u00ed emocion\u00e1ln\u011b se vyjad\u0159ovat, \u010d\u00edm\u017e zvy\u0161uj\u00ed svou emocion\u00e1ln\u00ed kapacitu, svobodu a reperto\u00e1r emocion\u00e1ln\u00edch reakc\u00ed. Zp\u011bv k\u00edrtanu pom\u00e1h\u00e1 cvi\u010denci j\u00f3gy \u0159\u00eddit svou n\u00e1ladu, zklid\u0148ovat mysl \u2013 zbavovat ji r\u016fzn\u00fdch denn\u00edch dilemat a nap\u011bt\u00ed s c\u00edlem dos\u00e1hnout stavu vnit\u0159n\u00edho klidu. Starov\u011bk\u00e9 spisy poukazuj\u00ed na energetick\u00fd o\u010distn\u00fd \u00fa\u010dinek k\u00edrtany. Pro praktikuj\u00edc\u00ed j\u00f3gy jsou k\u00edrtany prost\u0159edkem sebezdokonalov\u00e1n\u00ed (pozn\u00e1v\u00e1n\u00ed vy\u0161\u0161\u00edch \u00farovn\u00ed v\u011bdom\u00ed), proto\u017ee umo\u017e\u0148uj\u00ed sezn\u00e1men\u00ed, pochopen\u00ed a vyu\u017eit\u00ed vnit\u0159n\u00edch energetick\u00fdch potenci\u00e1l\u016f.<\/p>\n<p>Pro blahod\u00e1rn\u00fd \u00fa\u010dinek se dnes K\u00edrtany v j\u00f3ze pou\u017e\u00edvaj\u00ed p\u0159edev\u0161\u00edm jako pomocn\u00e1 metoda pro rozvoj vy\u0161\u0161\u00edch stav\u016f v\u011bdom\u00ed, ale tak\u00e9 k terapeutick\u00fdm \u00fa\u010del\u016fm.<\/p>\n<p>Po dobu 3 dn\u016f si \u00fa\u010dastn\u00edci u\u017eij\u00ed transformativn\u00ed j\u00f3govou praxi, k\u00edrtanovou hudbu a spole\u010dnost milovn\u00edk\u016f j\u00f3gy z cel\u00e9ho sv\u011bta.<\/p>\n<p style=\"font-weight: 400;\">P\u0159ihl\u00e1\u0161ky k \u00fa\u010dasti na K\u00edrtan j\u00f3ga t\u00e1boru se u\u017e p\u0159ij\u00edmaj\u00ed a to do napln\u011bn\u00ed kapacity. Semin\u00e1\u0159 se m\u016f\u017ee konat i u v\u00e1s. Minim\u00e1ln\u00ed po\u010det \u00fa\u010dastn\u00edk\u016f je 10.<\/p>\n<p>Mobil: +420 608 212 949<\/p>\n<p>Viber\/ WhatsApp: +420 773 691 858<\/p>\n<p>A\u0165 je v n\u00e1s l\u00e1ska a soulad s na\u0161\u00edm okol\u00edm<\/p>\n<div><\/div>\n<div><\/div>\n<div><span style=\"color: #ffffff;\">***<\/span><\/div>\n<\/div><div class=\"fusion-video fusion-youtube\" style=\"max-width:600px;max-height:360px;align-self:center; width:100%\"><div class=\"video-shortcode\"><iframe loading=\"lazy\" title=\"YouTube video player\" src=\"https:\/\/www.youtube.com\/embed\/qYgsRHUs2i4?wmode=transparent&autoplay=0\" width=\"600\" height=\"360\" allowfullscreen allow=\"autoplay; fullscreen\"><\/iframe><\/div><\/div><\/div><\/div><style type=\"text\/css\">.fusion-body .fusion-builder-column-0{width:100% !important;margin-top : 0px;margin-bottom : 20px;}.fusion-builder-column-0 > .fusion-column-wrapper {padding-top : 0px !important;padding-right : 0px !important;margin-right : 1.92%;padding-bottom : 0px !important;padding-left : 0px !important;margin-left : 1.92%;}@media only screen and (max-width:1024px) {.fusion-body .fusion-builder-column-0{width:100% !important;order : 0;}.fusion-builder-column-0 > .fusion-column-wrapper {margin-right : 1.92%;margin-left : 1.92%;}}@media only screen and (max-width:640px) {.fusion-body .fusion-builder-column-0{width:100% !important;order : 0;}.fusion-builder-column-0 > .fusion-column-wrapper {margin-right : 1.92%;margin-left : 1.92%;}}<\/style><\/div><style type=\"text\/css\">.fusion-body .fusion-flex-container.fusion-builder-row-1{ padding-top : 0px;margin-top : 0px;padding-right : 0px;padding-bottom : 0px;margin-bottom : 0px;padding-left : 0px;}<\/style><\/div>\n","protected":false},"excerpt":{"rendered":"","protected":false},"author":6,"featured_media":6131,"comment_status":"closed","ping_status":"open","sticky":false,"template":"","format":"standard","meta":{"footnotes":""},"categories":[114,120,40,49],"tags":[],"class_list":["post-6318","post","type-post","status-publish","format-standard","has-post-thumbnail","hentry","category-aktivity-v-roce-2023","category-joga-tabor","category-uncategorized-cz","category-joga-retreat"],"yoast_head":"<!-- This site is optimized with the Yoast SEO plugin v27.4 - https:\/\/yoast.com\/product\/yoast-seo-wordpress\/ -->\n<title>K\u00edrtan j\u00f3ga - Yoga Federation of Europe<\/title>\n<meta name=\"robots\" content=\"index, follow, max-snippet:-1, max-image-preview:large, max-video-preview:-1\" \/>\n<link rel=\"canonical\" href=\"https:\/\/www.yoga-federation.eu\/cz\/kirtan-joga-tabor\/\" \/>\n<meta property=\"og:locale\" content=\"en_US\" \/>\n<meta property=\"og:type\" content=\"article\" \/>\n<meta property=\"og:title\" content=\"K\u00edrtan j\u00f3ga - Yoga Federation of Europe\" \/>\n<meta property=\"og:url\" content=\"https:\/\/www.yoga-federation.eu\/cz\/kirtan-joga-tabor\/\" \/>\n<meta property=\"og:site_name\" content=\"Yoga Federation of Europe\" \/>\n<meta property=\"article:published_time\" content=\"2023-01-25T11:41:39+00:00\" \/>\n<meta property=\"article:modified_time\" content=\"2024-01-15T12:28:27+00:00\" \/>\n<meta property=\"og:image\" content=\"http:\/\/www.yoga-federation.eu\/wp-content\/uploads\/2023\/01\/kirtan-yoga-camp-2023-yfe.jpg\" \/>\n\t<meta property=\"og:image:width\" content=\"1600\" \/>\n\t<meta property=\"og:image:height\" content=\"1060\" \/>\n\t<meta property=\"og:image:type\" content=\"image\/jpeg\" \/>\n<meta name=\"author\" content=\"YFE\" \/>\n<meta name=\"twitter:card\" content=\"summary_large_image\" \/>\n<meta name=\"twitter:label1\" content=\"Written by\" \/>\n\t<meta name=\"twitter:data1\" content=\"YFE\" \/>\n\t<meta name=\"twitter:label2\" content=\"Est. reading time\" \/>\n\t<meta name=\"twitter:data2\" content=\"4 minutes\" \/>\n<script type=\"application\/ld+json\" class=\"yoast-schema-graph\">{\"@context\":\"https:\\\/\\\/schema.org\",\"@graph\":[{\"@type\":\"Article\",\"@id\":\"https:\\\/\\\/www.yoga-federation.eu\\\/cz\\\/kirtan-joga-tabor\\\/#article\",\"isPartOf\":{\"@id\":\"https:\\\/\\\/www.yoga-federation.eu\\\/cz\\\/kirtan-joga-tabor\\\/\"},\"author\":{\"name\":\"YFE\",\"@id\":\"https:\\\/\\\/www.yoga-federation.eu\\\/#\\\/schema\\\/person\\\/c70b5a8f7323477f70814bd277cc9105\"},\"headline\":\"K\u00edrtan j\u00f3ga\",\"datePublished\":\"2023-01-25T11:41:39+00:00\",\"dateModified\":\"2024-01-15T12:28:27+00:00\",\"mainEntityOfPage\":{\"@id\":\"https:\\\/\\\/www.yoga-federation.eu\\\/cz\\\/kirtan-joga-tabor\\\/\"},\"wordCount\":1452,\"image\":{\"@id\":\"https:\\\/\\\/www.yoga-federation.eu\\\/cz\\\/kirtan-joga-tabor\\\/#primaryimage\"},\"thumbnailUrl\":\"https:\\\/\\\/www.yoga-federation.eu\\\/wp-content\\\/uploads\\\/2023\\\/01\\\/kirtan-yoga-camp-2023-yfe.jpg\",\"articleSection\":{\"0\":\"Aktivity v roce 2023\",\"1\":\"j\u00f3ga t\u00e1bor\",\"3\":\"Yoga retreat\"},\"inLanguage\":\"cz-CZ\"},{\"@type\":\"WebPage\",\"@id\":\"https:\\\/\\\/www.yoga-federation.eu\\\/cz\\\/kirtan-joga-tabor\\\/\",\"url\":\"https:\\\/\\\/www.yoga-federation.eu\\\/cz\\\/kirtan-joga-tabor\\\/\",\"name\":\"K\u00edrtan j\u00f3ga - Yoga Federation of Europe\",\"isPartOf\":{\"@id\":\"https:\\\/\\\/www.yoga-federation.eu\\\/#website\"},\"primaryImageOfPage\":{\"@id\":\"https:\\\/\\\/www.yoga-federation.eu\\\/cz\\\/kirtan-joga-tabor\\\/#primaryimage\"},\"image\":{\"@id\":\"https:\\\/\\\/www.yoga-federation.eu\\\/cz\\\/kirtan-joga-tabor\\\/#primaryimage\"},\"thumbnailUrl\":\"https:\\\/\\\/www.yoga-federation.eu\\\/wp-content\\\/uploads\\\/2023\\\/01\\\/kirtan-yoga-camp-2023-yfe.jpg\",\"datePublished\":\"2023-01-25T11:41:39+00:00\",\"dateModified\":\"2024-01-15T12:28:27+00:00\",\"author\":{\"@id\":\"https:\\\/\\\/www.yoga-federation.eu\\\/#\\\/schema\\\/person\\\/c70b5a8f7323477f70814bd277cc9105\"},\"breadcrumb\":{\"@id\":\"https:\\\/\\\/www.yoga-federation.eu\\\/cz\\\/kirtan-joga-tabor\\\/#breadcrumb\"},\"inLanguage\":\"cz-CZ\",\"potentialAction\":[{\"@type\":\"ReadAction\",\"target\":[\"https:\\\/\\\/www.yoga-federation.eu\\\/cz\\\/kirtan-joga-tabor\\\/\"]}]},{\"@type\":\"ImageObject\",\"inLanguage\":\"cz-CZ\",\"@id\":\"https:\\\/\\\/www.yoga-federation.eu\\\/cz\\\/kirtan-joga-tabor\\\/#primaryimage\",\"url\":\"https:\\\/\\\/www.yoga-federation.eu\\\/wp-content\\\/uploads\\\/2023\\\/01\\\/kirtan-yoga-camp-2023-yfe.jpg\",\"contentUrl\":\"https:\\\/\\\/www.yoga-federation.eu\\\/wp-content\\\/uploads\\\/2023\\\/01\\\/kirtan-yoga-camp-2023-yfe.jpg\",\"width\":1600,\"height\":1060,\"caption\":\"kirtan-yoga-camp-2023-yfe\"},{\"@type\":\"BreadcrumbList\",\"@id\":\"https:\\\/\\\/www.yoga-federation.eu\\\/cz\\\/kirtan-joga-tabor\\\/#breadcrumb\",\"itemListElement\":[{\"@type\":\"ListItem\",\"position\":1,\"name\":\"Home\",\"item\":\"https:\\\/\\\/www.yoga-federation.eu\\\/cz\\\/\"},{\"@type\":\"ListItem\",\"position\":2,\"name\":\"K\u00edrtan j\u00f3ga\"}]},{\"@type\":\"WebSite\",\"@id\":\"https:\\\/\\\/www.yoga-federation.eu\\\/#website\",\"url\":\"https:\\\/\\\/www.yoga-federation.eu\\\/\",\"name\":\"Yoga Federation of Europe\",\"description\":\"Yoga in Europe\",\"potentialAction\":[{\"@type\":\"SearchAction\",\"target\":{\"@type\":\"EntryPoint\",\"urlTemplate\":\"https:\\\/\\\/www.yoga-federation.eu\\\/?s={search_term_string}\"},\"query-input\":{\"@type\":\"PropertyValueSpecification\",\"valueRequired\":true,\"valueName\":\"search_term_string\"}}],\"inLanguage\":\"cz-CZ\"},{\"@type\":\"Person\",\"@id\":\"https:\\\/\\\/www.yoga-federation.eu\\\/#\\\/schema\\\/person\\\/c70b5a8f7323477f70814bd277cc9105\",\"name\":\"YFE\",\"image\":{\"@type\":\"ImageObject\",\"inLanguage\":\"cz-CZ\",\"@id\":\"https:\\\/\\\/secure.gravatar.com\\\/avatar\\\/64f6beecfc59c339d337f0a16c80bfc143a5e623923f6f42beb67b25788f3e50?s=96&d=mm&r=g\",\"url\":\"https:\\\/\\\/secure.gravatar.com\\\/avatar\\\/64f6beecfc59c339d337f0a16c80bfc143a5e623923f6f42beb67b25788f3e50?s=96&d=mm&r=g\",\"contentUrl\":\"https:\\\/\\\/secure.gravatar.com\\\/avatar\\\/64f6beecfc59c339d337f0a16c80bfc143a5e623923f6f42beb67b25788f3e50?s=96&d=mm&r=g\",\"caption\":\"YFE\"},\"url\":\"https:\\\/\\\/www.yoga-federation.eu\\\/cz\\\/author\\\/ana\\\/\"}]}<\/script>\n<!-- \/ Yoast SEO plugin. -->","yoast_head_json":{"title":"K\u00edrtan j\u00f3ga - Yoga Federation of Europe","robots":{"index":"index","follow":"follow","max-snippet":"max-snippet:-1","max-image-preview":"max-image-preview:large","max-video-preview":"max-video-preview:-1"},"canonical":"https:\/\/www.yoga-federation.eu\/cz\/kirtan-joga-tabor\/","og_locale":"en_US","og_type":"article","og_title":"K\u00edrtan j\u00f3ga - Yoga Federation of Europe","og_url":"https:\/\/www.yoga-federation.eu\/cz\/kirtan-joga-tabor\/","og_site_name":"Yoga Federation of Europe","article_published_time":"2023-01-25T11:41:39+00:00","article_modified_time":"2024-01-15T12:28:27+00:00","og_image":[{"width":1600,"height":1060,"url":"http:\/\/www.yoga-federation.eu\/wp-content\/uploads\/2023\/01\/kirtan-yoga-camp-2023-yfe.jpg","type":"image\/jpeg"}],"author":"YFE","twitter_card":"summary_large_image","twitter_misc":{"Written by":"YFE","Est. reading time":"4 minutes"},"schema":{"@context":"https:\/\/schema.org","@graph":[{"@type":"Article","@id":"https:\/\/www.yoga-federation.eu\/cz\/kirtan-joga-tabor\/#article","isPartOf":{"@id":"https:\/\/www.yoga-federation.eu\/cz\/kirtan-joga-tabor\/"},"author":{"name":"YFE","@id":"https:\/\/www.yoga-federation.eu\/#\/schema\/person\/c70b5a8f7323477f70814bd277cc9105"},"headline":"K\u00edrtan j\u00f3ga","datePublished":"2023-01-25T11:41:39+00:00","dateModified":"2024-01-15T12:28:27+00:00","mainEntityOfPage":{"@id":"https:\/\/www.yoga-federation.eu\/cz\/kirtan-joga-tabor\/"},"wordCount":1452,"image":{"@id":"https:\/\/www.yoga-federation.eu\/cz\/kirtan-joga-tabor\/#primaryimage"},"thumbnailUrl":"https:\/\/www.yoga-federation.eu\/wp-content\/uploads\/2023\/01\/kirtan-yoga-camp-2023-yfe.jpg","articleSection":{"0":"Aktivity v roce 2023","1":"j\u00f3ga t\u00e1bor","3":"Yoga retreat"},"inLanguage":"cz-CZ"},{"@type":"WebPage","@id":"https:\/\/www.yoga-federation.eu\/cz\/kirtan-joga-tabor\/","url":"https:\/\/www.yoga-federation.eu\/cz\/kirtan-joga-tabor\/","name":"K\u00edrtan j\u00f3ga - Yoga Federation of Europe","isPartOf":{"@id":"https:\/\/www.yoga-federation.eu\/#website"},"primaryImageOfPage":{"@id":"https:\/\/www.yoga-federation.eu\/cz\/kirtan-joga-tabor\/#primaryimage"},"image":{"@id":"https:\/\/www.yoga-federation.eu\/cz\/kirtan-joga-tabor\/#primaryimage"},"thumbnailUrl":"https:\/\/www.yoga-federation.eu\/wp-content\/uploads\/2023\/01\/kirtan-yoga-camp-2023-yfe.jpg","datePublished":"2023-01-25T11:41:39+00:00","dateModified":"2024-01-15T12:28:27+00:00","author":{"@id":"https:\/\/www.yoga-federation.eu\/#\/schema\/person\/c70b5a8f7323477f70814bd277cc9105"},"breadcrumb":{"@id":"https:\/\/www.yoga-federation.eu\/cz\/kirtan-joga-tabor\/#breadcrumb"},"inLanguage":"cz-CZ","potentialAction":[{"@type":"ReadAction","target":["https:\/\/www.yoga-federation.eu\/cz\/kirtan-joga-tabor\/"]}]},{"@type":"ImageObject","inLanguage":"cz-CZ","@id":"https:\/\/www.yoga-federation.eu\/cz\/kirtan-joga-tabor\/#primaryimage","url":"https:\/\/www.yoga-federation.eu\/wp-content\/uploads\/2023\/01\/kirtan-yoga-camp-2023-yfe.jpg","contentUrl":"https:\/\/www.yoga-federation.eu\/wp-content\/uploads\/2023\/01\/kirtan-yoga-camp-2023-yfe.jpg","width":1600,"height":1060,"caption":"kirtan-yoga-camp-2023-yfe"},{"@type":"BreadcrumbList","@id":"https:\/\/www.yoga-federation.eu\/cz\/kirtan-joga-tabor\/#breadcrumb","itemListElement":[{"@type":"ListItem","position":1,"name":"Home","item":"https:\/\/www.yoga-federation.eu\/cz\/"},{"@type":"ListItem","position":2,"name":"K\u00edrtan j\u00f3ga"}]},{"@type":"WebSite","@id":"https:\/\/www.yoga-federation.eu\/#website","url":"https:\/\/www.yoga-federation.eu\/","name":"Yoga Federation of Europe","description":"Yoga in Europe","potentialAction":[{"@type":"SearchAction","target":{"@type":"EntryPoint","urlTemplate":"https:\/\/www.yoga-federation.eu\/?s={search_term_string}"},"query-input":{"@type":"PropertyValueSpecification","valueRequired":true,"valueName":"search_term_string"}}],"inLanguage":"cz-CZ"},{"@type":"Person","@id":"https:\/\/www.yoga-federation.eu\/#\/schema\/person\/c70b5a8f7323477f70814bd277cc9105","name":"YFE","image":{"@type":"ImageObject","inLanguage":"cz-CZ","@id":"https:\/\/secure.gravatar.com\/avatar\/64f6beecfc59c339d337f0a16c80bfc143a5e623923f6f42beb67b25788f3e50?s=96&d=mm&r=g","url":"https:\/\/secure.gravatar.com\/avatar\/64f6beecfc59c339d337f0a16c80bfc143a5e623923f6f42beb67b25788f3e50?s=96&d=mm&r=g","contentUrl":"https:\/\/secure.gravatar.com\/avatar\/64f6beecfc59c339d337f0a16c80bfc143a5e623923f6f42beb67b25788f3e50?s=96&d=mm&r=g","caption":"YFE"},"url":"https:\/\/www.yoga-federation.eu\/cz\/author\/ana\/"}]}},"_links":{"self":[{"href":"https:\/\/www.yoga-federation.eu\/cz\/wp-json\/wp\/v2\/posts\/6318","targetHints":{"allow":["GET"]}}],"collection":[{"href":"https:\/\/www.yoga-federation.eu\/cz\/wp-json\/wp\/v2\/posts"}],"about":[{"href":"https:\/\/www.yoga-federation.eu\/cz\/wp-json\/wp\/v2\/types\/post"}],"author":[{"embeddable":true,"href":"https:\/\/www.yoga-federation.eu\/cz\/wp-json\/wp\/v2\/users\/6"}],"replies":[{"embeddable":true,"href":"https:\/\/www.yoga-federation.eu\/cz\/wp-json\/wp\/v2\/comments?post=6318"}],"version-history":[{"count":0,"href":"https:\/\/www.yoga-federation.eu\/cz\/wp-json\/wp\/v2\/posts\/6318\/revisions"}],"wp:featuredmedia":[{"embeddable":true,"href":"https:\/\/www.yoga-federation.eu\/cz\/wp-json\/wp\/v2\/media\/6131"}],"wp:attachment":[{"href":"https:\/\/www.yoga-federation.eu\/cz\/wp-json\/wp\/v2\/media?parent=6318"}],"wp:term":[{"taxonomy":"category","embeddable":true,"href":"https:\/\/www.yoga-federation.eu\/cz\/wp-json\/wp\/v2\/categories?post=6318"},{"taxonomy":"post_tag","embeddable":true,"href":"https:\/\/www.yoga-federation.eu\/cz\/wp-json\/wp\/v2\/tags?post=6318"}],"curies":[{"name":"wp","href":"https:\/\/api.w.org\/{rel}","templated":true}]}}