{"id":6016,"date":"2023-01-13T22:08:23","date_gmt":"2023-01-13T22:08:23","guid":{"rendered":"https:\/\/www.yoga-federation.eu\/?p=6016"},"modified":"2023-01-22T16:49:49","modified_gmt":"2023-01-22T16:49:49","slug":"leciva-joga","status":"publish","type":"post","link":"https:\/\/www.yoga-federation.eu\/cz\/leciva-joga\/","title":{"rendered":"L\u00e9\u010div\u00e1 j\u00f3ga"},"content":{"rendered":"<div class=\"fusion-fullwidth fullwidth-box fusion-builder-row-1 fusion-flex-container nonhundred-percent-fullwidth non-hundred-percent-height-scrolling\" style=\"background-color: rgba(255,255,255,0);background-position: center center;background-repeat: no-repeat;border-width: 0px 0px 0px 0px;border-color:#eae9e9;border-style:solid;\" ><div class=\"fusion-builder-row fusion-row fusion-flex-align-items-flex-start\" style=\"max-width:1144px;margin-left: calc(-4% \/ 2 );margin-right: calc(-4% \/ 2 );\"><div class=\"fusion-layout-column fusion_builder_column fusion-builder-column-0 fusion_builder_column_1_1 1_1 fusion-flex-column\"><div class=\"fusion-column-wrapper fusion-flex-justify-content-flex-start fusion-content-layout-column\" style=\"background-position:left top;background-repeat:no-repeat;-webkit-background-size:cover;-moz-background-size:cover;-o-background-size:cover;background-size:cover;padding: 0px 0px 0px 0px;\"><div class=\"fusion-text fusion-text-1\"><p>L\u00e9\u010div\u00e1 j\u00f3ga je styl, kter\u00fd lze nazvat tak\u00e9 \u201epreventivn\u00ed j\u00f3ga\u201c, kter\u00e1 p\u0159isp\u00edv\u00e1 k zachov\u00e1n\u00ed celkov\u00e9ho zdrav\u00ed.<br \/>\nPraktikuj\u00edc\u00ed l\u00e9\u010div\u00e9 j\u00f3gy v\u011bd\u00ed, jak je d\u016fle\u017eit\u00e9 p\u0159evz\u00edt odpov\u011bdnost za sv\u00e9 zdrav\u00ed a vitalitu. Holistick\u00fd p\u0159\u00edstup n\u00e1m pom\u00e1h\u00e1 nastolit a udr\u017eet psycho-fyzickou rovnov\u00e1hu. Praktikuj\u00edc\u00ed l\u00e9\u010div\u00e9 j\u00f3gy se sezn\u00e1m\u00ed s potenci\u00e1lem vlastn\u00edch l\u00e9\u010div\u00fdch sil p\u0159i respektov\u00e1n\u00ed konven\u010dn\u00edch l\u00e9\u010debn\u00fdch postup\u016f, pokud je praktikuj\u00edc\u00ed prov\u00e1d\u00ed.<\/p>\n<p>Praktikuj\u00edc\u00ed l\u00e9\u010div\u00e9 j\u00f3gy se sezn\u00e1m\u00ed s fyzick\u00fdmi, energetick\u00fdmi, emocion\u00e1ln\u00edmi, kognitivn\u00edmi a kreativn\u00edmi potenci\u00e1ly a zp\u016fsoby jak tyto potenci\u00e1ly \u0159\u00eddit. Posiluj\u00ed sv\u00e9 imunitn\u00ed schopnosti a posiluj\u00ed motorick\u00e9 dovednosti: flexibilitu, pohyblivost, rovnov\u00e1hu, s\u00edlu.<\/p>\n<p><a href=\"https:\/\/www.yoga-federation.eu\/wp-content\/uploads\/2023\/01\/Leciva-joga.jpg\"><img loading=\"lazy\" decoding=\"async\" class=\"lazyload aligncenter wp-image-6017 size-fusion-600\" src=\"https:\/\/www.yoga-federation.eu\/wp-content\/uploads\/2023\/01\/Leciva-joga-600x432.jpg\" data-orig-src=\"https:\/\/www.yoga-federation.eu\/wp-content\/uploads\/2023\/01\/Leciva-joga-600x432.jpg\" alt=\"\" width=\"600\" height=\"432\" srcset=\"data:image\/svg+xml,%3Csvg%20xmlns%3D%27http%3A%2F%2Fwww.w3.org%2F2000%2Fsvg%27%20width%3D%27600%27%20height%3D%27432%27%20viewBox%3D%270%200%20600%20432%27%3E%3Crect%20width%3D%27600%27%20height%3D%273432%27%20fill-opacity%3D%220%22%2F%3E%3C%2Fsvg%3E\" data-srcset=\"https:\/\/www.yoga-federation.eu\/wp-content\/uploads\/2023\/01\/Leciva-joga-200x144.jpg 200w, https:\/\/www.yoga-federation.eu\/wp-content\/uploads\/2023\/01\/Leciva-joga-300x216.jpg 300w, https:\/\/www.yoga-federation.eu\/wp-content\/uploads\/2023\/01\/Leciva-joga-400x288.jpg 400w, https:\/\/www.yoga-federation.eu\/wp-content\/uploads\/2023\/01\/Leciva-joga-600x432.jpg 600w, https:\/\/www.yoga-federation.eu\/wp-content\/uploads\/2023\/01\/Leciva-joga-768x553.jpg 768w, https:\/\/www.yoga-federation.eu\/wp-content\/uploads\/2023\/01\/Leciva-joga-800x576.jpg 800w, https:\/\/www.yoga-federation.eu\/wp-content\/uploads\/2023\/01\/Leciva-joga.jpg 902w\" data-sizes=\"auto\" data-orig-sizes=\"auto, (max-width: 600px) 100vw, 600px\" \/><\/a><\/p>\n<\/div><\/div><\/div><style type=\"text\/css\">.fusion-body .fusion-builder-column-0{width:100% !important;margin-top : 0px;margin-bottom : 20px;}.fusion-builder-column-0 > .fusion-column-wrapper {padding-top : 0px !important;padding-right : 0px !important;margin-right : 1.92%;padding-bottom : 0px !important;padding-left : 0px !important;margin-left : 1.92%;}@media only screen and (max-width:1024px) {.fusion-body .fusion-builder-column-0{width:100% !important;order : 0;}.fusion-builder-column-0 > .fusion-column-wrapper {margin-right : 1.92%;margin-left : 1.92%;}}@media only screen and (max-width:640px) {.fusion-body .fusion-builder-column-0{width:100% !important;order : 0;}.fusion-builder-column-0 > .fusion-column-wrapper {margin-right : 1.92%;margin-left : 1.92%;}}<\/style><\/div><style type=\"text\/css\">.fusion-body .fusion-flex-container.fusion-builder-row-1{ padding-top : 0px;margin-top : 0px;padding-right : 0px;padding-bottom : 0px;margin-bottom : 0px;padding-left : 0px;}<\/style><\/div>\n","protected":false},"excerpt":{"rendered":"","protected":false},"author":6,"featured_media":6017,"comment_status":"closed","ping_status":"open","sticky":false,"template":"","format":"standard","meta":{"footnotes":""},"categories":[56,114,40],"tags":[],"class_list":["post-6016","post","type-post","status-publish","format-standard","has-post-thumbnail","hentry","category-activity","category-aktivity-v-roce-2023","category-uncategorized-cz"],"yoast_head":"<!-- This site is optimized with the Yoast SEO plugin v27.4 - https:\/\/yoast.com\/product\/yoast-seo-wordpress\/ -->\n<title>L\u00e9\u010div\u00e1 j\u00f3ga - Yoga Federation of Europe<\/title>\n<meta name=\"description\" content=\"L\u00e9\u010div\u00e1 j\u00f3ga je styl, kter\u00fd lze nazvat tak\u00e9 \u201epreventivn\u00ed j\u00f3ga\u201c, kter\u00e1 p\u0159isp\u00edv\u00e1 k zachov\u00e1n\u00ed celkov\u00e9ho zdrav\u00ed.\" \/>\n<meta name=\"robots\" content=\"index, follow, max-snippet:-1, max-image-preview:large, max-video-preview:-1\" \/>\n<link rel=\"canonical\" href=\"https:\/\/www.yoga-federation.eu\/cz\/leciva-joga\/\" \/>\n<meta property=\"og:locale\" content=\"en_US\" \/>\n<meta property=\"og:type\" content=\"article\" \/>\n<meta property=\"og:title\" content=\"L\u00e9\u010div\u00e1 j\u00f3ga - Yoga Federation of Europe\" \/>\n<meta property=\"og:description\" content=\"L\u00e9\u010div\u00e1 j\u00f3ga je styl, kter\u00fd lze nazvat tak\u00e9 \u201epreventivn\u00ed j\u00f3ga\u201c, kter\u00e1 p\u0159isp\u00edv\u00e1 k zachov\u00e1n\u00ed celkov\u00e9ho zdrav\u00ed.\" \/>\n<meta property=\"og:url\" content=\"https:\/\/www.yoga-federation.eu\/cz\/leciva-joga\/\" \/>\n<meta property=\"og:site_name\" content=\"Yoga Federation of Europe\" \/>\n<meta property=\"article:published_time\" content=\"2023-01-13T22:08:23+00:00\" \/>\n<meta property=\"article:modified_time\" content=\"2023-01-22T16:49:49+00:00\" \/>\n<meta property=\"og:image\" content=\"https:\/\/www.yoga-federation.eu\/wp-content\/uploads\/2023\/01\/Leciva-joga.jpg\" \/>\n\t<meta property=\"og:image:width\" content=\"902\" \/>\n\t<meta property=\"og:image:height\" content=\"649\" \/>\n\t<meta property=\"og:image:type\" content=\"image\/jpeg\" \/>\n<meta name=\"author\" content=\"YFE\" \/>\n<meta name=\"twitter:card\" content=\"summary_large_image\" \/>\n<meta name=\"twitter:label1\" content=\"Written by\" \/>\n\t<meta name=\"twitter:data1\" content=\"YFE\" \/>\n\t<meta name=\"twitter:label2\" content=\"Est. reading time\" \/>\n\t<meta name=\"twitter:data2\" content=\"2 minutes\" \/>\n<script type=\"application\/ld+json\" class=\"yoast-schema-graph\">{\"@context\":\"https:\\\/\\\/schema.org\",\"@graph\":[{\"@type\":\"Article\",\"@id\":\"https:\\\/\\\/www.yoga-federation.eu\\\/cz\\\/leciva-joga\\\/#article\",\"isPartOf\":{\"@id\":\"https:\\\/\\\/www.yoga-federation.eu\\\/cz\\\/leciva-joga\\\/\"},\"author\":{\"name\":\"YFE\",\"@id\":\"https:\\\/\\\/www.yoga-federation.eu\\\/#\\\/schema\\\/person\\\/c70b5a8f7323477f70814bd277cc9105\"},\"headline\":\"L\u00e9\u010div\u00e1 j\u00f3ga\",\"datePublished\":\"2023-01-13T22:08:23+00:00\",\"dateModified\":\"2023-01-22T16:49:49+00:00\",\"mainEntityOfPage\":{\"@id\":\"https:\\\/\\\/www.yoga-federation.eu\\\/cz\\\/leciva-joga\\\/\"},\"wordCount\":736,\"image\":{\"@id\":\"https:\\\/\\\/www.yoga-federation.eu\\\/cz\\\/leciva-joga\\\/#primaryimage\"},\"thumbnailUrl\":\"https:\\\/\\\/www.yoga-federation.eu\\\/wp-content\\\/uploads\\\/2023\\\/01\\\/Leciva-joga.jpg\",\"articleSection\":[\"Activity\",\"Aktivity v roce 2023\"],\"inLanguage\":\"cz-CZ\"},{\"@type\":\"WebPage\",\"@id\":\"https:\\\/\\\/www.yoga-federation.eu\\\/cz\\\/leciva-joga\\\/\",\"url\":\"https:\\\/\\\/www.yoga-federation.eu\\\/cz\\\/leciva-joga\\\/\",\"name\":\"L\u00e9\u010div\u00e1 j\u00f3ga - Yoga Federation of Europe\",\"isPartOf\":{\"@id\":\"https:\\\/\\\/www.yoga-federation.eu\\\/#website\"},\"primaryImageOfPage\":{\"@id\":\"https:\\\/\\\/www.yoga-federation.eu\\\/cz\\\/leciva-joga\\\/#primaryimage\"},\"image\":{\"@id\":\"https:\\\/\\\/www.yoga-federation.eu\\\/cz\\\/leciva-joga\\\/#primaryimage\"},\"thumbnailUrl\":\"https:\\\/\\\/www.yoga-federation.eu\\\/wp-content\\\/uploads\\\/2023\\\/01\\\/Leciva-joga.jpg\",\"datePublished\":\"2023-01-13T22:08:23+00:00\",\"dateModified\":\"2023-01-22T16:49:49+00:00\",\"author\":{\"@id\":\"https:\\\/\\\/www.yoga-federation.eu\\\/#\\\/schema\\\/person\\\/c70b5a8f7323477f70814bd277cc9105\"},\"description\":\"L\u00e9\u010div\u00e1 j\u00f3ga je styl, kter\u00fd lze nazvat tak\u00e9 \u201epreventivn\u00ed j\u00f3ga\u201c, kter\u00e1 p\u0159isp\u00edv\u00e1 k zachov\u00e1n\u00ed celkov\u00e9ho zdrav\u00ed.\",\"breadcrumb\":{\"@id\":\"https:\\\/\\\/www.yoga-federation.eu\\\/cz\\\/leciva-joga\\\/#breadcrumb\"},\"inLanguage\":\"cz-CZ\",\"potentialAction\":[{\"@type\":\"ReadAction\",\"target\":[\"https:\\\/\\\/www.yoga-federation.eu\\\/cz\\\/leciva-joga\\\/\"]}]},{\"@type\":\"ImageObject\",\"inLanguage\":\"cz-CZ\",\"@id\":\"https:\\\/\\\/www.yoga-federation.eu\\\/cz\\\/leciva-joga\\\/#primaryimage\",\"url\":\"https:\\\/\\\/www.yoga-federation.eu\\\/wp-content\\\/uploads\\\/2023\\\/01\\\/Leciva-joga.jpg\",\"contentUrl\":\"https:\\\/\\\/www.yoga-federation.eu\\\/wp-content\\\/uploads\\\/2023\\\/01\\\/Leciva-joga.jpg\",\"width\":902,\"height\":649,\"caption\":\"Leciva-joga\"},{\"@type\":\"BreadcrumbList\",\"@id\":\"https:\\\/\\\/www.yoga-federation.eu\\\/cz\\\/leciva-joga\\\/#breadcrumb\",\"itemListElement\":[{\"@type\":\"ListItem\",\"position\":1,\"name\":\"Home\",\"item\":\"https:\\\/\\\/www.yoga-federation.eu\\\/cz\\\/\"},{\"@type\":\"ListItem\",\"position\":2,\"name\":\"L\u00e9\u010div\u00e1 j\u00f3ga\"}]},{\"@type\":\"WebSite\",\"@id\":\"https:\\\/\\\/www.yoga-federation.eu\\\/#website\",\"url\":\"https:\\\/\\\/www.yoga-federation.eu\\\/\",\"name\":\"Yoga Federation of Europe\",\"description\":\"Yoga in Europe\",\"potentialAction\":[{\"@type\":\"SearchAction\",\"target\":{\"@type\":\"EntryPoint\",\"urlTemplate\":\"https:\\\/\\\/www.yoga-federation.eu\\\/?s={search_term_string}\"},\"query-input\":{\"@type\":\"PropertyValueSpecification\",\"valueRequired\":true,\"valueName\":\"search_term_string\"}}],\"inLanguage\":\"cz-CZ\"},{\"@type\":\"Person\",\"@id\":\"https:\\\/\\\/www.yoga-federation.eu\\\/#\\\/schema\\\/person\\\/c70b5a8f7323477f70814bd277cc9105\",\"name\":\"YFE\",\"image\":{\"@type\":\"ImageObject\",\"inLanguage\":\"cz-CZ\",\"@id\":\"https:\\\/\\\/secure.gravatar.com\\\/avatar\\\/64f6beecfc59c339d337f0a16c80bfc143a5e623923f6f42beb67b25788f3e50?s=96&d=mm&r=g\",\"url\":\"https:\\\/\\\/secure.gravatar.com\\\/avatar\\\/64f6beecfc59c339d337f0a16c80bfc143a5e623923f6f42beb67b25788f3e50?s=96&d=mm&r=g\",\"contentUrl\":\"https:\\\/\\\/secure.gravatar.com\\\/avatar\\\/64f6beecfc59c339d337f0a16c80bfc143a5e623923f6f42beb67b25788f3e50?s=96&d=mm&r=g\",\"caption\":\"YFE\"},\"url\":\"https:\\\/\\\/www.yoga-federation.eu\\\/cz\\\/author\\\/ana\\\/\"}]}<\/script>\n<!-- \/ Yoast SEO plugin. -->","yoast_head_json":{"title":"L\u00e9\u010div\u00e1 j\u00f3ga - Yoga Federation of Europe","description":"L\u00e9\u010div\u00e1 j\u00f3ga je styl, kter\u00fd lze nazvat tak\u00e9 \u201epreventivn\u00ed j\u00f3ga\u201c, kter\u00e1 p\u0159isp\u00edv\u00e1 k zachov\u00e1n\u00ed celkov\u00e9ho zdrav\u00ed.","robots":{"index":"index","follow":"follow","max-snippet":"max-snippet:-1","max-image-preview":"max-image-preview:large","max-video-preview":"max-video-preview:-1"},"canonical":"https:\/\/www.yoga-federation.eu\/cz\/leciva-joga\/","og_locale":"en_US","og_type":"article","og_title":"L\u00e9\u010div\u00e1 j\u00f3ga - Yoga Federation of Europe","og_description":"L\u00e9\u010div\u00e1 j\u00f3ga je styl, kter\u00fd lze nazvat tak\u00e9 \u201epreventivn\u00ed j\u00f3ga\u201c, kter\u00e1 p\u0159isp\u00edv\u00e1 k zachov\u00e1n\u00ed celkov\u00e9ho zdrav\u00ed.","og_url":"https:\/\/www.yoga-federation.eu\/cz\/leciva-joga\/","og_site_name":"Yoga Federation of Europe","article_published_time":"2023-01-13T22:08:23+00:00","article_modified_time":"2023-01-22T16:49:49+00:00","og_image":[{"width":902,"height":649,"url":"https:\/\/www.yoga-federation.eu\/wp-content\/uploads\/2023\/01\/Leciva-joga.jpg","type":"image\/jpeg"}],"author":"YFE","twitter_card":"summary_large_image","twitter_misc":{"Written by":"YFE","Est. reading time":"2 minutes"},"schema":{"@context":"https:\/\/schema.org","@graph":[{"@type":"Article","@id":"https:\/\/www.yoga-federation.eu\/cz\/leciva-joga\/#article","isPartOf":{"@id":"https:\/\/www.yoga-federation.eu\/cz\/leciva-joga\/"},"author":{"name":"YFE","@id":"https:\/\/www.yoga-federation.eu\/#\/schema\/person\/c70b5a8f7323477f70814bd277cc9105"},"headline":"L\u00e9\u010div\u00e1 j\u00f3ga","datePublished":"2023-01-13T22:08:23+00:00","dateModified":"2023-01-22T16:49:49+00:00","mainEntityOfPage":{"@id":"https:\/\/www.yoga-federation.eu\/cz\/leciva-joga\/"},"wordCount":736,"image":{"@id":"https:\/\/www.yoga-federation.eu\/cz\/leciva-joga\/#primaryimage"},"thumbnailUrl":"https:\/\/www.yoga-federation.eu\/wp-content\/uploads\/2023\/01\/Leciva-joga.jpg","articleSection":["Activity","Aktivity v roce 2023"],"inLanguage":"cz-CZ"},{"@type":"WebPage","@id":"https:\/\/www.yoga-federation.eu\/cz\/leciva-joga\/","url":"https:\/\/www.yoga-federation.eu\/cz\/leciva-joga\/","name":"L\u00e9\u010div\u00e1 j\u00f3ga - Yoga Federation of Europe","isPartOf":{"@id":"https:\/\/www.yoga-federation.eu\/#website"},"primaryImageOfPage":{"@id":"https:\/\/www.yoga-federation.eu\/cz\/leciva-joga\/#primaryimage"},"image":{"@id":"https:\/\/www.yoga-federation.eu\/cz\/leciva-joga\/#primaryimage"},"thumbnailUrl":"https:\/\/www.yoga-federation.eu\/wp-content\/uploads\/2023\/01\/Leciva-joga.jpg","datePublished":"2023-01-13T22:08:23+00:00","dateModified":"2023-01-22T16:49:49+00:00","author":{"@id":"https:\/\/www.yoga-federation.eu\/#\/schema\/person\/c70b5a8f7323477f70814bd277cc9105"},"description":"L\u00e9\u010div\u00e1 j\u00f3ga je styl, kter\u00fd lze nazvat tak\u00e9 \u201epreventivn\u00ed j\u00f3ga\u201c, kter\u00e1 p\u0159isp\u00edv\u00e1 k zachov\u00e1n\u00ed celkov\u00e9ho zdrav\u00ed.","breadcrumb":{"@id":"https:\/\/www.yoga-federation.eu\/cz\/leciva-joga\/#breadcrumb"},"inLanguage":"cz-CZ","potentialAction":[{"@type":"ReadAction","target":["https:\/\/www.yoga-federation.eu\/cz\/leciva-joga\/"]}]},{"@type":"ImageObject","inLanguage":"cz-CZ","@id":"https:\/\/www.yoga-federation.eu\/cz\/leciva-joga\/#primaryimage","url":"https:\/\/www.yoga-federation.eu\/wp-content\/uploads\/2023\/01\/Leciva-joga.jpg","contentUrl":"https:\/\/www.yoga-federation.eu\/wp-content\/uploads\/2023\/01\/Leciva-joga.jpg","width":902,"height":649,"caption":"Leciva-joga"},{"@type":"BreadcrumbList","@id":"https:\/\/www.yoga-federation.eu\/cz\/leciva-joga\/#breadcrumb","itemListElement":[{"@type":"ListItem","position":1,"name":"Home","item":"https:\/\/www.yoga-federation.eu\/cz\/"},{"@type":"ListItem","position":2,"name":"L\u00e9\u010div\u00e1 j\u00f3ga"}]},{"@type":"WebSite","@id":"https:\/\/www.yoga-federation.eu\/#website","url":"https:\/\/www.yoga-federation.eu\/","name":"Yoga Federation of Europe","description":"Yoga in Europe","potentialAction":[{"@type":"SearchAction","target":{"@type":"EntryPoint","urlTemplate":"https:\/\/www.yoga-federation.eu\/?s={search_term_string}"},"query-input":{"@type":"PropertyValueSpecification","valueRequired":true,"valueName":"search_term_string"}}],"inLanguage":"cz-CZ"},{"@type":"Person","@id":"https:\/\/www.yoga-federation.eu\/#\/schema\/person\/c70b5a8f7323477f70814bd277cc9105","name":"YFE","image":{"@type":"ImageObject","inLanguage":"cz-CZ","@id":"https:\/\/secure.gravatar.com\/avatar\/64f6beecfc59c339d337f0a16c80bfc143a5e623923f6f42beb67b25788f3e50?s=96&d=mm&r=g","url":"https:\/\/secure.gravatar.com\/avatar\/64f6beecfc59c339d337f0a16c80bfc143a5e623923f6f42beb67b25788f3e50?s=96&d=mm&r=g","contentUrl":"https:\/\/secure.gravatar.com\/avatar\/64f6beecfc59c339d337f0a16c80bfc143a5e623923f6f42beb67b25788f3e50?s=96&d=mm&r=g","caption":"YFE"},"url":"https:\/\/www.yoga-federation.eu\/cz\/author\/ana\/"}]}},"_links":{"self":[{"href":"https:\/\/www.yoga-federation.eu\/cz\/wp-json\/wp\/v2\/posts\/6016","targetHints":{"allow":["GET"]}}],"collection":[{"href":"https:\/\/www.yoga-federation.eu\/cz\/wp-json\/wp\/v2\/posts"}],"about":[{"href":"https:\/\/www.yoga-federation.eu\/cz\/wp-json\/wp\/v2\/types\/post"}],"author":[{"embeddable":true,"href":"https:\/\/www.yoga-federation.eu\/cz\/wp-json\/wp\/v2\/users\/6"}],"replies":[{"embeddable":true,"href":"https:\/\/www.yoga-federation.eu\/cz\/wp-json\/wp\/v2\/comments?post=6016"}],"version-history":[{"count":0,"href":"https:\/\/www.yoga-federation.eu\/cz\/wp-json\/wp\/v2\/posts\/6016\/revisions"}],"wp:featuredmedia":[{"embeddable":true,"href":"https:\/\/www.yoga-federation.eu\/cz\/wp-json\/wp\/v2\/media\/6017"}],"wp:attachment":[{"href":"https:\/\/www.yoga-federation.eu\/cz\/wp-json\/wp\/v2\/media?parent=6016"}],"wp:term":[{"taxonomy":"category","embeddable":true,"href":"https:\/\/www.yoga-federation.eu\/cz\/wp-json\/wp\/v2\/categories?post=6016"},{"taxonomy":"post_tag","embeddable":true,"href":"https:\/\/www.yoga-federation.eu\/cz\/wp-json\/wp\/v2\/tags?post=6016"}],"curies":[{"name":"wp","href":"https:\/\/api.w.org\/{rel}","templated":true}]}}