{"id":5975,"date":"2024-01-09T15:27:50","date_gmt":"2024-01-09T15:27:50","guid":{"rendered":"https:\/\/www.yoga-federation.eu\/?p=5975"},"modified":"2024-01-11T16:44:41","modified_gmt":"2024-01-11T16:44:41","slug":"kurz-ucitel-jogy-550-hodin","status":"publish","type":"post","link":"https:\/\/www.yoga-federation.eu\/cz\/kurz-ucitel-jogy-550-hodin\/","title":{"rendered":"Kurz U\u010ditel j\u00f3gy 550 hodin"},"content":{"rendered":"<div class=\"fusion-fullwidth fullwidth-box fusion-builder-row-1 fusion-flex-container nonhundred-percent-fullwidth non-hundred-percent-height-scrolling\" style=\"background-color: rgba(255,255,255,0);background-position: center center;background-repeat: no-repeat;border-width: 0px 0px 0px 0px;border-color:#eae9e9;border-style:solid;\" ><div class=\"fusion-builder-row fusion-row fusion-flex-align-items-flex-start\" style=\"max-width:1144px;margin-left: calc(-4% \/ 2 );margin-right: calc(-4% \/ 2 );\"><div class=\"fusion-layout-column fusion_builder_column fusion-builder-column-0 fusion_builder_column_1_1 1_1 fusion-flex-column\"><div class=\"fusion-column-wrapper fusion-flex-justify-content-flex-start fusion-content-layout-column\" style=\"background-position:left top;background-repeat:no-repeat;-webkit-background-size:cover;-moz-background-size:cover;-o-background-size:cover;background-size:cover;padding: 0px 0px 0px 0px;\"><div class=\"fusion-text fusion-text-1\"><p style=\"text-align: center;\">INTERNATIONAL YOGA ACADEMY PN<\/p>\n<h1 style=\"text-align: center;\">KURZ PRO U\u010cITELE J\u00d3GY 550 HODIN<\/h1>\n<div>\n<p>V oblasti j\u00f3gy jsou nejd\u016fle\u017eit\u011bj\u0161\u00ed dv\u011b \u00farovn\u011b povol\u00e1n\u00ed:<br \/>\n1. Instruktor j\u00f3gy 200 hodin<br \/>\n2. U\u010ditel j\u00f3gy 550 hodin<\/p>\n<p>Prvn\u00ed profesion\u00e1ln\u00ed \u00farove\u0148 &#8211; Instruktor &#8211; Lektor j\u00f3gy &#8211; 200h<br \/>\nTato \u00farove\u0148 profesn\u00edho rozvoje poskytuje znalosti, dovednosti a zku\u0161enosti, kter\u00e9 vytv\u00e1\u0159ej\u00ed p\u0159\u00edle\u017eitost u\u010dit lekce j\u00f3gy po cel\u00e9m sv\u011bt\u011b, vzhledem k tomu, \u017ee programy YFE maj\u00ed v\u0161echny pot\u0159ebn\u00e9 akreditace.<\/p>\n<\/div>\n<div><\/div>\n<div>\n<p>Druh\u00fd stupe\u0148 U\u010ditel j\u00f3gy &#8211; 550h<\/p>\n<p>Instrukto\u0159i j\u00f3gy 200 hodin veden\u00ed l\u00e1skou k moudrosti j\u00f3gy se p\u0159ihla\u0161uj\u00ed na vy\u0161\u0161\u00ed \u00farove\u0148 vzd\u011bl\u00e1n\u00ed U\u010ditel j\u00f3gy 550h. Vy\u0161\u0161\u00ed\u00a0\u00farove\u0148 vzd\u011bl\u00e1n\u00ed\u00a0prohlubuje zku\u0161enosti osobn\u00edho rozvoje a zvy\u0161uje tak schopnost p\u0159ed\u00e1vat znalosti. Kurz obsahuje osobn\u00ed pr\u00e1ci s mentorem, kter\u00fd poskytuje studentovi v\u0161echny \u00farovn\u011b podpory b\u011bhem \u0161kolen\u00ed a rozvoje. Podpora prob\u00edh\u00e1 na informa\u010dn\u00ed, energetick\u00e9, emocion\u00e1ln\u00ed a kognitivn\u00ed \u00farovni. Kandid\u00e1t m\u00e1 mo\u017enost objevit nejhlub\u0161\u00ed dimenze sv\u00e9 bytosti uvoln\u011bn\u00edm sv\u00e9ho vnit\u0159n\u00edho sv\u011btla kreativity. Studenti, kte\u0159\u00ed \u00fasp\u011b\u0161n\u011b absolvuj\u00ed z\u00e1v\u011bre\u010dnou zkou\u0161ku, maj\u00ed p\u0159ednost p\u0159i v\u00fdb\u011bru kandid\u00e1t\u016f na pozice v YFE.<\/p>\n<\/div>\n<div><\/div>\n<div>\n<div><a href=\"https:\/\/www.yoga-federation.eu\/wp-content\/uploads\/2023\/01\/Kurz-Ucitele-jogy-550-YFE.jpg\"><img loading=\"lazy\" decoding=\"async\" class=\"lazyload aligncenter wp-image-5976 size-fusion-600\" src=\"https:\/\/www.yoga-federation.eu\/wp-content\/uploads\/2023\/01\/Kurz-Ucitele-jogy-550-YFE-600x400.jpg\" data-orig-src=\"https:\/\/www.yoga-federation.eu\/wp-content\/uploads\/2023\/01\/Kurz-Ucitele-jogy-550-YFE-600x400.jpg\" alt=\"kurz-ucitel-jogy-550h\" width=\"600\" height=\"400\" srcset=\"data:image\/svg+xml,%3Csvg%20xmlns%3D%27http%3A%2F%2Fwww.w3.org%2F2000%2Fsvg%27%20width%3D%27600%27%20height%3D%27400%27%20viewBox%3D%270%200%20600%20400%27%3E%3Crect%20width%3D%27600%27%20height%3D%273400%27%20fill-opacity%3D%220%22%2F%3E%3C%2Fsvg%3E\" data-srcset=\"https:\/\/www.yoga-federation.eu\/wp-content\/uploads\/2023\/01\/Kurz-Ucitele-jogy-550-YFE-200x133.jpg 200w, https:\/\/www.yoga-federation.eu\/wp-content\/uploads\/2023\/01\/Kurz-Ucitele-jogy-550-YFE-300x200.jpg 300w, https:\/\/www.yoga-federation.eu\/wp-content\/uploads\/2023\/01\/Kurz-Ucitele-jogy-550-YFE-400x267.jpg 400w, https:\/\/www.yoga-federation.eu\/wp-content\/uploads\/2023\/01\/Kurz-Ucitele-jogy-550-YFE-600x400.jpg 600w, https:\/\/www.yoga-federation.eu\/wp-content\/uploads\/2023\/01\/Kurz-Ucitele-jogy-550-YFE-768x512.jpg 768w, https:\/\/www.yoga-federation.eu\/wp-content\/uploads\/2023\/01\/Kurz-Ucitele-jogy-550-YFE-800x533.jpg 800w, https:\/\/www.yoga-federation.eu\/wp-content\/uploads\/2023\/01\/Kurz-Ucitele-jogy-550-YFE-1024x682.jpg 1024w, https:\/\/www.yoga-federation.eu\/wp-content\/uploads\/2023\/01\/Kurz-Ucitele-jogy-550-YFE-1200x800.jpg 1200w, https:\/\/www.yoga-federation.eu\/wp-content\/uploads\/2023\/01\/Kurz-Ucitele-jogy-550-YFE-1536x1023.jpg 1536w, https:\/\/www.yoga-federation.eu\/wp-content\/uploads\/2023\/01\/Kurz-Ucitele-jogy-550-YFE.jpg 1600w\" data-sizes=\"auto\" data-orig-sizes=\"auto, (max-width: 600px) 100vw, 600px\" \/><\/a><\/div>\n<div><\/div>\n<\/div>\n<div><\/div>\n<\/div><div class=\"fusion-section-separator section-separator triangle fusion-section-separator-1\"><div class=\"fusion-section-separator-svg\" style=\"border-top:3px solid #0232f2;\"><div class=\"divider-candy-arrow top\" style=\"bottom:3px;border-bottom-color: #f6f6f6;\"><\/div><div class=\"divider-candy top\" style=\"top:-23px;border-bottom:1px solid #0232f2;border-left:1px solid #0232f2;\"><\/div><\/div><div class=\"fusion-section-separator-spacer\"><div class=\"fusion-section-separator-spacer-height\" style=\"height:3px;\"><\/div><\/div><style type=\"text\/css\">.fusion-section-separator-1 .fusion-section-separator-svg {margin-left:1.92%;margin-right:1.92%;}@media only screen and (max-width:1024px) {.fusion-section-separator-1 .fusion-section-separator-svg {margin-left:1.92%;margin-right:1.92%;}}@media only screen and (max-width:640px) {.fusion-section-separator-1 .fusion-section-separator-svg {margin-left:1.92%;margin-right:1.92%;}}<\/style><\/div><div class=\"fusion-text fusion-text-2\"><p>Kurz pro U\u010ditele j\u00f3gy je realizov\u00e1n pod veden\u00edm doyena j\u00f3gy, prof. Dr. Predrag K. Niki\u010de, mezin\u00e1rodn\u00edho mistra v j\u00f3ze a v\u00edt\u011bze vyznamen\u00e1n\u00ed Padma Shri, ocen\u011bn\u00ed ktere dostal od prezidenta Indie, a jeho spolupracovn\u00edk\u016f. Po absolvov\u00e1n\u00ed \u0161kolen\u00ed \u00fa\u010dastn\u00edci z\u00edskaj\u00ed mezin\u00e1rodn\u011b uzn\u00e1van\u00fd diplom U\u010ditele j\u00f3gy 550 hodin.<\/p>\n<p>Program zahrnuje teoretickou a praktickou v\u00fduku, energetickou podporu, konsultace a asistenc\u00ed Mistru v aktivit\u00e1ch. P\u0159\u00edstup je individu\u00e1ln\u00ed &#8211; p\u0159izp\u016fsoben\u00fd V\u00e1m osobn\u011b. Nau\u010d\u00edte se lekce s energetickou podporou Mistra, kter\u00fd lekce p\u0159izp\u016fsob\u00ed aktu\u00e1ln\u00edm pot\u0159eb\u00e1m Va\u0161eho rozvoje.<\/p>\n<p>Celkov\u00fd program pro\u00a0U\u010ditele\u00a0j\u00f3gy\u00a0prob\u00edh\u00e1 po dobu 5 m\u011bs\u00edc\u016f.<\/p>\n<p>\u00dasp\u011b\u0161n\u011b\u00a0absolvov\u00e1n\u00ed\u00a0\u0161kolen\u00ed umo\u017e\u0148uje integraci kl\u00ed\u010dov\u00fdch znalost\u00ed, kter\u00e9 mohou d\u00e1t va\u0161emu \u017eivotu smysl a \u00fa\u010del.<\/p>\n<p>V\u00edce informac\u00ed a registrace telefonicky +420 608 212 949 nebo prost\u0159ednictv\u00edm<br \/>\ne-mailu: yoga.yfe@gmail.com<br \/>\nP\u0159ihl\u00e1\u0161ky se p\u0159ij\u00edmaj\u00ed do napln\u011bn\u00ed kurzu.<\/p>\n<p>Na v\u0161echno existuje spr\u00e1vn\u00fd okam\u017eik, a pro vybran\u00e9 je ka\u017ed\u00fd okam\u017eik spr\u00e1vn\u00fd.<br \/>\nA\u0165 je v\u00a0n\u00e1s l\u00e1ska\u00a0a\u00a0soulad\u00a0s\u00a0na\u0161\u00edm okol\u00edm<\/p>\n<\/div><\/div><\/div><style type=\"text\/css\">.fusion-body .fusion-builder-column-0{width:100% !important;margin-top : 0px;margin-bottom : 20px;}.fusion-builder-column-0 > .fusion-column-wrapper {padding-top : 0px !important;padding-right : 0px !important;margin-right : 1.92%;padding-bottom : 0px !important;padding-left : 0px !important;margin-left : 1.92%;}@media only screen and (max-width:1024px) {.fusion-body .fusion-builder-column-0{width:100% !important;order : 0;}.fusion-builder-column-0 > .fusion-column-wrapper {margin-right : 1.92%;margin-left : 1.92%;}}@media only screen and (max-width:640px) {.fusion-body .fusion-builder-column-0{width:100% !important;order : 0;}.fusion-builder-column-0 > .fusion-column-wrapper {margin-right : 1.92%;margin-left : 1.92%;}}<\/style><\/div><style type=\"text\/css\">.fusion-body .fusion-flex-container.fusion-builder-row-1{ padding-top : 0px;margin-top : 0px;padding-right : 0px;padding-bottom : 0px;margin-bottom : 0px;padding-left : 0px;}<\/style><\/div>\n","protected":false},"excerpt":{"rendered":"","protected":false},"author":6,"featured_media":5976,"comment_status":"closed","ping_status":"open","sticky":false,"template":"","format":"standard","meta":{"footnotes":""},"categories":[114,48],"tags":[],"class_list":["post-5975","post","type-post","status-publish","format-standard","has-post-thumbnail","hentry","category-aktivity-v-roce-2023","category-vzdelavani"],"yoast_head":"<!-- This site is optimized with the Yoast SEO plugin v28.2 - https:\/\/yoast.com\/product\/yoast-seo-wordpress\/ -->\n<title>Kurz U\u010ditel j\u00f3gy 550 hodin - Yoga Federation of Europe<\/title>\n<meta name=\"robots\" content=\"index, follow, max-snippet:-1, max-image-preview:large, max-video-preview:-1\" \/>\n<link rel=\"canonical\" href=\"https:\/\/www.yoga-federation.eu\/cz\/kurz-ucitel-jogy-550-hodin\/\" \/>\n<meta property=\"og:locale\" content=\"en_US\" \/>\n<meta property=\"og:type\" content=\"article\" \/>\n<meta property=\"og:title\" content=\"Kurz U\u010ditel j\u00f3gy 550 hodin - Yoga Federation of Europe\" \/>\n<meta property=\"og:url\" content=\"https:\/\/www.yoga-federation.eu\/cz\/kurz-ucitel-jogy-550-hodin\/\" \/>\n<meta property=\"og:site_name\" content=\"Yoga Federation of Europe\" \/>\n<meta property=\"article:published_time\" content=\"2024-01-09T15:27:50+00:00\" \/>\n<meta property=\"article:modified_time\" content=\"2024-01-11T16:44:41+00:00\" \/>\n<meta property=\"og:image\" content=\"http:\/\/www.yoga-federation.eu\/wp-content\/uploads\/2023\/01\/Kurz-Ucitele-jogy-550-YFE.jpg\" \/>\n\t<meta property=\"og:image:width\" content=\"1600\" \/>\n\t<meta property=\"og:image:height\" content=\"1066\" \/>\n\t<meta property=\"og:image:type\" content=\"image\/jpeg\" \/>\n<meta name=\"author\" content=\"YFE\" \/>\n<meta name=\"twitter:card\" content=\"summary_large_image\" \/>\n<meta name=\"twitter:label1\" content=\"Written by\" \/>\n\t<meta name=\"twitter:data1\" content=\"YFE\" \/>\n\t<meta name=\"twitter:label2\" content=\"Est. reading time\" \/>\n\t<meta name=\"twitter:data2\" content=\"3 minutes\" \/>\n<script type=\"application\/ld+json\" class=\"yoast-schema-graph\">{\"@context\":\"https:\\\/\\\/schema.org\",\"@graph\":[{\"@type\":\"Article\",\"@id\":\"https:\\\/\\\/www.yoga-federation.eu\\\/cz\\\/kurz-ucitel-jogy-550-hodin\\\/#article\",\"isPartOf\":{\"@id\":\"https:\\\/\\\/www.yoga-federation.eu\\\/cz\\\/kurz-ucitel-jogy-550-hodin\\\/\"},\"author\":{\"name\":\"YFE\",\"@id\":\"https:\\\/\\\/www.yoga-federation.eu\\\/#\\\/schema\\\/person\\\/c70b5a8f7323477f70814bd277cc9105\"},\"headline\":\"Kurz U\u010ditel j\u00f3gy 550 hodin\",\"datePublished\":\"2024-01-09T15:27:50+00:00\",\"dateModified\":\"2024-01-11T16:44:41+00:00\",\"mainEntityOfPage\":{\"@id\":\"https:\\\/\\\/www.yoga-federation.eu\\\/cz\\\/kurz-ucitel-jogy-550-hodin\\\/\"},\"wordCount\":1113,\"image\":{\"@id\":\"https:\\\/\\\/www.yoga-federation.eu\\\/cz\\\/kurz-ucitel-jogy-550-hodin\\\/#primaryimage\"},\"thumbnailUrl\":\"https:\\\/\\\/www.yoga-federation.eu\\\/wp-content\\\/uploads\\\/2023\\\/01\\\/Kurz-Ucitele-jogy-550-YFE.jpg\",\"articleSection\":[\"Aktivity v roce 2023\",\"Vzd\u011bl\u00e1v\u00e1n\u00ed\"],\"inLanguage\":\"cz-CZ\"},{\"@type\":\"WebPage\",\"@id\":\"https:\\\/\\\/www.yoga-federation.eu\\\/cz\\\/kurz-ucitel-jogy-550-hodin\\\/\",\"url\":\"https:\\\/\\\/www.yoga-federation.eu\\\/cz\\\/kurz-ucitel-jogy-550-hodin\\\/\",\"name\":\"Kurz U\u010ditel j\u00f3gy 550 hodin - Yoga Federation of Europe\",\"isPartOf\":{\"@id\":\"https:\\\/\\\/www.yoga-federation.eu\\\/#website\"},\"primaryImageOfPage\":{\"@id\":\"https:\\\/\\\/www.yoga-federation.eu\\\/cz\\\/kurz-ucitel-jogy-550-hodin\\\/#primaryimage\"},\"image\":{\"@id\":\"https:\\\/\\\/www.yoga-federation.eu\\\/cz\\\/kurz-ucitel-jogy-550-hodin\\\/#primaryimage\"},\"thumbnailUrl\":\"https:\\\/\\\/www.yoga-federation.eu\\\/wp-content\\\/uploads\\\/2023\\\/01\\\/Kurz-Ucitele-jogy-550-YFE.jpg\",\"datePublished\":\"2024-01-09T15:27:50+00:00\",\"dateModified\":\"2024-01-11T16:44:41+00:00\",\"author\":{\"@id\":\"https:\\\/\\\/www.yoga-federation.eu\\\/#\\\/schema\\\/person\\\/c70b5a8f7323477f70814bd277cc9105\"},\"breadcrumb\":{\"@id\":\"https:\\\/\\\/www.yoga-federation.eu\\\/cz\\\/kurz-ucitel-jogy-550-hodin\\\/#breadcrumb\"},\"inLanguage\":\"cz-CZ\",\"potentialAction\":[{\"@type\":\"ReadAction\",\"target\":[\"https:\\\/\\\/www.yoga-federation.eu\\\/cz\\\/kurz-ucitel-jogy-550-hodin\\\/\"]}]},{\"@type\":\"ImageObject\",\"inLanguage\":\"cz-CZ\",\"@id\":\"https:\\\/\\\/www.yoga-federation.eu\\\/cz\\\/kurz-ucitel-jogy-550-hodin\\\/#primaryimage\",\"url\":\"https:\\\/\\\/www.yoga-federation.eu\\\/wp-content\\\/uploads\\\/2023\\\/01\\\/Kurz-Ucitele-jogy-550-YFE.jpg\",\"contentUrl\":\"https:\\\/\\\/www.yoga-federation.eu\\\/wp-content\\\/uploads\\\/2023\\\/01\\\/Kurz-Ucitele-jogy-550-YFE.jpg\",\"width\":1600,\"height\":1066,\"caption\":\"kurz-ucitel-jogy-550h\"},{\"@type\":\"BreadcrumbList\",\"@id\":\"https:\\\/\\\/www.yoga-federation.eu\\\/cz\\\/kurz-ucitel-jogy-550-hodin\\\/#breadcrumb\",\"itemListElement\":[{\"@type\":\"ListItem\",\"position\":1,\"name\":\"Home\",\"item\":\"https:\\\/\\\/www.yoga-federation.eu\\\/cz\\\/\"},{\"@type\":\"ListItem\",\"position\":2,\"name\":\"Kurz U\u010ditel j\u00f3gy 550 hodin\"}]},{\"@type\":\"WebSite\",\"@id\":\"https:\\\/\\\/www.yoga-federation.eu\\\/#website\",\"url\":\"https:\\\/\\\/www.yoga-federation.eu\\\/\",\"name\":\"Yoga Federation of Europe\",\"description\":\"Yoga in Europe\",\"potentialAction\":[{\"@type\":\"SearchAction\",\"target\":{\"@type\":\"EntryPoint\",\"urlTemplate\":\"https:\\\/\\\/www.yoga-federation.eu\\\/?s={search_term_string}\"},\"query-input\":{\"@type\":\"PropertyValueSpecification\",\"valueRequired\":true,\"valueName\":\"search_term_string\"}}],\"inLanguage\":\"cz-CZ\"},{\"@type\":\"Person\",\"@id\":\"https:\\\/\\\/www.yoga-federation.eu\\\/#\\\/schema\\\/person\\\/c70b5a8f7323477f70814bd277cc9105\",\"name\":\"YFE\",\"image\":{\"@type\":\"ImageObject\",\"inLanguage\":\"cz-CZ\",\"@id\":\"https:\\\/\\\/secure.gravatar.com\\\/avatar\\\/64f6beecfc59c339d337f0a16c80bfc143a5e623923f6f42beb67b25788f3e50?s=96&d=mm&r=g\",\"url\":\"https:\\\/\\\/secure.gravatar.com\\\/avatar\\\/64f6beecfc59c339d337f0a16c80bfc143a5e623923f6f42beb67b25788f3e50?s=96&d=mm&r=g\",\"contentUrl\":\"https:\\\/\\\/secure.gravatar.com\\\/avatar\\\/64f6beecfc59c339d337f0a16c80bfc143a5e623923f6f42beb67b25788f3e50?s=96&d=mm&r=g\",\"caption\":\"YFE\"},\"url\":\"https:\\\/\\\/www.yoga-federation.eu\\\/cz\\\/author\\\/ana\\\/\"}]}<\/script>\n<!-- \/ Yoast SEO plugin. -->","yoast_head_json":{"title":"Kurz U\u010ditel j\u00f3gy 550 hodin - Yoga Federation of Europe","robots":{"index":"index","follow":"follow","max-snippet":"max-snippet:-1","max-image-preview":"max-image-preview:large","max-video-preview":"max-video-preview:-1"},"canonical":"https:\/\/www.yoga-federation.eu\/cz\/kurz-ucitel-jogy-550-hodin\/","og_locale":"en_US","og_type":"article","og_title":"Kurz U\u010ditel j\u00f3gy 550 hodin - Yoga Federation of Europe","og_url":"https:\/\/www.yoga-federation.eu\/cz\/kurz-ucitel-jogy-550-hodin\/","og_site_name":"Yoga Federation of Europe","article_published_time":"2024-01-09T15:27:50+00:00","article_modified_time":"2024-01-11T16:44:41+00:00","og_image":[{"width":1600,"height":1066,"url":"http:\/\/www.yoga-federation.eu\/wp-content\/uploads\/2023\/01\/Kurz-Ucitele-jogy-550-YFE.jpg","type":"image\/jpeg"}],"author":"YFE","twitter_card":"summary_large_image","twitter_misc":{"Written by":"YFE","Est. reading time":"3 minutes"},"schema":{"@context":"https:\/\/schema.org","@graph":[{"@type":"Article","@id":"https:\/\/www.yoga-federation.eu\/cz\/kurz-ucitel-jogy-550-hodin\/#article","isPartOf":{"@id":"https:\/\/www.yoga-federation.eu\/cz\/kurz-ucitel-jogy-550-hodin\/"},"author":{"name":"YFE","@id":"https:\/\/www.yoga-federation.eu\/#\/schema\/person\/c70b5a8f7323477f70814bd277cc9105"},"headline":"Kurz U\u010ditel j\u00f3gy 550 hodin","datePublished":"2024-01-09T15:27:50+00:00","dateModified":"2024-01-11T16:44:41+00:00","mainEntityOfPage":{"@id":"https:\/\/www.yoga-federation.eu\/cz\/kurz-ucitel-jogy-550-hodin\/"},"wordCount":1113,"image":{"@id":"https:\/\/www.yoga-federation.eu\/cz\/kurz-ucitel-jogy-550-hodin\/#primaryimage"},"thumbnailUrl":"https:\/\/www.yoga-federation.eu\/wp-content\/uploads\/2023\/01\/Kurz-Ucitele-jogy-550-YFE.jpg","articleSection":["Aktivity v roce 2023","Vzd\u011bl\u00e1v\u00e1n\u00ed"],"inLanguage":"cz-CZ"},{"@type":"WebPage","@id":"https:\/\/www.yoga-federation.eu\/cz\/kurz-ucitel-jogy-550-hodin\/","url":"https:\/\/www.yoga-federation.eu\/cz\/kurz-ucitel-jogy-550-hodin\/","name":"Kurz U\u010ditel j\u00f3gy 550 hodin - Yoga Federation of Europe","isPartOf":{"@id":"https:\/\/www.yoga-federation.eu\/#website"},"primaryImageOfPage":{"@id":"https:\/\/www.yoga-federation.eu\/cz\/kurz-ucitel-jogy-550-hodin\/#primaryimage"},"image":{"@id":"https:\/\/www.yoga-federation.eu\/cz\/kurz-ucitel-jogy-550-hodin\/#primaryimage"},"thumbnailUrl":"https:\/\/www.yoga-federation.eu\/wp-content\/uploads\/2023\/01\/Kurz-Ucitele-jogy-550-YFE.jpg","datePublished":"2024-01-09T15:27:50+00:00","dateModified":"2024-01-11T16:44:41+00:00","author":{"@id":"https:\/\/www.yoga-federation.eu\/#\/schema\/person\/c70b5a8f7323477f70814bd277cc9105"},"breadcrumb":{"@id":"https:\/\/www.yoga-federation.eu\/cz\/kurz-ucitel-jogy-550-hodin\/#breadcrumb"},"inLanguage":"cz-CZ","potentialAction":[{"@type":"ReadAction","target":["https:\/\/www.yoga-federation.eu\/cz\/kurz-ucitel-jogy-550-hodin\/"]}]},{"@type":"ImageObject","inLanguage":"cz-CZ","@id":"https:\/\/www.yoga-federation.eu\/cz\/kurz-ucitel-jogy-550-hodin\/#primaryimage","url":"https:\/\/www.yoga-federation.eu\/wp-content\/uploads\/2023\/01\/Kurz-Ucitele-jogy-550-YFE.jpg","contentUrl":"https:\/\/www.yoga-federation.eu\/wp-content\/uploads\/2023\/01\/Kurz-Ucitele-jogy-550-YFE.jpg","width":1600,"height":1066,"caption":"kurz-ucitel-jogy-550h"},{"@type":"BreadcrumbList","@id":"https:\/\/www.yoga-federation.eu\/cz\/kurz-ucitel-jogy-550-hodin\/#breadcrumb","itemListElement":[{"@type":"ListItem","position":1,"name":"Home","item":"https:\/\/www.yoga-federation.eu\/cz\/"},{"@type":"ListItem","position":2,"name":"Kurz U\u010ditel j\u00f3gy 550 hodin"}]},{"@type":"WebSite","@id":"https:\/\/www.yoga-federation.eu\/#website","url":"https:\/\/www.yoga-federation.eu\/","name":"Yoga Federation of Europe","description":"Yoga in Europe","potentialAction":[{"@type":"SearchAction","target":{"@type":"EntryPoint","urlTemplate":"https:\/\/www.yoga-federation.eu\/?s={search_term_string}"},"query-input":{"@type":"PropertyValueSpecification","valueRequired":true,"valueName":"search_term_string"}}],"inLanguage":"cz-CZ"},{"@type":"Person","@id":"https:\/\/www.yoga-federation.eu\/#\/schema\/person\/c70b5a8f7323477f70814bd277cc9105","name":"YFE","image":{"@type":"ImageObject","inLanguage":"cz-CZ","@id":"https:\/\/secure.gravatar.com\/avatar\/64f6beecfc59c339d337f0a16c80bfc143a5e623923f6f42beb67b25788f3e50?s=96&d=mm&r=g","url":"https:\/\/secure.gravatar.com\/avatar\/64f6beecfc59c339d337f0a16c80bfc143a5e623923f6f42beb67b25788f3e50?s=96&d=mm&r=g","contentUrl":"https:\/\/secure.gravatar.com\/avatar\/64f6beecfc59c339d337f0a16c80bfc143a5e623923f6f42beb67b25788f3e50?s=96&d=mm&r=g","caption":"YFE"},"url":"https:\/\/www.yoga-federation.eu\/cz\/author\/ana\/"}]}},"_links":{"self":[{"href":"https:\/\/www.yoga-federation.eu\/cz\/wp-json\/wp\/v2\/posts\/5975","targetHints":{"allow":["GET"]}}],"collection":[{"href":"https:\/\/www.yoga-federation.eu\/cz\/wp-json\/wp\/v2\/posts"}],"about":[{"href":"https:\/\/www.yoga-federation.eu\/cz\/wp-json\/wp\/v2\/types\/post"}],"author":[{"embeddable":true,"href":"https:\/\/www.yoga-federation.eu\/cz\/wp-json\/wp\/v2\/users\/6"}],"replies":[{"embeddable":true,"href":"https:\/\/www.yoga-federation.eu\/cz\/wp-json\/wp\/v2\/comments?post=5975"}],"version-history":[{"count":0,"href":"https:\/\/www.yoga-federation.eu\/cz\/wp-json\/wp\/v2\/posts\/5975\/revisions"}],"wp:featuredmedia":[{"embeddable":true,"href":"https:\/\/www.yoga-federation.eu\/cz\/wp-json\/wp\/v2\/media\/5976"}],"wp:attachment":[{"href":"https:\/\/www.yoga-federation.eu\/cz\/wp-json\/wp\/v2\/media?parent=5975"}],"wp:term":[{"taxonomy":"category","embeddable":true,"href":"https:\/\/www.yoga-federation.eu\/cz\/wp-json\/wp\/v2\/categories?post=5975"},{"taxonomy":"post_tag","embeddable":true,"href":"https:\/\/www.yoga-federation.eu\/cz\/wp-json\/wp\/v2\/tags?post=5975"}],"curies":[{"name":"wp","href":"https:\/\/api.w.org\/{rel}","templated":true}]}}