{"id":5855,"date":"2022-10-13T11:54:55","date_gmt":"2022-10-13T11:54:55","guid":{"rendered":"https:\/\/www.yoga-federation.eu\/?p=5855"},"modified":"2022-10-13T12:00:22","modified_gmt":"2022-10-13T12:00:22","slug":"projekt-joga-v-parku-na-kampe-cvicte-jogu-s-nami-2022-uspesne-ukoncen","status":"publish","type":"post","link":"https:\/\/www.yoga-federation.eu\/cz\/projekt-joga-v-parku-na-kampe-cvicte-jogu-s-nami-2022-uspesne-ukoncen\/","title":{"rendered":"Projekt J\u00f3ga v Parku Na Kamp\u011b \u2013 Cvi\u010dte j\u00f3gu s n\u00e1mi 2022 \u00faspe\u0161ne ukon\u010den"},"content":{"rendered":"<div class=\"fusion-fullwidth fullwidth-box fusion-builder-row-1 fusion-flex-container nonhundred-percent-fullwidth non-hundred-percent-height-scrolling\" style=\"background-color: rgba(255,255,255,0);background-position: center center;background-repeat: no-repeat;border-width: 0px 0px 0px 0px;border-color:#eae9e9;border-style:solid;\" ><div class=\"fusion-builder-row fusion-row fusion-flex-align-items-flex-start\" style=\"max-width:1144px;margin-left: calc(-4% \/ 2 );margin-right: calc(-4% \/ 2 );\"><div class=\"fusion-layout-column fusion_builder_column fusion-builder-column-0 fusion_builder_column_1_1 1_1 fusion-flex-column\"><div class=\"fusion-column-wrapper fusion-flex-justify-content-flex-start fusion-content-layout-column\" style=\"background-position:left top;background-repeat:no-repeat;-webkit-background-size:cover;-moz-background-size:cover;-o-background-size:cover;background-size:cover;padding: 0px 0px 0px 0px;\"><div class=\"fusion-text fusion-text-1\"><h2 class=\"fusion-responsive-typography-calculated\" data-fontsize=\"18\" data-lineheight=\"27px\">Leto\u0161n\u00ed projekt Cvi\u010dte j\u00f3gu s n\u00e1mi v Parku na Kamp\u011b 2022 \u00faspe\u0161ne ukon\u010den<\/h2>\n<p>Evropsk\u00e1 federace j\u00f3gy pokra\u010dovala ve sv\u00e9m v\u00edcelet\u00e9m programu podpo\u0159y a afirmace zdrav\u00e9ho \u017eivotn\u00edho stylu mezi ob\u010dany Prahy a v propagaci j\u00f3gy jako sportu pro v\u0161echny. V obdob\u00ed od 19. \u010dervna do11. z\u00e1\u0159\u00ed 2022, prob\u00edhaly bezplatn\u00e9 lekce j\u00f3gy ka\u017edou ned\u011bl\u00ed od 16:00 do 17:30, a to na stejn\u00e9m m\u00edst\u011b, v parku na Kamp\u011b, Praha 1.<\/p>\n<p>Ve\u0159ejn\u00e9 lekce prob\u011bhl\u00e9 podle\u00a0<a href=\"https:\/\/www.yoga-federation.eu\/cz\/vzdelavaci-program-instruktor-jogy-zapis-probyha\/\">akreditovan\u00e9ho programu Evropsk\u00e9 federace j\u00f3gy<\/a>, a byly vedeny certifikov\u00e1n\u00fdmi instruktory s dlouholet\u00fdmi zku\u0161enostmi.<\/p>\n\n\t\t<style type=\"text\/css\">\n\t\t\t#gallery-1 {\n\t\t\t\tmargin: auto;\n\t\t\t}\n\t\t\t#gallery-1 .gallery-item {\n\t\t\t\tfloat: left;\n\t\t\t\tmargin-top: 10px;\n\t\t\t\ttext-align: center;\n\t\t\t\twidth: 16%;\n\t\t\t}\n\t\t\t#gallery-1 img {\n\t\t\t\tborder: 2px solid #cfcfcf;\n\t\t\t}\n\t\t\t#gallery-1 .gallery-caption {\n\t\t\t\tmargin-left: 0;\n\t\t\t}\n\t\t\t\/* see gallery_shortcode() in wp-includes\/media.php *\/\n\t\t<\/style>\n\t\t<div id='gallery-1' class='gallery galleryid-5855 gallery-columns-6 gallery-size-thumbnail'><dl class='gallery-item'>\n\t\t\t<dt class='gallery-icon landscape'>\n\t\t\t\t<a data-rel=\"iLightbox[postimages]\" data-title=\"J\u00f3ga v Parku Na Kamp\u011b \u2013 Cvi\u010dte j\u00f3gu s n\u00e1mi 2022-4\" data-caption=\"\" href='https:\/\/www.yoga-federation.eu\/wp-content\/uploads\/2022\/10\/Joga-v-Parku-Na-Kampe-\u2013-Cvicte-jogu-s-nami-2022-4.jpg'><img loading=\"lazy\" decoding=\"async\" width=\"150\" height=\"150\" src=\"https:\/\/www.yoga-federation.eu\/wp-content\/uploads\/2022\/10\/Joga-v-Parku-Na-Kampe-\u2013-Cvicte-jogu-s-nami-2022-4-150x150.jpg\" class=\"attachment-thumbnail size-thumbnail lazyload\" alt=\"Joga v Parku Na Kampe \u2013 Cvicte jogu s nami 2022\" srcset=\"data:image\/svg+xml,%3Csvg%20xmlns%3D%27http%3A%2F%2Fwww.w3.org%2F2000%2Fsvg%27%20width%3D%271600%27%20height%3D%271066%27%20viewBox%3D%270%200%201600%201066%27%3E%3Crect%20width%3D%271600%27%20height%3D%2731066%27%20fill-opacity%3D%220%22%2F%3E%3C%2Fsvg%3E\" data-orig-src=\"https:\/\/www.yoga-federation.eu\/wp-content\/uploads\/2022\/10\/Joga-v-Parku-Na-Kampe-\u2013-Cvicte-jogu-s-nami-2022-4-150x150.jpg\" data-srcset=\"https:\/\/www.yoga-federation.eu\/wp-content\/uploads\/2022\/10\/Joga-v-Parku-Na-Kampe-\u2013-Cvicte-jogu-s-nami-2022-4-66x66.jpg 66w, https:\/\/www.yoga-federation.eu\/wp-content\/uploads\/2022\/10\/Joga-v-Parku-Na-Kampe-\u2013-Cvicte-jogu-s-nami-2022-4-150x150.jpg 150w\" data-sizes=\"auto\" \/><\/a>\n\t\t\t<\/dt><\/dl><dl class='gallery-item'>\n\t\t\t<dt class='gallery-icon landscape'>\n\t\t\t\t<a data-rel=\"iLightbox[postimages]\" data-title=\"J\u00f3ga v Parku Na Kamp\u011b \u2013 Cvi\u010dte j\u00f3gu s n\u00e1mi 2022-5\" data-caption=\"\" href='https:\/\/www.yoga-federation.eu\/wp-content\/uploads\/2022\/10\/Joga-v-Parku-Na-Kampe-\u2013-Cvicte-jogu-s-nami-2022-5-1.jpg'><img loading=\"lazy\" decoding=\"async\" width=\"150\" height=\"150\" src=\"https:\/\/www.yoga-federation.eu\/wp-content\/uploads\/2022\/10\/Joga-v-Parku-Na-Kampe-\u2013-Cvicte-jogu-s-nami-2022-5-1-150x150.jpg\" class=\"attachment-thumbnail size-thumbnail lazyload\" alt=\"Joga v Parku Na Kampe \u2013 Cvicte jogu s nami 2022\" srcset=\"data:image\/svg+xml,%3Csvg%20xmlns%3D%27http%3A%2F%2Fwww.w3.org%2F2000%2Fsvg%27%20width%3D%27768%27%20height%3D%27748%27%20viewBox%3D%270%200%20768%20748%27%3E%3Crect%20width%3D%27768%27%20height%3D%273748%27%20fill-opacity%3D%220%22%2F%3E%3C%2Fsvg%3E\" data-orig-src=\"https:\/\/www.yoga-federation.eu\/wp-content\/uploads\/2022\/10\/Joga-v-Parku-Na-Kampe-\u2013-Cvicte-jogu-s-nami-2022-5-1-150x150.jpg\" data-srcset=\"https:\/\/www.yoga-federation.eu\/wp-content\/uploads\/2022\/10\/Joga-v-Parku-Na-Kampe-\u2013-Cvicte-jogu-s-nami-2022-5-1-66x66.jpg 66w, https:\/\/www.yoga-federation.eu\/wp-content\/uploads\/2022\/10\/Joga-v-Parku-Na-Kampe-\u2013-Cvicte-jogu-s-nami-2022-5-1-150x150.jpg 150w\" data-sizes=\"auto\" \/><\/a>\n\t\t\t<\/dt><\/dl><dl class='gallery-item'>\n\t\t\t<dt class='gallery-icon landscape'>\n\t\t\t\t<a data-rel=\"iLightbox[postimages]\" data-title=\"J\u00f3ga v Parku Na Kamp\u011b \u2013 Cvi\u010dte j\u00f3gu s n\u00e1mi 2022-1\" data-caption=\"\" href='https:\/\/www.yoga-federation.eu\/wp-content\/uploads\/2022\/10\/Joga-v-Parku-Na-Kampe-\u2013-Cvicte-jogu-s-nami-2022-1-1.jpg'><img loading=\"lazy\" decoding=\"async\" width=\"150\" height=\"150\" src=\"https:\/\/www.yoga-federation.eu\/wp-content\/uploads\/2022\/10\/Joga-v-Parku-Na-Kampe-\u2013-Cvicte-jogu-s-nami-2022-1-1-150x150.jpg\" class=\"attachment-thumbnail size-thumbnail lazyload\" alt=\"Joga v Parku Na Kampe \u2013 Cvicte jogu s nami 2022\" srcset=\"data:image\/svg+xml,%3Csvg%20xmlns%3D%27http%3A%2F%2Fwww.w3.org%2F2000%2Fsvg%27%20width%3D%271600%27%20height%3D%27483%27%20viewBox%3D%270%200%201600%20483%27%3E%3Crect%20width%3D%271600%27%20height%3D%273483%27%20fill-opacity%3D%220%22%2F%3E%3C%2Fsvg%3E\" data-orig-src=\"https:\/\/www.yoga-federation.eu\/wp-content\/uploads\/2022\/10\/Joga-v-Parku-Na-Kampe-\u2013-Cvicte-jogu-s-nami-2022-1-1-150x150.jpg\" data-srcset=\"https:\/\/www.yoga-federation.eu\/wp-content\/uploads\/2022\/10\/Joga-v-Parku-Na-Kampe-\u2013-Cvicte-jogu-s-nami-2022-1-1-66x66.jpg 66w, https:\/\/www.yoga-federation.eu\/wp-content\/uploads\/2022\/10\/Joga-v-Parku-Na-Kampe-\u2013-Cvicte-jogu-s-nami-2022-1-1-150x150.jpg 150w\" data-sizes=\"auto\" \/><\/a>\n\t\t\t<\/dt><\/dl><dl class='gallery-item'>\n\t\t\t<dt class='gallery-icon landscape'>\n\t\t\t\t<a data-rel=\"iLightbox[postimages]\" data-title=\"J\u00f3ga v Parku Na Kamp\u011b \u2013 Cvi\u010dte j\u00f3gu s n\u00e1mi 2022-3\" data-caption=\"\" href='https:\/\/www.yoga-federation.eu\/wp-content\/uploads\/2022\/10\/Joga-v-Parku-Na-Kampe-\u2013-Cvicte-jogu-s-nami-2022-3.jpg'><img loading=\"lazy\" decoding=\"async\" width=\"150\" height=\"150\" src=\"https:\/\/www.yoga-federation.eu\/wp-content\/uploads\/2022\/10\/Joga-v-Parku-Na-Kampe-\u2013-Cvicte-jogu-s-nami-2022-3-150x150.jpg\" class=\"attachment-thumbnail size-thumbnail lazyload\" alt=\"Joga v Parku Na Kampe \u2013 Cvicte jogu s nami 2022\" srcset=\"data:image\/svg+xml,%3Csvg%20xmlns%3D%27http%3A%2F%2Fwww.w3.org%2F2000%2Fsvg%27%20width%3D%271600%27%20height%3D%271066%27%20viewBox%3D%270%200%201600%201066%27%3E%3Crect%20width%3D%271600%27%20height%3D%2731066%27%20fill-opacity%3D%220%22%2F%3E%3C%2Fsvg%3E\" data-orig-src=\"https:\/\/www.yoga-federation.eu\/wp-content\/uploads\/2022\/10\/Joga-v-Parku-Na-Kampe-\u2013-Cvicte-jogu-s-nami-2022-3-150x150.jpg\" data-srcset=\"https:\/\/www.yoga-federation.eu\/wp-content\/uploads\/2022\/10\/Joga-v-Parku-Na-Kampe-\u2013-Cvicte-jogu-s-nami-2022-3-66x66.jpg 66w, https:\/\/www.yoga-federation.eu\/wp-content\/uploads\/2022\/10\/Joga-v-Parku-Na-Kampe-\u2013-Cvicte-jogu-s-nami-2022-3-150x150.jpg 150w\" data-sizes=\"auto\" \/><\/a>\n\t\t\t<\/dt><\/dl><dl class='gallery-item'>\n\t\t\t<dt class='gallery-icon landscape'>\n\t\t\t\t<a data-rel=\"iLightbox[postimages]\" data-title=\"J\u00f3ga v Parku Na Kamp\u011b \u2013 Cvi\u010dte j\u00f3gu s n\u00e1mi 2022\" data-caption=\"\" href='https:\/\/www.yoga-federation.eu\/wp-content\/uploads\/2022\/10\/Joga-v-Parku-Na-Kampe-\u2013-Cvicte-jogu-s-nami-2022-1.jpg'><img loading=\"lazy\" decoding=\"async\" width=\"150\" height=\"150\" src=\"https:\/\/www.yoga-federation.eu\/wp-content\/uploads\/2022\/10\/Joga-v-Parku-Na-Kampe-\u2013-Cvicte-jogu-s-nami-2022-1-150x150.jpg\" class=\"attachment-thumbnail size-thumbnail lazyload\" alt=\"Joga v Parku Na Kampe \u2013 Cvicte jogu s nami 2022\" srcset=\"data:image\/svg+xml,%3Csvg%20xmlns%3D%27http%3A%2F%2Fwww.w3.org%2F2000%2Fsvg%27%20width%3D%271600%27%20height%3D%271061%27%20viewBox%3D%270%200%201600%201061%27%3E%3Crect%20width%3D%271600%27%20height%3D%2731061%27%20fill-opacity%3D%220%22%2F%3E%3C%2Fsvg%3E\" data-orig-src=\"https:\/\/www.yoga-federation.eu\/wp-content\/uploads\/2022\/10\/Joga-v-Parku-Na-Kampe-\u2013-Cvicte-jogu-s-nami-2022-1-150x150.jpg\" data-srcset=\"https:\/\/www.yoga-federation.eu\/wp-content\/uploads\/2022\/10\/Joga-v-Parku-Na-Kampe-\u2013-Cvicte-jogu-s-nami-2022-1-66x66.jpg 66w, https:\/\/www.yoga-federation.eu\/wp-content\/uploads\/2022\/10\/Joga-v-Parku-Na-Kampe-\u2013-Cvicte-jogu-s-nami-2022-1-150x150.jpg 150w\" data-sizes=\"auto\" \/><\/a>\n\t\t\t<\/dt><\/dl><dl class='gallery-item'>\n\t\t\t<dt class='gallery-icon landscape'>\n\t\t\t\t<a data-rel=\"iLightbox[postimages]\" data-title=\"CVI\u010cTE JOGU S NAMI &#8211; KAMPA PARK 2022\" data-caption=\"\" href='https:\/\/www.yoga-federation.eu\/wp-content\/uploads\/2022\/10\/CVICTE-JOGU-S-NAMI-KAMPA-PARK-2022-1.jpg'><img loading=\"lazy\" decoding=\"async\" width=\"150\" height=\"150\" src=\"https:\/\/www.yoga-federation.eu\/wp-content\/uploads\/2022\/10\/CVICTE-JOGU-S-NAMI-KAMPA-PARK-2022-1-150x150.jpg\" class=\"attachment-thumbnail size-thumbnail lazyload\" alt=\"Joga v Parku Na Kampe \u2013 Cvicte jogu s nami 2022\" srcset=\"data:image\/svg+xml,%3Csvg%20xmlns%3D%27http%3A%2F%2Fwww.w3.org%2F2000%2Fsvg%27%20width%3D%271080%27%20height%3D%271080%27%20viewBox%3D%270%200%201080%201080%27%3E%3Crect%20width%3D%271080%27%20height%3D%2731080%27%20fill-opacity%3D%220%22%2F%3E%3C%2Fsvg%3E\" data-orig-src=\"https:\/\/www.yoga-federation.eu\/wp-content\/uploads\/2022\/10\/CVICTE-JOGU-S-NAMI-KAMPA-PARK-2022-1-150x150.jpg\" data-srcset=\"https:\/\/www.yoga-federation.eu\/wp-content\/uploads\/2022\/10\/CVICTE-JOGU-S-NAMI-KAMPA-PARK-2022-1-66x66.jpg 66w, https:\/\/www.yoga-federation.eu\/wp-content\/uploads\/2022\/10\/CVICTE-JOGU-S-NAMI-KAMPA-PARK-2022-1-150x150.jpg 150w, https:\/\/www.yoga-federation.eu\/wp-content\/uploads\/2022\/10\/CVICTE-JOGU-S-NAMI-KAMPA-PARK-2022-1-200x200.jpg 200w, https:\/\/www.yoga-federation.eu\/wp-content\/uploads\/2022\/10\/CVICTE-JOGU-S-NAMI-KAMPA-PARK-2022-1-300x300.jpg 300w, https:\/\/www.yoga-federation.eu\/wp-content\/uploads\/2022\/10\/CVICTE-JOGU-S-NAMI-KAMPA-PARK-2022-1-400x400.jpg 400w, https:\/\/www.yoga-federation.eu\/wp-content\/uploads\/2022\/10\/CVICTE-JOGU-S-NAMI-KAMPA-PARK-2022-1-600x600.jpg 600w, https:\/\/www.yoga-federation.eu\/wp-content\/uploads\/2022\/10\/CVICTE-JOGU-S-NAMI-KAMPA-PARK-2022-1-768x768.jpg 768w, https:\/\/www.yoga-federation.eu\/wp-content\/uploads\/2022\/10\/CVICTE-JOGU-S-NAMI-KAMPA-PARK-2022-1-800x800.jpg 800w, https:\/\/www.yoga-federation.eu\/wp-content\/uploads\/2022\/10\/CVICTE-JOGU-S-NAMI-KAMPA-PARK-2022-1-1024x1024.jpg 1024w, https:\/\/www.yoga-federation.eu\/wp-content\/uploads\/2022\/10\/CVICTE-JOGU-S-NAMI-KAMPA-PARK-2022-1.jpg 1080w\" data-sizes=\"auto\" \/><\/a>\n\t\t\t<\/dt><\/dl><br style=\"clear: both\" \/>\n\t\t<\/div>\n\n<p style=\"text-align: center;\"><strong>Uskute\u010dn\u011bno za podpory<\/strong><\/p>\n<p><a class=\"fusion-no-lightbox\" href=\"https:\/\/www.praha1.cz\/cvicte-jogu-s-nami-na-kampe-2021\/\" target=\"_blank\" rel=\"noopener\"><img loading=\"lazy\" decoding=\"async\" class=\"lazyload aligncenter wp-image-1996 size-200\" src=\"https:\/\/www.yoga-federation.eu\/wp-content\/uploads\/2017\/05\/Praha1_Reklamni-logo_CMYK-200x188.jpg\" data-orig-src=\"https:\/\/www.yoga-federation.eu\/wp-content\/uploads\/2017\/05\/Praha1_Reklamni-logo_CMYK-200x188.jpg\" data-sizes=\"auto\" data-orig-sizes=\"auto, (max-width: 200px) 100vw, 200px\" srcset=\"data:image\/svg+xml,%3Csvg%20xmlns%3D%27http%3A%2F%2Fwww.w3.org%2F2000%2Fsvg%27%20width%3D%27200%27%20height%3D%27188%27%20viewBox%3D%270%200%20200%20188%27%3E%3Crect%20width%3D%27200%27%20height%3D%273188%27%20fill-opacity%3D%220%22%2F%3E%3C%2Fsvg%3E\" data-srcset=\"https:\/\/www.yoga-federation.eu\/wp-content\/uploads\/2017\/05\/Praha1_Reklamni-logo_CMYK-200x188.jpg 200w, https:\/\/www.yoga-federation.eu\/wp-content\/uploads\/2017\/05\/Praha1_Reklamni-logo_CMYK-300x282.jpg 300w, https:\/\/www.yoga-federation.eu\/wp-content\/uploads\/2017\/05\/Praha1_Reklamni-logo_CMYK-400x376.jpg 400w, https:\/\/www.yoga-federation.eu\/wp-content\/uploads\/2017\/05\/Praha1_Reklamni-logo_CMYK-600x564.jpg 600w, https:\/\/www.yoga-federation.eu\/wp-content\/uploads\/2017\/05\/Praha1_Reklamni-logo_CMYK-768x722.jpg 768w, https:\/\/www.yoga-federation.eu\/wp-content\/uploads\/2017\/05\/Praha1_Reklamni-logo_CMYK-800x752.jpg 800w, https:\/\/www.yoga-federation.eu\/wp-content\/uploads\/2017\/05\/Praha1_Reklamni-logo_CMYK.jpg 1024w\" alt=\"praha 1\" width=\"200\" height=\"188\" \/><\/a><\/p>\n<\/div><\/div><\/div><style type=\"text\/css\">.fusion-body .fusion-builder-column-0{width:100% !important;margin-top : 0px;margin-bottom : 20px;}.fusion-builder-column-0 > .fusion-column-wrapper {padding-top : 0px !important;padding-right : 0px !important;margin-right : 1.92%;padding-bottom : 0px !important;padding-left : 0px !important;margin-left : 1.92%;}@media only screen and (max-width:1024px) {.fusion-body .fusion-builder-column-0{width:100% !important;order : 0;}.fusion-builder-column-0 > .fusion-column-wrapper {margin-right : 1.92%;margin-left : 1.92%;}}@media only screen and (max-width:640px) {.fusion-body .fusion-builder-column-0{width:100% !important;order : 0;}.fusion-builder-column-0 > .fusion-column-wrapper {margin-right : 1.92%;margin-left : 1.92%;}}<\/style><\/div><style type=\"text\/css\">.fusion-body .fusion-flex-container.fusion-builder-row-1{ padding-top : 0px;margin-top : 0px;padding-right : 0px;padding-bottom : 0px;margin-bottom : 0px;padding-left : 0px;}<\/style><\/div>\n","protected":false},"excerpt":{"rendered":"","protected":false},"author":6,"featured_media":5880,"comment_status":"closed","ping_status":"open","sticky":false,"template":"","format":"standard","meta":{"footnotes":""},"categories":[87,64],"tags":[],"class_list":["post-5855","post","type-post","status-publish","format-standard","has-post-thumbnail","hentry","category-cvicte-jogu-s-nami","category-projekty"],"yoast_head":"<!-- This site is optimized with the Yoast SEO plugin v27.4 - https:\/\/yoast.com\/product\/yoast-seo-wordpress\/ -->\n<title>Projekt J\u00f3ga v Parku Na Kamp\u011b \u2013 Cvi\u010dte j\u00f3gu s n\u00e1mi 2022 \u00faspe\u0161ne ukon\u010den - Yoga Federation of Europe<\/title>\n<meta name=\"robots\" content=\"index, follow, max-snippet:-1, max-image-preview:large, max-video-preview:-1\" \/>\n<link rel=\"canonical\" href=\"https:\/\/www.yoga-federation.eu\/cz\/projekt-joga-v-parku-na-kampe-cvicte-jogu-s-nami-2022-uspesne-ukoncen\/\" \/>\n<meta property=\"og:locale\" content=\"en_US\" \/>\n<meta property=\"og:type\" content=\"article\" \/>\n<meta property=\"og:title\" content=\"Projekt J\u00f3ga v Parku Na Kamp\u011b \u2013 Cvi\u010dte j\u00f3gu s n\u00e1mi 2022 \u00faspe\u0161ne ukon\u010den - Yoga Federation of Europe\" \/>\n<meta property=\"og:url\" content=\"https:\/\/www.yoga-federation.eu\/cz\/projekt-joga-v-parku-na-kampe-cvicte-jogu-s-nami-2022-uspesne-ukoncen\/\" \/>\n<meta property=\"og:site_name\" content=\"Yoga Federation of Europe\" \/>\n<meta property=\"article:published_time\" content=\"2022-10-13T11:54:55+00:00\" \/>\n<meta property=\"article:modified_time\" content=\"2022-10-13T12:00:22+00:00\" \/>\n<meta property=\"og:image\" content=\"https:\/\/www.yoga-federation.eu\/wp-content\/uploads\/2022\/10\/Joga-v-Parku-Na-Kampe-\u2013-Cvicte-jogu-s-nami-2022-4.jpg\" \/>\n\t<meta property=\"og:image:width\" content=\"1600\" \/>\n\t<meta property=\"og:image:height\" content=\"1066\" \/>\n\t<meta property=\"og:image:type\" content=\"image\/jpeg\" \/>\n<meta name=\"author\" content=\"YFE\" \/>\n<meta name=\"twitter:card\" content=\"summary_large_image\" \/>\n<meta name=\"twitter:label1\" content=\"Written by\" \/>\n\t<meta name=\"twitter:data1\" content=\"YFE\" \/>\n\t<meta name=\"twitter:label2\" content=\"Est. reading time\" \/>\n\t<meta name=\"twitter:data2\" content=\"2 minutes\" \/>\n<script type=\"application\/ld+json\" class=\"yoast-schema-graph\">{\"@context\":\"https:\\\/\\\/schema.org\",\"@graph\":[{\"@type\":\"Article\",\"@id\":\"https:\\\/\\\/www.yoga-federation.eu\\\/cz\\\/projekt-joga-v-parku-na-kampe-cvicte-jogu-s-nami-2022-uspesne-ukoncen\\\/#article\",\"isPartOf\":{\"@id\":\"https:\\\/\\\/www.yoga-federation.eu\\\/cz\\\/projekt-joga-v-parku-na-kampe-cvicte-jogu-s-nami-2022-uspesne-ukoncen\\\/\"},\"author\":{\"name\":\"YFE\",\"@id\":\"https:\\\/\\\/www.yoga-federation.eu\\\/#\\\/schema\\\/person\\\/c70b5a8f7323477f70814bd277cc9105\"},\"headline\":\"Projekt J\u00f3ga v Parku Na Kamp\u011b \u2013 Cvi\u010dte j\u00f3gu s n\u00e1mi 2022 \u00faspe\u0161ne ukon\u010den\",\"datePublished\":\"2022-10-13T11:54:55+00:00\",\"dateModified\":\"2022-10-13T12:00:22+00:00\",\"mainEntityOfPage\":{\"@id\":\"https:\\\/\\\/www.yoga-federation.eu\\\/cz\\\/projekt-joga-v-parku-na-kampe-cvicte-jogu-s-nami-2022-uspesne-ukoncen\\\/\"},\"wordCount\":728,\"image\":{\"@id\":\"https:\\\/\\\/www.yoga-federation.eu\\\/cz\\\/projekt-joga-v-parku-na-kampe-cvicte-jogu-s-nami-2022-uspesne-ukoncen\\\/#primaryimage\"},\"thumbnailUrl\":\"https:\\\/\\\/www.yoga-federation.eu\\\/wp-content\\\/uploads\\\/2022\\\/10\\\/Joga-v-Parku-Na-Kampe-\u2013-Cvicte-jogu-s-nami-2022-4.jpg\",\"articleSection\":[\"Cvi\u010dte j\u00f3gu s n\u00e1mi\",\"Projekty\"],\"inLanguage\":\"cz-CZ\"},{\"@type\":\"WebPage\",\"@id\":\"https:\\\/\\\/www.yoga-federation.eu\\\/cz\\\/projekt-joga-v-parku-na-kampe-cvicte-jogu-s-nami-2022-uspesne-ukoncen\\\/\",\"url\":\"https:\\\/\\\/www.yoga-federation.eu\\\/cz\\\/projekt-joga-v-parku-na-kampe-cvicte-jogu-s-nami-2022-uspesne-ukoncen\\\/\",\"name\":\"Projekt J\u00f3ga v Parku Na Kamp\u011b \u2013 Cvi\u010dte j\u00f3gu s n\u00e1mi 2022 \u00faspe\u0161ne ukon\u010den - Yoga Federation of Europe\",\"isPartOf\":{\"@id\":\"https:\\\/\\\/www.yoga-federation.eu\\\/#website\"},\"primaryImageOfPage\":{\"@id\":\"https:\\\/\\\/www.yoga-federation.eu\\\/cz\\\/projekt-joga-v-parku-na-kampe-cvicte-jogu-s-nami-2022-uspesne-ukoncen\\\/#primaryimage\"},\"image\":{\"@id\":\"https:\\\/\\\/www.yoga-federation.eu\\\/cz\\\/projekt-joga-v-parku-na-kampe-cvicte-jogu-s-nami-2022-uspesne-ukoncen\\\/#primaryimage\"},\"thumbnailUrl\":\"https:\\\/\\\/www.yoga-federation.eu\\\/wp-content\\\/uploads\\\/2022\\\/10\\\/Joga-v-Parku-Na-Kampe-\u2013-Cvicte-jogu-s-nami-2022-4.jpg\",\"datePublished\":\"2022-10-13T11:54:55+00:00\",\"dateModified\":\"2022-10-13T12:00:22+00:00\",\"author\":{\"@id\":\"https:\\\/\\\/www.yoga-federation.eu\\\/#\\\/schema\\\/person\\\/c70b5a8f7323477f70814bd277cc9105\"},\"breadcrumb\":{\"@id\":\"https:\\\/\\\/www.yoga-federation.eu\\\/cz\\\/projekt-joga-v-parku-na-kampe-cvicte-jogu-s-nami-2022-uspesne-ukoncen\\\/#breadcrumb\"},\"inLanguage\":\"cz-CZ\",\"potentialAction\":[{\"@type\":\"ReadAction\",\"target\":[\"https:\\\/\\\/www.yoga-federation.eu\\\/cz\\\/projekt-joga-v-parku-na-kampe-cvicte-jogu-s-nami-2022-uspesne-ukoncen\\\/\"]}]},{\"@type\":\"ImageObject\",\"inLanguage\":\"cz-CZ\",\"@id\":\"https:\\\/\\\/www.yoga-federation.eu\\\/cz\\\/projekt-joga-v-parku-na-kampe-cvicte-jogu-s-nami-2022-uspesne-ukoncen\\\/#primaryimage\",\"url\":\"https:\\\/\\\/www.yoga-federation.eu\\\/wp-content\\\/uploads\\\/2022\\\/10\\\/Joga-v-Parku-Na-Kampe-\u2013-Cvicte-jogu-s-nami-2022-4.jpg\",\"contentUrl\":\"https:\\\/\\\/www.yoga-federation.eu\\\/wp-content\\\/uploads\\\/2022\\\/10\\\/Joga-v-Parku-Na-Kampe-\u2013-Cvicte-jogu-s-nami-2022-4.jpg\",\"width\":1600,\"height\":1066,\"caption\":\"Joga v Parku Na Kampe \u2013 Cvicte jogu s nami 2022\"},{\"@type\":\"BreadcrumbList\",\"@id\":\"https:\\\/\\\/www.yoga-federation.eu\\\/cz\\\/projekt-joga-v-parku-na-kampe-cvicte-jogu-s-nami-2022-uspesne-ukoncen\\\/#breadcrumb\",\"itemListElement\":[{\"@type\":\"ListItem\",\"position\":1,\"name\":\"Home\",\"item\":\"https:\\\/\\\/www.yoga-federation.eu\\\/cz\\\/\"},{\"@type\":\"ListItem\",\"position\":2,\"name\":\"Projekt J\u00f3ga v Parku Na Kamp\u011b \u2013 Cvi\u010dte j\u00f3gu s n\u00e1mi 2022 \u00faspe\u0161ne ukon\u010den\"}]},{\"@type\":\"WebSite\",\"@id\":\"https:\\\/\\\/www.yoga-federation.eu\\\/#website\",\"url\":\"https:\\\/\\\/www.yoga-federation.eu\\\/\",\"name\":\"Yoga Federation of Europe\",\"description\":\"Yoga in Europe\",\"potentialAction\":[{\"@type\":\"SearchAction\",\"target\":{\"@type\":\"EntryPoint\",\"urlTemplate\":\"https:\\\/\\\/www.yoga-federation.eu\\\/?s={search_term_string}\"},\"query-input\":{\"@type\":\"PropertyValueSpecification\",\"valueRequired\":true,\"valueName\":\"search_term_string\"}}],\"inLanguage\":\"cz-CZ\"},{\"@type\":\"Person\",\"@id\":\"https:\\\/\\\/www.yoga-federation.eu\\\/#\\\/schema\\\/person\\\/c70b5a8f7323477f70814bd277cc9105\",\"name\":\"YFE\",\"image\":{\"@type\":\"ImageObject\",\"inLanguage\":\"cz-CZ\",\"@id\":\"https:\\\/\\\/secure.gravatar.com\\\/avatar\\\/64f6beecfc59c339d337f0a16c80bfc143a5e623923f6f42beb67b25788f3e50?s=96&d=mm&r=g\",\"url\":\"https:\\\/\\\/secure.gravatar.com\\\/avatar\\\/64f6beecfc59c339d337f0a16c80bfc143a5e623923f6f42beb67b25788f3e50?s=96&d=mm&r=g\",\"contentUrl\":\"https:\\\/\\\/secure.gravatar.com\\\/avatar\\\/64f6beecfc59c339d337f0a16c80bfc143a5e623923f6f42beb67b25788f3e50?s=96&d=mm&r=g\",\"caption\":\"YFE\"},\"url\":\"https:\\\/\\\/www.yoga-federation.eu\\\/cz\\\/author\\\/ana\\\/\"}]}<\/script>\n<!-- \/ Yoast SEO plugin. -->","yoast_head_json":{"title":"Projekt J\u00f3ga v Parku Na Kamp\u011b \u2013 Cvi\u010dte j\u00f3gu s n\u00e1mi 2022 \u00faspe\u0161ne ukon\u010den - Yoga Federation of Europe","robots":{"index":"index","follow":"follow","max-snippet":"max-snippet:-1","max-image-preview":"max-image-preview:large","max-video-preview":"max-video-preview:-1"},"canonical":"https:\/\/www.yoga-federation.eu\/cz\/projekt-joga-v-parku-na-kampe-cvicte-jogu-s-nami-2022-uspesne-ukoncen\/","og_locale":"en_US","og_type":"article","og_title":"Projekt J\u00f3ga v Parku Na Kamp\u011b \u2013 Cvi\u010dte j\u00f3gu s n\u00e1mi 2022 \u00faspe\u0161ne ukon\u010den - Yoga Federation of Europe","og_url":"https:\/\/www.yoga-federation.eu\/cz\/projekt-joga-v-parku-na-kampe-cvicte-jogu-s-nami-2022-uspesne-ukoncen\/","og_site_name":"Yoga Federation of Europe","article_published_time":"2022-10-13T11:54:55+00:00","article_modified_time":"2022-10-13T12:00:22+00:00","og_image":[{"width":1600,"height":1066,"url":"https:\/\/www.yoga-federation.eu\/wp-content\/uploads\/2022\/10\/Joga-v-Parku-Na-Kampe-\u2013-Cvicte-jogu-s-nami-2022-4.jpg","type":"image\/jpeg"}],"author":"YFE","twitter_card":"summary_large_image","twitter_misc":{"Written by":"YFE","Est. reading time":"2 minutes"},"schema":{"@context":"https:\/\/schema.org","@graph":[{"@type":"Article","@id":"https:\/\/www.yoga-federation.eu\/cz\/projekt-joga-v-parku-na-kampe-cvicte-jogu-s-nami-2022-uspesne-ukoncen\/#article","isPartOf":{"@id":"https:\/\/www.yoga-federation.eu\/cz\/projekt-joga-v-parku-na-kampe-cvicte-jogu-s-nami-2022-uspesne-ukoncen\/"},"author":{"name":"YFE","@id":"https:\/\/www.yoga-federation.eu\/#\/schema\/person\/c70b5a8f7323477f70814bd277cc9105"},"headline":"Projekt J\u00f3ga v Parku Na Kamp\u011b \u2013 Cvi\u010dte j\u00f3gu s n\u00e1mi 2022 \u00faspe\u0161ne ukon\u010den","datePublished":"2022-10-13T11:54:55+00:00","dateModified":"2022-10-13T12:00:22+00:00","mainEntityOfPage":{"@id":"https:\/\/www.yoga-federation.eu\/cz\/projekt-joga-v-parku-na-kampe-cvicte-jogu-s-nami-2022-uspesne-ukoncen\/"},"wordCount":728,"image":{"@id":"https:\/\/www.yoga-federation.eu\/cz\/projekt-joga-v-parku-na-kampe-cvicte-jogu-s-nami-2022-uspesne-ukoncen\/#primaryimage"},"thumbnailUrl":"https:\/\/www.yoga-federation.eu\/wp-content\/uploads\/2022\/10\/Joga-v-Parku-Na-Kampe-\u2013-Cvicte-jogu-s-nami-2022-4.jpg","articleSection":["Cvi\u010dte j\u00f3gu s n\u00e1mi","Projekty"],"inLanguage":"cz-CZ"},{"@type":"WebPage","@id":"https:\/\/www.yoga-federation.eu\/cz\/projekt-joga-v-parku-na-kampe-cvicte-jogu-s-nami-2022-uspesne-ukoncen\/","url":"https:\/\/www.yoga-federation.eu\/cz\/projekt-joga-v-parku-na-kampe-cvicte-jogu-s-nami-2022-uspesne-ukoncen\/","name":"Projekt J\u00f3ga v Parku Na Kamp\u011b \u2013 Cvi\u010dte j\u00f3gu s n\u00e1mi 2022 \u00faspe\u0161ne ukon\u010den - Yoga Federation of Europe","isPartOf":{"@id":"https:\/\/www.yoga-federation.eu\/#website"},"primaryImageOfPage":{"@id":"https:\/\/www.yoga-federation.eu\/cz\/projekt-joga-v-parku-na-kampe-cvicte-jogu-s-nami-2022-uspesne-ukoncen\/#primaryimage"},"image":{"@id":"https:\/\/www.yoga-federation.eu\/cz\/projekt-joga-v-parku-na-kampe-cvicte-jogu-s-nami-2022-uspesne-ukoncen\/#primaryimage"},"thumbnailUrl":"https:\/\/www.yoga-federation.eu\/wp-content\/uploads\/2022\/10\/Joga-v-Parku-Na-Kampe-\u2013-Cvicte-jogu-s-nami-2022-4.jpg","datePublished":"2022-10-13T11:54:55+00:00","dateModified":"2022-10-13T12:00:22+00:00","author":{"@id":"https:\/\/www.yoga-federation.eu\/#\/schema\/person\/c70b5a8f7323477f70814bd277cc9105"},"breadcrumb":{"@id":"https:\/\/www.yoga-federation.eu\/cz\/projekt-joga-v-parku-na-kampe-cvicte-jogu-s-nami-2022-uspesne-ukoncen\/#breadcrumb"},"inLanguage":"cz-CZ","potentialAction":[{"@type":"ReadAction","target":["https:\/\/www.yoga-federation.eu\/cz\/projekt-joga-v-parku-na-kampe-cvicte-jogu-s-nami-2022-uspesne-ukoncen\/"]}]},{"@type":"ImageObject","inLanguage":"cz-CZ","@id":"https:\/\/www.yoga-federation.eu\/cz\/projekt-joga-v-parku-na-kampe-cvicte-jogu-s-nami-2022-uspesne-ukoncen\/#primaryimage","url":"https:\/\/www.yoga-federation.eu\/wp-content\/uploads\/2022\/10\/Joga-v-Parku-Na-Kampe-\u2013-Cvicte-jogu-s-nami-2022-4.jpg","contentUrl":"https:\/\/www.yoga-federation.eu\/wp-content\/uploads\/2022\/10\/Joga-v-Parku-Na-Kampe-\u2013-Cvicte-jogu-s-nami-2022-4.jpg","width":1600,"height":1066,"caption":"Joga v Parku Na Kampe \u2013 Cvicte jogu s nami 2022"},{"@type":"BreadcrumbList","@id":"https:\/\/www.yoga-federation.eu\/cz\/projekt-joga-v-parku-na-kampe-cvicte-jogu-s-nami-2022-uspesne-ukoncen\/#breadcrumb","itemListElement":[{"@type":"ListItem","position":1,"name":"Home","item":"https:\/\/www.yoga-federation.eu\/cz\/"},{"@type":"ListItem","position":2,"name":"Projekt J\u00f3ga v Parku Na Kamp\u011b \u2013 Cvi\u010dte j\u00f3gu s n\u00e1mi 2022 \u00faspe\u0161ne ukon\u010den"}]},{"@type":"WebSite","@id":"https:\/\/www.yoga-federation.eu\/#website","url":"https:\/\/www.yoga-federation.eu\/","name":"Yoga Federation of Europe","description":"Yoga in Europe","potentialAction":[{"@type":"SearchAction","target":{"@type":"EntryPoint","urlTemplate":"https:\/\/www.yoga-federation.eu\/?s={search_term_string}"},"query-input":{"@type":"PropertyValueSpecification","valueRequired":true,"valueName":"search_term_string"}}],"inLanguage":"cz-CZ"},{"@type":"Person","@id":"https:\/\/www.yoga-federation.eu\/#\/schema\/person\/c70b5a8f7323477f70814bd277cc9105","name":"YFE","image":{"@type":"ImageObject","inLanguage":"cz-CZ","@id":"https:\/\/secure.gravatar.com\/avatar\/64f6beecfc59c339d337f0a16c80bfc143a5e623923f6f42beb67b25788f3e50?s=96&d=mm&r=g","url":"https:\/\/secure.gravatar.com\/avatar\/64f6beecfc59c339d337f0a16c80bfc143a5e623923f6f42beb67b25788f3e50?s=96&d=mm&r=g","contentUrl":"https:\/\/secure.gravatar.com\/avatar\/64f6beecfc59c339d337f0a16c80bfc143a5e623923f6f42beb67b25788f3e50?s=96&d=mm&r=g","caption":"YFE"},"url":"https:\/\/www.yoga-federation.eu\/cz\/author\/ana\/"}]}},"_links":{"self":[{"href":"https:\/\/www.yoga-federation.eu\/cz\/wp-json\/wp\/v2\/posts\/5855","targetHints":{"allow":["GET"]}}],"collection":[{"href":"https:\/\/www.yoga-federation.eu\/cz\/wp-json\/wp\/v2\/posts"}],"about":[{"href":"https:\/\/www.yoga-federation.eu\/cz\/wp-json\/wp\/v2\/types\/post"}],"author":[{"embeddable":true,"href":"https:\/\/www.yoga-federation.eu\/cz\/wp-json\/wp\/v2\/users\/6"}],"replies":[{"embeddable":true,"href":"https:\/\/www.yoga-federation.eu\/cz\/wp-json\/wp\/v2\/comments?post=5855"}],"version-history":[{"count":0,"href":"https:\/\/www.yoga-federation.eu\/cz\/wp-json\/wp\/v2\/posts\/5855\/revisions"}],"wp:featuredmedia":[{"embeddable":true,"href":"https:\/\/www.yoga-federation.eu\/cz\/wp-json\/wp\/v2\/media\/5880"}],"wp:attachment":[{"href":"https:\/\/www.yoga-federation.eu\/cz\/wp-json\/wp\/v2\/media?parent=5855"}],"wp:term":[{"taxonomy":"category","embeddable":true,"href":"https:\/\/www.yoga-federation.eu\/cz\/wp-json\/wp\/v2\/categories?post=5855"},{"taxonomy":"post_tag","embeddable":true,"href":"https:\/\/www.yoga-federation.eu\/cz\/wp-json\/wp\/v2\/tags?post=5855"}],"curies":[{"name":"wp","href":"https:\/\/api.w.org\/{rel}","templated":true}]}}