{"id":5363,"date":"2020-06-19T08:35:19","date_gmt":"2020-06-19T08:35:19","guid":{"rendered":"https:\/\/www.yoga-federation.eu\/?p=5363"},"modified":"2020-06-19T08:36:44","modified_gmt":"2020-06-19T08:36:44","slug":"mezinarodni-den-jogy-2020","status":"publish","type":"post","link":"https:\/\/www.yoga-federation.eu\/cz\/mezinarodni-den-jogy-2020\/","title":{"rendered":"Mezin\u00e1rodn\u00ed den j\u00f3gy 2020"},"content":{"rendered":"<div class=\"fusion-fullwidth fullwidth-box fusion-builder-row-1 nonhundred-percent-fullwidth non-hundred-percent-height-scrolling\" style=\"background-color: rgba(255,255,255,0);background-position: center center;background-repeat: no-repeat;padding-top:0px;padding-right:0px;padding-bottom:0px;padding-left:0px;margin-bottom: 0px;margin-top: 0px;border-width: 0px 0px 0px 0px;border-color:#eae9e9;border-style:solid;\" ><div class=\"fusion-builder-row fusion-row\"><div class=\"fusion-layout-column fusion_builder_column fusion-builder-column-0 fusion_builder_column_1_1 1_1 fusion-one-full fusion-column-first fusion-column-last\" style=\"margin-top:0px;margin-bottom:20px;\"><div class=\"fusion-column-wrapper fusion-flex-column-wrapper-legacy\" style=\"background-position:left top;background-repeat:no-repeat;-webkit-background-size:cover;-moz-background-size:cover;-o-background-size:cover;background-size:cover;padding: 0px 0px 0px 0px;\"><div class=\"fusion-text fusion-text-1\"><p>Letos se \u010dlenov\u00e9 Evropk\u00e9 Federace J\u00f3gy p\u0159ipoj\u00ed tak\u00e9 k iniciativ\u011b indick\u00e9 vl\u00e1dy p\u0159i oslav\u011b Mezin\u00e1rodn\u00edho dne j\u00f3gy s akcemi v cel\u00e9 Evrop\u011b.<\/p>\n<p>V m\u00edru, radosti a l\u00e1sce&#8230;<\/p>\n<p><a href=\"https:\/\/www.yoga-federation.eu\/wp-content\/uploads\/2019\/05\/Velke-evropske-jogove-predstaveni-2019-4.jpg\"><img loading=\"lazy\" decoding=\"async\" class=\"lazyload aligncenter wp-image-4440 size-600\" src=\"https:\/\/www.yoga-federation.eu\/wp-content\/uploads\/2019\/05\/Velke-evropske-jogove-predstaveni-2019-4-600x393.jpg\" data-orig-src=\"https:\/\/www.yoga-federation.eu\/wp-content\/uploads\/2019\/05\/Velke-evropske-jogove-predstaveni-2019-4-600x393.jpg\" alt=\"Velke evropske jogove predstaveni 2019-5\" width=\"600\" height=\"393\" srcset=\"data:image\/svg+xml,%3Csvg%20xmlns%3D%27http%3A%2F%2Fwww.w3.org%2F2000%2Fsvg%27%20width%3D%27600%27%20height%3D%27393%27%20viewBox%3D%270%200%20600%20393%27%3E%3Crect%20width%3D%27600%27%20height%3D%273393%27%20fill-opacity%3D%220%22%2F%3E%3C%2Fsvg%3E\" data-srcset=\"https:\/\/www.yoga-federation.eu\/wp-content\/uploads\/2019\/05\/Velke-evropske-jogove-predstaveni-2019-4-200x131.jpg 200w, https:\/\/www.yoga-federation.eu\/wp-content\/uploads\/2019\/05\/Velke-evropske-jogove-predstaveni-2019-4-300x197.jpg 300w, https:\/\/www.yoga-federation.eu\/wp-content\/uploads\/2019\/05\/Velke-evropske-jogove-predstaveni-2019-4-400x262.jpg 400w, https:\/\/www.yoga-federation.eu\/wp-content\/uploads\/2019\/05\/Velke-evropske-jogove-predstaveni-2019-4-600x393.jpg 600w, https:\/\/www.yoga-federation.eu\/wp-content\/uploads\/2019\/05\/Velke-evropske-jogove-predstaveni-2019-4-768x504.jpg 768w, https:\/\/www.yoga-federation.eu\/wp-content\/uploads\/2019\/05\/Velke-evropske-jogove-predstaveni-2019-4-800x525.jpg 800w, https:\/\/www.yoga-federation.eu\/wp-content\/uploads\/2019\/05\/Velke-evropske-jogove-predstaveni-2019-4-1024x671.jpg 1024w, https:\/\/www.yoga-federation.eu\/wp-content\/uploads\/2019\/05\/Velke-evropske-jogove-predstaveni-2019-4-1200x787.jpg 1200w, https:\/\/www.yoga-federation.eu\/wp-content\/uploads\/2019\/05\/Velke-evropske-jogove-predstaveni-2019-4.jpg 1600w\" data-sizes=\"auto\" data-orig-sizes=\"auto, (max-width: 600px) 100vw, 600px\" \/><\/a><\/p>\n<\/div><div class=\"fusion-clearfix\"><\/div><\/div><\/div><\/div><\/div>\n","protected":false},"excerpt":{"rendered":"","protected":false},"author":6,"featured_media":4440,"comment_status":"closed","ping_status":"open","sticky":false,"template":"","format":"standard","meta":{"footnotes":""},"categories":[56,110],"tags":[],"class_list":["post-5363","post","type-post","status-publish","format-standard","has-post-thumbnail","hentry","category-activity","category-aktivity-v-roce-2020"],"yoast_head":"<!-- This site is optimized with the Yoast SEO plugin v27.4 - https:\/\/yoast.com\/product\/yoast-seo-wordpress\/ -->\n<title>Mezin\u00e1rodn\u00ed den j\u00f3gy 2020 - Yoga Federation of Europe<\/title>\n<meta name=\"robots\" content=\"index, follow, max-snippet:-1, max-image-preview:large, max-video-preview:-1\" \/>\n<link rel=\"canonical\" href=\"https:\/\/www.yoga-federation.eu\/cz\/mezinarodni-den-jogy-2020\/\" \/>\n<meta property=\"og:locale\" content=\"en_US\" \/>\n<meta property=\"og:type\" content=\"article\" \/>\n<meta property=\"og:title\" content=\"Mezin\u00e1rodn\u00ed den j\u00f3gy 2020 - Yoga Federation of Europe\" \/>\n<meta property=\"og:url\" content=\"https:\/\/www.yoga-federation.eu\/cz\/mezinarodni-den-jogy-2020\/\" \/>\n<meta property=\"og:site_name\" content=\"Yoga Federation of Europe\" \/>\n<meta property=\"article:published_time\" content=\"2020-06-19T08:35:19+00:00\" \/>\n<meta property=\"article:modified_time\" content=\"2020-06-19T08:36:44+00:00\" \/>\n<meta property=\"og:image\" content=\"https:\/\/www.yoga-federation.eu\/wp-content\/uploads\/2019\/05\/Velke-evropske-jogove-predstaveni-2019-4.jpg\" \/>\n\t<meta property=\"og:image:width\" content=\"1600\" \/>\n\t<meta property=\"og:image:height\" content=\"1049\" \/>\n\t<meta property=\"og:image:type\" content=\"image\/jpeg\" \/>\n<meta name=\"author\" content=\"YFE\" \/>\n<meta name=\"twitter:card\" content=\"summary_large_image\" \/>\n<meta name=\"twitter:label1\" content=\"Written by\" \/>\n\t<meta name=\"twitter:data1\" content=\"YFE\" \/>\n\t<meta name=\"twitter:label2\" content=\"Est. reading time\" \/>\n\t<meta name=\"twitter:data2\" content=\"1 minute\" \/>\n<script type=\"application\/ld+json\" class=\"yoast-schema-graph\">{\"@context\":\"https:\\\/\\\/schema.org\",\"@graph\":[{\"@type\":\"Article\",\"@id\":\"https:\\\/\\\/www.yoga-federation.eu\\\/cz\\\/mezinarodni-den-jogy-2020\\\/#article\",\"isPartOf\":{\"@id\":\"https:\\\/\\\/www.yoga-federation.eu\\\/cz\\\/mezinarodni-den-jogy-2020\\\/\"},\"author\":{\"name\":\"YFE\",\"@id\":\"https:\\\/\\\/www.yoga-federation.eu\\\/#\\\/schema\\\/person\\\/c70b5a8f7323477f70814bd277cc9105\"},\"headline\":\"Mezin\u00e1rodn\u00ed den j\u00f3gy 2020\",\"datePublished\":\"2020-06-19T08:35:19+00:00\",\"dateModified\":\"2020-06-19T08:36:44+00:00\",\"mainEntityOfPage\":{\"@id\":\"https:\\\/\\\/www.yoga-federation.eu\\\/cz\\\/mezinarodni-den-jogy-2020\\\/\"},\"wordCount\":268,\"image\":{\"@id\":\"https:\\\/\\\/www.yoga-federation.eu\\\/cz\\\/mezinarodni-den-jogy-2020\\\/#primaryimage\"},\"thumbnailUrl\":\"https:\\\/\\\/www.yoga-federation.eu\\\/wp-content\\\/uploads\\\/2019\\\/05\\\/Velke-evropske-jogove-predstaveni-2019-4.jpg\",\"articleSection\":[\"Activity\",\"Aktivity v roce 2020\"],\"inLanguage\":\"cz-CZ\"},{\"@type\":\"WebPage\",\"@id\":\"https:\\\/\\\/www.yoga-federation.eu\\\/cz\\\/mezinarodni-den-jogy-2020\\\/\",\"url\":\"https:\\\/\\\/www.yoga-federation.eu\\\/cz\\\/mezinarodni-den-jogy-2020\\\/\",\"name\":\"Mezin\u00e1rodn\u00ed den j\u00f3gy 2020 - Yoga Federation of Europe\",\"isPartOf\":{\"@id\":\"https:\\\/\\\/www.yoga-federation.eu\\\/#website\"},\"primaryImageOfPage\":{\"@id\":\"https:\\\/\\\/www.yoga-federation.eu\\\/cz\\\/mezinarodni-den-jogy-2020\\\/#primaryimage\"},\"image\":{\"@id\":\"https:\\\/\\\/www.yoga-federation.eu\\\/cz\\\/mezinarodni-den-jogy-2020\\\/#primaryimage\"},\"thumbnailUrl\":\"https:\\\/\\\/www.yoga-federation.eu\\\/wp-content\\\/uploads\\\/2019\\\/05\\\/Velke-evropske-jogove-predstaveni-2019-4.jpg\",\"datePublished\":\"2020-06-19T08:35:19+00:00\",\"dateModified\":\"2020-06-19T08:36:44+00:00\",\"author\":{\"@id\":\"https:\\\/\\\/www.yoga-federation.eu\\\/#\\\/schema\\\/person\\\/c70b5a8f7323477f70814bd277cc9105\"},\"breadcrumb\":{\"@id\":\"https:\\\/\\\/www.yoga-federation.eu\\\/cz\\\/mezinarodni-den-jogy-2020\\\/#breadcrumb\"},\"inLanguage\":\"cz-CZ\",\"potentialAction\":[{\"@type\":\"ReadAction\",\"target\":[\"https:\\\/\\\/www.yoga-federation.eu\\\/cz\\\/mezinarodni-den-jogy-2020\\\/\"]}]},{\"@type\":\"ImageObject\",\"inLanguage\":\"cz-CZ\",\"@id\":\"https:\\\/\\\/www.yoga-federation.eu\\\/cz\\\/mezinarodni-den-jogy-2020\\\/#primaryimage\",\"url\":\"https:\\\/\\\/www.yoga-federation.eu\\\/wp-content\\\/uploads\\\/2019\\\/05\\\/Velke-evropske-jogove-predstaveni-2019-4.jpg\",\"contentUrl\":\"https:\\\/\\\/www.yoga-federation.eu\\\/wp-content\\\/uploads\\\/2019\\\/05\\\/Velke-evropske-jogove-predstaveni-2019-4.jpg\",\"width\":1600,\"height\":1049,\"caption\":\"Velke evropske jogove predstaveni 2019-5\"},{\"@type\":\"BreadcrumbList\",\"@id\":\"https:\\\/\\\/www.yoga-federation.eu\\\/cz\\\/mezinarodni-den-jogy-2020\\\/#breadcrumb\",\"itemListElement\":[{\"@type\":\"ListItem\",\"position\":1,\"name\":\"Home\",\"item\":\"https:\\\/\\\/www.yoga-federation.eu\\\/cz\\\/\"},{\"@type\":\"ListItem\",\"position\":2,\"name\":\"Mezin\u00e1rodn\u00ed den j\u00f3gy 2020\"}]},{\"@type\":\"WebSite\",\"@id\":\"https:\\\/\\\/www.yoga-federation.eu\\\/#website\",\"url\":\"https:\\\/\\\/www.yoga-federation.eu\\\/\",\"name\":\"Yoga Federation of Europe\",\"description\":\"Yoga in Europe\",\"potentialAction\":[{\"@type\":\"SearchAction\",\"target\":{\"@type\":\"EntryPoint\",\"urlTemplate\":\"https:\\\/\\\/www.yoga-federation.eu\\\/?s={search_term_string}\"},\"query-input\":{\"@type\":\"PropertyValueSpecification\",\"valueRequired\":true,\"valueName\":\"search_term_string\"}}],\"inLanguage\":\"cz-CZ\"},{\"@type\":\"Person\",\"@id\":\"https:\\\/\\\/www.yoga-federation.eu\\\/#\\\/schema\\\/person\\\/c70b5a8f7323477f70814bd277cc9105\",\"name\":\"YFE\",\"image\":{\"@type\":\"ImageObject\",\"inLanguage\":\"cz-CZ\",\"@id\":\"https:\\\/\\\/secure.gravatar.com\\\/avatar\\\/64f6beecfc59c339d337f0a16c80bfc143a5e623923f6f42beb67b25788f3e50?s=96&d=mm&r=g\",\"url\":\"https:\\\/\\\/secure.gravatar.com\\\/avatar\\\/64f6beecfc59c339d337f0a16c80bfc143a5e623923f6f42beb67b25788f3e50?s=96&d=mm&r=g\",\"contentUrl\":\"https:\\\/\\\/secure.gravatar.com\\\/avatar\\\/64f6beecfc59c339d337f0a16c80bfc143a5e623923f6f42beb67b25788f3e50?s=96&d=mm&r=g\",\"caption\":\"YFE\"},\"url\":\"https:\\\/\\\/www.yoga-federation.eu\\\/cz\\\/author\\\/ana\\\/\"}]}<\/script>\n<!-- \/ Yoast SEO plugin. -->","yoast_head_json":{"title":"Mezin\u00e1rodn\u00ed den j\u00f3gy 2020 - Yoga Federation of Europe","robots":{"index":"index","follow":"follow","max-snippet":"max-snippet:-1","max-image-preview":"max-image-preview:large","max-video-preview":"max-video-preview:-1"},"canonical":"https:\/\/www.yoga-federation.eu\/cz\/mezinarodni-den-jogy-2020\/","og_locale":"en_US","og_type":"article","og_title":"Mezin\u00e1rodn\u00ed den j\u00f3gy 2020 - Yoga Federation of Europe","og_url":"https:\/\/www.yoga-federation.eu\/cz\/mezinarodni-den-jogy-2020\/","og_site_name":"Yoga Federation of Europe","article_published_time":"2020-06-19T08:35:19+00:00","article_modified_time":"2020-06-19T08:36:44+00:00","og_image":[{"width":1600,"height":1049,"url":"https:\/\/www.yoga-federation.eu\/wp-content\/uploads\/2019\/05\/Velke-evropske-jogove-predstaveni-2019-4.jpg","type":"image\/jpeg"}],"author":"YFE","twitter_card":"summary_large_image","twitter_misc":{"Written by":"YFE","Est. reading time":"1 minute"},"schema":{"@context":"https:\/\/schema.org","@graph":[{"@type":"Article","@id":"https:\/\/www.yoga-federation.eu\/cz\/mezinarodni-den-jogy-2020\/#article","isPartOf":{"@id":"https:\/\/www.yoga-federation.eu\/cz\/mezinarodni-den-jogy-2020\/"},"author":{"name":"YFE","@id":"https:\/\/www.yoga-federation.eu\/#\/schema\/person\/c70b5a8f7323477f70814bd277cc9105"},"headline":"Mezin\u00e1rodn\u00ed den j\u00f3gy 2020","datePublished":"2020-06-19T08:35:19+00:00","dateModified":"2020-06-19T08:36:44+00:00","mainEntityOfPage":{"@id":"https:\/\/www.yoga-federation.eu\/cz\/mezinarodni-den-jogy-2020\/"},"wordCount":268,"image":{"@id":"https:\/\/www.yoga-federation.eu\/cz\/mezinarodni-den-jogy-2020\/#primaryimage"},"thumbnailUrl":"https:\/\/www.yoga-federation.eu\/wp-content\/uploads\/2019\/05\/Velke-evropske-jogove-predstaveni-2019-4.jpg","articleSection":["Activity","Aktivity v roce 2020"],"inLanguage":"cz-CZ"},{"@type":"WebPage","@id":"https:\/\/www.yoga-federation.eu\/cz\/mezinarodni-den-jogy-2020\/","url":"https:\/\/www.yoga-federation.eu\/cz\/mezinarodni-den-jogy-2020\/","name":"Mezin\u00e1rodn\u00ed den j\u00f3gy 2020 - Yoga Federation of Europe","isPartOf":{"@id":"https:\/\/www.yoga-federation.eu\/#website"},"primaryImageOfPage":{"@id":"https:\/\/www.yoga-federation.eu\/cz\/mezinarodni-den-jogy-2020\/#primaryimage"},"image":{"@id":"https:\/\/www.yoga-federation.eu\/cz\/mezinarodni-den-jogy-2020\/#primaryimage"},"thumbnailUrl":"https:\/\/www.yoga-federation.eu\/wp-content\/uploads\/2019\/05\/Velke-evropske-jogove-predstaveni-2019-4.jpg","datePublished":"2020-06-19T08:35:19+00:00","dateModified":"2020-06-19T08:36:44+00:00","author":{"@id":"https:\/\/www.yoga-federation.eu\/#\/schema\/person\/c70b5a8f7323477f70814bd277cc9105"},"breadcrumb":{"@id":"https:\/\/www.yoga-federation.eu\/cz\/mezinarodni-den-jogy-2020\/#breadcrumb"},"inLanguage":"cz-CZ","potentialAction":[{"@type":"ReadAction","target":["https:\/\/www.yoga-federation.eu\/cz\/mezinarodni-den-jogy-2020\/"]}]},{"@type":"ImageObject","inLanguage":"cz-CZ","@id":"https:\/\/www.yoga-federation.eu\/cz\/mezinarodni-den-jogy-2020\/#primaryimage","url":"https:\/\/www.yoga-federation.eu\/wp-content\/uploads\/2019\/05\/Velke-evropske-jogove-predstaveni-2019-4.jpg","contentUrl":"https:\/\/www.yoga-federation.eu\/wp-content\/uploads\/2019\/05\/Velke-evropske-jogove-predstaveni-2019-4.jpg","width":1600,"height":1049,"caption":"Velke evropske jogove predstaveni 2019-5"},{"@type":"BreadcrumbList","@id":"https:\/\/www.yoga-federation.eu\/cz\/mezinarodni-den-jogy-2020\/#breadcrumb","itemListElement":[{"@type":"ListItem","position":1,"name":"Home","item":"https:\/\/www.yoga-federation.eu\/cz\/"},{"@type":"ListItem","position":2,"name":"Mezin\u00e1rodn\u00ed den j\u00f3gy 2020"}]},{"@type":"WebSite","@id":"https:\/\/www.yoga-federation.eu\/#website","url":"https:\/\/www.yoga-federation.eu\/","name":"Yoga Federation of Europe","description":"Yoga in Europe","potentialAction":[{"@type":"SearchAction","target":{"@type":"EntryPoint","urlTemplate":"https:\/\/www.yoga-federation.eu\/?s={search_term_string}"},"query-input":{"@type":"PropertyValueSpecification","valueRequired":true,"valueName":"search_term_string"}}],"inLanguage":"cz-CZ"},{"@type":"Person","@id":"https:\/\/www.yoga-federation.eu\/#\/schema\/person\/c70b5a8f7323477f70814bd277cc9105","name":"YFE","image":{"@type":"ImageObject","inLanguage":"cz-CZ","@id":"https:\/\/secure.gravatar.com\/avatar\/64f6beecfc59c339d337f0a16c80bfc143a5e623923f6f42beb67b25788f3e50?s=96&d=mm&r=g","url":"https:\/\/secure.gravatar.com\/avatar\/64f6beecfc59c339d337f0a16c80bfc143a5e623923f6f42beb67b25788f3e50?s=96&d=mm&r=g","contentUrl":"https:\/\/secure.gravatar.com\/avatar\/64f6beecfc59c339d337f0a16c80bfc143a5e623923f6f42beb67b25788f3e50?s=96&d=mm&r=g","caption":"YFE"},"url":"https:\/\/www.yoga-federation.eu\/cz\/author\/ana\/"}]}},"_links":{"self":[{"href":"https:\/\/www.yoga-federation.eu\/cz\/wp-json\/wp\/v2\/posts\/5363","targetHints":{"allow":["GET"]}}],"collection":[{"href":"https:\/\/www.yoga-federation.eu\/cz\/wp-json\/wp\/v2\/posts"}],"about":[{"href":"https:\/\/www.yoga-federation.eu\/cz\/wp-json\/wp\/v2\/types\/post"}],"author":[{"embeddable":true,"href":"https:\/\/www.yoga-federation.eu\/cz\/wp-json\/wp\/v2\/users\/6"}],"replies":[{"embeddable":true,"href":"https:\/\/www.yoga-federation.eu\/cz\/wp-json\/wp\/v2\/comments?post=5363"}],"version-history":[{"count":0,"href":"https:\/\/www.yoga-federation.eu\/cz\/wp-json\/wp\/v2\/posts\/5363\/revisions"}],"wp:featuredmedia":[{"embeddable":true,"href":"https:\/\/www.yoga-federation.eu\/cz\/wp-json\/wp\/v2\/media\/4440"}],"wp:attachment":[{"href":"https:\/\/www.yoga-federation.eu\/cz\/wp-json\/wp\/v2\/media?parent=5363"}],"wp:term":[{"taxonomy":"category","embeddable":true,"href":"https:\/\/www.yoga-federation.eu\/cz\/wp-json\/wp\/v2\/categories?post=5363"},{"taxonomy":"post_tag","embeddable":true,"href":"https:\/\/www.yoga-federation.eu\/cz\/wp-json\/wp\/v2\/tags?post=5363"}],"curies":[{"name":"wp","href":"https:\/\/api.w.org\/{rel}","templated":true}]}}