{"id":5287,"date":"2020-06-02T17:07:00","date_gmt":"2020-06-02T17:07:00","guid":{"rendered":"https:\/\/www.yoga-federation.eu\/?p=5287"},"modified":"2020-07-10T07:57:46","modified_gmt":"2020-07-10T07:57:46","slug":"lekce-jogy-zdarma-v-chrudimi-cvicte-jogu-s-nami-2020","status":"publish","type":"post","link":"https:\/\/www.yoga-federation.eu\/cz\/lekce-jogy-zdarma-v-chrudimi-cvicte-jogu-s-nami-2020\/","title":{"rendered":"Lekce j\u00f3gy zdarma v Chrudimi &#8211; Cvi\u010dte j\u00f3gu s n\u00e1mi 2020"},"content":{"rendered":"<div class=\"fusion-fullwidth fullwidth-box fusion-builder-row-1 nonhundred-percent-fullwidth non-hundred-percent-height-scrolling\" style=\"background-color: rgba(255,255,255,0);background-position: center center;background-repeat: no-repeat;padding-top:0px;padding-right:0px;padding-bottom:0px;padding-left:0px;margin-bottom: 0px;margin-top: 0px;border-width: 0px 0px 0px 0px;border-color:#eae9e9;border-style:solid;\" ><div class=\"fusion-builder-row fusion-row\"><div class=\"fusion-layout-column fusion_builder_column fusion-builder-column-0 fusion_builder_column_1_1 1_1 fusion-one-full fusion-column-first fusion-column-last\" style=\"margin-top:0px;margin-bottom:20px;\"><div class=\"fusion-column-wrapper fusion-flex-column-wrapper-legacy\" style=\"background-position:left top;background-repeat:no-repeat;-webkit-background-size:cover;-moz-background-size:cover;-o-background-size:cover;background-size:cover;padding: 0px 0px 0px 0px;\"><div class=\"fusion-text fusion-text-1\"><p>Lekce j\u00f3gy zdarma v parku Kl\u00e1\u0161tern\u00ed zahrady v Chrudimi budou prob\u00edhat v term\u00ednech: 12. 7., 19. 7., 2. 8., 9. 8. od 16:00 do 17:30 hodin.<\/p>\n<p>Projekt \u201eCvi\u010dte j\u00f3gu s n\u00e1mi v Chrudimi 2020 \u201c po\u0159\u00e1d\u00e1 Evropsk\u00e1 federace j\u00f3gy pod z\u00e1\u0161titou starosty m\u011bsta Chrudim Ing. Franti\u0161kem Piln\u00fdm, MBA. Partnerem projektu je Mezin\u00e1rodn\u00ed j\u00f3gov\u00e1 Akademie.<\/p>\n<p>Hodiny j\u00f3gy bude v\u00e9st Barbora Fialov\u00e1, certifikovana lektorka Evropsk\u00e9 federace j\u00f3gy.<\/p>\n<p><a href=\"https:\/\/www.yoga-federation.eu\/wp-content\/uploads\/2020\/06\/Lekce-j\u00f3gy-zdarma-Chrudim.jpg\"><img loading=\"lazy\" decoding=\"async\" class=\"lazyload aligncenter wp-image-5288 size-400\" src=\"https:\/\/www.yoga-federation.eu\/wp-content\/uploads\/2020\/06\/Lekce-j\u00f3gy-zdarma-Chrudim-400x400.jpg\" data-orig-src=\"https:\/\/www.yoga-federation.eu\/wp-content\/uploads\/2020\/06\/Lekce-j\u00f3gy-zdarma-Chrudim-400x400.jpg\" alt=\"Lekce jogy zdarma, Chrudim\" width=\"400\" height=\"400\" srcset=\"data:image\/svg+xml,%3Csvg%20xmlns%3D%27http%3A%2F%2Fwww.w3.org%2F2000%2Fsvg%27%20width%3D%27400%27%20height%3D%27400%27%20viewBox%3D%270%200%20400%20400%27%3E%3Crect%20width%3D%27400%27%20height%3D%273400%27%20fill-opacity%3D%220%22%2F%3E%3C%2Fsvg%3E\" data-srcset=\"https:\/\/www.yoga-federation.eu\/wp-content\/uploads\/2020\/06\/Lekce-j\u00f3gy-zdarma-Chrudim-66x66.jpg 66w, https:\/\/www.yoga-federation.eu\/wp-content\/uploads\/2020\/06\/Lekce-j\u00f3gy-zdarma-Chrudim-150x150.jpg 150w, https:\/\/www.yoga-federation.eu\/wp-content\/uploads\/2020\/06\/Lekce-j\u00f3gy-zdarma-Chrudim-200x200.jpg 200w, https:\/\/www.yoga-federation.eu\/wp-content\/uploads\/2020\/06\/Lekce-j\u00f3gy-zdarma-Chrudim-300x300.jpg 300w, https:\/\/www.yoga-federation.eu\/wp-content\/uploads\/2020\/06\/Lekce-j\u00f3gy-zdarma-Chrudim-400x400.jpg 400w, https:\/\/www.yoga-federation.eu\/wp-content\/uploads\/2020\/06\/Lekce-j\u00f3gy-zdarma-Chrudim-600x600.jpg 600w, https:\/\/www.yoga-federation.eu\/wp-content\/uploads\/2020\/06\/Lekce-j\u00f3gy-zdarma-Chrudim-768x768.jpg 768w, https:\/\/www.yoga-federation.eu\/wp-content\/uploads\/2020\/06\/Lekce-j\u00f3gy-zdarma-Chrudim-800x800.jpg 800w, https:\/\/www.yoga-federation.eu\/wp-content\/uploads\/2020\/06\/Lekce-j\u00f3gy-zdarma-Chrudim-1024x1024.jpg 1024w, https:\/\/www.yoga-federation.eu\/wp-content\/uploads\/2020\/06\/Lekce-j\u00f3gy-zdarma-Chrudim.jpg 1080w\" data-sizes=\"auto\" data-orig-sizes=\"auto, (max-width: 400px) 100vw, 400px\" \/><\/a><\/p>\n<p>Z\u00e1jemci by m\u011bli m\u00edt pohodln\u00e9 oble\u010den\u00ed, vodu a p\u0159in\u00e9st si podlo\u017eku na cvi\u010den\u00ed.<br \/>\nP\u0159esn\u00e1 lokace: Kl\u00e1\u0161tern\u00ed zahrady, Chrudim.<\/p>\n<p><a href=\"https:\/\/www.yoga-federation.eu\/wp-content\/uploads\/2020\/06\/Lekce-j\u00f3gy-zdarma-v-Chrudimi-Cvi\u010dte-j\u00f3gu-s-n\u00e1mi-2020.jpg\"><img loading=\"lazy\" decoding=\"async\" class=\"lazyload aligncenter wp-image-5350 size-600\" src=\"https:\/\/www.yoga-federation.eu\/wp-content\/uploads\/2020\/06\/Lekce-j\u00f3gy-zdarma-v-Chrudimi-Cvi\u010dte-j\u00f3gu-s-n\u00e1mi-2020-600x400.jpg\" data-orig-src=\"https:\/\/www.yoga-federation.eu\/wp-content\/uploads\/2020\/06\/Lekce-j\u00f3gy-zdarma-v-Chrudimi-Cvi\u010dte-j\u00f3gu-s-n\u00e1mi-2020-600x400.jpg\" alt=\"Lekce jogy zdarma v Chrudimi - Cvicte jogu s nami 2020\" width=\"600\" height=\"400\" srcset=\"data:image\/svg+xml,%3Csvg%20xmlns%3D%27http%3A%2F%2Fwww.w3.org%2F2000%2Fsvg%27%20width%3D%27600%27%20height%3D%27400%27%20viewBox%3D%270%200%20600%20400%27%3E%3Crect%20width%3D%27600%27%20height%3D%273400%27%20fill-opacity%3D%220%22%2F%3E%3C%2Fsvg%3E\" data-srcset=\"https:\/\/www.yoga-federation.eu\/wp-content\/uploads\/2020\/06\/Lekce-j\u00f3gy-zdarma-v-Chrudimi-Cvi\u010dte-j\u00f3gu-s-n\u00e1mi-2020-200x133.jpg 200w, https:\/\/www.yoga-federation.eu\/wp-content\/uploads\/2020\/06\/Lekce-j\u00f3gy-zdarma-v-Chrudimi-Cvi\u010dte-j\u00f3gu-s-n\u00e1mi-2020-300x200.jpg 300w, https:\/\/www.yoga-federation.eu\/wp-content\/uploads\/2020\/06\/Lekce-j\u00f3gy-zdarma-v-Chrudimi-Cvi\u010dte-j\u00f3gu-s-n\u00e1mi-2020-400x267.jpg 400w, https:\/\/www.yoga-federation.eu\/wp-content\/uploads\/2020\/06\/Lekce-j\u00f3gy-zdarma-v-Chrudimi-Cvi\u010dte-j\u00f3gu-s-n\u00e1mi-2020-600x400.jpg 600w, https:\/\/www.yoga-federation.eu\/wp-content\/uploads\/2020\/06\/Lekce-j\u00f3gy-zdarma-v-Chrudimi-Cvi\u010dte-j\u00f3gu-s-n\u00e1mi-2020-768x512.jpg 768w, https:\/\/www.yoga-federation.eu\/wp-content\/uploads\/2020\/06\/Lekce-j\u00f3gy-zdarma-v-Chrudimi-Cvi\u010dte-j\u00f3gu-s-n\u00e1mi-2020-800x533.jpg 800w, https:\/\/www.yoga-federation.eu\/wp-content\/uploads\/2020\/06\/Lekce-j\u00f3gy-zdarma-v-Chrudimi-Cvi\u010dte-j\u00f3gu-s-n\u00e1mi-2020-1024x682.jpg 1024w, https:\/\/www.yoga-federation.eu\/wp-content\/uploads\/2020\/06\/Lekce-j\u00f3gy-zdarma-v-Chrudimi-Cvi\u010dte-j\u00f3gu-s-n\u00e1mi-2020-1200x800.jpg 1200w, https:\/\/www.yoga-federation.eu\/wp-content\/uploads\/2020\/06\/Lekce-j\u00f3gy-zdarma-v-Chrudimi-Cvi\u010dte-j\u00f3gu-s-n\u00e1mi-2020.jpg 1600w\" data-sizes=\"auto\" data-orig-sizes=\"auto, (max-width: 600px) 100vw, 600px\" \/><\/a><\/p>\n<p>V p\u0159\u00edpad\u011b nep\u0159\u00edzniv\u00e9ho po\u010das\u00ed se lekce j\u00f3gy nebude konat.<br \/>\nPro ve\u0161ker\u00e9 dal\u0161\u00ed informace n\u00e1s kontaktujte na e-mail: yoga.yfe@gmail.com.<\/p>\n<p>Vstup na akci je zdarma! P\u0159ipojte se!<\/p>\n<p style=\"text-align: center;\"><a href=\"https:\/\/www.yoga-federation.eu\/wp-content\/uploads\/2020\/06\/Chrudim.tif\"><img loading=\"lazy\" decoding=\"async\" class=\"lazyload alignnone size-200 wp-image-5401\" src=\"data:image\/svg+xml,%3Csvg%20xmlns%3D%27http%3A%2F%2Fwww.w3.org%2F2000%2Fsvg%27%20width%3D%271%27%20height%3D%271%27%20viewBox%3D%270%200%201%201%27%3E%3Crect%20width%3D%271%27%20height%3D%2731%27%20fill-opacity%3D%220%22%2F%3E%3C%2Fsvg%3E\" data-orig-src=\"https:\/\/www.yoga-federation.eu\/wp-content\/uploads\/2020\/06\/Chrudim.tif\" alt=\"\" width=\"1\" height=\"1\" \/><\/a><a href=\"https:\/\/www.yoga-federation.eu\/wp-content\/uploads\/2020\/06\/Chrudim.tif\"><img loading=\"lazy\" decoding=\"async\" class=\"lazyload alignnone size-200 wp-image-5401 aligncenter\" src=\"data:image\/svg+xml,%3Csvg%20xmlns%3D%27http%3A%2F%2Fwww.w3.org%2F2000%2Fsvg%27%20width%3D%271%27%20height%3D%271%27%20viewBox%3D%270%200%201%201%27%3E%3Crect%20width%3D%271%27%20height%3D%2731%27%20fill-opacity%3D%220%22%2F%3E%3C%2Fsvg%3E\" data-orig-src=\"https:\/\/www.yoga-federation.eu\/wp-content\/uploads\/2020\/06\/Chrudim.tif\" alt=\"\" width=\"1\" height=\"1\" \/><\/a><a href=\"https:\/\/www.yoga-federation.eu\/wp-content\/uploads\/2020\/06\/znak_Chrudim_.jpg\"><img loading=\"lazy\" decoding=\"async\" class=\"lazyload alignnone wp-image-5413\" src=\"https:\/\/www.yoga-federation.eu\/wp-content\/uploads\/2020\/06\/znak_Chrudim_-200x231.jpg\" data-orig-src=\"https:\/\/www.yoga-federation.eu\/wp-content\/uploads\/2020\/06\/znak_Chrudim_-200x231.jpg\" alt=\"\" width=\"127\" height=\"147\" srcset=\"data:image\/svg+xml,%3Csvg%20xmlns%3D%27http%3A%2F%2Fwww.w3.org%2F2000%2Fsvg%27%20width%3D%27127%27%20height%3D%27147%27%20viewBox%3D%270%200%20127%20147%27%3E%3Crect%20width%3D%27127%27%20height%3D%273147%27%20fill-opacity%3D%220%22%2F%3E%3C%2Fsvg%3E\" data-srcset=\"https:\/\/www.yoga-federation.eu\/wp-content\/uploads\/2020\/06\/znak_Chrudim_-200x231.jpg 200w, https:\/\/www.yoga-federation.eu\/wp-content\/uploads\/2020\/06\/znak_Chrudim_-260x300.jpg 260w, https:\/\/www.yoga-federation.eu\/wp-content\/uploads\/2020\/06\/znak_Chrudim_-400x461.jpg 400w, https:\/\/www.yoga-federation.eu\/wp-content\/uploads\/2020\/06\/znak_Chrudim_-600x692.jpg 600w, https:\/\/www.yoga-federation.eu\/wp-content\/uploads\/2020\/06\/znak_Chrudim_-768x885.jpg 768w, https:\/\/www.yoga-federation.eu\/wp-content\/uploads\/2020\/06\/znak_Chrudim_-800x922.jpg 800w, https:\/\/www.yoga-federation.eu\/wp-content\/uploads\/2020\/06\/znak_Chrudim_-889x1024.jpg 889w, https:\/\/www.yoga-federation.eu\/wp-content\/uploads\/2020\/06\/znak_Chrudim_.jpg 1200w\" data-sizes=\"auto\" data-orig-sizes=\"auto, (max-width: 127px) 100vw, 127px\" \/><\/a><\/p>\n<p style=\"text-align: center;\"><strong>Medi\u00e1ln\u00ed podpora<\/strong><\/p>\n<p style=\"text-align: center;\"><a class=\"fusion-no-lightbox\" href=\"https:\/\/www.kudyznudy.cz\/\" target=\"_blank\" rel=\"noopener noreferrer\" data-caption=\"\"><img loading=\"lazy\" decoding=\"async\" class=\"lazyload wp-image-2009 aligncenter\" src=\"https:\/\/www.yoga-federation.eu\/wp-content\/uploads\/2017\/05\/kudyznudy-RGB-300x50.jpg\" data-orig-src=\"https:\/\/www.yoga-federation.eu\/wp-content\/uploads\/2017\/05\/kudyznudy-RGB-300x50.jpg\" data-sizes=\"auto\" data-orig-sizes=\"auto, (max-width: 478px) 100vw, 478px\" srcset=\"data:image\/svg+xml,%3Csvg%20xmlns%3D%27http%3A%2F%2Fwww.w3.org%2F2000%2Fsvg%27%20width%3D%27222%27%20height%3D%2737%27%20viewBox%3D%270%200%20222%2037%27%3E%3Crect%20width%3D%27222%27%20height%3D%27337%27%20fill-opacity%3D%220%22%2F%3E%3C%2Fsvg%3E\" data-srcset=\"https:\/\/www.yoga-federation.eu\/wp-content\/uploads\/2017\/05\/kudyznudy-RGB-200x33.jpg 200w, https:\/\/www.yoga-federation.eu\/wp-content\/uploads\/2017\/05\/kudyznudy-RGB-300x50.jpg 300w, https:\/\/www.yoga-federation.eu\/wp-content\/uploads\/2017\/05\/kudyznudy-RGB-400x67.jpg 400w, https:\/\/www.yoga-federation.eu\/wp-content\/uploads\/2017\/05\/kudyznudy-RGB.jpg 478w\" alt=\"\" width=\"222\" height=\"37\" \/><\/a><\/p>\n<\/div><div class=\"fusion-clearfix\"><\/div><\/div><\/div><\/div><\/div>\n","protected":false},"excerpt":{"rendered":"","protected":false},"author":6,"featured_media":5288,"comment_status":"closed","ping_status":"open","sticky":false,"template":"","format":"standard","meta":{"footnotes":""},"categories":[110,87,64,40],"tags":[],"class_list":["post-5287","post","type-post","status-publish","format-standard","has-post-thumbnail","hentry","category-aktivity-v-roce-2020","category-cvicte-jogu-s-nami","category-projekty","category-uncategorized-cz"],"yoast_head":"<!-- This site is optimized with the Yoast SEO plugin v27.4 - https:\/\/yoast.com\/product\/yoast-seo-wordpress\/ -->\n<title>Lekce j\u00f3gy zdarma v Chrudimi - Cvi\u010dte j\u00f3gu s n\u00e1mi 2020 - Yoga Federation of Europe<\/title>\n<meta name=\"robots\" content=\"index, follow, max-snippet:-1, max-image-preview:large, max-video-preview:-1\" \/>\n<link rel=\"canonical\" href=\"https:\/\/www.yoga-federation.eu\/cz\/lekce-jogy-zdarma-v-chrudimi-cvicte-jogu-s-nami-2020\/\" \/>\n<meta property=\"og:locale\" content=\"en_US\" \/>\n<meta property=\"og:type\" content=\"article\" \/>\n<meta property=\"og:title\" content=\"Lekce j\u00f3gy zdarma v Chrudimi - Cvi\u010dte j\u00f3gu s n\u00e1mi 2020 - Yoga Federation of Europe\" \/>\n<meta property=\"og:url\" content=\"https:\/\/www.yoga-federation.eu\/cz\/lekce-jogy-zdarma-v-chrudimi-cvicte-jogu-s-nami-2020\/\" \/>\n<meta property=\"og:site_name\" content=\"Yoga Federation of Europe\" \/>\n<meta property=\"article:published_time\" content=\"2020-06-02T17:07:00+00:00\" \/>\n<meta property=\"article:modified_time\" content=\"2020-07-10T07:57:46+00:00\" \/>\n<meta property=\"og:image\" content=\"https:\/\/www.yoga-federation.eu\/wp-content\/uploads\/2020\/06\/Lekce-j\u00f3gy-zdarma-Chrudim.jpg\" \/>\n\t<meta property=\"og:image:width\" content=\"1080\" \/>\n\t<meta property=\"og:image:height\" content=\"1080\" \/>\n\t<meta property=\"og:image:type\" content=\"image\/jpeg\" \/>\n<meta name=\"author\" content=\"YFE\" \/>\n<meta name=\"twitter:card\" content=\"summary_large_image\" \/>\n<meta name=\"twitter:label1\" content=\"Written by\" \/>\n\t<meta name=\"twitter:data1\" content=\"YFE\" \/>\n\t<meta name=\"twitter:label2\" content=\"Est. reading time\" \/>\n\t<meta name=\"twitter:data2\" content=\"2 minutes\" \/>\n<script type=\"application\/ld+json\" class=\"yoast-schema-graph\">{\"@context\":\"https:\\\/\\\/schema.org\",\"@graph\":[{\"@type\":\"Article\",\"@id\":\"https:\\\/\\\/www.yoga-federation.eu\\\/cz\\\/lekce-jogy-zdarma-v-chrudimi-cvicte-jogu-s-nami-2020\\\/#article\",\"isPartOf\":{\"@id\":\"https:\\\/\\\/www.yoga-federation.eu\\\/cz\\\/lekce-jogy-zdarma-v-chrudimi-cvicte-jogu-s-nami-2020\\\/\"},\"author\":{\"name\":\"YFE\",\"@id\":\"https:\\\/\\\/www.yoga-federation.eu\\\/#\\\/schema\\\/person\\\/c70b5a8f7323477f70814bd277cc9105\"},\"headline\":\"Lekce j\u00f3gy zdarma v Chrudimi &#8211; Cvi\u010dte j\u00f3gu s n\u00e1mi 2020\",\"datePublished\":\"2020-06-02T17:07:00+00:00\",\"dateModified\":\"2020-07-10T07:57:46+00:00\",\"mainEntityOfPage\":{\"@id\":\"https:\\\/\\\/www.yoga-federation.eu\\\/cz\\\/lekce-jogy-zdarma-v-chrudimi-cvicte-jogu-s-nami-2020\\\/\"},\"wordCount\":380,\"image\":{\"@id\":\"https:\\\/\\\/www.yoga-federation.eu\\\/cz\\\/lekce-jogy-zdarma-v-chrudimi-cvicte-jogu-s-nami-2020\\\/#primaryimage\"},\"thumbnailUrl\":\"https:\\\/\\\/www.yoga-federation.eu\\\/wp-content\\\/uploads\\\/2020\\\/06\\\/Lekce-j\u00f3gy-zdarma-Chrudim.jpg\",\"articleSection\":[\"Aktivity v roce 2020\",\"Cvi\u010dte j\u00f3gu s n\u00e1mi\",\"Projekty\"],\"inLanguage\":\"cz-CZ\"},{\"@type\":\"WebPage\",\"@id\":\"https:\\\/\\\/www.yoga-federation.eu\\\/cz\\\/lekce-jogy-zdarma-v-chrudimi-cvicte-jogu-s-nami-2020\\\/\",\"url\":\"https:\\\/\\\/www.yoga-federation.eu\\\/cz\\\/lekce-jogy-zdarma-v-chrudimi-cvicte-jogu-s-nami-2020\\\/\",\"name\":\"Lekce j\u00f3gy zdarma v Chrudimi - Cvi\u010dte j\u00f3gu s n\u00e1mi 2020 - Yoga Federation of Europe\",\"isPartOf\":{\"@id\":\"https:\\\/\\\/www.yoga-federation.eu\\\/#website\"},\"primaryImageOfPage\":{\"@id\":\"https:\\\/\\\/www.yoga-federation.eu\\\/cz\\\/lekce-jogy-zdarma-v-chrudimi-cvicte-jogu-s-nami-2020\\\/#primaryimage\"},\"image\":{\"@id\":\"https:\\\/\\\/www.yoga-federation.eu\\\/cz\\\/lekce-jogy-zdarma-v-chrudimi-cvicte-jogu-s-nami-2020\\\/#primaryimage\"},\"thumbnailUrl\":\"https:\\\/\\\/www.yoga-federation.eu\\\/wp-content\\\/uploads\\\/2020\\\/06\\\/Lekce-j\u00f3gy-zdarma-Chrudim.jpg\",\"datePublished\":\"2020-06-02T17:07:00+00:00\",\"dateModified\":\"2020-07-10T07:57:46+00:00\",\"author\":{\"@id\":\"https:\\\/\\\/www.yoga-federation.eu\\\/#\\\/schema\\\/person\\\/c70b5a8f7323477f70814bd277cc9105\"},\"breadcrumb\":{\"@id\":\"https:\\\/\\\/www.yoga-federation.eu\\\/cz\\\/lekce-jogy-zdarma-v-chrudimi-cvicte-jogu-s-nami-2020\\\/#breadcrumb\"},\"inLanguage\":\"cz-CZ\",\"potentialAction\":[{\"@type\":\"ReadAction\",\"target\":[\"https:\\\/\\\/www.yoga-federation.eu\\\/cz\\\/lekce-jogy-zdarma-v-chrudimi-cvicte-jogu-s-nami-2020\\\/\"]}]},{\"@type\":\"ImageObject\",\"inLanguage\":\"cz-CZ\",\"@id\":\"https:\\\/\\\/www.yoga-federation.eu\\\/cz\\\/lekce-jogy-zdarma-v-chrudimi-cvicte-jogu-s-nami-2020\\\/#primaryimage\",\"url\":\"https:\\\/\\\/www.yoga-federation.eu\\\/wp-content\\\/uploads\\\/2020\\\/06\\\/Lekce-j\u00f3gy-zdarma-Chrudim.jpg\",\"contentUrl\":\"https:\\\/\\\/www.yoga-federation.eu\\\/wp-content\\\/uploads\\\/2020\\\/06\\\/Lekce-j\u00f3gy-zdarma-Chrudim.jpg\",\"width\":1080,\"height\":1080,\"caption\":\"Lekce jogy zdarma, Chrudim\"},{\"@type\":\"BreadcrumbList\",\"@id\":\"https:\\\/\\\/www.yoga-federation.eu\\\/cz\\\/lekce-jogy-zdarma-v-chrudimi-cvicte-jogu-s-nami-2020\\\/#breadcrumb\",\"itemListElement\":[{\"@type\":\"ListItem\",\"position\":1,\"name\":\"Home\",\"item\":\"https:\\\/\\\/www.yoga-federation.eu\\\/cz\\\/\"},{\"@type\":\"ListItem\",\"position\":2,\"name\":\"Lekce j\u00f3gy zdarma v Chrudimi &#8211; Cvi\u010dte j\u00f3gu s n\u00e1mi 2020\"}]},{\"@type\":\"WebSite\",\"@id\":\"https:\\\/\\\/www.yoga-federation.eu\\\/#website\",\"url\":\"https:\\\/\\\/www.yoga-federation.eu\\\/\",\"name\":\"Yoga Federation of Europe\",\"description\":\"Yoga in Europe\",\"potentialAction\":[{\"@type\":\"SearchAction\",\"target\":{\"@type\":\"EntryPoint\",\"urlTemplate\":\"https:\\\/\\\/www.yoga-federation.eu\\\/?s={search_term_string}\"},\"query-input\":{\"@type\":\"PropertyValueSpecification\",\"valueRequired\":true,\"valueName\":\"search_term_string\"}}],\"inLanguage\":\"cz-CZ\"},{\"@type\":\"Person\",\"@id\":\"https:\\\/\\\/www.yoga-federation.eu\\\/#\\\/schema\\\/person\\\/c70b5a8f7323477f70814bd277cc9105\",\"name\":\"YFE\",\"image\":{\"@type\":\"ImageObject\",\"inLanguage\":\"cz-CZ\",\"@id\":\"https:\\\/\\\/secure.gravatar.com\\\/avatar\\\/64f6beecfc59c339d337f0a16c80bfc143a5e623923f6f42beb67b25788f3e50?s=96&d=mm&r=g\",\"url\":\"https:\\\/\\\/secure.gravatar.com\\\/avatar\\\/64f6beecfc59c339d337f0a16c80bfc143a5e623923f6f42beb67b25788f3e50?s=96&d=mm&r=g\",\"contentUrl\":\"https:\\\/\\\/secure.gravatar.com\\\/avatar\\\/64f6beecfc59c339d337f0a16c80bfc143a5e623923f6f42beb67b25788f3e50?s=96&d=mm&r=g\",\"caption\":\"YFE\"},\"url\":\"https:\\\/\\\/www.yoga-federation.eu\\\/cz\\\/author\\\/ana\\\/\"}]}<\/script>\n<!-- \/ Yoast SEO plugin. -->","yoast_head_json":{"title":"Lekce j\u00f3gy zdarma v Chrudimi - Cvi\u010dte j\u00f3gu s n\u00e1mi 2020 - Yoga Federation of Europe","robots":{"index":"index","follow":"follow","max-snippet":"max-snippet:-1","max-image-preview":"max-image-preview:large","max-video-preview":"max-video-preview:-1"},"canonical":"https:\/\/www.yoga-federation.eu\/cz\/lekce-jogy-zdarma-v-chrudimi-cvicte-jogu-s-nami-2020\/","og_locale":"en_US","og_type":"article","og_title":"Lekce j\u00f3gy zdarma v Chrudimi - Cvi\u010dte j\u00f3gu s n\u00e1mi 2020 - Yoga Federation of Europe","og_url":"https:\/\/www.yoga-federation.eu\/cz\/lekce-jogy-zdarma-v-chrudimi-cvicte-jogu-s-nami-2020\/","og_site_name":"Yoga Federation of Europe","article_published_time":"2020-06-02T17:07:00+00:00","article_modified_time":"2020-07-10T07:57:46+00:00","og_image":[{"width":1080,"height":1080,"url":"https:\/\/www.yoga-federation.eu\/wp-content\/uploads\/2020\/06\/Lekce-j\u00f3gy-zdarma-Chrudim.jpg","type":"image\/jpeg"}],"author":"YFE","twitter_card":"summary_large_image","twitter_misc":{"Written by":"YFE","Est. reading time":"2 minutes"},"schema":{"@context":"https:\/\/schema.org","@graph":[{"@type":"Article","@id":"https:\/\/www.yoga-federation.eu\/cz\/lekce-jogy-zdarma-v-chrudimi-cvicte-jogu-s-nami-2020\/#article","isPartOf":{"@id":"https:\/\/www.yoga-federation.eu\/cz\/lekce-jogy-zdarma-v-chrudimi-cvicte-jogu-s-nami-2020\/"},"author":{"name":"YFE","@id":"https:\/\/www.yoga-federation.eu\/#\/schema\/person\/c70b5a8f7323477f70814bd277cc9105"},"headline":"Lekce j\u00f3gy zdarma v Chrudimi &#8211; Cvi\u010dte j\u00f3gu s n\u00e1mi 2020","datePublished":"2020-06-02T17:07:00+00:00","dateModified":"2020-07-10T07:57:46+00:00","mainEntityOfPage":{"@id":"https:\/\/www.yoga-federation.eu\/cz\/lekce-jogy-zdarma-v-chrudimi-cvicte-jogu-s-nami-2020\/"},"wordCount":380,"image":{"@id":"https:\/\/www.yoga-federation.eu\/cz\/lekce-jogy-zdarma-v-chrudimi-cvicte-jogu-s-nami-2020\/#primaryimage"},"thumbnailUrl":"https:\/\/www.yoga-federation.eu\/wp-content\/uploads\/2020\/06\/Lekce-j\u00f3gy-zdarma-Chrudim.jpg","articleSection":["Aktivity v roce 2020","Cvi\u010dte j\u00f3gu s n\u00e1mi","Projekty"],"inLanguage":"cz-CZ"},{"@type":"WebPage","@id":"https:\/\/www.yoga-federation.eu\/cz\/lekce-jogy-zdarma-v-chrudimi-cvicte-jogu-s-nami-2020\/","url":"https:\/\/www.yoga-federation.eu\/cz\/lekce-jogy-zdarma-v-chrudimi-cvicte-jogu-s-nami-2020\/","name":"Lekce j\u00f3gy zdarma v Chrudimi - Cvi\u010dte j\u00f3gu s n\u00e1mi 2020 - Yoga Federation of Europe","isPartOf":{"@id":"https:\/\/www.yoga-federation.eu\/#website"},"primaryImageOfPage":{"@id":"https:\/\/www.yoga-federation.eu\/cz\/lekce-jogy-zdarma-v-chrudimi-cvicte-jogu-s-nami-2020\/#primaryimage"},"image":{"@id":"https:\/\/www.yoga-federation.eu\/cz\/lekce-jogy-zdarma-v-chrudimi-cvicte-jogu-s-nami-2020\/#primaryimage"},"thumbnailUrl":"https:\/\/www.yoga-federation.eu\/wp-content\/uploads\/2020\/06\/Lekce-j\u00f3gy-zdarma-Chrudim.jpg","datePublished":"2020-06-02T17:07:00+00:00","dateModified":"2020-07-10T07:57:46+00:00","author":{"@id":"https:\/\/www.yoga-federation.eu\/#\/schema\/person\/c70b5a8f7323477f70814bd277cc9105"},"breadcrumb":{"@id":"https:\/\/www.yoga-federation.eu\/cz\/lekce-jogy-zdarma-v-chrudimi-cvicte-jogu-s-nami-2020\/#breadcrumb"},"inLanguage":"cz-CZ","potentialAction":[{"@type":"ReadAction","target":["https:\/\/www.yoga-federation.eu\/cz\/lekce-jogy-zdarma-v-chrudimi-cvicte-jogu-s-nami-2020\/"]}]},{"@type":"ImageObject","inLanguage":"cz-CZ","@id":"https:\/\/www.yoga-federation.eu\/cz\/lekce-jogy-zdarma-v-chrudimi-cvicte-jogu-s-nami-2020\/#primaryimage","url":"https:\/\/www.yoga-federation.eu\/wp-content\/uploads\/2020\/06\/Lekce-j\u00f3gy-zdarma-Chrudim.jpg","contentUrl":"https:\/\/www.yoga-federation.eu\/wp-content\/uploads\/2020\/06\/Lekce-j\u00f3gy-zdarma-Chrudim.jpg","width":1080,"height":1080,"caption":"Lekce jogy zdarma, Chrudim"},{"@type":"BreadcrumbList","@id":"https:\/\/www.yoga-federation.eu\/cz\/lekce-jogy-zdarma-v-chrudimi-cvicte-jogu-s-nami-2020\/#breadcrumb","itemListElement":[{"@type":"ListItem","position":1,"name":"Home","item":"https:\/\/www.yoga-federation.eu\/cz\/"},{"@type":"ListItem","position":2,"name":"Lekce j\u00f3gy zdarma v Chrudimi &#8211; Cvi\u010dte j\u00f3gu s n\u00e1mi 2020"}]},{"@type":"WebSite","@id":"https:\/\/www.yoga-federation.eu\/#website","url":"https:\/\/www.yoga-federation.eu\/","name":"Yoga Federation of Europe","description":"Yoga in Europe","potentialAction":[{"@type":"SearchAction","target":{"@type":"EntryPoint","urlTemplate":"https:\/\/www.yoga-federation.eu\/?s={search_term_string}"},"query-input":{"@type":"PropertyValueSpecification","valueRequired":true,"valueName":"search_term_string"}}],"inLanguage":"cz-CZ"},{"@type":"Person","@id":"https:\/\/www.yoga-federation.eu\/#\/schema\/person\/c70b5a8f7323477f70814bd277cc9105","name":"YFE","image":{"@type":"ImageObject","inLanguage":"cz-CZ","@id":"https:\/\/secure.gravatar.com\/avatar\/64f6beecfc59c339d337f0a16c80bfc143a5e623923f6f42beb67b25788f3e50?s=96&d=mm&r=g","url":"https:\/\/secure.gravatar.com\/avatar\/64f6beecfc59c339d337f0a16c80bfc143a5e623923f6f42beb67b25788f3e50?s=96&d=mm&r=g","contentUrl":"https:\/\/secure.gravatar.com\/avatar\/64f6beecfc59c339d337f0a16c80bfc143a5e623923f6f42beb67b25788f3e50?s=96&d=mm&r=g","caption":"YFE"},"url":"https:\/\/www.yoga-federation.eu\/cz\/author\/ana\/"}]}},"_links":{"self":[{"href":"https:\/\/www.yoga-federation.eu\/cz\/wp-json\/wp\/v2\/posts\/5287","targetHints":{"allow":["GET"]}}],"collection":[{"href":"https:\/\/www.yoga-federation.eu\/cz\/wp-json\/wp\/v2\/posts"}],"about":[{"href":"https:\/\/www.yoga-federation.eu\/cz\/wp-json\/wp\/v2\/types\/post"}],"author":[{"embeddable":true,"href":"https:\/\/www.yoga-federation.eu\/cz\/wp-json\/wp\/v2\/users\/6"}],"replies":[{"embeddable":true,"href":"https:\/\/www.yoga-federation.eu\/cz\/wp-json\/wp\/v2\/comments?post=5287"}],"version-history":[{"count":0,"href":"https:\/\/www.yoga-federation.eu\/cz\/wp-json\/wp\/v2\/posts\/5287\/revisions"}],"wp:featuredmedia":[{"embeddable":true,"href":"https:\/\/www.yoga-federation.eu\/cz\/wp-json\/wp\/v2\/media\/5288"}],"wp:attachment":[{"href":"https:\/\/www.yoga-federation.eu\/cz\/wp-json\/wp\/v2\/media?parent=5287"}],"wp:term":[{"taxonomy":"category","embeddable":true,"href":"https:\/\/www.yoga-federation.eu\/cz\/wp-json\/wp\/v2\/categories?post=5287"},{"taxonomy":"post_tag","embeddable":true,"href":"https:\/\/www.yoga-federation.eu\/cz\/wp-json\/wp\/v2\/tags?post=5287"}],"curies":[{"name":"wp","href":"https:\/\/api.w.org\/{rel}","templated":true}]}}