{"id":5170,"date":"2020-06-04T20:51:18","date_gmt":"2020-06-04T20:51:18","guid":{"rendered":"https:\/\/www.yoga-federation.eu\/?p=5170"},"modified":"2020-06-17T12:01:22","modified_gmt":"2020-06-17T12:01:22","slug":"lekce-jogy-zdarma-v-ceskych-budejovicich-cvicte-jogu-s-nami","status":"publish","type":"post","link":"https:\/\/www.yoga-federation.eu\/cz\/lekce-jogy-zdarma-v-ceskych-budejovicich-cvicte-jogu-s-nami\/","title":{"rendered":"Lekce j\u00f3gy zdarma v \u010cesk\u00fdch Bud\u011bjovic\u00edch &#8211; Cvi\u010dte j\u00f3gu s n\u00e1mi"},"content":{"rendered":"<div class=\"fusion-fullwidth fullwidth-box fusion-builder-row-1 nonhundred-percent-fullwidth non-hundred-percent-height-scrolling\" style=\"background-color: rgba(255,255,255,0);background-position: center center;background-repeat: no-repeat;padding-top:0px;padding-right:0px;padding-bottom:0px;padding-left:0px;margin-bottom: 0px;margin-top: 0px;border-width: 0px 0px 0px 0px;border-color:#eae9e9;border-style:solid;\" ><div class=\"fusion-builder-row fusion-row\"><div class=\"fusion-layout-column fusion_builder_column fusion-builder-column-0 fusion_builder_column_1_1 1_1 fusion-one-full fusion-column-first fusion-column-last\" style=\"margin-top:0px;margin-bottom:20px;\"><div class=\"fusion-column-wrapper fusion-flex-column-wrapper-legacy\" style=\"background-position:left top;background-repeat:no-repeat;-webkit-background-size:cover;-moz-background-size:cover;-o-background-size:cover;background-size:cover;padding: 0px 0px 0px 0px;\"><div class=\"fusion-text fusion-text-1\"><p>V r\u00e1mci projektu\u00a0Cvi\u010dte j\u00f3gu s n\u00e1mi\u00a0v \u010cesk\u00fdch Bud\u011bjovic\u00edch, instrukto\u0159i International Yoga Academy &amp; Yoga Federation of Europe (Evropsk\u00e1 federace j\u00f3gy) budou pro v\u0161echny ob\u010dany v \u010cesk\u00fdch Bud\u011bjovic\u00edch poskytovat lekce j\u00f3gy zdarma.<\/p>\n<div class=\"fusion-text\">\n<div>Lekce j\u00f3gy budou prob\u00edh\u00e1t v parku Stromovka od 28.6. do 30.8.2020 o v\u00edkendu, ka\u017edou ned\u011bli od 17 hodin.<\/div>\n<div>\n<div>M\u00edsto: Park Stromovka,\u00a0\u010cesk\u00e9 Bud\u011bjovice. P\u0159ejde se houpac\u00ed most u Plov\u00e1rny sm\u011brem na Dlouhou louku a hned vpravo za mostem je m\u00edsto kde cvi\u010d\u00edme.<\/div>\n<\/div>\n<\/div>\n<div><\/div>\n<div class=\"fusion-text\">\n<div><a href=\"https:\/\/www.yoga-federation.eu\/wp-content\/uploads\/2020\/06\/Cvi\u010dte-j\u00f3gu-s-n\u00e1mi-v-\u010cesk\u00fdch-Bud\u011bjovic\u00edch.jpg\"><img loading=\"lazy\" decoding=\"async\" class=\"lazyload aligncenter wp-image-5174 size-400\" src=\"https:\/\/www.yoga-federation.eu\/wp-content\/uploads\/2020\/06\/Cvi\u010dte-j\u00f3gu-s-n\u00e1mi-v-\u010cesk\u00fdch-Bud\u011bjovic\u00edch-400x400.jpg\" data-orig-src=\"https:\/\/www.yoga-federation.eu\/wp-content\/uploads\/2020\/06\/Cvi\u010dte-j\u00f3gu-s-n\u00e1mi-v-\u010cesk\u00fdch-Bud\u011bjovic\u00edch-400x400.jpg\" alt=\"\" width=\"400\" height=\"400\" srcset=\"data:image\/svg+xml,%3Csvg%20xmlns%3D%27http%3A%2F%2Fwww.w3.org%2F2000%2Fsvg%27%20width%3D%27400%27%20height%3D%27400%27%20viewBox%3D%270%200%20400%20400%27%3E%3Crect%20width%3D%27400%27%20height%3D%273400%27%20fill-opacity%3D%220%22%2F%3E%3C%2Fsvg%3E\" data-srcset=\"https:\/\/www.yoga-federation.eu\/wp-content\/uploads\/2020\/06\/Cvi\u010dte-j\u00f3gu-s-n\u00e1mi-v-\u010cesk\u00fdch-Bud\u011bjovic\u00edch-66x66.jpg 66w, https:\/\/www.yoga-federation.eu\/wp-content\/uploads\/2020\/06\/Cvi\u010dte-j\u00f3gu-s-n\u00e1mi-v-\u010cesk\u00fdch-Bud\u011bjovic\u00edch-150x150.jpg 150w, https:\/\/www.yoga-federation.eu\/wp-content\/uploads\/2020\/06\/Cvi\u010dte-j\u00f3gu-s-n\u00e1mi-v-\u010cesk\u00fdch-Bud\u011bjovic\u00edch-200x200.jpg 200w, https:\/\/www.yoga-federation.eu\/wp-content\/uploads\/2020\/06\/Cvi\u010dte-j\u00f3gu-s-n\u00e1mi-v-\u010cesk\u00fdch-Bud\u011bjovic\u00edch-300x300.jpg 300w, https:\/\/www.yoga-federation.eu\/wp-content\/uploads\/2020\/06\/Cvi\u010dte-j\u00f3gu-s-n\u00e1mi-v-\u010cesk\u00fdch-Bud\u011bjovic\u00edch-400x400.jpg 400w, https:\/\/www.yoga-federation.eu\/wp-content\/uploads\/2020\/06\/Cvi\u010dte-j\u00f3gu-s-n\u00e1mi-v-\u010cesk\u00fdch-Bud\u011bjovic\u00edch-600x600.jpg 600w, https:\/\/www.yoga-federation.eu\/wp-content\/uploads\/2020\/06\/Cvi\u010dte-j\u00f3gu-s-n\u00e1mi-v-\u010cesk\u00fdch-Bud\u011bjovic\u00edch-768x768.jpg 768w, https:\/\/www.yoga-federation.eu\/wp-content\/uploads\/2020\/06\/Cvi\u010dte-j\u00f3gu-s-n\u00e1mi-v-\u010cesk\u00fdch-Bud\u011bjovic\u00edch-800x800.jpg 800w, https:\/\/www.yoga-federation.eu\/wp-content\/uploads\/2020\/06\/Cvi\u010dte-j\u00f3gu-s-n\u00e1mi-v-\u010cesk\u00fdch-Bud\u011bjovic\u00edch-1024x1024.jpg 1024w, https:\/\/www.yoga-federation.eu\/wp-content\/uploads\/2020\/06\/Cvi\u010dte-j\u00f3gu-s-n\u00e1mi-v-\u010cesk\u00fdch-Bud\u011bjovic\u00edch.jpg 1080w\" data-sizes=\"auto\" data-orig-sizes=\"auto, (max-width: 400px) 100vw, 400px\" \/><\/a><\/div>\n<div><\/div>\n<div>\n<div>Ve\u0159ejn\u00e9 lekce j\u00f3gy budou prob\u00edhat podle\u00a0<a href=\"https:\/\/www.yoga-federation.eu\/cz\/vzdelavaci-program-instruktor-jogy-zapis-probyha\/\" target=\"_blank\" rel=\"noopener noreferrer\" data-saferedirecturl=\"https:\/\/www.google.com\/url?hl=en&amp;q=https:\/\/www.yoga-federation.eu\/cz\/vzdelavaci-program-instruktor-jogy-zapis-probyha\/&amp;source=gmail&amp;ust=1525385918162000&amp;usg=AFQjCNGJuA3VFhdP0PUQAB21DtHyIFgpRw\">akreditovan\u00e9ho programu Evropsk\u00e9 federace j\u00f3gy<\/a> . Hodiny j\u00f3gy budou v\u00e9st Aneta Zrzaveck\u00e1, Mgr. Hana Schattingerova, Mgr. So\u0148a Bud\u00ednov\u00e1 a Zuzana Urbanov\u00e1, certifikovan\u00e9 lektorky Evropsk\u00e9 federace j\u00f3gy.<\/div>\n<div>\n<h2><\/h2>\n<\/div>\n<\/div>\n<\/div>\n<div><a href=\"https:\/\/www.yoga-federation.eu\/wp-content\/uploads\/2020\/06\/Lekce-j\u00f3gy-zdarma-v-\u010cesk\u00fdch-Bud\u011bjovic\u00edch-Cvi\u010dte-j\u00f3gu-s-n\u00e1mi.jpg\"><img loading=\"lazy\" decoding=\"async\" class=\"lazyload aligncenter wp-image-5329 size-600\" src=\"https:\/\/www.yoga-federation.eu\/wp-content\/uploads\/2020\/06\/Lekce-j\u00f3gy-zdarma-v-\u010cesk\u00fdch-Bud\u011bjovic\u00edch-Cvi\u010dte-j\u00f3gu-s-n\u00e1mi-600x257.jpg\" data-orig-src=\"https:\/\/www.yoga-federation.eu\/wp-content\/uploads\/2020\/06\/Lekce-j\u00f3gy-zdarma-v-\u010cesk\u00fdch-Bud\u011bjovic\u00edch-Cvi\u010dte-j\u00f3gu-s-n\u00e1mi-600x257.jpg\" alt=\"Lekce jogy zdarma v Ceskych Budejovicich - Cvicte jogu s nami\" width=\"600\" height=\"257\" srcset=\"data:image\/svg+xml,%3Csvg%20xmlns%3D%27http%3A%2F%2Fwww.w3.org%2F2000%2Fsvg%27%20width%3D%27600%27%20height%3D%27257%27%20viewBox%3D%270%200%20600%20257%27%3E%3Crect%20width%3D%27600%27%20height%3D%273257%27%20fill-opacity%3D%220%22%2F%3E%3C%2Fsvg%3E\" data-srcset=\"https:\/\/www.yoga-federation.eu\/wp-content\/uploads\/2020\/06\/Lekce-j\u00f3gy-zdarma-v-\u010cesk\u00fdch-Bud\u011bjovic\u00edch-Cvi\u010dte-j\u00f3gu-s-n\u00e1mi-200x86.jpg 200w, https:\/\/www.yoga-federation.eu\/wp-content\/uploads\/2020\/06\/Lekce-j\u00f3gy-zdarma-v-\u010cesk\u00fdch-Bud\u011bjovic\u00edch-Cvi\u010dte-j\u00f3gu-s-n\u00e1mi-300x128.jpg 300w, https:\/\/www.yoga-federation.eu\/wp-content\/uploads\/2020\/06\/Lekce-j\u00f3gy-zdarma-v-\u010cesk\u00fdch-Bud\u011bjovic\u00edch-Cvi\u010dte-j\u00f3gu-s-n\u00e1mi-400x171.jpg 400w, https:\/\/www.yoga-federation.eu\/wp-content\/uploads\/2020\/06\/Lekce-j\u00f3gy-zdarma-v-\u010cesk\u00fdch-Bud\u011bjovic\u00edch-Cvi\u010dte-j\u00f3gu-s-n\u00e1mi-600x257.jpg 600w, https:\/\/www.yoga-federation.eu\/wp-content\/uploads\/2020\/06\/Lekce-j\u00f3gy-zdarma-v-\u010cesk\u00fdch-Bud\u011bjovic\u00edch-Cvi\u010dte-j\u00f3gu-s-n\u00e1mi-768x329.jpg 768w, https:\/\/www.yoga-federation.eu\/wp-content\/uploads\/2020\/06\/Lekce-j\u00f3gy-zdarma-v-\u010cesk\u00fdch-Bud\u011bjovic\u00edch-Cvi\u010dte-j\u00f3gu-s-n\u00e1mi-800x343.jpg 800w, https:\/\/www.yoga-federation.eu\/wp-content\/uploads\/2020\/06\/Lekce-j\u00f3gy-zdarma-v-\u010cesk\u00fdch-Bud\u011bjovic\u00edch-Cvi\u010dte-j\u00f3gu-s-n\u00e1mi-1024x438.jpg 1024w, https:\/\/www.yoga-federation.eu\/wp-content\/uploads\/2020\/06\/Lekce-j\u00f3gy-zdarma-v-\u010cesk\u00fdch-Bud\u011bjovic\u00edch-Cvi\u010dte-j\u00f3gu-s-n\u00e1mi-1200x514.jpg 1200w, https:\/\/www.yoga-federation.eu\/wp-content\/uploads\/2020\/06\/Lekce-j\u00f3gy-zdarma-v-\u010cesk\u00fdch-Bud\u011bjovic\u00edch-Cvi\u010dte-j\u00f3gu-s-n\u00e1mi.jpg 1600w\" data-sizes=\"auto\" data-orig-sizes=\"auto, (max-width: 600px) 100vw, 600px\" \/><\/a><\/div>\n<div class=\"fusion-text\">\n<div>\n<div><\/div>\n<div>Z\u00e1jemci by m\u011bli m\u00edt pohodln\u00e9 oble\u010den\u00ed, vodu a p\u0159in\u00e9st si podlo\u017eku na cvi\u010den\u00ed.<\/div>\n<div><\/div>\n<div>V p\u0159\u00edpad\u011b nep\u0159\u00edzniv\u00e9ho po\u010das\u00ed se lekce j\u00f3gy nebude konat.<\/div>\n<\/div>\n<\/div>\n<div><\/div>\n<div>Tento projekt je spolufinancov\u00e1n Statut\u00e1rn\u00edm m\u011bstem \u010cesk\u00e9 Bud\u011bjovice.<\/div>\n<div><\/div>\n<div><a href=\"https:\/\/www.yoga-federation.eu\/wp-content\/uploads\/2020\/06\/\u010cB-LOGO.jpg\"><img loading=\"lazy\" decoding=\"async\" class=\"lazyload wp-image-5200 size-200 aligncenter\" src=\"https:\/\/www.yoga-federation.eu\/wp-content\/uploads\/2020\/06\/\u010cB-LOGO-200x131.jpg\" data-orig-src=\"https:\/\/www.yoga-federation.eu\/wp-content\/uploads\/2020\/06\/\u010cB-LOGO-200x131.jpg\" alt=\"\" width=\"200\" height=\"131\" srcset=\"data:image\/svg+xml,%3Csvg%20xmlns%3D%27http%3A%2F%2Fwww.w3.org%2F2000%2Fsvg%27%20width%3D%27200%27%20height%3D%27131%27%20viewBox%3D%270%200%20200%20131%27%3E%3Crect%20width%3D%27200%27%20height%3D%273131%27%20fill-opacity%3D%220%22%2F%3E%3C%2Fsvg%3E\" data-srcset=\"https:\/\/www.yoga-federation.eu\/wp-content\/uploads\/2020\/06\/\u010cB-LOGO-200x131.jpg 200w, https:\/\/www.yoga-federation.eu\/wp-content\/uploads\/2020\/06\/\u010cB-LOGO-300x197.jpg 300w, https:\/\/www.yoga-federation.eu\/wp-content\/uploads\/2020\/06\/\u010cB-LOGO-400x262.jpg 400w, https:\/\/www.yoga-federation.eu\/wp-content\/uploads\/2020\/06\/\u010cB-LOGO.jpg 488w\" data-sizes=\"auto\" data-orig-sizes=\"auto, (max-width: 200px) 100vw, 200px\" \/><\/a><\/div>\n<div><\/div>\n<div class=\"fusion-text\">\n<div>\n<p>Pro ve\u0161ker\u00e9 dal\u0161\u00ed informace n\u00e1s kontaktujte na e-mail:\u00a0<a href=\"mailto:yoga.yfe@gmail.com\" target=\"_blank\" rel=\"noopener noreferrer\">yoga.yfe@gmail.com<\/a><\/p>\n<div>Vstup na akci je<strong>\u00a0zdarma<\/strong>!\u00a0P\u0159ipojte se!<\/div>\n<\/div>\n<\/div>\n<div class=\"fusion-text\">\n<p><strong>Medi\u00e1ln\u00ed podpora<\/strong><\/p>\n<p><a class=\"fusion-no-lightbox\" href=\"https:\/\/www.kudyznudy.cz\/akce\/zdarma-cvicte-jogu-s-nami-v-ceskych-budejovicich\" target=\"_blank\" rel=\"noopener noreferrer\" data-caption=\"\"><img loading=\"lazy\" decoding=\"async\" class=\"lazyload alignnone wp-image-2009 \" src=\"https:\/\/www.yoga-federation.eu\/wp-content\/uploads\/2017\/05\/kudyznudy-RGB-300x50.jpg\" data-orig-src=\"https:\/\/www.yoga-federation.eu\/wp-content\/uploads\/2017\/05\/kudyznudy-RGB-300x50.jpg\" data-sizes=\"auto\" data-orig-sizes=\"auto, (max-width: 478px) 100vw, 478px\" srcset=\"data:image\/svg+xml,%3Csvg%20xmlns%3D%27http%3A%2F%2Fwww.w3.org%2F2000%2Fsvg%27%20width%3D%27240%27%20height%3D%2740%27%20viewBox%3D%270%200%20240%2040%27%3E%3Crect%20width%3D%27240%27%20height%3D%27340%27%20fill-opacity%3D%220%22%2F%3E%3C%2Fsvg%3E\" data-srcset=\"https:\/\/www.yoga-federation.eu\/wp-content\/uploads\/2017\/05\/kudyznudy-RGB-200x33.jpg 200w, https:\/\/www.yoga-federation.eu\/wp-content\/uploads\/2017\/05\/kudyznudy-RGB-300x50.jpg 300w, https:\/\/www.yoga-federation.eu\/wp-content\/uploads\/2017\/05\/kudyznudy-RGB-400x67.jpg 400w, https:\/\/www.yoga-federation.eu\/wp-content\/uploads\/2017\/05\/kudyznudy-RGB.jpg 478w\" alt=\"\" width=\"240\" height=\"40\" \/><\/a><\/p>\n<\/div>\n<\/div><div class=\"fusion-clearfix\"><\/div><\/div><\/div><\/div><\/div>\n","protected":false},"excerpt":{"rendered":"","protected":false},"author":6,"featured_media":5174,"comment_status":"closed","ping_status":"open","sticky":false,"template":"","format":"standard","meta":{"footnotes":""},"categories":[110,87,64],"tags":[],"class_list":["post-5170","post","type-post","status-publish","format-standard","has-post-thumbnail","hentry","category-aktivity-v-roce-2020","category-cvicte-jogu-s-nami","category-projekty"],"yoast_head":"<!-- This site is optimized with the Yoast SEO plugin v27.4 - https:\/\/yoast.com\/product\/yoast-seo-wordpress\/ -->\n<title>Lekce j\u00f3gy zdarma v \u010cesk\u00fdch Bud\u011bjovic\u00edch - Cvi\u010dte j\u00f3gu s n\u00e1mi - Yoga Federation of Europe<\/title>\n<meta name=\"robots\" content=\"index, follow, max-snippet:-1, max-image-preview:large, max-video-preview:-1\" \/>\n<link rel=\"canonical\" href=\"https:\/\/www.yoga-federation.eu\/cz\/lekce-jogy-zdarma-v-ceskych-budejovicich-cvicte-jogu-s-nami\/\" \/>\n<meta property=\"og:locale\" content=\"en_US\" \/>\n<meta property=\"og:type\" content=\"article\" \/>\n<meta property=\"og:title\" content=\"Lekce j\u00f3gy zdarma v \u010cesk\u00fdch Bud\u011bjovic\u00edch - Cvi\u010dte j\u00f3gu s n\u00e1mi - Yoga Federation of Europe\" \/>\n<meta property=\"og:url\" content=\"https:\/\/www.yoga-federation.eu\/cz\/lekce-jogy-zdarma-v-ceskych-budejovicich-cvicte-jogu-s-nami\/\" \/>\n<meta property=\"og:site_name\" content=\"Yoga Federation of Europe\" \/>\n<meta property=\"article:published_time\" content=\"2020-06-04T20:51:18+00:00\" \/>\n<meta property=\"article:modified_time\" content=\"2020-06-17T12:01:22+00:00\" \/>\n<meta property=\"og:image\" content=\"https:\/\/www.yoga-federation.eu\/wp-content\/uploads\/2020\/06\/Cvi\u010dte-j\u00f3gu-s-n\u00e1mi-v-\u010cesk\u00fdch-Bud\u011bjovic\u00edch.jpg\" \/>\n\t<meta property=\"og:image:width\" content=\"1080\" \/>\n\t<meta property=\"og:image:height\" content=\"1080\" \/>\n\t<meta property=\"og:image:type\" content=\"image\/jpeg\" \/>\n<meta name=\"author\" content=\"YFE\" \/>\n<meta name=\"twitter:card\" content=\"summary_large_image\" \/>\n<meta name=\"twitter:label1\" content=\"Written by\" \/>\n\t<meta name=\"twitter:data1\" content=\"YFE\" \/>\n\t<meta name=\"twitter:label2\" content=\"Est. reading time\" \/>\n\t<meta name=\"twitter:data2\" content=\"2 minutes\" \/>\n<script type=\"application\/ld+json\" class=\"yoast-schema-graph\">{\"@context\":\"https:\\\/\\\/schema.org\",\"@graph\":[{\"@type\":\"Article\",\"@id\":\"https:\\\/\\\/www.yoga-federation.eu\\\/cz\\\/lekce-jogy-zdarma-v-ceskych-budejovicich-cvicte-jogu-s-nami\\\/#article\",\"isPartOf\":{\"@id\":\"https:\\\/\\\/www.yoga-federation.eu\\\/cz\\\/lekce-jogy-zdarma-v-ceskych-budejovicich-cvicte-jogu-s-nami\\\/\"},\"author\":{\"name\":\"YFE\",\"@id\":\"https:\\\/\\\/www.yoga-federation.eu\\\/#\\\/schema\\\/person\\\/c70b5a8f7323477f70814bd277cc9105\"},\"headline\":\"Lekce j\u00f3gy zdarma v \u010cesk\u00fdch Bud\u011bjovic\u00edch &#8211; Cvi\u010dte j\u00f3gu s n\u00e1mi\",\"datePublished\":\"2020-06-04T20:51:18+00:00\",\"dateModified\":\"2020-06-17T12:01:22+00:00\",\"mainEntityOfPage\":{\"@id\":\"https:\\\/\\\/www.yoga-federation.eu\\\/cz\\\/lekce-jogy-zdarma-v-ceskych-budejovicich-cvicte-jogu-s-nami\\\/\"},\"wordCount\":460,\"image\":{\"@id\":\"https:\\\/\\\/www.yoga-federation.eu\\\/cz\\\/lekce-jogy-zdarma-v-ceskych-budejovicich-cvicte-jogu-s-nami\\\/#primaryimage\"},\"thumbnailUrl\":\"https:\\\/\\\/www.yoga-federation.eu\\\/wp-content\\\/uploads\\\/2020\\\/06\\\/Cvi\u010dte-j\u00f3gu-s-n\u00e1mi-v-\u010cesk\u00fdch-Bud\u011bjovic\u00edch.jpg\",\"articleSection\":[\"Aktivity v roce 2020\",\"Cvi\u010dte j\u00f3gu s n\u00e1mi\",\"Projekty\"],\"inLanguage\":\"cz-CZ\"},{\"@type\":\"WebPage\",\"@id\":\"https:\\\/\\\/www.yoga-federation.eu\\\/cz\\\/lekce-jogy-zdarma-v-ceskych-budejovicich-cvicte-jogu-s-nami\\\/\",\"url\":\"https:\\\/\\\/www.yoga-federation.eu\\\/cz\\\/lekce-jogy-zdarma-v-ceskych-budejovicich-cvicte-jogu-s-nami\\\/\",\"name\":\"Lekce j\u00f3gy zdarma v \u010cesk\u00fdch Bud\u011bjovic\u00edch - Cvi\u010dte j\u00f3gu s n\u00e1mi - Yoga Federation of Europe\",\"isPartOf\":{\"@id\":\"https:\\\/\\\/www.yoga-federation.eu\\\/#website\"},\"primaryImageOfPage\":{\"@id\":\"https:\\\/\\\/www.yoga-federation.eu\\\/cz\\\/lekce-jogy-zdarma-v-ceskych-budejovicich-cvicte-jogu-s-nami\\\/#primaryimage\"},\"image\":{\"@id\":\"https:\\\/\\\/www.yoga-federation.eu\\\/cz\\\/lekce-jogy-zdarma-v-ceskych-budejovicich-cvicte-jogu-s-nami\\\/#primaryimage\"},\"thumbnailUrl\":\"https:\\\/\\\/www.yoga-federation.eu\\\/wp-content\\\/uploads\\\/2020\\\/06\\\/Cvi\u010dte-j\u00f3gu-s-n\u00e1mi-v-\u010cesk\u00fdch-Bud\u011bjovic\u00edch.jpg\",\"datePublished\":\"2020-06-04T20:51:18+00:00\",\"dateModified\":\"2020-06-17T12:01:22+00:00\",\"author\":{\"@id\":\"https:\\\/\\\/www.yoga-federation.eu\\\/#\\\/schema\\\/person\\\/c70b5a8f7323477f70814bd277cc9105\"},\"breadcrumb\":{\"@id\":\"https:\\\/\\\/www.yoga-federation.eu\\\/cz\\\/lekce-jogy-zdarma-v-ceskych-budejovicich-cvicte-jogu-s-nami\\\/#breadcrumb\"},\"inLanguage\":\"cz-CZ\",\"potentialAction\":[{\"@type\":\"ReadAction\",\"target\":[\"https:\\\/\\\/www.yoga-federation.eu\\\/cz\\\/lekce-jogy-zdarma-v-ceskych-budejovicich-cvicte-jogu-s-nami\\\/\"]}]},{\"@type\":\"ImageObject\",\"inLanguage\":\"cz-CZ\",\"@id\":\"https:\\\/\\\/www.yoga-federation.eu\\\/cz\\\/lekce-jogy-zdarma-v-ceskych-budejovicich-cvicte-jogu-s-nami\\\/#primaryimage\",\"url\":\"https:\\\/\\\/www.yoga-federation.eu\\\/wp-content\\\/uploads\\\/2020\\\/06\\\/Cvi\u010dte-j\u00f3gu-s-n\u00e1mi-v-\u010cesk\u00fdch-Bud\u011bjovic\u00edch.jpg\",\"contentUrl\":\"https:\\\/\\\/www.yoga-federation.eu\\\/wp-content\\\/uploads\\\/2020\\\/06\\\/Cvi\u010dte-j\u00f3gu-s-n\u00e1mi-v-\u010cesk\u00fdch-Bud\u011bjovic\u00edch.jpg\",\"width\":1080,\"height\":1080},{\"@type\":\"BreadcrumbList\",\"@id\":\"https:\\\/\\\/www.yoga-federation.eu\\\/cz\\\/lekce-jogy-zdarma-v-ceskych-budejovicich-cvicte-jogu-s-nami\\\/#breadcrumb\",\"itemListElement\":[{\"@type\":\"ListItem\",\"position\":1,\"name\":\"Home\",\"item\":\"https:\\\/\\\/www.yoga-federation.eu\\\/cz\\\/\"},{\"@type\":\"ListItem\",\"position\":2,\"name\":\"Lekce j\u00f3gy zdarma v \u010cesk\u00fdch Bud\u011bjovic\u00edch &#8211; Cvi\u010dte j\u00f3gu s n\u00e1mi\"}]},{\"@type\":\"WebSite\",\"@id\":\"https:\\\/\\\/www.yoga-federation.eu\\\/#website\",\"url\":\"https:\\\/\\\/www.yoga-federation.eu\\\/\",\"name\":\"Yoga Federation of Europe\",\"description\":\"Yoga in Europe\",\"potentialAction\":[{\"@type\":\"SearchAction\",\"target\":{\"@type\":\"EntryPoint\",\"urlTemplate\":\"https:\\\/\\\/www.yoga-federation.eu\\\/?s={search_term_string}\"},\"query-input\":{\"@type\":\"PropertyValueSpecification\",\"valueRequired\":true,\"valueName\":\"search_term_string\"}}],\"inLanguage\":\"cz-CZ\"},{\"@type\":\"Person\",\"@id\":\"https:\\\/\\\/www.yoga-federation.eu\\\/#\\\/schema\\\/person\\\/c70b5a8f7323477f70814bd277cc9105\",\"name\":\"YFE\",\"image\":{\"@type\":\"ImageObject\",\"inLanguage\":\"cz-CZ\",\"@id\":\"https:\\\/\\\/secure.gravatar.com\\\/avatar\\\/64f6beecfc59c339d337f0a16c80bfc143a5e623923f6f42beb67b25788f3e50?s=96&d=mm&r=g\",\"url\":\"https:\\\/\\\/secure.gravatar.com\\\/avatar\\\/64f6beecfc59c339d337f0a16c80bfc143a5e623923f6f42beb67b25788f3e50?s=96&d=mm&r=g\",\"contentUrl\":\"https:\\\/\\\/secure.gravatar.com\\\/avatar\\\/64f6beecfc59c339d337f0a16c80bfc143a5e623923f6f42beb67b25788f3e50?s=96&d=mm&r=g\",\"caption\":\"YFE\"},\"url\":\"https:\\\/\\\/www.yoga-federation.eu\\\/cz\\\/author\\\/ana\\\/\"}]}<\/script>\n<!-- \/ Yoast SEO plugin. -->","yoast_head_json":{"title":"Lekce j\u00f3gy zdarma v \u010cesk\u00fdch Bud\u011bjovic\u00edch - Cvi\u010dte j\u00f3gu s n\u00e1mi - Yoga Federation of Europe","robots":{"index":"index","follow":"follow","max-snippet":"max-snippet:-1","max-image-preview":"max-image-preview:large","max-video-preview":"max-video-preview:-1"},"canonical":"https:\/\/www.yoga-federation.eu\/cz\/lekce-jogy-zdarma-v-ceskych-budejovicich-cvicte-jogu-s-nami\/","og_locale":"en_US","og_type":"article","og_title":"Lekce j\u00f3gy zdarma v \u010cesk\u00fdch Bud\u011bjovic\u00edch - Cvi\u010dte j\u00f3gu s n\u00e1mi - Yoga Federation of Europe","og_url":"https:\/\/www.yoga-federation.eu\/cz\/lekce-jogy-zdarma-v-ceskych-budejovicich-cvicte-jogu-s-nami\/","og_site_name":"Yoga Federation of Europe","article_published_time":"2020-06-04T20:51:18+00:00","article_modified_time":"2020-06-17T12:01:22+00:00","og_image":[{"width":1080,"height":1080,"url":"https:\/\/www.yoga-federation.eu\/wp-content\/uploads\/2020\/06\/Cvi\u010dte-j\u00f3gu-s-n\u00e1mi-v-\u010cesk\u00fdch-Bud\u011bjovic\u00edch.jpg","type":"image\/jpeg"}],"author":"YFE","twitter_card":"summary_large_image","twitter_misc":{"Written by":"YFE","Est. reading time":"2 minutes"},"schema":{"@context":"https:\/\/schema.org","@graph":[{"@type":"Article","@id":"https:\/\/www.yoga-federation.eu\/cz\/lekce-jogy-zdarma-v-ceskych-budejovicich-cvicte-jogu-s-nami\/#article","isPartOf":{"@id":"https:\/\/www.yoga-federation.eu\/cz\/lekce-jogy-zdarma-v-ceskych-budejovicich-cvicte-jogu-s-nami\/"},"author":{"name":"YFE","@id":"https:\/\/www.yoga-federation.eu\/#\/schema\/person\/c70b5a8f7323477f70814bd277cc9105"},"headline":"Lekce j\u00f3gy zdarma v \u010cesk\u00fdch Bud\u011bjovic\u00edch &#8211; Cvi\u010dte j\u00f3gu s n\u00e1mi","datePublished":"2020-06-04T20:51:18+00:00","dateModified":"2020-06-17T12:01:22+00:00","mainEntityOfPage":{"@id":"https:\/\/www.yoga-federation.eu\/cz\/lekce-jogy-zdarma-v-ceskych-budejovicich-cvicte-jogu-s-nami\/"},"wordCount":460,"image":{"@id":"https:\/\/www.yoga-federation.eu\/cz\/lekce-jogy-zdarma-v-ceskych-budejovicich-cvicte-jogu-s-nami\/#primaryimage"},"thumbnailUrl":"https:\/\/www.yoga-federation.eu\/wp-content\/uploads\/2020\/06\/Cvi\u010dte-j\u00f3gu-s-n\u00e1mi-v-\u010cesk\u00fdch-Bud\u011bjovic\u00edch.jpg","articleSection":["Aktivity v roce 2020","Cvi\u010dte j\u00f3gu s n\u00e1mi","Projekty"],"inLanguage":"cz-CZ"},{"@type":"WebPage","@id":"https:\/\/www.yoga-federation.eu\/cz\/lekce-jogy-zdarma-v-ceskych-budejovicich-cvicte-jogu-s-nami\/","url":"https:\/\/www.yoga-federation.eu\/cz\/lekce-jogy-zdarma-v-ceskych-budejovicich-cvicte-jogu-s-nami\/","name":"Lekce j\u00f3gy zdarma v \u010cesk\u00fdch Bud\u011bjovic\u00edch - Cvi\u010dte j\u00f3gu s n\u00e1mi - Yoga Federation of Europe","isPartOf":{"@id":"https:\/\/www.yoga-federation.eu\/#website"},"primaryImageOfPage":{"@id":"https:\/\/www.yoga-federation.eu\/cz\/lekce-jogy-zdarma-v-ceskych-budejovicich-cvicte-jogu-s-nami\/#primaryimage"},"image":{"@id":"https:\/\/www.yoga-federation.eu\/cz\/lekce-jogy-zdarma-v-ceskych-budejovicich-cvicte-jogu-s-nami\/#primaryimage"},"thumbnailUrl":"https:\/\/www.yoga-federation.eu\/wp-content\/uploads\/2020\/06\/Cvi\u010dte-j\u00f3gu-s-n\u00e1mi-v-\u010cesk\u00fdch-Bud\u011bjovic\u00edch.jpg","datePublished":"2020-06-04T20:51:18+00:00","dateModified":"2020-06-17T12:01:22+00:00","author":{"@id":"https:\/\/www.yoga-federation.eu\/#\/schema\/person\/c70b5a8f7323477f70814bd277cc9105"},"breadcrumb":{"@id":"https:\/\/www.yoga-federation.eu\/cz\/lekce-jogy-zdarma-v-ceskych-budejovicich-cvicte-jogu-s-nami\/#breadcrumb"},"inLanguage":"cz-CZ","potentialAction":[{"@type":"ReadAction","target":["https:\/\/www.yoga-federation.eu\/cz\/lekce-jogy-zdarma-v-ceskych-budejovicich-cvicte-jogu-s-nami\/"]}]},{"@type":"ImageObject","inLanguage":"cz-CZ","@id":"https:\/\/www.yoga-federation.eu\/cz\/lekce-jogy-zdarma-v-ceskych-budejovicich-cvicte-jogu-s-nami\/#primaryimage","url":"https:\/\/www.yoga-federation.eu\/wp-content\/uploads\/2020\/06\/Cvi\u010dte-j\u00f3gu-s-n\u00e1mi-v-\u010cesk\u00fdch-Bud\u011bjovic\u00edch.jpg","contentUrl":"https:\/\/www.yoga-federation.eu\/wp-content\/uploads\/2020\/06\/Cvi\u010dte-j\u00f3gu-s-n\u00e1mi-v-\u010cesk\u00fdch-Bud\u011bjovic\u00edch.jpg","width":1080,"height":1080},{"@type":"BreadcrumbList","@id":"https:\/\/www.yoga-federation.eu\/cz\/lekce-jogy-zdarma-v-ceskych-budejovicich-cvicte-jogu-s-nami\/#breadcrumb","itemListElement":[{"@type":"ListItem","position":1,"name":"Home","item":"https:\/\/www.yoga-federation.eu\/cz\/"},{"@type":"ListItem","position":2,"name":"Lekce j\u00f3gy zdarma v \u010cesk\u00fdch Bud\u011bjovic\u00edch &#8211; Cvi\u010dte j\u00f3gu s n\u00e1mi"}]},{"@type":"WebSite","@id":"https:\/\/www.yoga-federation.eu\/#website","url":"https:\/\/www.yoga-federation.eu\/","name":"Yoga Federation of Europe","description":"Yoga in Europe","potentialAction":[{"@type":"SearchAction","target":{"@type":"EntryPoint","urlTemplate":"https:\/\/www.yoga-federation.eu\/?s={search_term_string}"},"query-input":{"@type":"PropertyValueSpecification","valueRequired":true,"valueName":"search_term_string"}}],"inLanguage":"cz-CZ"},{"@type":"Person","@id":"https:\/\/www.yoga-federation.eu\/#\/schema\/person\/c70b5a8f7323477f70814bd277cc9105","name":"YFE","image":{"@type":"ImageObject","inLanguage":"cz-CZ","@id":"https:\/\/secure.gravatar.com\/avatar\/64f6beecfc59c339d337f0a16c80bfc143a5e623923f6f42beb67b25788f3e50?s=96&d=mm&r=g","url":"https:\/\/secure.gravatar.com\/avatar\/64f6beecfc59c339d337f0a16c80bfc143a5e623923f6f42beb67b25788f3e50?s=96&d=mm&r=g","contentUrl":"https:\/\/secure.gravatar.com\/avatar\/64f6beecfc59c339d337f0a16c80bfc143a5e623923f6f42beb67b25788f3e50?s=96&d=mm&r=g","caption":"YFE"},"url":"https:\/\/www.yoga-federation.eu\/cz\/author\/ana\/"}]}},"_links":{"self":[{"href":"https:\/\/www.yoga-federation.eu\/cz\/wp-json\/wp\/v2\/posts\/5170","targetHints":{"allow":["GET"]}}],"collection":[{"href":"https:\/\/www.yoga-federation.eu\/cz\/wp-json\/wp\/v2\/posts"}],"about":[{"href":"https:\/\/www.yoga-federation.eu\/cz\/wp-json\/wp\/v2\/types\/post"}],"author":[{"embeddable":true,"href":"https:\/\/www.yoga-federation.eu\/cz\/wp-json\/wp\/v2\/users\/6"}],"replies":[{"embeddable":true,"href":"https:\/\/www.yoga-federation.eu\/cz\/wp-json\/wp\/v2\/comments?post=5170"}],"version-history":[{"count":0,"href":"https:\/\/www.yoga-federation.eu\/cz\/wp-json\/wp\/v2\/posts\/5170\/revisions"}],"wp:featuredmedia":[{"embeddable":true,"href":"https:\/\/www.yoga-federation.eu\/cz\/wp-json\/wp\/v2\/media\/5174"}],"wp:attachment":[{"href":"https:\/\/www.yoga-federation.eu\/cz\/wp-json\/wp\/v2\/media?parent=5170"}],"wp:term":[{"taxonomy":"category","embeddable":true,"href":"https:\/\/www.yoga-federation.eu\/cz\/wp-json\/wp\/v2\/categories?post=5170"},{"taxonomy":"post_tag","embeddable":true,"href":"https:\/\/www.yoga-federation.eu\/cz\/wp-json\/wp\/v2\/tags?post=5170"}],"curies":[{"name":"wp","href":"https:\/\/api.w.org\/{rel}","templated":true}]}}