{"id":4575,"date":"2019-06-11T15:58:47","date_gmt":"2019-06-11T15:58:47","guid":{"rendered":"https:\/\/www.yoga-federation.eu\/yoga-retreat-spain-2019\/"},"modified":"2023-12-30T22:38:20","modified_gmt":"2023-12-30T22:38:20","slug":"joga-retreat-spanelsko-2019","status":"publish","type":"post","link":"https:\/\/www.yoga-federation.eu\/cz\/joga-retreat-spanelsko-2019\/","title":{"rendered":"J\u00f3ga retreat &#8211; \u0160pan\u011blsko 2019"},"content":{"rendered":"<div class=\"fusion-fullwidth fullwidth-box fusion-builder-row-1 nonhundred-percent-fullwidth non-hundred-percent-height-scrolling\" style=\"background-color: rgba(255,255,255,0);background-position: center center;background-repeat: no-repeat;padding-top:0px;padding-right:0px;padding-bottom:0px;padding-left:0px;margin-bottom: 0px;margin-top: 0px;border-width: 0px 0px 0px 0px;border-color:#eae9e9;border-style:solid;\" ><div class=\"fusion-builder-row fusion-row\"><div class=\"fusion-layout-column fusion_builder_column fusion-builder-column-0 fusion_builder_column_1_1 1_1 fusion-one-full fusion-column-first fusion-column-last\" style=\"margin-top:0px;margin-bottom:20px;\"><div class=\"fusion-column-wrapper fusion-flex-column-wrapper-legacy\" style=\"background-position:left top;background-repeat:no-repeat;-webkit-background-size:cover;-moz-background-size:cover;-o-background-size:cover;background-size:cover;padding: 0px 0px 0px 0px;\"><div class=\"fusion-text fusion-text-1\"><h2 style=\"text-align: center;\"><span style=\"color: #000080;\"><strong>J\u00d3GA RETREAT 2019<\/strong><\/span><\/h2>\n<h3 style=\"text-align: center;\"><span style=\"color: #000080;\">J\u00d3GA \u2013 ODPO\u010cINEK \u2013 MO\u0158E<\/span><br \/>\n<span style=\"color: #000080;\">28. kv\u011btna \u2013 7. \u010dervna 2019<\/span><\/h3>\n<h3 style=\"text-align: center;\"><span style=\"color: #000080;\">EVROPSK\u00c1 FEDERACE J\u00d3GY\u00a0<\/span><\/h3>\n<h3 style=\"text-align: center;\"><span style=\"color: #000080;\">J\u00d3GA\u00a0 RETREAT\u00a0\u00a0VE \u0160PAN\u011aLSKU\u00a0<\/span><\/h3>\n<h3 style=\"text-align: center;\"><span style=\"color: #000080;\">VILAFORTUNY,\u00a0CAMBRILIS,\u00a0COSTA DORADA<\/span><\/h3>\n<p>J\u00f3ga Retreat 2019 se odehr\u00e1val v o\u00e1ze kr\u00e1sn\u00e9 a nezapomenuteln\u00e9 p\u0159\u00edrody s p\u0159\u00edtomnosti milovn\u00edky j\u00f3gy z cel\u00e9ho sv\u011bta. J\u00f3ga Retreat zahrnoval:\u00a0satsang j\u00f3gu a iniciaci ze strany U\u010ditele, praktikov\u00e1n\u00ed j\u00f3gov\u00fdch \u00e1s\u00e1n, pr\u00e1n\u00e1j\u00e1my, m\u00fadry, meditace, energetick\u00fd detox, meditativn\u00ed proch\u00e1zky a radostn\u00e1 setk\u00e1v\u00e1n\u00ed na pl\u00e1\u017e\u00edch Costa Dorada.\u00a0\u00dachvatn\u00e9 prost\u0159ed\u00ed mo\u0159e, m\u00edrn\u00e9 klima a n\u00e1dhern\u00e1 panoramata p\u0159isp\u011bli k tomu, \u017ee se dovolen\u00e1 spojen\u00e1 s\u00a0praktikov\u00e1n\u00edm j\u00f3gy stala jedine\u010dn\u00fdm \u017eivotn\u00edm z\u00e1\u017eitkem.<\/p>\n<p>J\u00f3ga Retreat byl p\u0159izp\u016fsoben pro za\u010d\u00e1te\u010dn\u00edky a pokro\u010dil\u00e9 instruktory j\u00f3gy. J\u00f3ga Retreat vedli certifikovan\u00ed instrukto\u0159i Evropsk\u00e9 federace j\u00f3gy pod veden\u00edm prof. Predraga K. Niki\u010de, Ph.D.,\u00a0mezin\u00e1rodn\u00edho mistra j\u00f3gy.<\/p>\n<p><a href=\"https:\/\/www.facebook.com\/pg\/yoga.federation.eu\/photos\/?tab=album&amp;album_id=1285734274923467\" target=\"_blank\" rel=\"noopener\">Fotogalerie<\/a><\/p>\n<div><\/div>\n<div>\n\n\t\t<style type=\"text\/css\">\n\t\t\t#gallery-1 {\n\t\t\t\tmargin: auto;\n\t\t\t}\n\t\t\t#gallery-1 .gallery-item {\n\t\t\t\tfloat: left;\n\t\t\t\tmargin-top: 10px;\n\t\t\t\ttext-align: center;\n\t\t\t\twidth: 14%;\n\t\t\t}\n\t\t\t#gallery-1 img {\n\t\t\t\tborder: 2px solid #cfcfcf;\n\t\t\t}\n\t\t\t#gallery-1 .gallery-caption {\n\t\t\t\tmargin-left: 0;\n\t\t\t}\n\t\t\t\/* see gallery_shortcode() in wp-includes\/media.php *\/\n\t\t<\/style>\n\t\t<div id='gallery-1' class='gallery galleryid-4575 gallery-columns-7 gallery-size-thumbnail'><dl class='gallery-item'>\n\t\t\t<dt class='gallery-icon landscape'>\n\t\t\t\t<a data-rel=\"iLightbox[postimages]\" data-title=\"yoga retreat spain 2019\" data-caption=\"\" href='https:\/\/www.yoga-federation.eu\/wp-content\/uploads\/2019\/06\/yoga-retreat-spain-2019.jpg'><img loading=\"lazy\" decoding=\"async\" width=\"150\" height=\"150\" src=\"https:\/\/www.yoga-federation.eu\/wp-content\/uploads\/2019\/06\/yoga-retreat-spain-2019-150x150.jpg\" class=\"attachment-thumbnail size-thumbnail lazyload\" alt=\"yoga retreat spain 2019\" srcset=\"data:image\/svg+xml,%3Csvg%20xmlns%3D%27http%3A%2F%2Fwww.w3.org%2F2000%2Fsvg%27%20width%3D%271600%27%20height%3D%27998%27%20viewBox%3D%270%200%201600%20998%27%3E%3Crect%20width%3D%271600%27%20height%3D%273998%27%20fill-opacity%3D%220%22%2F%3E%3C%2Fsvg%3E\" data-orig-src=\"https:\/\/www.yoga-federation.eu\/wp-content\/uploads\/2019\/06\/yoga-retreat-spain-2019-150x150.jpg\" data-srcset=\"https:\/\/www.yoga-federation.eu\/wp-content\/uploads\/2019\/06\/yoga-retreat-spain-2019-66x66.jpg 66w, https:\/\/www.yoga-federation.eu\/wp-content\/uploads\/2019\/06\/yoga-retreat-spain-2019-150x150.jpg 150w\" data-sizes=\"auto\" \/><\/a>\n\t\t\t<\/dt><\/dl><dl class='gallery-item'>\n\t\t\t<dt class='gallery-icon landscape'>\n\t\t\t\t<a data-rel=\"iLightbox[postimages]\" data-title=\"yoga retreat spain 2019-1\" data-caption=\"\" href='https:\/\/www.yoga-federation.eu\/wp-content\/uploads\/2019\/06\/yoga-retreat-spain-2019-1.jpg'><img loading=\"lazy\" decoding=\"async\" width=\"150\" height=\"150\" src=\"https:\/\/www.yoga-federation.eu\/wp-content\/uploads\/2019\/06\/yoga-retreat-spain-2019-1-150x150.jpg\" class=\"attachment-thumbnail size-thumbnail lazyload\" alt=\"yoga retreat spain 2019\" srcset=\"data:image\/svg+xml,%3Csvg%20xmlns%3D%27http%3A%2F%2Fwww.w3.org%2F2000%2Fsvg%27%20width%3D%271600%27%20height%3D%271067%27%20viewBox%3D%270%200%201600%201067%27%3E%3Crect%20width%3D%271600%27%20height%3D%2731067%27%20fill-opacity%3D%220%22%2F%3E%3C%2Fsvg%3E\" data-orig-src=\"https:\/\/www.yoga-federation.eu\/wp-content\/uploads\/2019\/06\/yoga-retreat-spain-2019-1-150x150.jpg\" data-srcset=\"https:\/\/www.yoga-federation.eu\/wp-content\/uploads\/2019\/06\/yoga-retreat-spain-2019-1-66x66.jpg 66w, https:\/\/www.yoga-federation.eu\/wp-content\/uploads\/2019\/06\/yoga-retreat-spain-2019-1-150x150.jpg 150w\" data-sizes=\"auto\" \/><\/a>\n\t\t\t<\/dt><\/dl><dl class='gallery-item'>\n\t\t\t<dt class='gallery-icon landscape'>\n\t\t\t\t<a data-rel=\"iLightbox[postimages]\" data-title=\"yoga retreat spain 2019-3\" data-caption=\"\" href='https:\/\/www.yoga-federation.eu\/wp-content\/uploads\/2019\/06\/yoga-retreat-spain-2019-3.jpg'><img loading=\"lazy\" decoding=\"async\" width=\"150\" height=\"150\" src=\"https:\/\/www.yoga-federation.eu\/wp-content\/uploads\/2019\/06\/yoga-retreat-spain-2019-3-150x150.jpg\" class=\"attachment-thumbnail size-thumbnail lazyload\" alt=\"yoga retreat spain 2019\" srcset=\"data:image\/svg+xml,%3Csvg%20xmlns%3D%27http%3A%2F%2Fwww.w3.org%2F2000%2Fsvg%27%20width%3D%271600%27%20height%3D%27758%27%20viewBox%3D%270%200%201600%20758%27%3E%3Crect%20width%3D%271600%27%20height%3D%273758%27%20fill-opacity%3D%220%22%2F%3E%3C%2Fsvg%3E\" data-orig-src=\"https:\/\/www.yoga-federation.eu\/wp-content\/uploads\/2019\/06\/yoga-retreat-spain-2019-3-150x150.jpg\" data-srcset=\"https:\/\/www.yoga-federation.eu\/wp-content\/uploads\/2019\/06\/yoga-retreat-spain-2019-3-66x66.jpg 66w, https:\/\/www.yoga-federation.eu\/wp-content\/uploads\/2019\/06\/yoga-retreat-spain-2019-3-150x150.jpg 150w\" data-sizes=\"auto\" \/><\/a>\n\t\t\t<\/dt><\/dl><dl class='gallery-item'>\n\t\t\t<dt class='gallery-icon landscape'>\n\t\t\t\t<a data-rel=\"iLightbox[postimages]\" data-title=\"yoga retreat spain 2019\" data-caption=\"\" href='https:\/\/www.yoga-federation.eu\/wp-content\/uploads\/2019\/06\/yoga-retreat-spain-2019-5.jpg'><img loading=\"lazy\" decoding=\"async\" width=\"150\" height=\"150\" src=\"https:\/\/www.yoga-federation.eu\/wp-content\/uploads\/2019\/06\/yoga-retreat-spain-2019-5-150x150.jpg\" class=\"attachment-thumbnail size-thumbnail lazyload\" alt=\"yoga retreat spain 2019\" srcset=\"data:image\/svg+xml,%3Csvg%20xmlns%3D%27http%3A%2F%2Fwww.w3.org%2F2000%2Fsvg%27%20width%3D%271600%27%20height%3D%271174%27%20viewBox%3D%270%200%201600%201174%27%3E%3Crect%20width%3D%271600%27%20height%3D%2731174%27%20fill-opacity%3D%220%22%2F%3E%3C%2Fsvg%3E\" data-orig-src=\"https:\/\/www.yoga-federation.eu\/wp-content\/uploads\/2019\/06\/yoga-retreat-spain-2019-5-150x150.jpg\" data-srcset=\"https:\/\/www.yoga-federation.eu\/wp-content\/uploads\/2019\/06\/yoga-retreat-spain-2019-5-66x66.jpg 66w, https:\/\/www.yoga-federation.eu\/wp-content\/uploads\/2019\/06\/yoga-retreat-spain-2019-5-150x150.jpg 150w\" data-sizes=\"auto\" \/><\/a>\n\t\t\t<\/dt><\/dl><dl class='gallery-item'>\n\t\t\t<dt class='gallery-icon landscape'>\n\t\t\t\t<a data-rel=\"iLightbox[postimages]\" data-title=\"yoga retreat spain 2019\" data-caption=\"\" href='https:\/\/www.yoga-federation.eu\/wp-content\/uploads\/2019\/06\/yoga-retreat-spain-2019-4.jpg'><img loading=\"lazy\" decoding=\"async\" width=\"150\" height=\"150\" src=\"https:\/\/www.yoga-federation.eu\/wp-content\/uploads\/2019\/06\/yoga-retreat-spain-2019-4-150x150.jpg\" class=\"attachment-thumbnail size-thumbnail lazyload\" alt=\"yoga retreat spain 2019\" srcset=\"data:image\/svg+xml,%3Csvg%20xmlns%3D%27http%3A%2F%2Fwww.w3.org%2F2000%2Fsvg%27%20width%3D%271600%27%20height%3D%27819%27%20viewBox%3D%270%200%201600%20819%27%3E%3Crect%20width%3D%271600%27%20height%3D%273819%27%20fill-opacity%3D%220%22%2F%3E%3C%2Fsvg%3E\" data-orig-src=\"https:\/\/www.yoga-federation.eu\/wp-content\/uploads\/2019\/06\/yoga-retreat-spain-2019-4-150x150.jpg\" data-srcset=\"https:\/\/www.yoga-federation.eu\/wp-content\/uploads\/2019\/06\/yoga-retreat-spain-2019-4-66x66.jpg 66w, https:\/\/www.yoga-federation.eu\/wp-content\/uploads\/2019\/06\/yoga-retreat-spain-2019-4-150x150.jpg 150w\" data-sizes=\"auto\" \/><\/a>\n\t\t\t<\/dt><\/dl><dl class='gallery-item'>\n\t\t\t<dt class='gallery-icon landscape'>\n\t\t\t\t<a data-rel=\"iLightbox[postimages]\" data-title=\"yoga retreat spain 2019-6\" data-caption=\"\" href='https:\/\/www.yoga-federation.eu\/wp-content\/uploads\/2019\/06\/yoga-retreat-spain-2019-6.jpg'><img loading=\"lazy\" decoding=\"async\" width=\"150\" height=\"150\" src=\"https:\/\/www.yoga-federation.eu\/wp-content\/uploads\/2019\/06\/yoga-retreat-spain-2019-6-150x150.jpg\" class=\"attachment-thumbnail size-thumbnail lazyload\" alt=\"yoga retreat spain 2019\" srcset=\"data:image\/svg+xml,%3Csvg%20xmlns%3D%27http%3A%2F%2Fwww.w3.org%2F2000%2Fsvg%27%20width%3D%271600%27%20height%3D%27769%27%20viewBox%3D%270%200%201600%20769%27%3E%3Crect%20width%3D%271600%27%20height%3D%273769%27%20fill-opacity%3D%220%22%2F%3E%3C%2Fsvg%3E\" data-orig-src=\"https:\/\/www.yoga-federation.eu\/wp-content\/uploads\/2019\/06\/yoga-retreat-spain-2019-6-150x150.jpg\" data-srcset=\"https:\/\/www.yoga-federation.eu\/wp-content\/uploads\/2019\/06\/yoga-retreat-spain-2019-6-66x66.jpg 66w, https:\/\/www.yoga-federation.eu\/wp-content\/uploads\/2019\/06\/yoga-retreat-spain-2019-6-150x150.jpg 150w\" data-sizes=\"auto\" \/><\/a>\n\t\t\t<\/dt><\/dl><dl class='gallery-item'>\n\t\t\t<dt class='gallery-icon landscape'>\n\t\t\t\t<a data-rel=\"iLightbox[postimages]\" data-title=\"yoga retreat spain 2019-7\" data-caption=\"\" href='https:\/\/www.yoga-federation.eu\/wp-content\/uploads\/2019\/06\/yoga-retreat-spain-2019-7.jpg'><img loading=\"lazy\" decoding=\"async\" width=\"150\" height=\"150\" src=\"https:\/\/www.yoga-federation.eu\/wp-content\/uploads\/2019\/06\/yoga-retreat-spain-2019-7-150x150.jpg\" class=\"attachment-thumbnail size-thumbnail lazyload\" alt=\"yoga retreat spain 2019\" srcset=\"data:image\/svg+xml,%3Csvg%20xmlns%3D%27http%3A%2F%2Fwww.w3.org%2F2000%2Fsvg%27%20width%3D%271600%27%20height%3D%27719%27%20viewBox%3D%270%200%201600%20719%27%3E%3Crect%20width%3D%271600%27%20height%3D%273719%27%20fill-opacity%3D%220%22%2F%3E%3C%2Fsvg%3E\" data-orig-src=\"https:\/\/www.yoga-federation.eu\/wp-content\/uploads\/2019\/06\/yoga-retreat-spain-2019-7-150x150.jpg\" data-srcset=\"https:\/\/www.yoga-federation.eu\/wp-content\/uploads\/2019\/06\/yoga-retreat-spain-2019-7-66x66.jpg 66w, https:\/\/www.yoga-federation.eu\/wp-content\/uploads\/2019\/06\/yoga-retreat-spain-2019-7-150x150.jpg 150w\" data-sizes=\"auto\" \/><\/a>\n\t\t\t<\/dt><\/dl><br style=\"clear: both\" \/>\n\t\t<\/div>\n\n<\/div>\n<div><\/div>\n<div><\/div>\n<\/div><div class=\"fusion-clearfix\"><\/div><\/div><\/div><\/div><\/div>\n","protected":false},"excerpt":{"rendered":"","protected":false},"author":6,"featured_media":4548,"comment_status":"closed","ping_status":"open","sticky":false,"template":"","format":"standard","meta":{"footnotes":""},"categories":[100,120,119,50,85],"tags":[],"class_list":["post-4575","post","type-post","status-publish","format-standard","has-post-thumbnail","hentry","category-activities-2019-cz","category-joga-tabor","category-yoga-camps-cz","category-joga-retreat-u-more","category-yoga-retreats-by-the-sea-cz"],"yoast_head":"<!-- This site is optimized with the Yoast SEO plugin v27.4 - https:\/\/yoast.com\/product\/yoast-seo-wordpress\/ -->\n<title>J\u00f3ga retreat - \u0160pan\u011blsko 2019 - Yoga Federation of Europe<\/title>\n<meta name=\"robots\" content=\"index, follow, max-snippet:-1, max-image-preview:large, max-video-preview:-1\" \/>\n<link rel=\"canonical\" href=\"https:\/\/www.yoga-federation.eu\/cz\/joga-retreat-spanelsko-2019\/\" \/>\n<meta property=\"og:locale\" content=\"en_US\" \/>\n<meta property=\"og:type\" content=\"article\" \/>\n<meta property=\"og:title\" content=\"J\u00f3ga retreat - \u0160pan\u011blsko 2019 - Yoga Federation of Europe\" \/>\n<meta property=\"og:url\" content=\"https:\/\/www.yoga-federation.eu\/cz\/joga-retreat-spanelsko-2019\/\" \/>\n<meta property=\"og:site_name\" content=\"Yoga Federation of Europe\" \/>\n<meta property=\"article:published_time\" content=\"2019-06-11T15:58:47+00:00\" \/>\n<meta property=\"article:modified_time\" content=\"2023-12-30T22:38:20+00:00\" \/>\n<meta property=\"og:image\" content=\"http:\/\/www.yoga-federation.eu\/wp-content\/uploads\/2019\/06\/yoga-retreat-spain-2019.jpg\" \/>\n\t<meta property=\"og:image:width\" content=\"1600\" \/>\n\t<meta property=\"og:image:height\" content=\"998\" \/>\n\t<meta property=\"og:image:type\" content=\"image\/jpeg\" \/>\n<meta name=\"author\" content=\"YFE\" \/>\n<meta name=\"twitter:card\" content=\"summary_large_image\" \/>\n<meta name=\"twitter:label1\" content=\"Written by\" \/>\n\t<meta name=\"twitter:data1\" content=\"YFE\" \/>\n\t<meta name=\"twitter:label2\" content=\"Est. reading time\" \/>\n\t<meta name=\"twitter:data2\" content=\"2 minutes\" \/>\n<script type=\"application\/ld+json\" class=\"yoast-schema-graph\">{\"@context\":\"https:\\\/\\\/schema.org\",\"@graph\":[{\"@type\":\"Article\",\"@id\":\"https:\\\/\\\/www.yoga-federation.eu\\\/cz\\\/joga-retreat-spanelsko-2019\\\/#article\",\"isPartOf\":{\"@id\":\"https:\\\/\\\/www.yoga-federation.eu\\\/cz\\\/joga-retreat-spanelsko-2019\\\/\"},\"author\":{\"name\":\"YFE\",\"@id\":\"https:\\\/\\\/www.yoga-federation.eu\\\/#\\\/schema\\\/person\\\/c70b5a8f7323477f70814bd277cc9105\"},\"headline\":\"J\u00f3ga retreat &#8211; \u0160pan\u011blsko 2019\",\"datePublished\":\"2019-06-11T15:58:47+00:00\",\"dateModified\":\"2023-12-30T22:38:20+00:00\",\"mainEntityOfPage\":{\"@id\":\"https:\\\/\\\/www.yoga-federation.eu\\\/cz\\\/joga-retreat-spanelsko-2019\\\/\"},\"wordCount\":395,\"image\":{\"@id\":\"https:\\\/\\\/www.yoga-federation.eu\\\/cz\\\/joga-retreat-spanelsko-2019\\\/#primaryimage\"},\"thumbnailUrl\":\"https:\\\/\\\/www.yoga-federation.eu\\\/wp-content\\\/uploads\\\/2019\\\/06\\\/yoga-retreat-spain-2019.jpg\",\"articleSection\":[\"Activities 2019\",\"j\u00f3ga t\u00e1bor\",\"Yoga Camps\",\"Yoga retreat\",\"Yoga Retreats by the Sea\"],\"inLanguage\":\"cz-CZ\"},{\"@type\":\"WebPage\",\"@id\":\"https:\\\/\\\/www.yoga-federation.eu\\\/cz\\\/joga-retreat-spanelsko-2019\\\/\",\"url\":\"https:\\\/\\\/www.yoga-federation.eu\\\/cz\\\/joga-retreat-spanelsko-2019\\\/\",\"name\":\"J\u00f3ga retreat - \u0160pan\u011blsko 2019 - Yoga Federation of Europe\",\"isPartOf\":{\"@id\":\"https:\\\/\\\/www.yoga-federation.eu\\\/#website\"},\"primaryImageOfPage\":{\"@id\":\"https:\\\/\\\/www.yoga-federation.eu\\\/cz\\\/joga-retreat-spanelsko-2019\\\/#primaryimage\"},\"image\":{\"@id\":\"https:\\\/\\\/www.yoga-federation.eu\\\/cz\\\/joga-retreat-spanelsko-2019\\\/#primaryimage\"},\"thumbnailUrl\":\"https:\\\/\\\/www.yoga-federation.eu\\\/wp-content\\\/uploads\\\/2019\\\/06\\\/yoga-retreat-spain-2019.jpg\",\"datePublished\":\"2019-06-11T15:58:47+00:00\",\"dateModified\":\"2023-12-30T22:38:20+00:00\",\"author\":{\"@id\":\"https:\\\/\\\/www.yoga-federation.eu\\\/#\\\/schema\\\/person\\\/c70b5a8f7323477f70814bd277cc9105\"},\"breadcrumb\":{\"@id\":\"https:\\\/\\\/www.yoga-federation.eu\\\/cz\\\/joga-retreat-spanelsko-2019\\\/#breadcrumb\"},\"inLanguage\":\"cz-CZ\",\"potentialAction\":[{\"@type\":\"ReadAction\",\"target\":[\"https:\\\/\\\/www.yoga-federation.eu\\\/cz\\\/joga-retreat-spanelsko-2019\\\/\"]}]},{\"@type\":\"ImageObject\",\"inLanguage\":\"cz-CZ\",\"@id\":\"https:\\\/\\\/www.yoga-federation.eu\\\/cz\\\/joga-retreat-spanelsko-2019\\\/#primaryimage\",\"url\":\"https:\\\/\\\/www.yoga-federation.eu\\\/wp-content\\\/uploads\\\/2019\\\/06\\\/yoga-retreat-spain-2019.jpg\",\"contentUrl\":\"https:\\\/\\\/www.yoga-federation.eu\\\/wp-content\\\/uploads\\\/2019\\\/06\\\/yoga-retreat-spain-2019.jpg\",\"width\":1600,\"height\":998,\"caption\":\"yoga retreat spain 2019\"},{\"@type\":\"BreadcrumbList\",\"@id\":\"https:\\\/\\\/www.yoga-federation.eu\\\/cz\\\/joga-retreat-spanelsko-2019\\\/#breadcrumb\",\"itemListElement\":[{\"@type\":\"ListItem\",\"position\":1,\"name\":\"Home\",\"item\":\"https:\\\/\\\/www.yoga-federation.eu\\\/cz\\\/\"},{\"@type\":\"ListItem\",\"position\":2,\"name\":\"J\u00f3ga retreat &#8211; \u0160pan\u011blsko 2019\"}]},{\"@type\":\"WebSite\",\"@id\":\"https:\\\/\\\/www.yoga-federation.eu\\\/#website\",\"url\":\"https:\\\/\\\/www.yoga-federation.eu\\\/\",\"name\":\"Yoga Federation of Europe\",\"description\":\"Yoga in Europe\",\"potentialAction\":[{\"@type\":\"SearchAction\",\"target\":{\"@type\":\"EntryPoint\",\"urlTemplate\":\"https:\\\/\\\/www.yoga-federation.eu\\\/?s={search_term_string}\"},\"query-input\":{\"@type\":\"PropertyValueSpecification\",\"valueRequired\":true,\"valueName\":\"search_term_string\"}}],\"inLanguage\":\"cz-CZ\"},{\"@type\":\"Person\",\"@id\":\"https:\\\/\\\/www.yoga-federation.eu\\\/#\\\/schema\\\/person\\\/c70b5a8f7323477f70814bd277cc9105\",\"name\":\"YFE\",\"image\":{\"@type\":\"ImageObject\",\"inLanguage\":\"cz-CZ\",\"@id\":\"https:\\\/\\\/secure.gravatar.com\\\/avatar\\\/64f6beecfc59c339d337f0a16c80bfc143a5e623923f6f42beb67b25788f3e50?s=96&d=mm&r=g\",\"url\":\"https:\\\/\\\/secure.gravatar.com\\\/avatar\\\/64f6beecfc59c339d337f0a16c80bfc143a5e623923f6f42beb67b25788f3e50?s=96&d=mm&r=g\",\"contentUrl\":\"https:\\\/\\\/secure.gravatar.com\\\/avatar\\\/64f6beecfc59c339d337f0a16c80bfc143a5e623923f6f42beb67b25788f3e50?s=96&d=mm&r=g\",\"caption\":\"YFE\"},\"url\":\"https:\\\/\\\/www.yoga-federation.eu\\\/cz\\\/author\\\/ana\\\/\"}]}<\/script>\n<!-- \/ Yoast SEO plugin. -->","yoast_head_json":{"title":"J\u00f3ga retreat - \u0160pan\u011blsko 2019 - Yoga Federation of Europe","robots":{"index":"index","follow":"follow","max-snippet":"max-snippet:-1","max-image-preview":"max-image-preview:large","max-video-preview":"max-video-preview:-1"},"canonical":"https:\/\/www.yoga-federation.eu\/cz\/joga-retreat-spanelsko-2019\/","og_locale":"en_US","og_type":"article","og_title":"J\u00f3ga retreat - \u0160pan\u011blsko 2019 - Yoga Federation of Europe","og_url":"https:\/\/www.yoga-federation.eu\/cz\/joga-retreat-spanelsko-2019\/","og_site_name":"Yoga Federation of Europe","article_published_time":"2019-06-11T15:58:47+00:00","article_modified_time":"2023-12-30T22:38:20+00:00","og_image":[{"width":1600,"height":998,"url":"http:\/\/www.yoga-federation.eu\/wp-content\/uploads\/2019\/06\/yoga-retreat-spain-2019.jpg","type":"image\/jpeg"}],"author":"YFE","twitter_card":"summary_large_image","twitter_misc":{"Written by":"YFE","Est. reading time":"2 minutes"},"schema":{"@context":"https:\/\/schema.org","@graph":[{"@type":"Article","@id":"https:\/\/www.yoga-federation.eu\/cz\/joga-retreat-spanelsko-2019\/#article","isPartOf":{"@id":"https:\/\/www.yoga-federation.eu\/cz\/joga-retreat-spanelsko-2019\/"},"author":{"name":"YFE","@id":"https:\/\/www.yoga-federation.eu\/#\/schema\/person\/c70b5a8f7323477f70814bd277cc9105"},"headline":"J\u00f3ga retreat &#8211; \u0160pan\u011blsko 2019","datePublished":"2019-06-11T15:58:47+00:00","dateModified":"2023-12-30T22:38:20+00:00","mainEntityOfPage":{"@id":"https:\/\/www.yoga-federation.eu\/cz\/joga-retreat-spanelsko-2019\/"},"wordCount":395,"image":{"@id":"https:\/\/www.yoga-federation.eu\/cz\/joga-retreat-spanelsko-2019\/#primaryimage"},"thumbnailUrl":"https:\/\/www.yoga-federation.eu\/wp-content\/uploads\/2019\/06\/yoga-retreat-spain-2019.jpg","articleSection":["Activities 2019","j\u00f3ga t\u00e1bor","Yoga Camps","Yoga retreat","Yoga Retreats by the Sea"],"inLanguage":"cz-CZ"},{"@type":"WebPage","@id":"https:\/\/www.yoga-federation.eu\/cz\/joga-retreat-spanelsko-2019\/","url":"https:\/\/www.yoga-federation.eu\/cz\/joga-retreat-spanelsko-2019\/","name":"J\u00f3ga retreat - \u0160pan\u011blsko 2019 - Yoga Federation of Europe","isPartOf":{"@id":"https:\/\/www.yoga-federation.eu\/#website"},"primaryImageOfPage":{"@id":"https:\/\/www.yoga-federation.eu\/cz\/joga-retreat-spanelsko-2019\/#primaryimage"},"image":{"@id":"https:\/\/www.yoga-federation.eu\/cz\/joga-retreat-spanelsko-2019\/#primaryimage"},"thumbnailUrl":"https:\/\/www.yoga-federation.eu\/wp-content\/uploads\/2019\/06\/yoga-retreat-spain-2019.jpg","datePublished":"2019-06-11T15:58:47+00:00","dateModified":"2023-12-30T22:38:20+00:00","author":{"@id":"https:\/\/www.yoga-federation.eu\/#\/schema\/person\/c70b5a8f7323477f70814bd277cc9105"},"breadcrumb":{"@id":"https:\/\/www.yoga-federation.eu\/cz\/joga-retreat-spanelsko-2019\/#breadcrumb"},"inLanguage":"cz-CZ","potentialAction":[{"@type":"ReadAction","target":["https:\/\/www.yoga-federation.eu\/cz\/joga-retreat-spanelsko-2019\/"]}]},{"@type":"ImageObject","inLanguage":"cz-CZ","@id":"https:\/\/www.yoga-federation.eu\/cz\/joga-retreat-spanelsko-2019\/#primaryimage","url":"https:\/\/www.yoga-federation.eu\/wp-content\/uploads\/2019\/06\/yoga-retreat-spain-2019.jpg","contentUrl":"https:\/\/www.yoga-federation.eu\/wp-content\/uploads\/2019\/06\/yoga-retreat-spain-2019.jpg","width":1600,"height":998,"caption":"yoga retreat spain 2019"},{"@type":"BreadcrumbList","@id":"https:\/\/www.yoga-federation.eu\/cz\/joga-retreat-spanelsko-2019\/#breadcrumb","itemListElement":[{"@type":"ListItem","position":1,"name":"Home","item":"https:\/\/www.yoga-federation.eu\/cz\/"},{"@type":"ListItem","position":2,"name":"J\u00f3ga retreat &#8211; \u0160pan\u011blsko 2019"}]},{"@type":"WebSite","@id":"https:\/\/www.yoga-federation.eu\/#website","url":"https:\/\/www.yoga-federation.eu\/","name":"Yoga Federation of Europe","description":"Yoga in Europe","potentialAction":[{"@type":"SearchAction","target":{"@type":"EntryPoint","urlTemplate":"https:\/\/www.yoga-federation.eu\/?s={search_term_string}"},"query-input":{"@type":"PropertyValueSpecification","valueRequired":true,"valueName":"search_term_string"}}],"inLanguage":"cz-CZ"},{"@type":"Person","@id":"https:\/\/www.yoga-federation.eu\/#\/schema\/person\/c70b5a8f7323477f70814bd277cc9105","name":"YFE","image":{"@type":"ImageObject","inLanguage":"cz-CZ","@id":"https:\/\/secure.gravatar.com\/avatar\/64f6beecfc59c339d337f0a16c80bfc143a5e623923f6f42beb67b25788f3e50?s=96&d=mm&r=g","url":"https:\/\/secure.gravatar.com\/avatar\/64f6beecfc59c339d337f0a16c80bfc143a5e623923f6f42beb67b25788f3e50?s=96&d=mm&r=g","contentUrl":"https:\/\/secure.gravatar.com\/avatar\/64f6beecfc59c339d337f0a16c80bfc143a5e623923f6f42beb67b25788f3e50?s=96&d=mm&r=g","caption":"YFE"},"url":"https:\/\/www.yoga-federation.eu\/cz\/author\/ana\/"}]}},"_links":{"self":[{"href":"https:\/\/www.yoga-federation.eu\/cz\/wp-json\/wp\/v2\/posts\/4575","targetHints":{"allow":["GET"]}}],"collection":[{"href":"https:\/\/www.yoga-federation.eu\/cz\/wp-json\/wp\/v2\/posts"}],"about":[{"href":"https:\/\/www.yoga-federation.eu\/cz\/wp-json\/wp\/v2\/types\/post"}],"author":[{"embeddable":true,"href":"https:\/\/www.yoga-federation.eu\/cz\/wp-json\/wp\/v2\/users\/6"}],"replies":[{"embeddable":true,"href":"https:\/\/www.yoga-federation.eu\/cz\/wp-json\/wp\/v2\/comments?post=4575"}],"version-history":[{"count":0,"href":"https:\/\/www.yoga-federation.eu\/cz\/wp-json\/wp\/v2\/posts\/4575\/revisions"}],"wp:featuredmedia":[{"embeddable":true,"href":"https:\/\/www.yoga-federation.eu\/cz\/wp-json\/wp\/v2\/media\/4548"}],"wp:attachment":[{"href":"https:\/\/www.yoga-federation.eu\/cz\/wp-json\/wp\/v2\/media?parent=4575"}],"wp:term":[{"taxonomy":"category","embeddable":true,"href":"https:\/\/www.yoga-federation.eu\/cz\/wp-json\/wp\/v2\/categories?post=4575"},{"taxonomy":"post_tag","embeddable":true,"href":"https:\/\/www.yoga-federation.eu\/cz\/wp-json\/wp\/v2\/tags?post=4575"}],"curies":[{"name":"wp","href":"https:\/\/api.w.org\/{rel}","templated":true}]}}