{"id":4427,"date":"2019-05-06T08:53:09","date_gmt":"2019-05-06T08:53:09","guid":{"rendered":"https:\/\/www.yoga-federation.eu\/?p=4427"},"modified":"2019-07-19T08:27:30","modified_gmt":"2019-07-19T08:27:30","slug":"konalo-se-velke-evropske-jogove-predstaveni-2019","status":"publish","type":"post","link":"https:\/\/www.yoga-federation.eu\/cz\/konalo-se-velke-evropske-jogove-predstaveni-2019\/","title":{"rendered":"Konalo se Velk\u00e9 evropsk\u00e9 j\u00f3gov\u00e9 p\u0159edstaven\u00ed 2019"},"content":{"rendered":"<div class=\"fusion-fullwidth fullwidth-box fusion-builder-row-1 nonhundred-percent-fullwidth non-hundred-percent-height-scrolling\" style=\"background-color: rgba(255,255,255,0);background-position: center center;background-repeat: no-repeat;padding-top:0px;padding-right:0px;padding-bottom:0px;padding-left:0px;margin-bottom: 0px;margin-top: 0px;border-width: 0px 0px 0px 0px;border-color:#eae9e9;border-style:solid;\" ><div class=\"fusion-builder-row fusion-row\"><div class=\"fusion-layout-column fusion_builder_column fusion-builder-column-0 fusion_builder_column_1_1 1_1 fusion-one-full fusion-column-first fusion-column-last\" style=\"margin-top:0px;margin-bottom:20px;\"><div class=\"fusion-column-wrapper fusion-flex-column-wrapper-legacy\" style=\"background-position:left top;background-repeat:no-repeat;-webkit-background-size:cover;-moz-background-size:cover;-o-background-size:cover;background-size:cover;padding: 0px 0px 0px 0px;\"><div class=\"fusion-text fusion-text-1\"><p>Evropsk\u00e1 federace j\u00f3gy pokra\u010duje ve sv\u00e9m v\u00edcelet\u00e9m programu podpory j\u00f3gy jako zdrav\u00e9ho \u017eivotn\u00edho stylu. Dne 5. 5. 2019 uspo\u0159\u00e1dala Evropsk\u00e1 federace j\u00f3gy ji\u017e po \u0161est\u00e9 Velk\u00e9 evropsk\u00e9 j\u00f3gov\u00e9 p\u0159edstaven\u00ed ve spolupo\u0159adatelstv\u00ed s M\u010c Praha 1 a ve spolupr\u00e1ci s N\u00e1rodn\u00edm divadlem, \u010ceskou federac\u00ed j\u00f3gy a International Yoga Academy.<\/p>\n<p><a href=\"https:\/\/www.yoga-federation.eu\/wp-content\/uploads\/2019\/05\/Velke-evropske-jogove-predstaveni-2019-1.jpg\"><img loading=\"lazy\" decoding=\"async\" class=\"lazyload wp-image-4428 size-600 aligncenter\" src=\"https:\/\/www.yoga-federation.eu\/wp-content\/uploads\/2019\/05\/Velke-evropske-jogove-predstaveni-2019-1-600x383.jpg\" data-orig-src=\"https:\/\/www.yoga-federation.eu\/wp-content\/uploads\/2019\/05\/Velke-evropske-jogove-predstaveni-2019-1-600x383.jpg\" alt=\"Velke evropske jogove predstaveni 2019-5\" width=\"600\" height=\"383\" srcset=\"data:image\/svg+xml,%3Csvg%20xmlns%3D%27http%3A%2F%2Fwww.w3.org%2F2000%2Fsvg%27%20width%3D%27600%27%20height%3D%27383%27%20viewBox%3D%270%200%20600%20383%27%3E%3Crect%20width%3D%27600%27%20height%3D%273383%27%20fill-opacity%3D%220%22%2F%3E%3C%2Fsvg%3E\" data-srcset=\"https:\/\/www.yoga-federation.eu\/wp-content\/uploads\/2019\/05\/Velke-evropske-jogove-predstaveni-2019-1-200x128.jpg 200w, https:\/\/www.yoga-federation.eu\/wp-content\/uploads\/2019\/05\/Velke-evropske-jogove-predstaveni-2019-1-300x191.jpg 300w, https:\/\/www.yoga-federation.eu\/wp-content\/uploads\/2019\/05\/Velke-evropske-jogove-predstaveni-2019-1-400x255.jpg 400w, https:\/\/www.yoga-federation.eu\/wp-content\/uploads\/2019\/05\/Velke-evropske-jogove-predstaveni-2019-1-460x295.jpg 460w, https:\/\/www.yoga-federation.eu\/wp-content\/uploads\/2019\/05\/Velke-evropske-jogove-predstaveni-2019-1-600x383.jpg 600w, https:\/\/www.yoga-federation.eu\/wp-content\/uploads\/2019\/05\/Velke-evropske-jogove-predstaveni-2019-1-768x490.jpg 768w, https:\/\/www.yoga-federation.eu\/wp-content\/uploads\/2019\/05\/Velke-evropske-jogove-predstaveni-2019-1-800x511.jpg 800w, https:\/\/www.yoga-federation.eu\/wp-content\/uploads\/2019\/05\/Velke-evropske-jogove-predstaveni-2019-1-1024x653.jpg 1024w, https:\/\/www.yoga-federation.eu\/wp-content\/uploads\/2019\/05\/Velke-evropske-jogove-predstaveni-2019-1-1200x766.jpg 1200w, https:\/\/www.yoga-federation.eu\/wp-content\/uploads\/2019\/05\/Velke-evropske-jogove-predstaveni-2019-1.jpg 1600w\" data-sizes=\"auto\" data-orig-sizes=\"auto, (max-width: 600px) 100vw, 600px\" \/><\/a><\/p>\n<p>Velk\u00e9 evropsk\u00e9 p\u0159edstaven\u00ed si klade za c\u00edl podporovat lidsk\u00e9 hodnoty a zdrav\u00fd \u017eivotn\u00ed styl prost\u0159ednictv\u00edm fyzick\u00e9 aktivity a cvi\u010den\u00ed. Akce se konala pod heslem prof. Predraga Niki\u010de: U\u010di\u0148 dobro \u2013 odm\u011bn\u00ed\u0161 sebe.\u00a0Akci zah\u00e1jil \u010dlen rady M\u010c Praha 1 pan Petr Burgr, radn\u00ed pro kulturu a sport.<\/p>\n\n\t\t<style type=\"text\/css\">\n\t\t\t#gallery-1 {\n\t\t\t\tmargin: auto;\n\t\t\t}\n\t\t\t#gallery-1 .gallery-item {\n\t\t\t\tfloat: left;\n\t\t\t\tmargin-top: 10px;\n\t\t\t\ttext-align: center;\n\t\t\t\twidth: 14%;\n\t\t\t}\n\t\t\t#gallery-1 img {\n\t\t\t\tborder: 2px solid #cfcfcf;\n\t\t\t}\n\t\t\t#gallery-1 .gallery-caption {\n\t\t\t\tmargin-left: 0;\n\t\t\t}\n\t\t\t\/* see gallery_shortcode() in wp-includes\/media.php *\/\n\t\t<\/style>\n\t\t<div id='gallery-1' class='gallery galleryid-4427 gallery-columns-7 gallery-size-thumbnail'><dl class='gallery-item'>\n\t\t\t<dt class='gallery-icon landscape'>\n\t\t\t\t<a data-rel=\"iLightbox[postimages]\" data-title=\"Velke evropske jogove predstaveni 2019-2\" data-caption=\"\" href='https:\/\/www.yoga-federation.eu\/wp-content\/uploads\/2019\/05\/Velke-evropske-jogove-predstaveni-2019-2.jpg'><img loading=\"lazy\" decoding=\"async\" width=\"150\" height=\"150\" src=\"https:\/\/www.yoga-federation.eu\/wp-content\/uploads\/2019\/05\/Velke-evropske-jogove-predstaveni-2019-2-150x150.jpg\" class=\"attachment-thumbnail size-thumbnail lazyload\" alt=\"Velke evropske jogove predstaveni 2019-5\" srcset=\"data:image\/svg+xml,%3Csvg%20xmlns%3D%27http%3A%2F%2Fwww.w3.org%2F2000%2Fsvg%27%20width%3D%271600%27%20height%3D%27950%27%20viewBox%3D%270%200%201600%20950%27%3E%3Crect%20width%3D%271600%27%20height%3D%273950%27%20fill-opacity%3D%220%22%2F%3E%3C%2Fsvg%3E\" data-orig-src=\"https:\/\/www.yoga-federation.eu\/wp-content\/uploads\/2019\/05\/Velke-evropske-jogove-predstaveni-2019-2-150x150.jpg\" data-srcset=\"https:\/\/www.yoga-federation.eu\/wp-content\/uploads\/2019\/05\/Velke-evropske-jogove-predstaveni-2019-2-66x66.jpg 66w, https:\/\/www.yoga-federation.eu\/wp-content\/uploads\/2019\/05\/Velke-evropske-jogove-predstaveni-2019-2-150x150.jpg 150w\" data-sizes=\"auto\" \/><\/a>\n\t\t\t<\/dt><\/dl><dl class='gallery-item'>\n\t\t\t<dt class='gallery-icon landscape'>\n\t\t\t\t<a data-rel=\"iLightbox[postimages]\" data-title=\"Velke evropske jogove predstaveni 2019-4\" data-caption=\"\" href='https:\/\/www.yoga-federation.eu\/wp-content\/uploads\/2019\/05\/Velke-evropske-jogove-predstaveni-2019-4.jpg'><img loading=\"lazy\" decoding=\"async\" width=\"150\" height=\"150\" src=\"https:\/\/www.yoga-federation.eu\/wp-content\/uploads\/2019\/05\/Velke-evropske-jogove-predstaveni-2019-4-150x150.jpg\" class=\"attachment-thumbnail size-thumbnail lazyload\" alt=\"Velke evropske jogove predstaveni 2019-5\" srcset=\"data:image\/svg+xml,%3Csvg%20xmlns%3D%27http%3A%2F%2Fwww.w3.org%2F2000%2Fsvg%27%20width%3D%271600%27%20height%3D%271049%27%20viewBox%3D%270%200%201600%201049%27%3E%3Crect%20width%3D%271600%27%20height%3D%2731049%27%20fill-opacity%3D%220%22%2F%3E%3C%2Fsvg%3E\" data-orig-src=\"https:\/\/www.yoga-federation.eu\/wp-content\/uploads\/2019\/05\/Velke-evropske-jogove-predstaveni-2019-4-150x150.jpg\" data-srcset=\"https:\/\/www.yoga-federation.eu\/wp-content\/uploads\/2019\/05\/Velke-evropske-jogove-predstaveni-2019-4-66x66.jpg 66w, https:\/\/www.yoga-federation.eu\/wp-content\/uploads\/2019\/05\/Velke-evropske-jogove-predstaveni-2019-4-150x150.jpg 150w\" data-sizes=\"auto\" \/><\/a>\n\t\t\t<\/dt><\/dl><dl class='gallery-item'>\n\t\t\t<dt class='gallery-icon portrait'>\n\t\t\t\t<a data-rel=\"iLightbox[postimages]\" data-title=\"Velke evropske jogove predstaveni 2019-3\" data-caption=\"\" href='https:\/\/www.yoga-federation.eu\/wp-content\/uploads\/2019\/05\/Velke-evropske-jogove-predstaveni-2019-3.jpg'><img loading=\"lazy\" decoding=\"async\" width=\"150\" height=\"150\" src=\"https:\/\/www.yoga-federation.eu\/wp-content\/uploads\/2019\/05\/Velke-evropske-jogove-predstaveni-2019-3-150x150.jpg\" class=\"attachment-thumbnail size-thumbnail lazyload\" alt=\"Velke evropske jogove predstaveni 2019-5\" srcset=\"data:image\/svg+xml,%3Csvg%20xmlns%3D%27http%3A%2F%2Fwww.w3.org%2F2000%2Fsvg%27%20width%3D%27969%27%20height%3D%271600%27%20viewBox%3D%270%200%20969%201600%27%3E%3Crect%20width%3D%27969%27%20height%3D%2731600%27%20fill-opacity%3D%220%22%2F%3E%3C%2Fsvg%3E\" data-orig-src=\"https:\/\/www.yoga-federation.eu\/wp-content\/uploads\/2019\/05\/Velke-evropske-jogove-predstaveni-2019-3-150x150.jpg\" data-srcset=\"https:\/\/www.yoga-federation.eu\/wp-content\/uploads\/2019\/05\/Velke-evropske-jogove-predstaveni-2019-3-66x66.jpg 66w, https:\/\/www.yoga-federation.eu\/wp-content\/uploads\/2019\/05\/Velke-evropske-jogove-predstaveni-2019-3-150x150.jpg 150w\" data-sizes=\"auto\" \/><\/a>\n\t\t\t<\/dt><\/dl><dl class='gallery-item'>\n\t\t\t<dt class='gallery-icon landscape'>\n\t\t\t\t<a data-rel=\"iLightbox[postimages]\" data-title=\"Velke evropske jogove predstaveni 2019-5\" data-caption=\"\" href='https:\/\/www.yoga-federation.eu\/wp-content\/uploads\/2019\/05\/Velke-evropske-jogove-predstaveni-2019-7.jpg'><img loading=\"lazy\" decoding=\"async\" width=\"150\" height=\"150\" src=\"https:\/\/www.yoga-federation.eu\/wp-content\/uploads\/2019\/05\/Velke-evropske-jogove-predstaveni-2019-7-150x150.jpg\" class=\"attachment-thumbnail size-thumbnail lazyload\" alt=\"Velke evropske jogove predstaveni 2019-5\" srcset=\"data:image\/svg+xml,%3Csvg%20xmlns%3D%27http%3A%2F%2Fwww.w3.org%2F2000%2Fsvg%27%20width%3D%271600%27%20height%3D%27904%27%20viewBox%3D%270%200%201600%20904%27%3E%3Crect%20width%3D%271600%27%20height%3D%273904%27%20fill-opacity%3D%220%22%2F%3E%3C%2Fsvg%3E\" data-orig-src=\"https:\/\/www.yoga-federation.eu\/wp-content\/uploads\/2019\/05\/Velke-evropske-jogove-predstaveni-2019-7-150x150.jpg\" data-srcset=\"https:\/\/www.yoga-federation.eu\/wp-content\/uploads\/2019\/05\/Velke-evropske-jogove-predstaveni-2019-7-66x66.jpg 66w, https:\/\/www.yoga-federation.eu\/wp-content\/uploads\/2019\/05\/Velke-evropske-jogove-predstaveni-2019-7-150x150.jpg 150w\" data-sizes=\"auto\" \/><\/a>\n\t\t\t<\/dt><\/dl><dl class='gallery-item'>\n\t\t\t<dt class='gallery-icon landscape'>\n\t\t\t\t<a data-rel=\"iLightbox[postimages]\" data-title=\"Velke evropske jogove predstaveni 2019-5\" data-caption=\"\" href='https:\/\/www.yoga-federation.eu\/wp-content\/uploads\/2019\/05\/Velke-evropske-jogove-predstaveni-2019-5.jpg'><img loading=\"lazy\" decoding=\"async\" width=\"150\" height=\"150\" src=\"https:\/\/www.yoga-federation.eu\/wp-content\/uploads\/2019\/05\/Velke-evropske-jogove-predstaveni-2019-5-150x150.jpg\" class=\"attachment-thumbnail size-thumbnail lazyload\" alt=\"Velke evropske jogove predstaveni 2019-5\" srcset=\"data:image\/svg+xml,%3Csvg%20xmlns%3D%27http%3A%2F%2Fwww.w3.org%2F2000%2Fsvg%27%20width%3D%271600%27%20height%3D%27991%27%20viewBox%3D%270%200%201600%20991%27%3E%3Crect%20width%3D%271600%27%20height%3D%273991%27%20fill-opacity%3D%220%22%2F%3E%3C%2Fsvg%3E\" data-orig-src=\"https:\/\/www.yoga-federation.eu\/wp-content\/uploads\/2019\/05\/Velke-evropske-jogove-predstaveni-2019-5-150x150.jpg\" data-srcset=\"https:\/\/www.yoga-federation.eu\/wp-content\/uploads\/2019\/05\/Velke-evropske-jogove-predstaveni-2019-5-66x66.jpg 66w, https:\/\/www.yoga-federation.eu\/wp-content\/uploads\/2019\/05\/Velke-evropske-jogove-predstaveni-2019-5-150x150.jpg 150w\" data-sizes=\"auto\" \/><\/a>\n\t\t\t<\/dt><\/dl><dl class='gallery-item'>\n\t\t\t<dt class='gallery-icon landscape'>\n\t\t\t\t<a data-rel=\"iLightbox[postimages]\" data-title=\"Velke evropske jogove predstaveni 2019-5\" data-caption=\"\" href='https:\/\/www.yoga-federation.eu\/wp-content\/uploads\/2019\/05\/Velke-evropske-jogove-predstaveni-2019-6.jpg'><img loading=\"lazy\" decoding=\"async\" width=\"150\" height=\"150\" src=\"https:\/\/www.yoga-federation.eu\/wp-content\/uploads\/2019\/05\/Velke-evropske-jogove-predstaveni-2019-6-150x150.jpg\" class=\"attachment-thumbnail size-thumbnail lazyload\" alt=\"Velke evropske jogove predstaveni 2019-5\" srcset=\"data:image\/svg+xml,%3Csvg%20xmlns%3D%27http%3A%2F%2Fwww.w3.org%2F2000%2Fsvg%27%20width%3D%271600%27%20height%3D%27913%27%20viewBox%3D%270%200%201600%20913%27%3E%3Crect%20width%3D%271600%27%20height%3D%273913%27%20fill-opacity%3D%220%22%2F%3E%3C%2Fsvg%3E\" data-orig-src=\"https:\/\/www.yoga-federation.eu\/wp-content\/uploads\/2019\/05\/Velke-evropske-jogove-predstaveni-2019-6-150x150.jpg\" data-srcset=\"https:\/\/www.yoga-federation.eu\/wp-content\/uploads\/2019\/05\/Velke-evropske-jogove-predstaveni-2019-6-66x66.jpg 66w, https:\/\/www.yoga-federation.eu\/wp-content\/uploads\/2019\/05\/Velke-evropske-jogove-predstaveni-2019-6-150x150.jpg 150w\" data-sizes=\"auto\" \/><\/a>\n\t\t\t<\/dt><\/dl><dl class='gallery-item'>\n\t\t\t<dt class='gallery-icon landscape'>\n\t\t\t\t<a data-rel=\"iLightbox[postimages]\" data-title=\"Praha1_Reklamni-logo_CMYK\" data-caption=\"\" href='https:\/\/www.yoga-federation.eu\/wp-content\/uploads\/2017\/05\/Praha1_Reklamni-logo_CMYK.jpg'><img loading=\"lazy\" decoding=\"async\" width=\"150\" height=\"150\" src=\"https:\/\/www.yoga-federation.eu\/wp-content\/uploads\/2017\/05\/Praha1_Reklamni-logo_CMYK-150x150.jpg\" class=\"attachment-thumbnail size-thumbnail lazyload\" alt=\"praha 1\" srcset=\"data:image\/svg+xml,%3Csvg%20xmlns%3D%27http%3A%2F%2Fwww.w3.org%2F2000%2Fsvg%27%20width%3D%271024%27%20height%3D%27963%27%20viewBox%3D%270%200%201024%20963%27%3E%3Crect%20width%3D%271024%27%20height%3D%273963%27%20fill-opacity%3D%220%22%2F%3E%3C%2Fsvg%3E\" data-orig-src=\"https:\/\/www.yoga-federation.eu\/wp-content\/uploads\/2017\/05\/Praha1_Reklamni-logo_CMYK-150x150.jpg\" data-srcset=\"https:\/\/www.yoga-federation.eu\/wp-content\/uploads\/2017\/05\/Praha1_Reklamni-logo_CMYK-66x66.jpg 66w, https:\/\/www.yoga-federation.eu\/wp-content\/uploads\/2017\/05\/Praha1_Reklamni-logo_CMYK-150x150.jpg 150w\" data-sizes=\"auto\" \/><\/a>\n\t\t\t<\/dt><\/dl><br style=\"clear: both\" \/>\n\t\t<\/div>\n\n<p>P\u0159i j\u00f3gov\u00e9m p\u0159edstaven\u00ed se shrom\u00e1\u017edili praktikuj\u00edc\u00ed j\u00f3gy z n\u011bkolika evropsk\u00fdch zem\u00ed, instrukto\u0159i j\u00f3gy, studenti Vzd\u011bl\u00e1vac\u00edho programu Instruktor j\u00f3gy YFE, \u00fa\u010dastnice projektu J\u00f3ga 50 plus, \u00fa\u010dastnice projektu J\u00f3ga pro maminky s d\u011btmi, ale tak\u00e9 ob\u010dan\u00e9 a n\u00e1v\u0161t\u011bvn\u00edci Prahy.<\/p>\n<\/div><div class=\"fusion-clearfix\"><\/div><\/div><\/div><\/div><\/div>\n","protected":false},"excerpt":{"rendered":"","protected":false},"author":6,"featured_media":4434,"comment_status":"closed","ping_status":"open","sticky":false,"template":"","format":"standard","meta":{"footnotes":""},"categories":[90,47],"tags":[],"class_list":["post-4427","post","type-post","status-publish","format-standard","has-post-thumbnail","hentry","category-aktivity-v-roce-2019","category-jogove-predstaveni"],"yoast_head":"<!-- This site is optimized with the Yoast SEO plugin v27.4 - https:\/\/yoast.com\/product\/yoast-seo-wordpress\/ -->\n<title>Konalo se Velk\u00e9 evropsk\u00e9 j\u00f3gov\u00e9 p\u0159edstaven\u00ed 2019 - Yoga Federation of Europe<\/title>\n<meta name=\"robots\" content=\"index, follow, max-snippet:-1, max-image-preview:large, max-video-preview:-1\" \/>\n<link rel=\"canonical\" href=\"https:\/\/www.yoga-federation.eu\/cz\/konalo-se-velke-evropske-jogove-predstaveni-2019\/\" \/>\n<meta property=\"og:locale\" content=\"en_US\" \/>\n<meta property=\"og:type\" content=\"article\" \/>\n<meta property=\"og:title\" content=\"Konalo se Velk\u00e9 evropsk\u00e9 j\u00f3gov\u00e9 p\u0159edstaven\u00ed 2019 - Yoga Federation of Europe\" \/>\n<meta property=\"og:url\" content=\"https:\/\/www.yoga-federation.eu\/cz\/konalo-se-velke-evropske-jogove-predstaveni-2019\/\" \/>\n<meta property=\"og:site_name\" content=\"Yoga Federation of Europe\" \/>\n<meta property=\"article:published_time\" content=\"2019-05-06T08:53:09+00:00\" \/>\n<meta property=\"article:modified_time\" content=\"2019-07-19T08:27:30+00:00\" \/>\n<meta property=\"og:image\" content=\"https:\/\/www.yoga-federation.eu\/wp-content\/uploads\/2019\/05\/Velke-evropske-jogove-predstaveni-2019-2.jpg\" \/>\n\t<meta property=\"og:image:width\" content=\"1600\" \/>\n\t<meta property=\"og:image:height\" content=\"950\" \/>\n\t<meta property=\"og:image:type\" content=\"image\/jpeg\" \/>\n<meta name=\"author\" content=\"YFE\" \/>\n<meta name=\"twitter:card\" content=\"summary_large_image\" \/>\n<meta name=\"twitter:label1\" content=\"Written by\" \/>\n\t<meta name=\"twitter:data1\" content=\"YFE\" \/>\n\t<meta name=\"twitter:label2\" content=\"Est. reading time\" \/>\n\t<meta name=\"twitter:data2\" content=\"2 minutes\" \/>\n<script type=\"application\/ld+json\" class=\"yoast-schema-graph\">{\"@context\":\"https:\\\/\\\/schema.org\",\"@graph\":[{\"@type\":\"Article\",\"@id\":\"https:\\\/\\\/www.yoga-federation.eu\\\/cz\\\/konalo-se-velke-evropske-jogove-predstaveni-2019\\\/#article\",\"isPartOf\":{\"@id\":\"https:\\\/\\\/www.yoga-federation.eu\\\/cz\\\/konalo-se-velke-evropske-jogove-predstaveni-2019\\\/\"},\"author\":{\"name\":\"YFE\",\"@id\":\"https:\\\/\\\/www.yoga-federation.eu\\\/#\\\/schema\\\/person\\\/c70b5a8f7323477f70814bd277cc9105\"},\"headline\":\"Konalo se Velk\u00e9 evropsk\u00e9 j\u00f3gov\u00e9 p\u0159edstaven\u00ed 2019\",\"datePublished\":\"2019-05-06T08:53:09+00:00\",\"dateModified\":\"2019-07-19T08:27:30+00:00\",\"mainEntityOfPage\":{\"@id\":\"https:\\\/\\\/www.yoga-federation.eu\\\/cz\\\/konalo-se-velke-evropske-jogove-predstaveni-2019\\\/\"},\"wordCount\":380,\"image\":{\"@id\":\"https:\\\/\\\/www.yoga-federation.eu\\\/cz\\\/konalo-se-velke-evropske-jogove-predstaveni-2019\\\/#primaryimage\"},\"thumbnailUrl\":\"https:\\\/\\\/www.yoga-federation.eu\\\/wp-content\\\/uploads\\\/2019\\\/05\\\/Velke-evropske-jogove-predstaveni-2019-2.jpg\",\"articleSection\":[\"Aktivity v roce 2019\",\"J\u00f3gov\u00e9 p\u0159edstaven\u00ed\"],\"inLanguage\":\"cz-CZ\"},{\"@type\":\"WebPage\",\"@id\":\"https:\\\/\\\/www.yoga-federation.eu\\\/cz\\\/konalo-se-velke-evropske-jogove-predstaveni-2019\\\/\",\"url\":\"https:\\\/\\\/www.yoga-federation.eu\\\/cz\\\/konalo-se-velke-evropske-jogove-predstaveni-2019\\\/\",\"name\":\"Konalo se Velk\u00e9 evropsk\u00e9 j\u00f3gov\u00e9 p\u0159edstaven\u00ed 2019 - Yoga Federation of Europe\",\"isPartOf\":{\"@id\":\"https:\\\/\\\/www.yoga-federation.eu\\\/#website\"},\"primaryImageOfPage\":{\"@id\":\"https:\\\/\\\/www.yoga-federation.eu\\\/cz\\\/konalo-se-velke-evropske-jogove-predstaveni-2019\\\/#primaryimage\"},\"image\":{\"@id\":\"https:\\\/\\\/www.yoga-federation.eu\\\/cz\\\/konalo-se-velke-evropske-jogove-predstaveni-2019\\\/#primaryimage\"},\"thumbnailUrl\":\"https:\\\/\\\/www.yoga-federation.eu\\\/wp-content\\\/uploads\\\/2019\\\/05\\\/Velke-evropske-jogove-predstaveni-2019-2.jpg\",\"datePublished\":\"2019-05-06T08:53:09+00:00\",\"dateModified\":\"2019-07-19T08:27:30+00:00\",\"author\":{\"@id\":\"https:\\\/\\\/www.yoga-federation.eu\\\/#\\\/schema\\\/person\\\/c70b5a8f7323477f70814bd277cc9105\"},\"breadcrumb\":{\"@id\":\"https:\\\/\\\/www.yoga-federation.eu\\\/cz\\\/konalo-se-velke-evropske-jogove-predstaveni-2019\\\/#breadcrumb\"},\"inLanguage\":\"cz-CZ\",\"potentialAction\":[{\"@type\":\"ReadAction\",\"target\":[\"https:\\\/\\\/www.yoga-federation.eu\\\/cz\\\/konalo-se-velke-evropske-jogove-predstaveni-2019\\\/\"]}]},{\"@type\":\"ImageObject\",\"inLanguage\":\"cz-CZ\",\"@id\":\"https:\\\/\\\/www.yoga-federation.eu\\\/cz\\\/konalo-se-velke-evropske-jogove-predstaveni-2019\\\/#primaryimage\",\"url\":\"https:\\\/\\\/www.yoga-federation.eu\\\/wp-content\\\/uploads\\\/2019\\\/05\\\/Velke-evropske-jogove-predstaveni-2019-2.jpg\",\"contentUrl\":\"https:\\\/\\\/www.yoga-federation.eu\\\/wp-content\\\/uploads\\\/2019\\\/05\\\/Velke-evropske-jogove-predstaveni-2019-2.jpg\",\"width\":1600,\"height\":950,\"caption\":\"Velke evropske jogove predstaveni 2019-5\"},{\"@type\":\"BreadcrumbList\",\"@id\":\"https:\\\/\\\/www.yoga-federation.eu\\\/cz\\\/konalo-se-velke-evropske-jogove-predstaveni-2019\\\/#breadcrumb\",\"itemListElement\":[{\"@type\":\"ListItem\",\"position\":1,\"name\":\"Home\",\"item\":\"https:\\\/\\\/www.yoga-federation.eu\\\/cz\\\/\"},{\"@type\":\"ListItem\",\"position\":2,\"name\":\"Konalo se Velk\u00e9 evropsk\u00e9 j\u00f3gov\u00e9 p\u0159edstaven\u00ed 2019\"}]},{\"@type\":\"WebSite\",\"@id\":\"https:\\\/\\\/www.yoga-federation.eu\\\/#website\",\"url\":\"https:\\\/\\\/www.yoga-federation.eu\\\/\",\"name\":\"Yoga Federation of Europe\",\"description\":\"Yoga in Europe\",\"potentialAction\":[{\"@type\":\"SearchAction\",\"target\":{\"@type\":\"EntryPoint\",\"urlTemplate\":\"https:\\\/\\\/www.yoga-federation.eu\\\/?s={search_term_string}\"},\"query-input\":{\"@type\":\"PropertyValueSpecification\",\"valueRequired\":true,\"valueName\":\"search_term_string\"}}],\"inLanguage\":\"cz-CZ\"},{\"@type\":\"Person\",\"@id\":\"https:\\\/\\\/www.yoga-federation.eu\\\/#\\\/schema\\\/person\\\/c70b5a8f7323477f70814bd277cc9105\",\"name\":\"YFE\",\"image\":{\"@type\":\"ImageObject\",\"inLanguage\":\"cz-CZ\",\"@id\":\"https:\\\/\\\/secure.gravatar.com\\\/avatar\\\/64f6beecfc59c339d337f0a16c80bfc143a5e623923f6f42beb67b25788f3e50?s=96&d=mm&r=g\",\"url\":\"https:\\\/\\\/secure.gravatar.com\\\/avatar\\\/64f6beecfc59c339d337f0a16c80bfc143a5e623923f6f42beb67b25788f3e50?s=96&d=mm&r=g\",\"contentUrl\":\"https:\\\/\\\/secure.gravatar.com\\\/avatar\\\/64f6beecfc59c339d337f0a16c80bfc143a5e623923f6f42beb67b25788f3e50?s=96&d=mm&r=g\",\"caption\":\"YFE\"},\"url\":\"https:\\\/\\\/www.yoga-federation.eu\\\/cz\\\/author\\\/ana\\\/\"}]}<\/script>\n<!-- \/ Yoast SEO plugin. -->","yoast_head_json":{"title":"Konalo se Velk\u00e9 evropsk\u00e9 j\u00f3gov\u00e9 p\u0159edstaven\u00ed 2019 - Yoga Federation of Europe","robots":{"index":"index","follow":"follow","max-snippet":"max-snippet:-1","max-image-preview":"max-image-preview:large","max-video-preview":"max-video-preview:-1"},"canonical":"https:\/\/www.yoga-federation.eu\/cz\/konalo-se-velke-evropske-jogove-predstaveni-2019\/","og_locale":"en_US","og_type":"article","og_title":"Konalo se Velk\u00e9 evropsk\u00e9 j\u00f3gov\u00e9 p\u0159edstaven\u00ed 2019 - Yoga Federation of Europe","og_url":"https:\/\/www.yoga-federation.eu\/cz\/konalo-se-velke-evropske-jogove-predstaveni-2019\/","og_site_name":"Yoga Federation of Europe","article_published_time":"2019-05-06T08:53:09+00:00","article_modified_time":"2019-07-19T08:27:30+00:00","og_image":[{"width":1600,"height":950,"url":"https:\/\/www.yoga-federation.eu\/wp-content\/uploads\/2019\/05\/Velke-evropske-jogove-predstaveni-2019-2.jpg","type":"image\/jpeg"}],"author":"YFE","twitter_card":"summary_large_image","twitter_misc":{"Written by":"YFE","Est. reading time":"2 minutes"},"schema":{"@context":"https:\/\/schema.org","@graph":[{"@type":"Article","@id":"https:\/\/www.yoga-federation.eu\/cz\/konalo-se-velke-evropske-jogove-predstaveni-2019\/#article","isPartOf":{"@id":"https:\/\/www.yoga-federation.eu\/cz\/konalo-se-velke-evropske-jogove-predstaveni-2019\/"},"author":{"name":"YFE","@id":"https:\/\/www.yoga-federation.eu\/#\/schema\/person\/c70b5a8f7323477f70814bd277cc9105"},"headline":"Konalo se Velk\u00e9 evropsk\u00e9 j\u00f3gov\u00e9 p\u0159edstaven\u00ed 2019","datePublished":"2019-05-06T08:53:09+00:00","dateModified":"2019-07-19T08:27:30+00:00","mainEntityOfPage":{"@id":"https:\/\/www.yoga-federation.eu\/cz\/konalo-se-velke-evropske-jogove-predstaveni-2019\/"},"wordCount":380,"image":{"@id":"https:\/\/www.yoga-federation.eu\/cz\/konalo-se-velke-evropske-jogove-predstaveni-2019\/#primaryimage"},"thumbnailUrl":"https:\/\/www.yoga-federation.eu\/wp-content\/uploads\/2019\/05\/Velke-evropske-jogove-predstaveni-2019-2.jpg","articleSection":["Aktivity v roce 2019","J\u00f3gov\u00e9 p\u0159edstaven\u00ed"],"inLanguage":"cz-CZ"},{"@type":"WebPage","@id":"https:\/\/www.yoga-federation.eu\/cz\/konalo-se-velke-evropske-jogove-predstaveni-2019\/","url":"https:\/\/www.yoga-federation.eu\/cz\/konalo-se-velke-evropske-jogove-predstaveni-2019\/","name":"Konalo se Velk\u00e9 evropsk\u00e9 j\u00f3gov\u00e9 p\u0159edstaven\u00ed 2019 - Yoga Federation of Europe","isPartOf":{"@id":"https:\/\/www.yoga-federation.eu\/#website"},"primaryImageOfPage":{"@id":"https:\/\/www.yoga-federation.eu\/cz\/konalo-se-velke-evropske-jogove-predstaveni-2019\/#primaryimage"},"image":{"@id":"https:\/\/www.yoga-federation.eu\/cz\/konalo-se-velke-evropske-jogove-predstaveni-2019\/#primaryimage"},"thumbnailUrl":"https:\/\/www.yoga-federation.eu\/wp-content\/uploads\/2019\/05\/Velke-evropske-jogove-predstaveni-2019-2.jpg","datePublished":"2019-05-06T08:53:09+00:00","dateModified":"2019-07-19T08:27:30+00:00","author":{"@id":"https:\/\/www.yoga-federation.eu\/#\/schema\/person\/c70b5a8f7323477f70814bd277cc9105"},"breadcrumb":{"@id":"https:\/\/www.yoga-federation.eu\/cz\/konalo-se-velke-evropske-jogove-predstaveni-2019\/#breadcrumb"},"inLanguage":"cz-CZ","potentialAction":[{"@type":"ReadAction","target":["https:\/\/www.yoga-federation.eu\/cz\/konalo-se-velke-evropske-jogove-predstaveni-2019\/"]}]},{"@type":"ImageObject","inLanguage":"cz-CZ","@id":"https:\/\/www.yoga-federation.eu\/cz\/konalo-se-velke-evropske-jogove-predstaveni-2019\/#primaryimage","url":"https:\/\/www.yoga-federation.eu\/wp-content\/uploads\/2019\/05\/Velke-evropske-jogove-predstaveni-2019-2.jpg","contentUrl":"https:\/\/www.yoga-federation.eu\/wp-content\/uploads\/2019\/05\/Velke-evropske-jogove-predstaveni-2019-2.jpg","width":1600,"height":950,"caption":"Velke evropske jogove predstaveni 2019-5"},{"@type":"BreadcrumbList","@id":"https:\/\/www.yoga-federation.eu\/cz\/konalo-se-velke-evropske-jogove-predstaveni-2019\/#breadcrumb","itemListElement":[{"@type":"ListItem","position":1,"name":"Home","item":"https:\/\/www.yoga-federation.eu\/cz\/"},{"@type":"ListItem","position":2,"name":"Konalo se Velk\u00e9 evropsk\u00e9 j\u00f3gov\u00e9 p\u0159edstaven\u00ed 2019"}]},{"@type":"WebSite","@id":"https:\/\/www.yoga-federation.eu\/#website","url":"https:\/\/www.yoga-federation.eu\/","name":"Yoga Federation of Europe","description":"Yoga in Europe","potentialAction":[{"@type":"SearchAction","target":{"@type":"EntryPoint","urlTemplate":"https:\/\/www.yoga-federation.eu\/?s={search_term_string}"},"query-input":{"@type":"PropertyValueSpecification","valueRequired":true,"valueName":"search_term_string"}}],"inLanguage":"cz-CZ"},{"@type":"Person","@id":"https:\/\/www.yoga-federation.eu\/#\/schema\/person\/c70b5a8f7323477f70814bd277cc9105","name":"YFE","image":{"@type":"ImageObject","inLanguage":"cz-CZ","@id":"https:\/\/secure.gravatar.com\/avatar\/64f6beecfc59c339d337f0a16c80bfc143a5e623923f6f42beb67b25788f3e50?s=96&d=mm&r=g","url":"https:\/\/secure.gravatar.com\/avatar\/64f6beecfc59c339d337f0a16c80bfc143a5e623923f6f42beb67b25788f3e50?s=96&d=mm&r=g","contentUrl":"https:\/\/secure.gravatar.com\/avatar\/64f6beecfc59c339d337f0a16c80bfc143a5e623923f6f42beb67b25788f3e50?s=96&d=mm&r=g","caption":"YFE"},"url":"https:\/\/www.yoga-federation.eu\/cz\/author\/ana\/"}]}},"_links":{"self":[{"href":"https:\/\/www.yoga-federation.eu\/cz\/wp-json\/wp\/v2\/posts\/4427","targetHints":{"allow":["GET"]}}],"collection":[{"href":"https:\/\/www.yoga-federation.eu\/cz\/wp-json\/wp\/v2\/posts"}],"about":[{"href":"https:\/\/www.yoga-federation.eu\/cz\/wp-json\/wp\/v2\/types\/post"}],"author":[{"embeddable":true,"href":"https:\/\/www.yoga-federation.eu\/cz\/wp-json\/wp\/v2\/users\/6"}],"replies":[{"embeddable":true,"href":"https:\/\/www.yoga-federation.eu\/cz\/wp-json\/wp\/v2\/comments?post=4427"}],"version-history":[{"count":0,"href":"https:\/\/www.yoga-federation.eu\/cz\/wp-json\/wp\/v2\/posts\/4427\/revisions"}],"wp:featuredmedia":[{"embeddable":true,"href":"https:\/\/www.yoga-federation.eu\/cz\/wp-json\/wp\/v2\/media\/4434"}],"wp:attachment":[{"href":"https:\/\/www.yoga-federation.eu\/cz\/wp-json\/wp\/v2\/media?parent=4427"}],"wp:term":[{"taxonomy":"category","embeddable":true,"href":"https:\/\/www.yoga-federation.eu\/cz\/wp-json\/wp\/v2\/categories?post=4427"},{"taxonomy":"post_tag","embeddable":true,"href":"https:\/\/www.yoga-federation.eu\/cz\/wp-json\/wp\/v2\/tags?post=4427"}],"curies":[{"name":"wp","href":"https:\/\/api.w.org\/{rel}","templated":true}]}}