{"id":4374,"date":"2019-04-05T12:31:59","date_gmt":"2019-04-05T12:31:59","guid":{"rendered":"https:\/\/www.yoga-federation.eu\/?p=4374"},"modified":"2019-05-08T12:42:45","modified_gmt":"2019-05-08T12:42:45","slug":"velke-evropske-jogove-predstaveni-v-praze-2019","status":"publish","type":"post","link":"https:\/\/www.yoga-federation.eu\/cz\/velke-evropske-jogove-predstaveni-v-praze-2019\/","title":{"rendered":"Velk\u00e9 evropsk\u00e9 j\u00f3gov\u00e9 p\u0159edstaven\u00ed v Praze, 2019"},"content":{"rendered":"<div class=\"fusion-fullwidth fullwidth-box fusion-builder-row-1 nonhundred-percent-fullwidth non-hundred-percent-height-scrolling\" style=\"background-color: rgba(255,255,255,0);background-position: center center;background-repeat: no-repeat;padding-top:0px;padding-right:0px;padding-bottom:0px;padding-left:0px;margin-bottom: 0px;margin-top: 0px;border-width: 0px 0px 0px 0px;border-color:#eae9e9;border-style:solid;\" ><div class=\"fusion-builder-row fusion-row\"><div class=\"fusion-layout-column fusion_builder_column fusion-builder-column-0 fusion_builder_column_1_1 1_1 fusion-one-full fusion-column-first fusion-column-last\" style=\"margin-top:0px;margin-bottom:20px;\"><div class=\"fusion-column-wrapper fusion-flex-column-wrapper-legacy\" style=\"background-position:left top;background-repeat:no-repeat;-webkit-background-size:cover;-moz-background-size:cover;-o-background-size:cover;background-size:cover;padding: 0px 0px 0px 0px;\"><div class=\"fusion-text fusion-text-1\"><h2 style=\"text-align: center;\"><span style=\"color: #000080;\"><strong>VELK\u00c9 EVROPSK\u00c9 J\u00d3GOV\u00c9 P\u0158EDSTAVEN\u00cd <\/strong><strong>2019<\/strong><\/span><\/h2>\n<h2 style=\"text-align: center;\"><strong><span style=\"color: #000080;\">Dne 5. kv\u011btna 2019 od 16:30 hodin,\u00a0 N\u00e1m\u011bst\u00ed V\u00e1clava Havla, Praha 1<\/span><\/strong><\/h2>\n<h2 style=\"text-align: center;\"><span style=\"color: #000080;\"><strong>(piazzetta N\u00e1rodn\u00edho divadla)<\/strong><\/span><\/h2>\n<h2 style=\"text-align: center;\"><span style=\"color: #000080;\"><strong>P\u0158IPOJTE SE!<\/strong><\/span><\/h2>\n<\/div><div class=\"fusion-text fusion-text-2\">\n\t\t<style type=\"text\/css\">\n\t\t\t#gallery-1 {\n\t\t\t\tmargin: auto;\n\t\t\t}\n\t\t\t#gallery-1 .gallery-item {\n\t\t\t\tfloat: left;\n\t\t\t\tmargin-top: 10px;\n\t\t\t\ttext-align: center;\n\t\t\t\twidth: 16%;\n\t\t\t}\n\t\t\t#gallery-1 img {\n\t\t\t\tborder: 2px solid #cfcfcf;\n\t\t\t}\n\t\t\t#gallery-1 .gallery-caption {\n\t\t\t\tmargin-left: 0;\n\t\t\t}\n\t\t\t\/* see gallery_shortcode() in wp-includes\/media.php *\/\n\t\t<\/style>\n\t\t<div id='gallery-1' class='gallery galleryid-4374 gallery-columns-6 gallery-size-thumbnail'><dl class='gallery-item'>\n\t\t\t<dt class='gallery-icon landscape'>\n\t\t\t\t<a data-rel=\"iLightbox[postimages]\" data-title=\"odbrone-joga-seminare\" data-caption=\"\" href='https:\/\/www.yoga-federation.eu\/wp-content\/uploads\/2018\/07\/odbrone-joga-seminare.jpg'><img loading=\"lazy\" decoding=\"async\" width=\"150\" height=\"150\" src=\"https:\/\/www.yoga-federation.eu\/wp-content\/uploads\/2018\/07\/odbrone-joga-seminare-150x150.jpg\" class=\"attachment-thumbnail size-thumbnail lazyload\" alt=\"odbrone joga seminare\" srcset=\"data:image\/svg+xml,%3Csvg%20xmlns%3D%27http%3A%2F%2Fwww.w3.org%2F2000%2Fsvg%27%20width%3D%271600%27%20height%3D%271200%27%20viewBox%3D%270%200%201600%201200%27%3E%3Crect%20width%3D%271600%27%20height%3D%2731200%27%20fill-opacity%3D%220%22%2F%3E%3C%2Fsvg%3E\" data-orig-src=\"https:\/\/www.yoga-federation.eu\/wp-content\/uploads\/2018\/07\/odbrone-joga-seminare-150x150.jpg\" data-srcset=\"https:\/\/www.yoga-federation.eu\/wp-content\/uploads\/2018\/07\/odbrone-joga-seminare-66x66.jpg 66w, https:\/\/www.yoga-federation.eu\/wp-content\/uploads\/2018\/07\/odbrone-joga-seminare-150x150.jpg 150w\" data-sizes=\"auto\" \/><\/a>\n\t\t\t<\/dt><\/dl><dl class='gallery-item'>\n\t\t\t<dt class='gallery-icon landscape'>\n\t\t\t\t<a data-rel=\"iLightbox[postimages]\" data-title=\"yoga federation of europe art joga2\" data-caption=\"\" href='https:\/\/www.yoga-federation.eu\/wp-content\/uploads\/2016\/09\/yoga-federation-of-europe-art-joga2.jpg'><img loading=\"lazy\" decoding=\"async\" width=\"150\" height=\"150\" src=\"https:\/\/www.yoga-federation.eu\/wp-content\/uploads\/2016\/09\/yoga-federation-of-europe-art-joga2-150x150.jpg\" class=\"attachment-thumbnail size-thumbnail lazyload\" alt=\"yoga federation of europe art joga\" srcset=\"data:image\/svg+xml,%3Csvg%20xmlns%3D%27http%3A%2F%2Fwww.w3.org%2F2000%2Fsvg%27%20width%3D%271600%27%20height%3D%271060%27%20viewBox%3D%270%200%201600%201060%27%3E%3Crect%20width%3D%271600%27%20height%3D%2731060%27%20fill-opacity%3D%220%22%2F%3E%3C%2Fsvg%3E\" data-orig-src=\"https:\/\/www.yoga-federation.eu\/wp-content\/uploads\/2016\/09\/yoga-federation-of-europe-art-joga2-150x150.jpg\" data-srcset=\"https:\/\/www.yoga-federation.eu\/wp-content\/uploads\/2016\/09\/yoga-federation-of-europe-art-joga2-66x66.jpg 66w, https:\/\/www.yoga-federation.eu\/wp-content\/uploads\/2016\/09\/yoga-federation-of-europe-art-joga2-150x150.jpg 150w\" data-sizes=\"auto\" \/><\/a>\n\t\t\t<\/dt><\/dl><dl class='gallery-item'>\n\t\t\t<dt class='gallery-icon landscape'>\n\t\t\t\t<a data-rel=\"iLightbox[postimages]\" data-title=\"Jogove predstaveni-2017\" data-caption=\"\" href='https:\/\/www.yoga-federation.eu\/wp-content\/uploads\/2017\/06\/Jogove-predstaveni-2017.jpg'><img loading=\"lazy\" decoding=\"async\" width=\"150\" height=\"150\" src=\"https:\/\/www.yoga-federation.eu\/wp-content\/uploads\/2017\/06\/Jogove-predstaveni-2017-150x150.jpg\" class=\"attachment-thumbnail size-thumbnail lazyload\" alt=\"Jogove predstaveni-2017\" srcset=\"data:image\/svg+xml,%3Csvg%20xmlns%3D%27http%3A%2F%2Fwww.w3.org%2F2000%2Fsvg%27%20width%3D%271433%27%20height%3D%271008%27%20viewBox%3D%270%200%201433%201008%27%3E%3Crect%20width%3D%271433%27%20height%3D%2731008%27%20fill-opacity%3D%220%22%2F%3E%3C%2Fsvg%3E\" data-orig-src=\"https:\/\/www.yoga-federation.eu\/wp-content\/uploads\/2017\/06\/Jogove-predstaveni-2017-150x150.jpg\" data-srcset=\"https:\/\/www.yoga-federation.eu\/wp-content\/uploads\/2017\/06\/Jogove-predstaveni-2017-66x66.jpg 66w, https:\/\/www.yoga-federation.eu\/wp-content\/uploads\/2017\/06\/Jogove-predstaveni-2017-150x150.jpg 150w\" data-sizes=\"auto\" \/><\/a>\n\t\t\t<\/dt><\/dl><dl class='gallery-item'>\n\t\t\t<dt class='gallery-icon landscape'>\n\t\t\t\t<a data-rel=\"iLightbox[postimages]\" data-title=\"yoga in wien 4\" data-caption=\"\" href='https:\/\/www.yoga-federation.eu\/wp-content\/uploads\/2017\/06\/yoga-in-wien-4-1.jpg'><img loading=\"lazy\" decoding=\"async\" width=\"150\" height=\"150\" src=\"https:\/\/www.yoga-federation.eu\/wp-content\/uploads\/2017\/06\/yoga-in-wien-4-1-150x150.jpg\" class=\"attachment-thumbnail size-thumbnail lazyload\" alt=\"\" srcset=\"data:image\/svg+xml,%3Csvg%20xmlns%3D%27http%3A%2F%2Fwww.w3.org%2F2000%2Fsvg%27%20width%3D%271555%27%20height%3D%271037%27%20viewBox%3D%270%200%201555%201037%27%3E%3Crect%20width%3D%271555%27%20height%3D%2731037%27%20fill-opacity%3D%220%22%2F%3E%3C%2Fsvg%3E\" data-orig-src=\"https:\/\/www.yoga-federation.eu\/wp-content\/uploads\/2017\/06\/yoga-in-wien-4-1-150x150.jpg\" data-srcset=\"https:\/\/www.yoga-federation.eu\/wp-content\/uploads\/2017\/06\/yoga-in-wien-4-1-66x66.jpg 66w, https:\/\/www.yoga-federation.eu\/wp-content\/uploads\/2017\/06\/yoga-in-wien-4-1-150x150.jpg 150w\" data-sizes=\"auto\" \/><\/a>\n\t\t\t<\/dt><\/dl><dl class='gallery-item'>\n\t\t\t<dt class='gallery-icon landscape'>\n\t\t\t\t<a data-rel=\"iLightbox[postimages]\" data-title=\"Cvicte jogu s nami v Parku na Kampe yfe- 3\" data-caption=\"\" href='https:\/\/www.yoga-federation.eu\/wp-content\/uploads\/2017\/05\/Cvicte-jogu-s-nami-v-Parku-na-Kampe-yfe-3.jpg'><img loading=\"lazy\" decoding=\"async\" width=\"150\" height=\"150\" src=\"https:\/\/www.yoga-federation.eu\/wp-content\/uploads\/2017\/05\/Cvicte-jogu-s-nami-v-Parku-na-Kampe-yfe-3-150x150.jpg\" class=\"attachment-thumbnail size-thumbnail lazyload\" alt=\"Bezplatn\u00e9 lekce j\u00f3gy- Cvicte jogu s nami v Parku na Kampe Evropska federace jogy\" srcset=\"data:image\/svg+xml,%3Csvg%20xmlns%3D%27http%3A%2F%2Fwww.w3.org%2F2000%2Fsvg%27%20width%3D%271296%27%20height%3D%27864%27%20viewBox%3D%270%200%201296%20864%27%3E%3Crect%20width%3D%271296%27%20height%3D%273864%27%20fill-opacity%3D%220%22%2F%3E%3C%2Fsvg%3E\" data-orig-src=\"https:\/\/www.yoga-federation.eu\/wp-content\/uploads\/2017\/05\/Cvicte-jogu-s-nami-v-Parku-na-Kampe-yfe-3-150x150.jpg\" data-srcset=\"https:\/\/www.yoga-federation.eu\/wp-content\/uploads\/2017\/05\/Cvicte-jogu-s-nami-v-Parku-na-Kampe-yfe-3-66x66.jpg 66w, https:\/\/www.yoga-federation.eu\/wp-content\/uploads\/2017\/05\/Cvicte-jogu-s-nami-v-Parku-na-Kampe-yfe-3-150x150.jpg 150w\" data-sizes=\"auto\" \/><\/a>\n\t\t\t<\/dt><\/dl><dl class='gallery-item'>\n\t\t\t<dt class='gallery-icon landscape'>\n\t\t\t\t<a data-rel=\"iLightbox[postimages]\" data-title=\"Praha1_Reklamni-logo_CMYK\" data-caption=\"\" href='https:\/\/www.yoga-federation.eu\/wp-content\/uploads\/2017\/05\/Praha1_Reklamni-logo_CMYK.jpg'><img loading=\"lazy\" decoding=\"async\" width=\"150\" height=\"150\" src=\"https:\/\/www.yoga-federation.eu\/wp-content\/uploads\/2017\/05\/Praha1_Reklamni-logo_CMYK-150x150.jpg\" class=\"attachment-thumbnail size-thumbnail lazyload\" alt=\"praha 1\" srcset=\"data:image\/svg+xml,%3Csvg%20xmlns%3D%27http%3A%2F%2Fwww.w3.org%2F2000%2Fsvg%27%20width%3D%271024%27%20height%3D%27963%27%20viewBox%3D%270%200%201024%20963%27%3E%3Crect%20width%3D%271024%27%20height%3D%273963%27%20fill-opacity%3D%220%22%2F%3E%3C%2Fsvg%3E\" data-orig-src=\"https:\/\/www.yoga-federation.eu\/wp-content\/uploads\/2017\/05\/Praha1_Reklamni-logo_CMYK-150x150.jpg\" data-srcset=\"https:\/\/www.yoga-federation.eu\/wp-content\/uploads\/2017\/05\/Praha1_Reklamni-logo_CMYK-66x66.jpg 66w, https:\/\/www.yoga-federation.eu\/wp-content\/uploads\/2017\/05\/Praha1_Reklamni-logo_CMYK-150x150.jpg 150w\" data-sizes=\"auto\" \/><\/a>\n\t\t\t<\/dt><\/dl><br style=\"clear: both\" \/>\n\t\t<\/div>\n\n<p><span style=\"color: #333399;\">Evropsk\u00e1 federace j\u00f3gy ve spolupo\u0159adatelstv\u00ed s M\u010c Praha 1 a ve spolupr\u00e1ci s\u00a0<a href=\"https:\/\/www.narodni-divadlo.cz\/\" target=\"_blank\" rel=\"noopener\">N\u00e1rodn\u00edm divadlem<\/a>, \u010ceskou federac\u00ed j\u00f3gy a <a href=\"https:\/\/www.yoga-ac.eu\/\" target=\"_blank\" rel=\"noopener\">International Yoga Academy<\/a>\u00a0ji\u017e\u00a0\u0161est\u00fd\u00a0rok v \u0159ad\u011b po\u0159\u00e1d\u00e1 Velk\u00e9 evropsk\u00e9 j\u00f3gov\u00e9 p\u0159edstaven\u00ed, mezin\u00e1rodn\u00ed ud\u00e1lost, kter\u00e1 m\u00e1 za c\u00edl podporovat j\u00f3gu jako zdrav\u00fd \u017eivotn\u00ed styl.<\/span><\/p>\n<p><span style=\"color: #333399;\">P\u0159edstaven\u00ed podporuje zdrav\u00ed a zdrav\u00fd zp\u016fsob \u017eivota, propaguj\u00ed sport, kulturu t\u011bla a um\u011bn\u00ed pohybu. Akce se kon\u00e1 pod heslem: U\u010di\u0148 dobro \u2013 odm\u011bn\u00ed\u0161 sebe.<\/span><\/p>\n<p><span style=\"color: #333399;\">C\u00edlov\u00e1 skupina je \u0161irok\u00e1. P\u0159i j\u00f3gov\u00e9m p\u0159edstaven\u00ed se shrom\u00e1\u017ed\u00ed praktikuj\u00edc\u00ed j\u00f3gy z n\u011bkolika evropsk\u00fdch zem\u00ed, instrukto\u0159i j\u00f3gy, studenti\u00a0<a href=\"https:\/\/www.yoga-federation.eu\/cz\/kurz-instruktor-jogy\/\" target=\"_blank\" rel=\"noopener\">Vzd\u011bl\u00e1vac\u00edho programu Instruktor j\u00f3gy YFE<\/a>, \u00fa\u010dastnice projektu <a href=\"https:\/\/www.yoga-federation.eu\/cz\/joga-50-plus\/\" target=\"_blank\" rel=\"noopener\">J\u00f3ga 50 plus<\/a>\u00a0 a\u00a0 tak\u00e9 ob\u010dan\u00e9 a n\u00e1v\u0161t\u011bvn\u00edci Prahy, kte\u0159\u00ed budou prost\u0159ednictv\u00edm m\u00e9di\u00ed pozv\u00e1ni, aby se z\u00fa\u010dastnili spole\u010dn\u00fdch cvi\u010den\u00ed.<\/span><\/p>\n<p><span style=\"color: #333399;\">Velk\u00e9 evropsk\u00e9 j\u00f3gov\u00e9 p\u0159edstaven\u00ed se kon\u00e1 dne 5. kv\u011btna 2019 na n\u00e1m. V\u00e1clava Havla v Praze 1 (piazzetta N\u00e1rodn\u00edho divadla) od 16.30 hodin.<\/span><\/p>\n<p><span style=\"color: #333399;\">\u00da\u010cAST V P\u0158EDSTAVEN\u00cd JE ZDARMA.<\/span><\/p>\n<p><span style=\"color: #333399;\">Je d\u016fle\u017eit\u00e9 m\u00edt s sebou vlastn\u00ed podlo\u017eku!<\/span><\/p>\n<\/div><div class=\"fusion-text fusion-text-3\"><p><a href=\"https:\/\/www.yoga-federation.eu\/wp-content\/uploads\/2019\/04\/Velk\u00e9-evropsk\u00e9-p\u0159edstaven\u00ed-2019.jpg\"><img loading=\"lazy\" decoding=\"async\" class=\"lazyload wp-image-4410 size-600 aligncenter\" src=\"https:\/\/www.yoga-federation.eu\/wp-content\/uploads\/2019\/04\/Velk\u00e9-evropsk\u00e9-p\u0159edstaven\u00ed-2019-600x416.jpg\" data-orig-src=\"https:\/\/www.yoga-federation.eu\/wp-content\/uploads\/2019\/04\/Velk\u00e9-evropsk\u00e9-p\u0159edstaven\u00ed-2019-600x416.jpg\" alt=\"Velke evropske predstaveni 2019\" width=\"600\" height=\"416\" srcset=\"data:image\/svg+xml,%3Csvg%20xmlns%3D%27http%3A%2F%2Fwww.w3.org%2F2000%2Fsvg%27%20width%3D%27600%27%20height%3D%27416%27%20viewBox%3D%270%200%20600%20416%27%3E%3Crect%20width%3D%27600%27%20height%3D%273416%27%20fill-opacity%3D%220%22%2F%3E%3C%2Fsvg%3E\" data-srcset=\"https:\/\/www.yoga-federation.eu\/wp-content\/uploads\/2019\/04\/Velk\u00e9-evropsk\u00e9-p\u0159edstaven\u00ed-2019-200x139.jpg 200w, https:\/\/www.yoga-federation.eu\/wp-content\/uploads\/2019\/04\/Velk\u00e9-evropsk\u00e9-p\u0159edstaven\u00ed-2019-300x208.jpg 300w, https:\/\/www.yoga-federation.eu\/wp-content\/uploads\/2019\/04\/Velk\u00e9-evropsk\u00e9-p\u0159edstaven\u00ed-2019-400x278.jpg 400w, https:\/\/www.yoga-federation.eu\/wp-content\/uploads\/2019\/04\/Velk\u00e9-evropsk\u00e9-p\u0159edstaven\u00ed-2019-600x416.jpg 600w, https:\/\/www.yoga-federation.eu\/wp-content\/uploads\/2019\/04\/Velk\u00e9-evropsk\u00e9-p\u0159edstaven\u00ed-2019-768x533.jpg 768w, https:\/\/www.yoga-federation.eu\/wp-content\/uploads\/2019\/04\/Velk\u00e9-evropsk\u00e9-p\u0159edstaven\u00ed-2019-800x555.jpg 800w, https:\/\/www.yoga-federation.eu\/wp-content\/uploads\/2019\/04\/Velk\u00e9-evropsk\u00e9-p\u0159edstaven\u00ed-2019-1024x710.jpg 1024w, https:\/\/www.yoga-federation.eu\/wp-content\/uploads\/2019\/04\/Velk\u00e9-evropsk\u00e9-p\u0159edstaven\u00ed-2019-1200x833.jpg 1200w, https:\/\/www.yoga-federation.eu\/wp-content\/uploads\/2019\/04\/Velk\u00e9-evropsk\u00e9-p\u0159edstaven\u00ed-2019.jpg 1600w\" data-sizes=\"auto\" data-orig-sizes=\"auto, (max-width: 600px) 100vw, 600px\" \/><\/a><\/p>\n<\/div><div class=\"fusion-clearfix\"><\/div><\/div><\/div><\/div><\/div>\n","protected":false},"excerpt":{"rendered":"","protected":false},"author":6,"featured_media":3722,"comment_status":"closed","ping_status":"open","sticky":false,"template":"","format":"standard","meta":{"footnotes":""},"categories":[90,47,40],"tags":[],"class_list":["post-4374","post","type-post","status-publish","format-standard","has-post-thumbnail","hentry","category-aktivity-v-roce-2019","category-jogove-predstaveni","category-uncategorized-cz"],"yoast_head":"<!-- This site is optimized with the Yoast SEO plugin v27.4 - https:\/\/yoast.com\/product\/yoast-seo-wordpress\/ -->\n<title>Velk\u00e9 evropsk\u00e9 j\u00f3gov\u00e9 p\u0159edstaven\u00ed v Praze, 2019 - Yoga Federation of Europe<\/title>\n<meta name=\"robots\" content=\"index, follow, max-snippet:-1, max-image-preview:large, max-video-preview:-1\" \/>\n<link rel=\"canonical\" href=\"https:\/\/www.yoga-federation.eu\/cz\/velke-evropske-jogove-predstaveni-v-praze-2019\/\" \/>\n<meta property=\"og:locale\" content=\"en_US\" \/>\n<meta property=\"og:type\" content=\"article\" \/>\n<meta property=\"og:title\" content=\"Velk\u00e9 evropsk\u00e9 j\u00f3gov\u00e9 p\u0159edstaven\u00ed v Praze, 2019 - Yoga Federation of Europe\" \/>\n<meta property=\"og:url\" content=\"https:\/\/www.yoga-federation.eu\/cz\/velke-evropske-jogove-predstaveni-v-praze-2019\/\" \/>\n<meta property=\"og:site_name\" content=\"Yoga Federation of Europe\" \/>\n<meta property=\"article:published_time\" content=\"2019-04-05T12:31:59+00:00\" \/>\n<meta property=\"article:modified_time\" content=\"2019-05-08T12:42:45+00:00\" \/>\n<meta property=\"og:image\" content=\"https:\/\/www.yoga-federation.eu\/wp-content\/uploads\/2018\/06\/internation-day-of-yoga-Prague-5.jpg\" \/>\n\t<meta property=\"og:image:width\" content=\"1600\" \/>\n\t<meta property=\"og:image:height\" content=\"1066\" \/>\n\t<meta property=\"og:image:type\" content=\"image\/jpeg\" \/>\n<meta name=\"author\" content=\"YFE\" \/>\n<meta name=\"twitter:card\" content=\"summary_large_image\" \/>\n<meta name=\"twitter:label1\" content=\"Written by\" \/>\n\t<meta name=\"twitter:data1\" content=\"YFE\" \/>\n\t<meta name=\"twitter:label2\" content=\"Est. reading time\" \/>\n\t<meta name=\"twitter:data2\" content=\"2 minutes\" \/>\n<script type=\"application\/ld+json\" class=\"yoast-schema-graph\">{\"@context\":\"https:\\\/\\\/schema.org\",\"@graph\":[{\"@type\":\"Article\",\"@id\":\"https:\\\/\\\/www.yoga-federation.eu\\\/cz\\\/velke-evropske-jogove-predstaveni-v-praze-2019\\\/#article\",\"isPartOf\":{\"@id\":\"https:\\\/\\\/www.yoga-federation.eu\\\/cz\\\/velke-evropske-jogove-predstaveni-v-praze-2019\\\/\"},\"author\":{\"name\":\"YFE\",\"@id\":\"https:\\\/\\\/www.yoga-federation.eu\\\/#\\\/schema\\\/person\\\/c70b5a8f7323477f70814bd277cc9105\"},\"headline\":\"Velk\u00e9 evropsk\u00e9 j\u00f3gov\u00e9 p\u0159edstaven\u00ed v Praze, 2019\",\"datePublished\":\"2019-04-05T12:31:59+00:00\",\"dateModified\":\"2019-05-08T12:42:45+00:00\",\"mainEntityOfPage\":{\"@id\":\"https:\\\/\\\/www.yoga-federation.eu\\\/cz\\\/velke-evropske-jogove-predstaveni-v-praze-2019\\\/\"},\"wordCount\":471,\"image\":{\"@id\":\"https:\\\/\\\/www.yoga-federation.eu\\\/cz\\\/velke-evropske-jogove-predstaveni-v-praze-2019\\\/#primaryimage\"},\"thumbnailUrl\":\"https:\\\/\\\/www.yoga-federation.eu\\\/wp-content\\\/uploads\\\/2018\\\/06\\\/internation-day-of-yoga-Prague-5.jpg\",\"articleSection\":[\"Aktivity v roce 2019\",\"J\u00f3gov\u00e9 p\u0159edstaven\u00ed\"],\"inLanguage\":\"cz-CZ\"},{\"@type\":\"WebPage\",\"@id\":\"https:\\\/\\\/www.yoga-federation.eu\\\/cz\\\/velke-evropske-jogove-predstaveni-v-praze-2019\\\/\",\"url\":\"https:\\\/\\\/www.yoga-federation.eu\\\/cz\\\/velke-evropske-jogove-predstaveni-v-praze-2019\\\/\",\"name\":\"Velk\u00e9 evropsk\u00e9 j\u00f3gov\u00e9 p\u0159edstaven\u00ed v Praze, 2019 - Yoga Federation of Europe\",\"isPartOf\":{\"@id\":\"https:\\\/\\\/www.yoga-federation.eu\\\/#website\"},\"primaryImageOfPage\":{\"@id\":\"https:\\\/\\\/www.yoga-federation.eu\\\/cz\\\/velke-evropske-jogove-predstaveni-v-praze-2019\\\/#primaryimage\"},\"image\":{\"@id\":\"https:\\\/\\\/www.yoga-federation.eu\\\/cz\\\/velke-evropske-jogove-predstaveni-v-praze-2019\\\/#primaryimage\"},\"thumbnailUrl\":\"https:\\\/\\\/www.yoga-federation.eu\\\/wp-content\\\/uploads\\\/2018\\\/06\\\/internation-day-of-yoga-Prague-5.jpg\",\"datePublished\":\"2019-04-05T12:31:59+00:00\",\"dateModified\":\"2019-05-08T12:42:45+00:00\",\"author\":{\"@id\":\"https:\\\/\\\/www.yoga-federation.eu\\\/#\\\/schema\\\/person\\\/c70b5a8f7323477f70814bd277cc9105\"},\"breadcrumb\":{\"@id\":\"https:\\\/\\\/www.yoga-federation.eu\\\/cz\\\/velke-evropske-jogove-predstaveni-v-praze-2019\\\/#breadcrumb\"},\"inLanguage\":\"cz-CZ\",\"potentialAction\":[{\"@type\":\"ReadAction\",\"target\":[\"https:\\\/\\\/www.yoga-federation.eu\\\/cz\\\/velke-evropske-jogove-predstaveni-v-praze-2019\\\/\"]}]},{\"@type\":\"ImageObject\",\"inLanguage\":\"cz-CZ\",\"@id\":\"https:\\\/\\\/www.yoga-federation.eu\\\/cz\\\/velke-evropske-jogove-predstaveni-v-praze-2019\\\/#primaryimage\",\"url\":\"https:\\\/\\\/www.yoga-federation.eu\\\/wp-content\\\/uploads\\\/2018\\\/06\\\/internation-day-of-yoga-Prague-5.jpg\",\"contentUrl\":\"https:\\\/\\\/www.yoga-federation.eu\\\/wp-content\\\/uploads\\\/2018\\\/06\\\/internation-day-of-yoga-Prague-5.jpg\",\"width\":1600,\"height\":1066,\"caption\":\"international day of yoga Prague\"},{\"@type\":\"BreadcrumbList\",\"@id\":\"https:\\\/\\\/www.yoga-federation.eu\\\/cz\\\/velke-evropske-jogove-predstaveni-v-praze-2019\\\/#breadcrumb\",\"itemListElement\":[{\"@type\":\"ListItem\",\"position\":1,\"name\":\"Home\",\"item\":\"https:\\\/\\\/www.yoga-federation.eu\\\/cz\\\/\"},{\"@type\":\"ListItem\",\"position\":2,\"name\":\"Velk\u00e9 evropsk\u00e9 j\u00f3gov\u00e9 p\u0159edstaven\u00ed v Praze, 2019\"}]},{\"@type\":\"WebSite\",\"@id\":\"https:\\\/\\\/www.yoga-federation.eu\\\/#website\",\"url\":\"https:\\\/\\\/www.yoga-federation.eu\\\/\",\"name\":\"Yoga Federation of Europe\",\"description\":\"Yoga in Europe\",\"potentialAction\":[{\"@type\":\"SearchAction\",\"target\":{\"@type\":\"EntryPoint\",\"urlTemplate\":\"https:\\\/\\\/www.yoga-federation.eu\\\/?s={search_term_string}\"},\"query-input\":{\"@type\":\"PropertyValueSpecification\",\"valueRequired\":true,\"valueName\":\"search_term_string\"}}],\"inLanguage\":\"cz-CZ\"},{\"@type\":\"Person\",\"@id\":\"https:\\\/\\\/www.yoga-federation.eu\\\/#\\\/schema\\\/person\\\/c70b5a8f7323477f70814bd277cc9105\",\"name\":\"YFE\",\"image\":{\"@type\":\"ImageObject\",\"inLanguage\":\"cz-CZ\",\"@id\":\"https:\\\/\\\/secure.gravatar.com\\\/avatar\\\/64f6beecfc59c339d337f0a16c80bfc143a5e623923f6f42beb67b25788f3e50?s=96&d=mm&r=g\",\"url\":\"https:\\\/\\\/secure.gravatar.com\\\/avatar\\\/64f6beecfc59c339d337f0a16c80bfc143a5e623923f6f42beb67b25788f3e50?s=96&d=mm&r=g\",\"contentUrl\":\"https:\\\/\\\/secure.gravatar.com\\\/avatar\\\/64f6beecfc59c339d337f0a16c80bfc143a5e623923f6f42beb67b25788f3e50?s=96&d=mm&r=g\",\"caption\":\"YFE\"},\"url\":\"https:\\\/\\\/www.yoga-federation.eu\\\/cz\\\/author\\\/ana\\\/\"}]}<\/script>\n<!-- \/ Yoast SEO plugin. -->","yoast_head_json":{"title":"Velk\u00e9 evropsk\u00e9 j\u00f3gov\u00e9 p\u0159edstaven\u00ed v Praze, 2019 - Yoga Federation of Europe","robots":{"index":"index","follow":"follow","max-snippet":"max-snippet:-1","max-image-preview":"max-image-preview:large","max-video-preview":"max-video-preview:-1"},"canonical":"https:\/\/www.yoga-federation.eu\/cz\/velke-evropske-jogove-predstaveni-v-praze-2019\/","og_locale":"en_US","og_type":"article","og_title":"Velk\u00e9 evropsk\u00e9 j\u00f3gov\u00e9 p\u0159edstaven\u00ed v Praze, 2019 - Yoga Federation of Europe","og_url":"https:\/\/www.yoga-federation.eu\/cz\/velke-evropske-jogove-predstaveni-v-praze-2019\/","og_site_name":"Yoga Federation of Europe","article_published_time":"2019-04-05T12:31:59+00:00","article_modified_time":"2019-05-08T12:42:45+00:00","og_image":[{"width":1600,"height":1066,"url":"https:\/\/www.yoga-federation.eu\/wp-content\/uploads\/2018\/06\/internation-day-of-yoga-Prague-5.jpg","type":"image\/jpeg"}],"author":"YFE","twitter_card":"summary_large_image","twitter_misc":{"Written by":"YFE","Est. reading time":"2 minutes"},"schema":{"@context":"https:\/\/schema.org","@graph":[{"@type":"Article","@id":"https:\/\/www.yoga-federation.eu\/cz\/velke-evropske-jogove-predstaveni-v-praze-2019\/#article","isPartOf":{"@id":"https:\/\/www.yoga-federation.eu\/cz\/velke-evropske-jogove-predstaveni-v-praze-2019\/"},"author":{"name":"YFE","@id":"https:\/\/www.yoga-federation.eu\/#\/schema\/person\/c70b5a8f7323477f70814bd277cc9105"},"headline":"Velk\u00e9 evropsk\u00e9 j\u00f3gov\u00e9 p\u0159edstaven\u00ed v Praze, 2019","datePublished":"2019-04-05T12:31:59+00:00","dateModified":"2019-05-08T12:42:45+00:00","mainEntityOfPage":{"@id":"https:\/\/www.yoga-federation.eu\/cz\/velke-evropske-jogove-predstaveni-v-praze-2019\/"},"wordCount":471,"image":{"@id":"https:\/\/www.yoga-federation.eu\/cz\/velke-evropske-jogove-predstaveni-v-praze-2019\/#primaryimage"},"thumbnailUrl":"https:\/\/www.yoga-federation.eu\/wp-content\/uploads\/2018\/06\/internation-day-of-yoga-Prague-5.jpg","articleSection":["Aktivity v roce 2019","J\u00f3gov\u00e9 p\u0159edstaven\u00ed"],"inLanguage":"cz-CZ"},{"@type":"WebPage","@id":"https:\/\/www.yoga-federation.eu\/cz\/velke-evropske-jogove-predstaveni-v-praze-2019\/","url":"https:\/\/www.yoga-federation.eu\/cz\/velke-evropske-jogove-predstaveni-v-praze-2019\/","name":"Velk\u00e9 evropsk\u00e9 j\u00f3gov\u00e9 p\u0159edstaven\u00ed v Praze, 2019 - Yoga Federation of Europe","isPartOf":{"@id":"https:\/\/www.yoga-federation.eu\/#website"},"primaryImageOfPage":{"@id":"https:\/\/www.yoga-federation.eu\/cz\/velke-evropske-jogove-predstaveni-v-praze-2019\/#primaryimage"},"image":{"@id":"https:\/\/www.yoga-federation.eu\/cz\/velke-evropske-jogove-predstaveni-v-praze-2019\/#primaryimage"},"thumbnailUrl":"https:\/\/www.yoga-federation.eu\/wp-content\/uploads\/2018\/06\/internation-day-of-yoga-Prague-5.jpg","datePublished":"2019-04-05T12:31:59+00:00","dateModified":"2019-05-08T12:42:45+00:00","author":{"@id":"https:\/\/www.yoga-federation.eu\/#\/schema\/person\/c70b5a8f7323477f70814bd277cc9105"},"breadcrumb":{"@id":"https:\/\/www.yoga-federation.eu\/cz\/velke-evropske-jogove-predstaveni-v-praze-2019\/#breadcrumb"},"inLanguage":"cz-CZ","potentialAction":[{"@type":"ReadAction","target":["https:\/\/www.yoga-federation.eu\/cz\/velke-evropske-jogove-predstaveni-v-praze-2019\/"]}]},{"@type":"ImageObject","inLanguage":"cz-CZ","@id":"https:\/\/www.yoga-federation.eu\/cz\/velke-evropske-jogove-predstaveni-v-praze-2019\/#primaryimage","url":"https:\/\/www.yoga-federation.eu\/wp-content\/uploads\/2018\/06\/internation-day-of-yoga-Prague-5.jpg","contentUrl":"https:\/\/www.yoga-federation.eu\/wp-content\/uploads\/2018\/06\/internation-day-of-yoga-Prague-5.jpg","width":1600,"height":1066,"caption":"international day of yoga Prague"},{"@type":"BreadcrumbList","@id":"https:\/\/www.yoga-federation.eu\/cz\/velke-evropske-jogove-predstaveni-v-praze-2019\/#breadcrumb","itemListElement":[{"@type":"ListItem","position":1,"name":"Home","item":"https:\/\/www.yoga-federation.eu\/cz\/"},{"@type":"ListItem","position":2,"name":"Velk\u00e9 evropsk\u00e9 j\u00f3gov\u00e9 p\u0159edstaven\u00ed v Praze, 2019"}]},{"@type":"WebSite","@id":"https:\/\/www.yoga-federation.eu\/#website","url":"https:\/\/www.yoga-federation.eu\/","name":"Yoga Federation of Europe","description":"Yoga in Europe","potentialAction":[{"@type":"SearchAction","target":{"@type":"EntryPoint","urlTemplate":"https:\/\/www.yoga-federation.eu\/?s={search_term_string}"},"query-input":{"@type":"PropertyValueSpecification","valueRequired":true,"valueName":"search_term_string"}}],"inLanguage":"cz-CZ"},{"@type":"Person","@id":"https:\/\/www.yoga-federation.eu\/#\/schema\/person\/c70b5a8f7323477f70814bd277cc9105","name":"YFE","image":{"@type":"ImageObject","inLanguage":"cz-CZ","@id":"https:\/\/secure.gravatar.com\/avatar\/64f6beecfc59c339d337f0a16c80bfc143a5e623923f6f42beb67b25788f3e50?s=96&d=mm&r=g","url":"https:\/\/secure.gravatar.com\/avatar\/64f6beecfc59c339d337f0a16c80bfc143a5e623923f6f42beb67b25788f3e50?s=96&d=mm&r=g","contentUrl":"https:\/\/secure.gravatar.com\/avatar\/64f6beecfc59c339d337f0a16c80bfc143a5e623923f6f42beb67b25788f3e50?s=96&d=mm&r=g","caption":"YFE"},"url":"https:\/\/www.yoga-federation.eu\/cz\/author\/ana\/"}]}},"_links":{"self":[{"href":"https:\/\/www.yoga-federation.eu\/cz\/wp-json\/wp\/v2\/posts\/4374","targetHints":{"allow":["GET"]}}],"collection":[{"href":"https:\/\/www.yoga-federation.eu\/cz\/wp-json\/wp\/v2\/posts"}],"about":[{"href":"https:\/\/www.yoga-federation.eu\/cz\/wp-json\/wp\/v2\/types\/post"}],"author":[{"embeddable":true,"href":"https:\/\/www.yoga-federation.eu\/cz\/wp-json\/wp\/v2\/users\/6"}],"replies":[{"embeddable":true,"href":"https:\/\/www.yoga-federation.eu\/cz\/wp-json\/wp\/v2\/comments?post=4374"}],"version-history":[{"count":0,"href":"https:\/\/www.yoga-federation.eu\/cz\/wp-json\/wp\/v2\/posts\/4374\/revisions"}],"wp:featuredmedia":[{"embeddable":true,"href":"https:\/\/www.yoga-federation.eu\/cz\/wp-json\/wp\/v2\/media\/3722"}],"wp:attachment":[{"href":"https:\/\/www.yoga-federation.eu\/cz\/wp-json\/wp\/v2\/media?parent=4374"}],"wp:term":[{"taxonomy":"category","embeddable":true,"href":"https:\/\/www.yoga-federation.eu\/cz\/wp-json\/wp\/v2\/categories?post=4374"},{"taxonomy":"post_tag","embeddable":true,"href":"https:\/\/www.yoga-federation.eu\/cz\/wp-json\/wp\/v2\/tags?post=4374"}],"curies":[{"name":"wp","href":"https:\/\/api.w.org\/{rel}","templated":true}]}}