{"id":4308,"date":"2019-02-11T13:09:21","date_gmt":"2019-02-11T13:09:21","guid":{"rendered":"https:\/\/www.yoga-federation.eu\/?p=4308"},"modified":"2023-10-12T11:16:20","modified_gmt":"2023-10-12T11:16:20","slug":"individualni-kurz-instruktor-jogy","status":"publish","type":"post","link":"https:\/\/www.yoga-federation.eu\/cz\/individualni-kurz-instruktor-jogy\/","title":{"rendered":"Individu\u00e1ln\u00ed kurz Instruktor j\u00f3gy"},"content":{"rendered":"<div class=\"fusion-fullwidth fullwidth-box fusion-builder-row-1 nonhundred-percent-fullwidth non-hundred-percent-height-scrolling\" style=\"background-color: rgba(255,255,255,0);background-position: center center;background-repeat: no-repeat;padding-top:0px;padding-right:0px;padding-bottom:0px;padding-left:0px;margin-bottom: 0px;margin-top: 0px;border-width: 0px 0px 0px 0px;border-color:#eae9e9;border-style:solid;\" ><div class=\"fusion-builder-row fusion-row\"><div class=\"fusion-layout-column fusion_builder_column fusion-builder-column-0 fusion_builder_column_1_1 1_1 fusion-one-full fusion-column-first fusion-column-last\" style=\"margin-top:0px;margin-bottom:20px;\"><div class=\"fusion-column-wrapper fusion-flex-column-wrapper-legacy\" style=\"background-position:left top;background-repeat:no-repeat;-webkit-background-size:cover;-moz-background-size:cover;-o-background-size:cover;background-size:cover;padding: 0px 0px 0px 0px;\"><div class=\"fusion-text fusion-text-1\"><p>Na \u010dem stav\u00ed na\u0161e individu\u00e1ln\u00ed kurzy? Na V\u00e1s &#8211; \u0159ekn\u011bte n\u00e1m, co v\u00e1s bav\u00ed a my vytvo\u0159\u00edme v\u00e1\u0161 individu\u00e1ln\u00ed joga p\u0159\u00edb\u011bh. N\u00e1\u0161 pestr\u00fd a profesion\u00e1ln\u00ed t\u00fdm je p\u0159ipraven\u00fd na v\u0161echno.<\/p>\n<p>P\u0159ij\u010fte se k n\u00e1m pod\u00edvat, popov\u00eddat si o <a href=\"https:\/\/www.yoga-federation.eu\/cz\/kurz-jogy\/\" target=\"_blank\" rel=\"noopener\">nab\u00eddce kurz\u016f.<\/a><\/p>\n<p><a href=\"https:\/\/www.yoga-federation.eu\/wp-content\/uploads\/2019\/02\/KURZ-INSTRUKTOR-JOGY-2019-PRAHA-5.jpg\"><img loading=\"lazy\" decoding=\"async\" class=\"lazyload aligncenter wp-image-4310 size-400\" src=\"https:\/\/www.yoga-federation.eu\/wp-content\/uploads\/2019\/02\/KURZ-INSTRUKTOR-JOGY-2019-PRAHA-5-400x400.jpg\" data-orig-src=\"https:\/\/www.yoga-federation.eu\/wp-content\/uploads\/2019\/02\/KURZ-INSTRUKTOR-JOGY-2019-PRAHA-5-400x400.jpg\" alt=\"KURZ INSTRUKTOR JOGY - 2019 - PRAHA\" width=\"400\" height=\"400\" srcset=\"data:image\/svg+xml,%3Csvg%20xmlns%3D%27http%3A%2F%2Fwww.w3.org%2F2000%2Fsvg%27%20width%3D%27400%27%20height%3D%27400%27%20viewBox%3D%270%200%20400%20400%27%3E%3Crect%20width%3D%27400%27%20height%3D%273400%27%20fill-opacity%3D%220%22%2F%3E%3C%2Fsvg%3E\" data-srcset=\"https:\/\/www.yoga-federation.eu\/wp-content\/uploads\/2019\/02\/KURZ-INSTRUKTOR-JOGY-2019-PRAHA-5-66x66.jpg 66w, https:\/\/www.yoga-federation.eu\/wp-content\/uploads\/2019\/02\/KURZ-INSTRUKTOR-JOGY-2019-PRAHA-5-150x150.jpg 150w, https:\/\/www.yoga-federation.eu\/wp-content\/uploads\/2019\/02\/KURZ-INSTRUKTOR-JOGY-2019-PRAHA-5-200x200.jpg 200w, https:\/\/www.yoga-federation.eu\/wp-content\/uploads\/2019\/02\/KURZ-INSTRUKTOR-JOGY-2019-PRAHA-5-300x300.jpg 300w, https:\/\/www.yoga-federation.eu\/wp-content\/uploads\/2019\/02\/KURZ-INSTRUKTOR-JOGY-2019-PRAHA-5-400x400.jpg 400w, https:\/\/www.yoga-federation.eu\/wp-content\/uploads\/2019\/02\/KURZ-INSTRUKTOR-JOGY-2019-PRAHA-5-600x600.jpg 600w, https:\/\/www.yoga-federation.eu\/wp-content\/uploads\/2019\/02\/KURZ-INSTRUKTOR-JOGY-2019-PRAHA-5-768x768.jpg 768w, https:\/\/www.yoga-federation.eu\/wp-content\/uploads\/2019\/02\/KURZ-INSTRUKTOR-JOGY-2019-PRAHA-5-800x800.jpg 800w, https:\/\/www.yoga-federation.eu\/wp-content\/uploads\/2019\/02\/KURZ-INSTRUKTOR-JOGY-2019-PRAHA-5-1024x1024.jpg 1024w, https:\/\/www.yoga-federation.eu\/wp-content\/uploads\/2019\/02\/KURZ-INSTRUKTOR-JOGY-2019-PRAHA-5.jpg 1080w\" data-sizes=\"auto\" data-orig-sizes=\"auto, (max-width: 400px) 100vw, 400px\" \/><\/a><\/p>\n<p>Individu\u00e1ln\u00ed lekce s lektorem j\u00f3gy &#8211; 2x t\u00fddn\u011b s certifikovan\u00fdm lektorem j\u00f3gy.<\/p>\n<p>Audiovizu\u00e1ln\u00ed studijn\u00ed materi\u00e1ly &#8211; modern\u00ed v\u00fdukov\u00e1 aplikace vych\u00e1zej\u00edc\u00ed z princip\u016f p\u0159irozen\u00e9ho u\u010den\u00ed, p\u0159ehledy jsou v\u017edy po ruce a interaktivn\u00ed cvi\u010den\u00ed upev\u0148uj\u00ed osvojenou j\u00f3gu.<\/p>\n<p>Z\u00edskajte mezin\u00e1rodn\u011b uzn\u00e1van\u00fd certifik\u00e1t.<\/p>\n<h3><strong>V\u00fdukov\u00e1 aplikace<\/strong><\/h3>\n<p>Vstupn\u00ed a pr\u016fb\u011b\u017en\u00e9 audity &#8211; d\u00edky kter\u00fdm budete v\u011bd\u011bt, jak\u00e1 je va\u0161e cesta za zvl\u00e1dnut\u00edm j\u00f3gy.<\/p>\n<p>Za\u0161kolen\u00ed a tr\u00e9nink &#8211; poskytneme v\u00e1m technickou podporu i n\u00e1vod na to, jak aplikaci elekronick\u00e1 u\u010debna\u00a0vyu\u017e\u00edvat co nejefektivn\u011bji.<\/p>\n<p>Existuje mo\u017enost zintenzivnit kurz v jeho pr\u016fb\u011bhu.<\/p>\n<p>Osobn\u00ed p\u0159\u00edstup &#8211; cel\u00fd t\u00fdm pe\u010duje o p\u0159\u00edjemnou atmosf\u00e9ru, p\u0159\u00e1telsk\u00e9 prost\u0159ed\u00ed a pom\u00e1h\u00e1 V\u00e1m na Va\u0161\u00ed cest\u011b za objevov\u00e1n\u00edm j\u00f3gy.<\/p>\n<p>Pro dal\u0161\u00ed informace n\u00e1s, pros\u00edm, kontaktujte prost\u0159ednictv\u00edm e-mailu yoga.yfe@gmail.com nebo na telefonn\u00edm \u010d\u00edsle\u00a0 608 212 949.<\/p>\n<p><span style=\"color: #000000; font-family: comic sans ms, sans-serif; font-size: large;\"><b>\u00a0<\/b><\/span><\/p>\n<\/div><div class=\"fusion-video fusion-youtube\" style=\"max-width:765px;max-height:460px;\"><div class=\"video-shortcode\"><iframe loading=\"lazy\" title=\"YouTube video player\" src=\"https:\/\/www.youtube.com\/embed\/7-49s2ojbhw?wmode=transparent&autoplay=0\" width=\"765\" height=\"460\" allowfullscreen allow=\"autoplay; fullscreen\"><\/iframe><\/div><\/div><div class=\"fusion-clearfix\"><\/div><\/div><\/div><\/div><\/div>\n","protected":false},"excerpt":{"rendered":"","protected":false},"author":6,"featured_media":4310,"comment_status":"closed","ping_status":"open","sticky":false,"template":"","format":"standard","meta":{"footnotes":""},"categories":[48],"tags":[],"class_list":["post-4308","post","type-post","status-publish","format-standard","has-post-thumbnail","hentry","category-vzdelavani"],"yoast_head":"<!-- This site is optimized with the Yoast SEO plugin v27.4 - https:\/\/yoast.com\/product\/yoast-seo-wordpress\/ -->\n<title>Individu\u00e1ln\u00ed kurz Instruktor j\u00f3gy - Yoga Federation of Europe<\/title>\n<meta name=\"robots\" content=\"index, follow, max-snippet:-1, max-image-preview:large, max-video-preview:-1\" \/>\n<link rel=\"canonical\" href=\"https:\/\/www.yoga-federation.eu\/cz\/individualni-kurz-instruktor-jogy\/\" \/>\n<meta property=\"og:locale\" content=\"en_US\" \/>\n<meta property=\"og:type\" content=\"article\" \/>\n<meta property=\"og:title\" content=\"Individu\u00e1ln\u00ed kurz Instruktor j\u00f3gy - Yoga Federation of Europe\" \/>\n<meta property=\"og:url\" content=\"https:\/\/www.yoga-federation.eu\/cz\/individualni-kurz-instruktor-jogy\/\" \/>\n<meta property=\"og:site_name\" content=\"Yoga Federation of Europe\" \/>\n<meta property=\"article:published_time\" content=\"2019-02-11T13:09:21+00:00\" \/>\n<meta property=\"article:modified_time\" content=\"2023-10-12T11:16:20+00:00\" \/>\n<meta property=\"og:image\" content=\"http:\/\/www.yoga-federation.eu\/wp-content\/uploads\/2019\/02\/KURZ-INSTRUKTOR-JOGY-2019-PRAHA-5.jpg\" \/>\n\t<meta property=\"og:image:width\" content=\"1080\" \/>\n\t<meta property=\"og:image:height\" content=\"1080\" \/>\n\t<meta property=\"og:image:type\" content=\"image\/jpeg\" \/>\n<meta name=\"author\" content=\"YFE\" \/>\n<meta name=\"twitter:card\" content=\"summary_large_image\" \/>\n<meta name=\"twitter:label1\" content=\"Written by\" \/>\n\t<meta name=\"twitter:data1\" content=\"YFE\" \/>\n\t<meta name=\"twitter:label2\" content=\"Est. reading time\" \/>\n\t<meta name=\"twitter:data2\" content=\"2 minutes\" \/>\n<script type=\"application\/ld+json\" class=\"yoast-schema-graph\">{\"@context\":\"https:\\\/\\\/schema.org\",\"@graph\":[{\"@type\":\"Article\",\"@id\":\"https:\\\/\\\/www.yoga-federation.eu\\\/cz\\\/individualni-kurz-instruktor-jogy\\\/#article\",\"isPartOf\":{\"@id\":\"https:\\\/\\\/www.yoga-federation.eu\\\/cz\\\/individualni-kurz-instruktor-jogy\\\/\"},\"author\":{\"name\":\"YFE\",\"@id\":\"https:\\\/\\\/www.yoga-federation.eu\\\/#\\\/schema\\\/person\\\/c70b5a8f7323477f70814bd277cc9105\"},\"headline\":\"Individu\u00e1ln\u00ed kurz Instruktor j\u00f3gy\",\"datePublished\":\"2019-02-11T13:09:21+00:00\",\"dateModified\":\"2023-10-12T11:16:20+00:00\",\"mainEntityOfPage\":{\"@id\":\"https:\\\/\\\/www.yoga-federation.eu\\\/cz\\\/individualni-kurz-instruktor-jogy\\\/\"},\"wordCount\":518,\"image\":{\"@id\":\"https:\\\/\\\/www.yoga-federation.eu\\\/cz\\\/individualni-kurz-instruktor-jogy\\\/#primaryimage\"},\"thumbnailUrl\":\"https:\\\/\\\/www.yoga-federation.eu\\\/wp-content\\\/uploads\\\/2019\\\/02\\\/KURZ-INSTRUKTOR-JOGY-2019-PRAHA-5.jpg\",\"articleSection\":[\"Vzd\u011bl\u00e1v\u00e1n\u00ed\"],\"inLanguage\":\"cz-CZ\"},{\"@type\":\"WebPage\",\"@id\":\"https:\\\/\\\/www.yoga-federation.eu\\\/cz\\\/individualni-kurz-instruktor-jogy\\\/\",\"url\":\"https:\\\/\\\/www.yoga-federation.eu\\\/cz\\\/individualni-kurz-instruktor-jogy\\\/\",\"name\":\"Individu\u00e1ln\u00ed kurz Instruktor j\u00f3gy - Yoga Federation of Europe\",\"isPartOf\":{\"@id\":\"https:\\\/\\\/www.yoga-federation.eu\\\/#website\"},\"primaryImageOfPage\":{\"@id\":\"https:\\\/\\\/www.yoga-federation.eu\\\/cz\\\/individualni-kurz-instruktor-jogy\\\/#primaryimage\"},\"image\":{\"@id\":\"https:\\\/\\\/www.yoga-federation.eu\\\/cz\\\/individualni-kurz-instruktor-jogy\\\/#primaryimage\"},\"thumbnailUrl\":\"https:\\\/\\\/www.yoga-federation.eu\\\/wp-content\\\/uploads\\\/2019\\\/02\\\/KURZ-INSTRUKTOR-JOGY-2019-PRAHA-5.jpg\",\"datePublished\":\"2019-02-11T13:09:21+00:00\",\"dateModified\":\"2023-10-12T11:16:20+00:00\",\"author\":{\"@id\":\"https:\\\/\\\/www.yoga-federation.eu\\\/#\\\/schema\\\/person\\\/c70b5a8f7323477f70814bd277cc9105\"},\"breadcrumb\":{\"@id\":\"https:\\\/\\\/www.yoga-federation.eu\\\/cz\\\/individualni-kurz-instruktor-jogy\\\/#breadcrumb\"},\"inLanguage\":\"cz-CZ\",\"potentialAction\":[{\"@type\":\"ReadAction\",\"target\":[\"https:\\\/\\\/www.yoga-federation.eu\\\/cz\\\/individualni-kurz-instruktor-jogy\\\/\"]}]},{\"@type\":\"ImageObject\",\"inLanguage\":\"cz-CZ\",\"@id\":\"https:\\\/\\\/www.yoga-federation.eu\\\/cz\\\/individualni-kurz-instruktor-jogy\\\/#primaryimage\",\"url\":\"https:\\\/\\\/www.yoga-federation.eu\\\/wp-content\\\/uploads\\\/2019\\\/02\\\/KURZ-INSTRUKTOR-JOGY-2019-PRAHA-5.jpg\",\"contentUrl\":\"https:\\\/\\\/www.yoga-federation.eu\\\/wp-content\\\/uploads\\\/2019\\\/02\\\/KURZ-INSTRUKTOR-JOGY-2019-PRAHA-5.jpg\",\"width\":1080,\"height\":1080,\"caption\":\"KURZ INSTRUKTOR JOGY - 2019 - PRAHA\"},{\"@type\":\"BreadcrumbList\",\"@id\":\"https:\\\/\\\/www.yoga-federation.eu\\\/cz\\\/individualni-kurz-instruktor-jogy\\\/#breadcrumb\",\"itemListElement\":[{\"@type\":\"ListItem\",\"position\":1,\"name\":\"Home\",\"item\":\"https:\\\/\\\/www.yoga-federation.eu\\\/cz\\\/\"},{\"@type\":\"ListItem\",\"position\":2,\"name\":\"Individu\u00e1ln\u00ed kurz Instruktor j\u00f3gy\"}]},{\"@type\":\"WebSite\",\"@id\":\"https:\\\/\\\/www.yoga-federation.eu\\\/#website\",\"url\":\"https:\\\/\\\/www.yoga-federation.eu\\\/\",\"name\":\"Yoga Federation of Europe\",\"description\":\"Yoga in Europe\",\"potentialAction\":[{\"@type\":\"SearchAction\",\"target\":{\"@type\":\"EntryPoint\",\"urlTemplate\":\"https:\\\/\\\/www.yoga-federation.eu\\\/?s={search_term_string}\"},\"query-input\":{\"@type\":\"PropertyValueSpecification\",\"valueRequired\":true,\"valueName\":\"search_term_string\"}}],\"inLanguage\":\"cz-CZ\"},{\"@type\":\"Person\",\"@id\":\"https:\\\/\\\/www.yoga-federation.eu\\\/#\\\/schema\\\/person\\\/c70b5a8f7323477f70814bd277cc9105\",\"name\":\"YFE\",\"image\":{\"@type\":\"ImageObject\",\"inLanguage\":\"cz-CZ\",\"@id\":\"https:\\\/\\\/secure.gravatar.com\\\/avatar\\\/64f6beecfc59c339d337f0a16c80bfc143a5e623923f6f42beb67b25788f3e50?s=96&d=mm&r=g\",\"url\":\"https:\\\/\\\/secure.gravatar.com\\\/avatar\\\/64f6beecfc59c339d337f0a16c80bfc143a5e623923f6f42beb67b25788f3e50?s=96&d=mm&r=g\",\"contentUrl\":\"https:\\\/\\\/secure.gravatar.com\\\/avatar\\\/64f6beecfc59c339d337f0a16c80bfc143a5e623923f6f42beb67b25788f3e50?s=96&d=mm&r=g\",\"caption\":\"YFE\"},\"url\":\"https:\\\/\\\/www.yoga-federation.eu\\\/cz\\\/author\\\/ana\\\/\"}]}<\/script>\n<!-- \/ Yoast SEO plugin. -->","yoast_head_json":{"title":"Individu\u00e1ln\u00ed kurz Instruktor j\u00f3gy - Yoga Federation of Europe","robots":{"index":"index","follow":"follow","max-snippet":"max-snippet:-1","max-image-preview":"max-image-preview:large","max-video-preview":"max-video-preview:-1"},"canonical":"https:\/\/www.yoga-federation.eu\/cz\/individualni-kurz-instruktor-jogy\/","og_locale":"en_US","og_type":"article","og_title":"Individu\u00e1ln\u00ed kurz Instruktor j\u00f3gy - Yoga Federation of Europe","og_url":"https:\/\/www.yoga-federation.eu\/cz\/individualni-kurz-instruktor-jogy\/","og_site_name":"Yoga Federation of Europe","article_published_time":"2019-02-11T13:09:21+00:00","article_modified_time":"2023-10-12T11:16:20+00:00","og_image":[{"width":1080,"height":1080,"url":"http:\/\/www.yoga-federation.eu\/wp-content\/uploads\/2019\/02\/KURZ-INSTRUKTOR-JOGY-2019-PRAHA-5.jpg","type":"image\/jpeg"}],"author":"YFE","twitter_card":"summary_large_image","twitter_misc":{"Written by":"YFE","Est. reading time":"2 minutes"},"schema":{"@context":"https:\/\/schema.org","@graph":[{"@type":"Article","@id":"https:\/\/www.yoga-federation.eu\/cz\/individualni-kurz-instruktor-jogy\/#article","isPartOf":{"@id":"https:\/\/www.yoga-federation.eu\/cz\/individualni-kurz-instruktor-jogy\/"},"author":{"name":"YFE","@id":"https:\/\/www.yoga-federation.eu\/#\/schema\/person\/c70b5a8f7323477f70814bd277cc9105"},"headline":"Individu\u00e1ln\u00ed kurz Instruktor j\u00f3gy","datePublished":"2019-02-11T13:09:21+00:00","dateModified":"2023-10-12T11:16:20+00:00","mainEntityOfPage":{"@id":"https:\/\/www.yoga-federation.eu\/cz\/individualni-kurz-instruktor-jogy\/"},"wordCount":518,"image":{"@id":"https:\/\/www.yoga-federation.eu\/cz\/individualni-kurz-instruktor-jogy\/#primaryimage"},"thumbnailUrl":"https:\/\/www.yoga-federation.eu\/wp-content\/uploads\/2019\/02\/KURZ-INSTRUKTOR-JOGY-2019-PRAHA-5.jpg","articleSection":["Vzd\u011bl\u00e1v\u00e1n\u00ed"],"inLanguage":"cz-CZ"},{"@type":"WebPage","@id":"https:\/\/www.yoga-federation.eu\/cz\/individualni-kurz-instruktor-jogy\/","url":"https:\/\/www.yoga-federation.eu\/cz\/individualni-kurz-instruktor-jogy\/","name":"Individu\u00e1ln\u00ed kurz Instruktor j\u00f3gy - Yoga Federation of Europe","isPartOf":{"@id":"https:\/\/www.yoga-federation.eu\/#website"},"primaryImageOfPage":{"@id":"https:\/\/www.yoga-federation.eu\/cz\/individualni-kurz-instruktor-jogy\/#primaryimage"},"image":{"@id":"https:\/\/www.yoga-federation.eu\/cz\/individualni-kurz-instruktor-jogy\/#primaryimage"},"thumbnailUrl":"https:\/\/www.yoga-federation.eu\/wp-content\/uploads\/2019\/02\/KURZ-INSTRUKTOR-JOGY-2019-PRAHA-5.jpg","datePublished":"2019-02-11T13:09:21+00:00","dateModified":"2023-10-12T11:16:20+00:00","author":{"@id":"https:\/\/www.yoga-federation.eu\/#\/schema\/person\/c70b5a8f7323477f70814bd277cc9105"},"breadcrumb":{"@id":"https:\/\/www.yoga-federation.eu\/cz\/individualni-kurz-instruktor-jogy\/#breadcrumb"},"inLanguage":"cz-CZ","potentialAction":[{"@type":"ReadAction","target":["https:\/\/www.yoga-federation.eu\/cz\/individualni-kurz-instruktor-jogy\/"]}]},{"@type":"ImageObject","inLanguage":"cz-CZ","@id":"https:\/\/www.yoga-federation.eu\/cz\/individualni-kurz-instruktor-jogy\/#primaryimage","url":"https:\/\/www.yoga-federation.eu\/wp-content\/uploads\/2019\/02\/KURZ-INSTRUKTOR-JOGY-2019-PRAHA-5.jpg","contentUrl":"https:\/\/www.yoga-federation.eu\/wp-content\/uploads\/2019\/02\/KURZ-INSTRUKTOR-JOGY-2019-PRAHA-5.jpg","width":1080,"height":1080,"caption":"KURZ INSTRUKTOR JOGY - 2019 - PRAHA"},{"@type":"BreadcrumbList","@id":"https:\/\/www.yoga-federation.eu\/cz\/individualni-kurz-instruktor-jogy\/#breadcrumb","itemListElement":[{"@type":"ListItem","position":1,"name":"Home","item":"https:\/\/www.yoga-federation.eu\/cz\/"},{"@type":"ListItem","position":2,"name":"Individu\u00e1ln\u00ed kurz Instruktor j\u00f3gy"}]},{"@type":"WebSite","@id":"https:\/\/www.yoga-federation.eu\/#website","url":"https:\/\/www.yoga-federation.eu\/","name":"Yoga Federation of Europe","description":"Yoga in Europe","potentialAction":[{"@type":"SearchAction","target":{"@type":"EntryPoint","urlTemplate":"https:\/\/www.yoga-federation.eu\/?s={search_term_string}"},"query-input":{"@type":"PropertyValueSpecification","valueRequired":true,"valueName":"search_term_string"}}],"inLanguage":"cz-CZ"},{"@type":"Person","@id":"https:\/\/www.yoga-federation.eu\/#\/schema\/person\/c70b5a8f7323477f70814bd277cc9105","name":"YFE","image":{"@type":"ImageObject","inLanguage":"cz-CZ","@id":"https:\/\/secure.gravatar.com\/avatar\/64f6beecfc59c339d337f0a16c80bfc143a5e623923f6f42beb67b25788f3e50?s=96&d=mm&r=g","url":"https:\/\/secure.gravatar.com\/avatar\/64f6beecfc59c339d337f0a16c80bfc143a5e623923f6f42beb67b25788f3e50?s=96&d=mm&r=g","contentUrl":"https:\/\/secure.gravatar.com\/avatar\/64f6beecfc59c339d337f0a16c80bfc143a5e623923f6f42beb67b25788f3e50?s=96&d=mm&r=g","caption":"YFE"},"url":"https:\/\/www.yoga-federation.eu\/cz\/author\/ana\/"}]}},"_links":{"self":[{"href":"https:\/\/www.yoga-federation.eu\/cz\/wp-json\/wp\/v2\/posts\/4308","targetHints":{"allow":["GET"]}}],"collection":[{"href":"https:\/\/www.yoga-federation.eu\/cz\/wp-json\/wp\/v2\/posts"}],"about":[{"href":"https:\/\/www.yoga-federation.eu\/cz\/wp-json\/wp\/v2\/types\/post"}],"author":[{"embeddable":true,"href":"https:\/\/www.yoga-federation.eu\/cz\/wp-json\/wp\/v2\/users\/6"}],"replies":[{"embeddable":true,"href":"https:\/\/www.yoga-federation.eu\/cz\/wp-json\/wp\/v2\/comments?post=4308"}],"version-history":[{"count":0,"href":"https:\/\/www.yoga-federation.eu\/cz\/wp-json\/wp\/v2\/posts\/4308\/revisions"}],"wp:featuredmedia":[{"embeddable":true,"href":"https:\/\/www.yoga-federation.eu\/cz\/wp-json\/wp\/v2\/media\/4310"}],"wp:attachment":[{"href":"https:\/\/www.yoga-federation.eu\/cz\/wp-json\/wp\/v2\/media?parent=4308"}],"wp:term":[{"taxonomy":"category","embeddable":true,"href":"https:\/\/www.yoga-federation.eu\/cz\/wp-json\/wp\/v2\/categories?post=4308"},{"taxonomy":"post_tag","embeddable":true,"href":"https:\/\/www.yoga-federation.eu\/cz\/wp-json\/wp\/v2\/tags?post=4308"}],"curies":[{"name":"wp","href":"https:\/\/api.w.org\/{rel}","templated":true}]}}