{"id":3968,"date":"2018-10-03T09:14:19","date_gmt":"2018-10-03T09:14:19","guid":{"rendered":"https:\/\/www.yoga-federation.eu\/?p=3968"},"modified":"2018-11-03T09:16:17","modified_gmt":"2018-11-03T09:16:17","slug":"jogove-cviceni-pro-rodice-s-detmi","status":"publish","type":"post","link":"https:\/\/www.yoga-federation.eu\/cz\/jogove-cviceni-pro-rodice-s-detmi\/","title":{"rendered":"J\u00f3gov\u00e9 cvi\u010den\u00ed pro rodi\u010de s d\u011btm\u00ed"},"content":{"rendered":"<div class=\"fusion-fullwidth fullwidth-box fusion-builder-row-1 nonhundred-percent-fullwidth non-hundred-percent-height-scrolling\" style=\"background-color: rgba(255,255,255,0);background-position: center center;background-repeat: no-repeat;padding-top:0px;padding-right:0px;padding-bottom:0px;padding-left:0px;margin-bottom: 0px;margin-top: 0px;border-width: 0px 0px 0px 0px;border-color:#eae9e9;border-style:solid;\" ><div class=\"fusion-builder-row fusion-row\"><div class=\"fusion-layout-column fusion_builder_column fusion-builder-column-0 fusion_builder_column_1_1 1_1 fusion-one-full fusion-column-first fusion-column-last\" style=\"margin-top:0px;margin-bottom:20px;\"><div class=\"fusion-column-wrapper fusion-flex-column-wrapper-legacy\" style=\"background-position:left top;background-repeat:no-repeat;-webkit-background-size:cover;-moz-background-size:cover;-o-background-size:cover;background-size:cover;padding: 0px 0px 0px 0px;\"><div class=\"fusion-text fusion-text-1\"><p><a href=\"https:\/\/www.yoga-federation.eu\/wp-content\/uploads\/2018\/11\/Jogove-cviceni-pro-rodice-s-detmi.jpg\"><img loading=\"lazy\" decoding=\"async\" class=\"lazyload aligncenter wp-image-3969 size-800\" src=\"https:\/\/www.yoga-federation.eu\/wp-content\/uploads\/2018\/11\/Jogove-cviceni-pro-rodice-s-detmi-800x571.jpg\" data-orig-src=\"https:\/\/www.yoga-federation.eu\/wp-content\/uploads\/2018\/11\/Jogove-cviceni-pro-rodice-s-detmi-800x571.jpg\" alt=\"Jogove cviceni pro rodice s detmi\" width=\"800\" height=\"571\" srcset=\"data:image\/svg+xml,%3Csvg%20xmlns%3D%27http%3A%2F%2Fwww.w3.org%2F2000%2Fsvg%27%20width%3D%27800%27%20height%3D%27571%27%20viewBox%3D%270%200%20800%20571%27%3E%3Crect%20width%3D%27800%27%20height%3D%273571%27%20fill-opacity%3D%220%22%2F%3E%3C%2Fsvg%3E\" data-srcset=\"https:\/\/www.yoga-federation.eu\/wp-content\/uploads\/2018\/11\/Jogove-cviceni-pro-rodice-s-detmi-200x143.jpg 200w, https:\/\/www.yoga-federation.eu\/wp-content\/uploads\/2018\/11\/Jogove-cviceni-pro-rodice-s-detmi-300x214.jpg 300w, https:\/\/www.yoga-federation.eu\/wp-content\/uploads\/2018\/11\/Jogove-cviceni-pro-rodice-s-detmi-400x285.jpg 400w, https:\/\/www.yoga-federation.eu\/wp-content\/uploads\/2018\/11\/Jogove-cviceni-pro-rodice-s-detmi-600x428.jpg 600w, https:\/\/www.yoga-federation.eu\/wp-content\/uploads\/2018\/11\/Jogove-cviceni-pro-rodice-s-detmi-768x548.jpg 768w, https:\/\/www.yoga-federation.eu\/wp-content\/uploads\/2018\/11\/Jogove-cviceni-pro-rodice-s-detmi-800x571.jpg 800w, https:\/\/www.yoga-federation.eu\/wp-content\/uploads\/2018\/11\/Jogove-cviceni-pro-rodice-s-detmi.jpg 960w\" data-sizes=\"auto\" data-orig-sizes=\"auto, (max-width: 800px) 100vw, 800px\" \/><\/a><\/p>\n<\/div><div class=\"fusion-clearfix\"><\/div><\/div><\/div><\/div><\/div>\n","protected":false},"excerpt":{"rendered":"","protected":false},"author":6,"featured_media":3969,"comment_status":"closed","ping_status":"open","sticky":false,"template":"","format":"standard","meta":{"footnotes":""},"categories":[56,72],"tags":[],"class_list":["post-3968","post","type-post","status-publish","format-standard","has-post-thumbnail","hentry","category-activity","category-aktivity-v-roce-2018"],"yoast_head":"<!-- This site is optimized with the Yoast SEO plugin v27.4 - https:\/\/yoast.com\/product\/yoast-seo-wordpress\/ -->\n<title>J\u00f3gov\u00e9 cvi\u010den\u00ed pro rodi\u010de s d\u011btm\u00ed - Yoga Federation of Europe<\/title>\n<meta name=\"robots\" content=\"index, follow, max-snippet:-1, max-image-preview:large, max-video-preview:-1\" \/>\n<link rel=\"canonical\" href=\"https:\/\/www.yoga-federation.eu\/cz\/jogove-cviceni-pro-rodice-s-detmi\/\" \/>\n<meta property=\"og:locale\" content=\"en_US\" \/>\n<meta property=\"og:type\" content=\"article\" \/>\n<meta property=\"og:title\" content=\"J\u00f3gov\u00e9 cvi\u010den\u00ed pro rodi\u010de s d\u011btm\u00ed - Yoga Federation of Europe\" \/>\n<meta property=\"og:url\" content=\"https:\/\/www.yoga-federation.eu\/cz\/jogove-cviceni-pro-rodice-s-detmi\/\" \/>\n<meta property=\"og:site_name\" content=\"Yoga Federation of Europe\" \/>\n<meta property=\"article:published_time\" content=\"2018-10-03T09:14:19+00:00\" \/>\n<meta property=\"article:modified_time\" content=\"2018-11-03T09:16:17+00:00\" \/>\n<meta property=\"og:image\" content=\"https:\/\/www.yoga-federation.eu\/wp-content\/uploads\/2018\/11\/Jogove-cviceni-pro-rodice-s-detmi.jpg\" \/>\n\t<meta property=\"og:image:width\" content=\"960\" \/>\n\t<meta property=\"og:image:height\" content=\"685\" \/>\n\t<meta property=\"og:image:type\" content=\"image\/jpeg\" \/>\n<meta name=\"author\" content=\"YFE\" \/>\n<meta name=\"twitter:card\" content=\"summary_large_image\" \/>\n<meta name=\"twitter:label1\" content=\"Written by\" \/>\n\t<meta name=\"twitter:data1\" content=\"YFE\" \/>\n\t<meta name=\"twitter:label2\" content=\"Est. reading time\" \/>\n\t<meta name=\"twitter:data2\" content=\"1 minute\" \/>\n<script type=\"application\/ld+json\" class=\"yoast-schema-graph\">{\"@context\":\"https:\\\/\\\/schema.org\",\"@graph\":[{\"@type\":\"Article\",\"@id\":\"https:\\\/\\\/www.yoga-federation.eu\\\/cz\\\/jogove-cviceni-pro-rodice-s-detmi\\\/#article\",\"isPartOf\":{\"@id\":\"https:\\\/\\\/www.yoga-federation.eu\\\/cz\\\/jogove-cviceni-pro-rodice-s-detmi\\\/\"},\"author\":{\"name\":\"YFE\",\"@id\":\"https:\\\/\\\/www.yoga-federation.eu\\\/#\\\/schema\\\/person\\\/c70b5a8f7323477f70814bd277cc9105\"},\"headline\":\"J\u00f3gov\u00e9 cvi\u010den\u00ed pro rodi\u010de s d\u011btm\u00ed\",\"datePublished\":\"2018-10-03T09:14:19+00:00\",\"dateModified\":\"2018-11-03T09:16:17+00:00\",\"mainEntityOfPage\":{\"@id\":\"https:\\\/\\\/www.yoga-federation.eu\\\/cz\\\/jogove-cviceni-pro-rodice-s-detmi\\\/\"},\"wordCount\":203,\"image\":{\"@id\":\"https:\\\/\\\/www.yoga-federation.eu\\\/cz\\\/jogove-cviceni-pro-rodice-s-detmi\\\/#primaryimage\"},\"thumbnailUrl\":\"https:\\\/\\\/www.yoga-federation.eu\\\/wp-content\\\/uploads\\\/2018\\\/11\\\/Jogove-cviceni-pro-rodice-s-detmi.jpg\",\"articleSection\":[\"Activity\",\"Aktivity v roce 2018\"],\"inLanguage\":\"cz-CZ\"},{\"@type\":\"WebPage\",\"@id\":\"https:\\\/\\\/www.yoga-federation.eu\\\/cz\\\/jogove-cviceni-pro-rodice-s-detmi\\\/\",\"url\":\"https:\\\/\\\/www.yoga-federation.eu\\\/cz\\\/jogove-cviceni-pro-rodice-s-detmi\\\/\",\"name\":\"J\u00f3gov\u00e9 cvi\u010den\u00ed pro rodi\u010de s d\u011btm\u00ed - Yoga Federation of Europe\",\"isPartOf\":{\"@id\":\"https:\\\/\\\/www.yoga-federation.eu\\\/#website\"},\"primaryImageOfPage\":{\"@id\":\"https:\\\/\\\/www.yoga-federation.eu\\\/cz\\\/jogove-cviceni-pro-rodice-s-detmi\\\/#primaryimage\"},\"image\":{\"@id\":\"https:\\\/\\\/www.yoga-federation.eu\\\/cz\\\/jogove-cviceni-pro-rodice-s-detmi\\\/#primaryimage\"},\"thumbnailUrl\":\"https:\\\/\\\/www.yoga-federation.eu\\\/wp-content\\\/uploads\\\/2018\\\/11\\\/Jogove-cviceni-pro-rodice-s-detmi.jpg\",\"datePublished\":\"2018-10-03T09:14:19+00:00\",\"dateModified\":\"2018-11-03T09:16:17+00:00\",\"author\":{\"@id\":\"https:\\\/\\\/www.yoga-federation.eu\\\/#\\\/schema\\\/person\\\/c70b5a8f7323477f70814bd277cc9105\"},\"breadcrumb\":{\"@id\":\"https:\\\/\\\/www.yoga-federation.eu\\\/cz\\\/jogove-cviceni-pro-rodice-s-detmi\\\/#breadcrumb\"},\"inLanguage\":\"cz-CZ\",\"potentialAction\":[{\"@type\":\"ReadAction\",\"target\":[\"https:\\\/\\\/www.yoga-federation.eu\\\/cz\\\/jogove-cviceni-pro-rodice-s-detmi\\\/\"]}]},{\"@type\":\"ImageObject\",\"inLanguage\":\"cz-CZ\",\"@id\":\"https:\\\/\\\/www.yoga-federation.eu\\\/cz\\\/jogove-cviceni-pro-rodice-s-detmi\\\/#primaryimage\",\"url\":\"https:\\\/\\\/www.yoga-federation.eu\\\/wp-content\\\/uploads\\\/2018\\\/11\\\/Jogove-cviceni-pro-rodice-s-detmi.jpg\",\"contentUrl\":\"https:\\\/\\\/www.yoga-federation.eu\\\/wp-content\\\/uploads\\\/2018\\\/11\\\/Jogove-cviceni-pro-rodice-s-detmi.jpg\",\"width\":960,\"height\":685,\"caption\":\"Jogove cviceni pro rodice s detmi\"},{\"@type\":\"BreadcrumbList\",\"@id\":\"https:\\\/\\\/www.yoga-federation.eu\\\/cz\\\/jogove-cviceni-pro-rodice-s-detmi\\\/#breadcrumb\",\"itemListElement\":[{\"@type\":\"ListItem\",\"position\":1,\"name\":\"Home\",\"item\":\"https:\\\/\\\/www.yoga-federation.eu\\\/cz\\\/\"},{\"@type\":\"ListItem\",\"position\":2,\"name\":\"J\u00f3gov\u00e9 cvi\u010den\u00ed pro rodi\u010de s d\u011btm\u00ed\"}]},{\"@type\":\"WebSite\",\"@id\":\"https:\\\/\\\/www.yoga-federation.eu\\\/#website\",\"url\":\"https:\\\/\\\/www.yoga-federation.eu\\\/\",\"name\":\"Yoga Federation of Europe\",\"description\":\"Yoga in Europe\",\"potentialAction\":[{\"@type\":\"SearchAction\",\"target\":{\"@type\":\"EntryPoint\",\"urlTemplate\":\"https:\\\/\\\/www.yoga-federation.eu\\\/?s={search_term_string}\"},\"query-input\":{\"@type\":\"PropertyValueSpecification\",\"valueRequired\":true,\"valueName\":\"search_term_string\"}}],\"inLanguage\":\"cz-CZ\"},{\"@type\":\"Person\",\"@id\":\"https:\\\/\\\/www.yoga-federation.eu\\\/#\\\/schema\\\/person\\\/c70b5a8f7323477f70814bd277cc9105\",\"name\":\"YFE\",\"image\":{\"@type\":\"ImageObject\",\"inLanguage\":\"cz-CZ\",\"@id\":\"https:\\\/\\\/secure.gravatar.com\\\/avatar\\\/64f6beecfc59c339d337f0a16c80bfc143a5e623923f6f42beb67b25788f3e50?s=96&d=mm&r=g\",\"url\":\"https:\\\/\\\/secure.gravatar.com\\\/avatar\\\/64f6beecfc59c339d337f0a16c80bfc143a5e623923f6f42beb67b25788f3e50?s=96&d=mm&r=g\",\"contentUrl\":\"https:\\\/\\\/secure.gravatar.com\\\/avatar\\\/64f6beecfc59c339d337f0a16c80bfc143a5e623923f6f42beb67b25788f3e50?s=96&d=mm&r=g\",\"caption\":\"YFE\"},\"url\":\"https:\\\/\\\/www.yoga-federation.eu\\\/cz\\\/author\\\/ana\\\/\"}]}<\/script>\n<!-- \/ Yoast SEO plugin. -->","yoast_head_json":{"title":"J\u00f3gov\u00e9 cvi\u010den\u00ed pro rodi\u010de s d\u011btm\u00ed - Yoga Federation of Europe","robots":{"index":"index","follow":"follow","max-snippet":"max-snippet:-1","max-image-preview":"max-image-preview:large","max-video-preview":"max-video-preview:-1"},"canonical":"https:\/\/www.yoga-federation.eu\/cz\/jogove-cviceni-pro-rodice-s-detmi\/","og_locale":"en_US","og_type":"article","og_title":"J\u00f3gov\u00e9 cvi\u010den\u00ed pro rodi\u010de s d\u011btm\u00ed - Yoga Federation of Europe","og_url":"https:\/\/www.yoga-federation.eu\/cz\/jogove-cviceni-pro-rodice-s-detmi\/","og_site_name":"Yoga Federation of Europe","article_published_time":"2018-10-03T09:14:19+00:00","article_modified_time":"2018-11-03T09:16:17+00:00","og_image":[{"width":960,"height":685,"url":"https:\/\/www.yoga-federation.eu\/wp-content\/uploads\/2018\/11\/Jogove-cviceni-pro-rodice-s-detmi.jpg","type":"image\/jpeg"}],"author":"YFE","twitter_card":"summary_large_image","twitter_misc":{"Written by":"YFE","Est. reading time":"1 minute"},"schema":{"@context":"https:\/\/schema.org","@graph":[{"@type":"Article","@id":"https:\/\/www.yoga-federation.eu\/cz\/jogove-cviceni-pro-rodice-s-detmi\/#article","isPartOf":{"@id":"https:\/\/www.yoga-federation.eu\/cz\/jogove-cviceni-pro-rodice-s-detmi\/"},"author":{"name":"YFE","@id":"https:\/\/www.yoga-federation.eu\/#\/schema\/person\/c70b5a8f7323477f70814bd277cc9105"},"headline":"J\u00f3gov\u00e9 cvi\u010den\u00ed pro rodi\u010de s d\u011btm\u00ed","datePublished":"2018-10-03T09:14:19+00:00","dateModified":"2018-11-03T09:16:17+00:00","mainEntityOfPage":{"@id":"https:\/\/www.yoga-federation.eu\/cz\/jogove-cviceni-pro-rodice-s-detmi\/"},"wordCount":203,"image":{"@id":"https:\/\/www.yoga-federation.eu\/cz\/jogove-cviceni-pro-rodice-s-detmi\/#primaryimage"},"thumbnailUrl":"https:\/\/www.yoga-federation.eu\/wp-content\/uploads\/2018\/11\/Jogove-cviceni-pro-rodice-s-detmi.jpg","articleSection":["Activity","Aktivity v roce 2018"],"inLanguage":"cz-CZ"},{"@type":"WebPage","@id":"https:\/\/www.yoga-federation.eu\/cz\/jogove-cviceni-pro-rodice-s-detmi\/","url":"https:\/\/www.yoga-federation.eu\/cz\/jogove-cviceni-pro-rodice-s-detmi\/","name":"J\u00f3gov\u00e9 cvi\u010den\u00ed pro rodi\u010de s d\u011btm\u00ed - Yoga Federation of Europe","isPartOf":{"@id":"https:\/\/www.yoga-federation.eu\/#website"},"primaryImageOfPage":{"@id":"https:\/\/www.yoga-federation.eu\/cz\/jogove-cviceni-pro-rodice-s-detmi\/#primaryimage"},"image":{"@id":"https:\/\/www.yoga-federation.eu\/cz\/jogove-cviceni-pro-rodice-s-detmi\/#primaryimage"},"thumbnailUrl":"https:\/\/www.yoga-federation.eu\/wp-content\/uploads\/2018\/11\/Jogove-cviceni-pro-rodice-s-detmi.jpg","datePublished":"2018-10-03T09:14:19+00:00","dateModified":"2018-11-03T09:16:17+00:00","author":{"@id":"https:\/\/www.yoga-federation.eu\/#\/schema\/person\/c70b5a8f7323477f70814bd277cc9105"},"breadcrumb":{"@id":"https:\/\/www.yoga-federation.eu\/cz\/jogove-cviceni-pro-rodice-s-detmi\/#breadcrumb"},"inLanguage":"cz-CZ","potentialAction":[{"@type":"ReadAction","target":["https:\/\/www.yoga-federation.eu\/cz\/jogove-cviceni-pro-rodice-s-detmi\/"]}]},{"@type":"ImageObject","inLanguage":"cz-CZ","@id":"https:\/\/www.yoga-federation.eu\/cz\/jogove-cviceni-pro-rodice-s-detmi\/#primaryimage","url":"https:\/\/www.yoga-federation.eu\/wp-content\/uploads\/2018\/11\/Jogove-cviceni-pro-rodice-s-detmi.jpg","contentUrl":"https:\/\/www.yoga-federation.eu\/wp-content\/uploads\/2018\/11\/Jogove-cviceni-pro-rodice-s-detmi.jpg","width":960,"height":685,"caption":"Jogove cviceni pro rodice s detmi"},{"@type":"BreadcrumbList","@id":"https:\/\/www.yoga-federation.eu\/cz\/jogove-cviceni-pro-rodice-s-detmi\/#breadcrumb","itemListElement":[{"@type":"ListItem","position":1,"name":"Home","item":"https:\/\/www.yoga-federation.eu\/cz\/"},{"@type":"ListItem","position":2,"name":"J\u00f3gov\u00e9 cvi\u010den\u00ed pro rodi\u010de s d\u011btm\u00ed"}]},{"@type":"WebSite","@id":"https:\/\/www.yoga-federation.eu\/#website","url":"https:\/\/www.yoga-federation.eu\/","name":"Yoga Federation of Europe","description":"Yoga in Europe","potentialAction":[{"@type":"SearchAction","target":{"@type":"EntryPoint","urlTemplate":"https:\/\/www.yoga-federation.eu\/?s={search_term_string}"},"query-input":{"@type":"PropertyValueSpecification","valueRequired":true,"valueName":"search_term_string"}}],"inLanguage":"cz-CZ"},{"@type":"Person","@id":"https:\/\/www.yoga-federation.eu\/#\/schema\/person\/c70b5a8f7323477f70814bd277cc9105","name":"YFE","image":{"@type":"ImageObject","inLanguage":"cz-CZ","@id":"https:\/\/secure.gravatar.com\/avatar\/64f6beecfc59c339d337f0a16c80bfc143a5e623923f6f42beb67b25788f3e50?s=96&d=mm&r=g","url":"https:\/\/secure.gravatar.com\/avatar\/64f6beecfc59c339d337f0a16c80bfc143a5e623923f6f42beb67b25788f3e50?s=96&d=mm&r=g","contentUrl":"https:\/\/secure.gravatar.com\/avatar\/64f6beecfc59c339d337f0a16c80bfc143a5e623923f6f42beb67b25788f3e50?s=96&d=mm&r=g","caption":"YFE"},"url":"https:\/\/www.yoga-federation.eu\/cz\/author\/ana\/"}]}},"_links":{"self":[{"href":"https:\/\/www.yoga-federation.eu\/cz\/wp-json\/wp\/v2\/posts\/3968","targetHints":{"allow":["GET"]}}],"collection":[{"href":"https:\/\/www.yoga-federation.eu\/cz\/wp-json\/wp\/v2\/posts"}],"about":[{"href":"https:\/\/www.yoga-federation.eu\/cz\/wp-json\/wp\/v2\/types\/post"}],"author":[{"embeddable":true,"href":"https:\/\/www.yoga-federation.eu\/cz\/wp-json\/wp\/v2\/users\/6"}],"replies":[{"embeddable":true,"href":"https:\/\/www.yoga-federation.eu\/cz\/wp-json\/wp\/v2\/comments?post=3968"}],"version-history":[{"count":0,"href":"https:\/\/www.yoga-federation.eu\/cz\/wp-json\/wp\/v2\/posts\/3968\/revisions"}],"wp:featuredmedia":[{"embeddable":true,"href":"https:\/\/www.yoga-federation.eu\/cz\/wp-json\/wp\/v2\/media\/3969"}],"wp:attachment":[{"href":"https:\/\/www.yoga-federation.eu\/cz\/wp-json\/wp\/v2\/media?parent=3968"}],"wp:term":[{"taxonomy":"category","embeddable":true,"href":"https:\/\/www.yoga-federation.eu\/cz\/wp-json\/wp\/v2\/categories?post=3968"},{"taxonomy":"post_tag","embeddable":true,"href":"https:\/\/www.yoga-federation.eu\/cz\/wp-json\/wp\/v2\/tags?post=3968"}],"curies":[{"name":"wp","href":"https:\/\/api.w.org\/{rel}","templated":true}]}}