{"id":3446,"date":"2018-03-25T08:53:10","date_gmt":"2018-03-25T08:53:10","guid":{"rendered":"https:\/\/www.yoga-federation.eu\/?p=3446"},"modified":"2018-10-23T18:33:59","modified_gmt":"2018-10-23T18:33:59","slug":"rekvalifikacni-kurz-instruktor-jogy-v-ramci-projektu-novou-cestou","status":"publish","type":"post","link":"https:\/\/www.yoga-federation.eu\/cz\/rekvalifikacni-kurz-instruktor-jogy-v-ramci-projektu-novou-cestou\/","title":{"rendered":"Rekvalifika\u010dn\u00ed kurz Instruktor j\u00f3gy v r\u00e1mci projektu \u201e Novou cestou \u201c"},"content":{"rendered":"<div class=\"fusion-fullwidth fullwidth-box fusion-builder-row-1 nonhundred-percent-fullwidth non-hundred-percent-height-scrolling\" style=\"background-color: rgba(255,255,255,0);background-position: center center;background-repeat: no-repeat;padding-top:0px;padding-right:0px;padding-bottom:0px;padding-left:0px;margin-bottom: 0px;margin-top: 0px;border-width: 0px 0px 0px 0px;border-color:#eae9e9;border-style:solid;\" ><div class=\"fusion-builder-row fusion-row\"><div class=\"fusion-layout-column fusion_builder_column fusion-builder-column-0 fusion_builder_column_1_1 1_1 fusion-one-full fusion-column-first fusion-column-last\" style=\"margin-top:0px;margin-bottom:20px;\"><div class=\"fusion-column-wrapper fusion-flex-column-wrapper-legacy\" style=\"background-position:left top;background-repeat:no-repeat;-webkit-background-size:cover;-moz-background-size:cover;-o-background-size:cover;background-size:cover;padding: 0px 0px 0px 0px;\"><div class=\"fusion-text fusion-text-1\"><p>V r\u00e1mci \u00a0Opera\u010dn\u00edho programu Zam\u011bstnanost a projektu\u00a0\u201e Novou cestou \u201c, registra\u010dn\u00ed \u010d\u00edslo projektu: CZ.03.1.48\/0.0\/0.0\/15_040\/0002659, prob\u00edh\u00e1 rekvalifika\u010dn\u00ed kurz Instuktor j\u00f3gy kter\u00fd po\u0159\u00e1d\u00e1 Evropsk\u00e1 federace j\u00f3gy (Yoga Federation of Europe).<\/p>\n<p><a href=\"https:\/\/www.yoga-federation.eu\/wp-content\/uploads\/2018\/02\/Logo-OPZ-barevn\u00e9.jpg\"><img loading=\"lazy\" decoding=\"async\" class=\"lazyload aligncenter wp-image-3028 size-600\" src=\"https:\/\/www.yoga-federation.eu\/wp-content\/uploads\/2018\/02\/Logo-OPZ-barevn\u00e9-600x125.jpg\" data-orig-src=\"https:\/\/www.yoga-federation.eu\/wp-content\/uploads\/2018\/02\/Logo-OPZ-barevn\u00e9-600x125.jpg\" alt=\"\" width=\"600\" height=\"125\" srcset=\"data:image\/svg+xml,%3Csvg%20xmlns%3D%27http%3A%2F%2Fwww.w3.org%2F2000%2Fsvg%27%20width%3D%27600%27%20height%3D%27125%27%20viewBox%3D%270%200%20600%20125%27%3E%3Crect%20width%3D%27600%27%20height%3D%273125%27%20fill-opacity%3D%220%22%2F%3E%3C%2Fsvg%3E\" data-srcset=\"https:\/\/www.yoga-federation.eu\/wp-content\/uploads\/2018\/02\/Logo-OPZ-barevn\u00e9-200x42.jpg 200w, https:\/\/www.yoga-federation.eu\/wp-content\/uploads\/2018\/02\/Logo-OPZ-barevn\u00e9-300x62.jpg 300w, https:\/\/www.yoga-federation.eu\/wp-content\/uploads\/2018\/02\/Logo-OPZ-barevn\u00e9-400x83.jpg 400w, https:\/\/www.yoga-federation.eu\/wp-content\/uploads\/2018\/02\/Logo-OPZ-barevn\u00e9-600x125.jpg 600w, https:\/\/www.yoga-federation.eu\/wp-content\/uploads\/2018\/02\/Logo-OPZ-barevn\u00e9-768x159.jpg 768w, https:\/\/www.yoga-federation.eu\/wp-content\/uploads\/2018\/02\/Logo-OPZ-barevn\u00e9-800x166.jpg 800w, https:\/\/www.yoga-federation.eu\/wp-content\/uploads\/2018\/02\/Logo-OPZ-barevn\u00e9-1024x212.jpg 1024w, https:\/\/www.yoga-federation.eu\/wp-content\/uploads\/2018\/02\/Logo-OPZ-barevn\u00e9-1200x249.jpg 1200w, https:\/\/www.yoga-federation.eu\/wp-content\/uploads\/2018\/02\/Logo-OPZ-barevn\u00e9.jpg 1600w\" data-sizes=\"auto\" data-orig-sizes=\"auto, (max-width: 600px) 100vw, 600px\" \/><\/a><\/p>\n<p>Opera\u010dn\u00ed program Zam\u011bstnanost je zac\u00edlen na zv\u00fd\u0161en\u00ed zam\u011bstnanosti, soci\u00e1ln\u00ed za\u010dle\u0148ov\u00e1n\u00ed a boj s chudobou, zkvalitn\u011bn\u00ed ve\u0159ejn\u00e9 spr\u00e1vy a soci\u00e1ln\u00ed inovace a mezin\u00e1rodn\u00ed spolupr\u00e1ci ve vyjmenovan\u00fdch oblastech.<\/p>\n<p>N\u00e1klady na rekvalifikaci jsou hrazeny z prost\u0159edk\u016f st\u00e1tn\u00edho rozpo\u010dtu \u010cesk\u00e9 republiky a Evropsk\u00e9ho soci\u00e1ln\u00edho fondu (ESF).<\/p>\n<p>ESF je hlavn\u00edm evropsk\u00fdm n\u00e1strojem na podporu pracovn\u00edch m\u00edst, jeho c\u00edlem je napomoci lidem z\u00edskat lep\u0161\u00ed zam\u011bstn\u00e1n\u00ed a zajistit spravedliv\u011bj\u0161\u00ed pracovn\u00ed p\u0159\u00edle\u017eitosti pro v\u0161echny ob\u010dany EU. P\u016fsob\u00ed prost\u0159ednictv\u00edm investic do lidsk\u00e9ho kapit\u00e1lu \u2013 do pracovn\u00edk\u016f, mlad\u00fdch lid\u00ed a v\u0161ech t\u011bch, kdo hledaj\u00ed pracovn\u00ed m\u00edsto, podporuje soci\u00e1ln\u00ed za\u010dle\u0148ov\u00e1n\u00ed osob a rovn\u00e9 p\u0159\u00edle\u017eitosti.<\/p>\n<p>Akreditovan\u00fd rekvalifika\u010dn\u00ed kurz Instruktor j\u00f3gy (rozhodnut\u00ed \u010d. 029\/2016-50) zahrnuje 200 hodin a trv\u00e1 7 m\u011bs\u00edc\u016f.<br \/>\nTerm\u00edn kon\u00e1n\u00ed kurzu: 17.3.2018 \u2013 16.9.2018<\/p>\n<p>Po ukon\u010den\u00ed programu odborn\u00e9ho v\u00fdcviku instruktora j\u00f3gy se z\u00edsk\u00e1v\u00e1 osv\u011bd\u010den\u00ed, kter\u00e9 je podkladem pro z\u00edsk\u00e1n\u00ed \u017eivnostensk\u00e9ho listu na provozov\u00e1n\u00ed \u010dinnosti Instruktora j\u00f3gy.<\/p>\n<\/div><div class=\"fusion-clearfix\"><\/div><\/div><\/div><\/div><\/div>\n","protected":false},"excerpt":{"rendered":"","protected":false},"author":6,"featured_media":2173,"comment_status":"closed","ping_status":"open","sticky":false,"template":"","format":"standard","meta":{"footnotes":""},"categories":[72,64],"tags":[],"class_list":["post-3446","post","type-post","status-publish","format-standard","has-post-thumbnail","hentry","category-aktivity-v-roce-2018","category-projekty"],"yoast_head":"<!-- This site is optimized with the Yoast SEO plugin v27.4 - https:\/\/yoast.com\/product\/yoast-seo-wordpress\/ -->\n<title>Rekvalifika\u010dn\u00ed kurz Instruktor j\u00f3gy v r\u00e1mci projektu \u201e Novou cestou \u201c - Yoga Federation of Europe<\/title>\n<meta name=\"description\" content=\"V r\u00e1mci \u00a0Opera\u010dn\u00edho programu Zam\u011bstnanost a projektu\u00a0\u201e Novou cestou \u201c, registra\u010dn\u00ed \u010d\u00edslo projektu.prob\u00edh\u00e1 rekvalifika\u010dn\u00ed kurz Instuktor j\u00f3gy kter\u00fd po\u0159\u00e1d\u00e1\" \/>\n<meta name=\"robots\" content=\"index, follow, max-snippet:-1, max-image-preview:large, max-video-preview:-1\" \/>\n<link rel=\"canonical\" href=\"https:\/\/www.yoga-federation.eu\/cz\/rekvalifikacni-kurz-instruktor-jogy-v-ramci-projektu-novou-cestou\/\" \/>\n<meta property=\"og:locale\" content=\"en_US\" \/>\n<meta property=\"og:type\" content=\"article\" \/>\n<meta property=\"og:title\" content=\"Rekvalifika\u010dn\u00ed kurz Instruktor j\u00f3gy v r\u00e1mci projektu \u201e Novou cestou \u201c - Yoga Federation of Europe\" \/>\n<meta property=\"og:description\" content=\"V r\u00e1mci \u00a0Opera\u010dn\u00edho programu Zam\u011bstnanost a projektu\u00a0\u201e Novou cestou \u201c, registra\u010dn\u00ed \u010d\u00edslo projektu.prob\u00edh\u00e1 rekvalifika\u010dn\u00ed kurz Instuktor j\u00f3gy kter\u00fd po\u0159\u00e1d\u00e1\" \/>\n<meta property=\"og:url\" content=\"https:\/\/www.yoga-federation.eu\/cz\/rekvalifikacni-kurz-instruktor-jogy-v-ramci-projektu-novou-cestou\/\" \/>\n<meta property=\"og:site_name\" content=\"Yoga Federation of Europe\" \/>\n<meta property=\"article:published_time\" content=\"2018-03-25T08:53:10+00:00\" \/>\n<meta property=\"article:modified_time\" content=\"2018-10-23T18:33:59+00:00\" \/>\n<meta property=\"og:image\" content=\"https:\/\/www.yoga-federation.eu\/wp-content\/uploads\/2017\/06\/joga-akademie-praha-4.jpg\" \/>\n\t<meta property=\"og:image:width\" content=\"982\" \/>\n\t<meta property=\"og:image:height\" content=\"833\" \/>\n\t<meta property=\"og:image:type\" content=\"image\/jpeg\" \/>\n<meta name=\"author\" content=\"YFE\" \/>\n<meta name=\"twitter:card\" content=\"summary_large_image\" \/>\n<meta name=\"twitter:label1\" content=\"Written by\" \/>\n\t<meta name=\"twitter:data1\" content=\"YFE\" \/>\n\t<meta name=\"twitter:label2\" content=\"Est. reading time\" \/>\n\t<meta name=\"twitter:data2\" content=\"2 minutes\" \/>\n<script type=\"application\/ld+json\" class=\"yoast-schema-graph\">{\"@context\":\"https:\\\/\\\/schema.org\",\"@graph\":[{\"@type\":\"Article\",\"@id\":\"https:\\\/\\\/www.yoga-federation.eu\\\/cz\\\/rekvalifikacni-kurz-instruktor-jogy-v-ramci-projektu-novou-cestou\\\/#article\",\"isPartOf\":{\"@id\":\"https:\\\/\\\/www.yoga-federation.eu\\\/cz\\\/rekvalifikacni-kurz-instruktor-jogy-v-ramci-projektu-novou-cestou\\\/\"},\"author\":{\"name\":\"YFE\",\"@id\":\"https:\\\/\\\/www.yoga-federation.eu\\\/#\\\/schema\\\/person\\\/c70b5a8f7323477f70814bd277cc9105\"},\"headline\":\"Rekvalifika\u010dn\u00ed kurz Instruktor j\u00f3gy v r\u00e1mci projektu \u201e Novou cestou \u201c\",\"datePublished\":\"2018-03-25T08:53:10+00:00\",\"dateModified\":\"2018-10-23T18:33:59+00:00\",\"mainEntityOfPage\":{\"@id\":\"https:\\\/\\\/www.yoga-federation.eu\\\/cz\\\/rekvalifikacni-kurz-instruktor-jogy-v-ramci-projektu-novou-cestou\\\/\"},\"wordCount\":444,\"image\":{\"@id\":\"https:\\\/\\\/www.yoga-federation.eu\\\/cz\\\/rekvalifikacni-kurz-instruktor-jogy-v-ramci-projektu-novou-cestou\\\/#primaryimage\"},\"thumbnailUrl\":\"https:\\\/\\\/www.yoga-federation.eu\\\/wp-content\\\/uploads\\\/2017\\\/06\\\/joga-akademie-praha-4.jpg\",\"articleSection\":[\"Aktivity v roce 2018\",\"Projekty\"],\"inLanguage\":\"cz-CZ\"},{\"@type\":\"WebPage\",\"@id\":\"https:\\\/\\\/www.yoga-federation.eu\\\/cz\\\/rekvalifikacni-kurz-instruktor-jogy-v-ramci-projektu-novou-cestou\\\/\",\"url\":\"https:\\\/\\\/www.yoga-federation.eu\\\/cz\\\/rekvalifikacni-kurz-instruktor-jogy-v-ramci-projektu-novou-cestou\\\/\",\"name\":\"Rekvalifika\u010dn\u00ed kurz Instruktor j\u00f3gy v r\u00e1mci projektu \u201e Novou cestou \u201c - Yoga Federation of Europe\",\"isPartOf\":{\"@id\":\"https:\\\/\\\/www.yoga-federation.eu\\\/#website\"},\"primaryImageOfPage\":{\"@id\":\"https:\\\/\\\/www.yoga-federation.eu\\\/cz\\\/rekvalifikacni-kurz-instruktor-jogy-v-ramci-projektu-novou-cestou\\\/#primaryimage\"},\"image\":{\"@id\":\"https:\\\/\\\/www.yoga-federation.eu\\\/cz\\\/rekvalifikacni-kurz-instruktor-jogy-v-ramci-projektu-novou-cestou\\\/#primaryimage\"},\"thumbnailUrl\":\"https:\\\/\\\/www.yoga-federation.eu\\\/wp-content\\\/uploads\\\/2017\\\/06\\\/joga-akademie-praha-4.jpg\",\"datePublished\":\"2018-03-25T08:53:10+00:00\",\"dateModified\":\"2018-10-23T18:33:59+00:00\",\"author\":{\"@id\":\"https:\\\/\\\/www.yoga-federation.eu\\\/#\\\/schema\\\/person\\\/c70b5a8f7323477f70814bd277cc9105\"},\"description\":\"V r\u00e1mci \u00a0Opera\u010dn\u00edho programu Zam\u011bstnanost a projektu\u00a0\u201e Novou cestou \u201c, registra\u010dn\u00ed \u010d\u00edslo projektu.prob\u00edh\u00e1 rekvalifika\u010dn\u00ed kurz Instuktor j\u00f3gy kter\u00fd po\u0159\u00e1d\u00e1\",\"breadcrumb\":{\"@id\":\"https:\\\/\\\/www.yoga-federation.eu\\\/cz\\\/rekvalifikacni-kurz-instruktor-jogy-v-ramci-projektu-novou-cestou\\\/#breadcrumb\"},\"inLanguage\":\"cz-CZ\",\"potentialAction\":[{\"@type\":\"ReadAction\",\"target\":[\"https:\\\/\\\/www.yoga-federation.eu\\\/cz\\\/rekvalifikacni-kurz-instruktor-jogy-v-ramci-projektu-novou-cestou\\\/\"]}]},{\"@type\":\"ImageObject\",\"inLanguage\":\"cz-CZ\",\"@id\":\"https:\\\/\\\/www.yoga-federation.eu\\\/cz\\\/rekvalifikacni-kurz-instruktor-jogy-v-ramci-projektu-novou-cestou\\\/#primaryimage\",\"url\":\"https:\\\/\\\/www.yoga-federation.eu\\\/wp-content\\\/uploads\\\/2017\\\/06\\\/joga-akademie-praha-4.jpg\",\"contentUrl\":\"https:\\\/\\\/www.yoga-federation.eu\\\/wp-content\\\/uploads\\\/2017\\\/06\\\/joga-akademie-praha-4.jpg\",\"width\":982,\"height\":833},{\"@type\":\"BreadcrumbList\",\"@id\":\"https:\\\/\\\/www.yoga-federation.eu\\\/cz\\\/rekvalifikacni-kurz-instruktor-jogy-v-ramci-projektu-novou-cestou\\\/#breadcrumb\",\"itemListElement\":[{\"@type\":\"ListItem\",\"position\":1,\"name\":\"Home\",\"item\":\"https:\\\/\\\/www.yoga-federation.eu\\\/cz\\\/\"},{\"@type\":\"ListItem\",\"position\":2,\"name\":\"Rekvalifika\u010dn\u00ed kurz Instruktor j\u00f3gy v r\u00e1mci projektu \u201e Novou cestou \u201c\"}]},{\"@type\":\"WebSite\",\"@id\":\"https:\\\/\\\/www.yoga-federation.eu\\\/#website\",\"url\":\"https:\\\/\\\/www.yoga-federation.eu\\\/\",\"name\":\"Yoga Federation of Europe\",\"description\":\"Yoga in Europe\",\"potentialAction\":[{\"@type\":\"SearchAction\",\"target\":{\"@type\":\"EntryPoint\",\"urlTemplate\":\"https:\\\/\\\/www.yoga-federation.eu\\\/?s={search_term_string}\"},\"query-input\":{\"@type\":\"PropertyValueSpecification\",\"valueRequired\":true,\"valueName\":\"search_term_string\"}}],\"inLanguage\":\"cz-CZ\"},{\"@type\":\"Person\",\"@id\":\"https:\\\/\\\/www.yoga-federation.eu\\\/#\\\/schema\\\/person\\\/c70b5a8f7323477f70814bd277cc9105\",\"name\":\"YFE\",\"image\":{\"@type\":\"ImageObject\",\"inLanguage\":\"cz-CZ\",\"@id\":\"https:\\\/\\\/secure.gravatar.com\\\/avatar\\\/64f6beecfc59c339d337f0a16c80bfc143a5e623923f6f42beb67b25788f3e50?s=96&d=mm&r=g\",\"url\":\"https:\\\/\\\/secure.gravatar.com\\\/avatar\\\/64f6beecfc59c339d337f0a16c80bfc143a5e623923f6f42beb67b25788f3e50?s=96&d=mm&r=g\",\"contentUrl\":\"https:\\\/\\\/secure.gravatar.com\\\/avatar\\\/64f6beecfc59c339d337f0a16c80bfc143a5e623923f6f42beb67b25788f3e50?s=96&d=mm&r=g\",\"caption\":\"YFE\"},\"url\":\"https:\\\/\\\/www.yoga-federation.eu\\\/cz\\\/author\\\/ana\\\/\"}]}<\/script>\n<!-- \/ Yoast SEO plugin. -->","yoast_head_json":{"title":"Rekvalifika\u010dn\u00ed kurz Instruktor j\u00f3gy v r\u00e1mci projektu \u201e Novou cestou \u201c - Yoga Federation of Europe","description":"V r\u00e1mci \u00a0Opera\u010dn\u00edho programu Zam\u011bstnanost a projektu\u00a0\u201e Novou cestou \u201c, registra\u010dn\u00ed \u010d\u00edslo projektu.prob\u00edh\u00e1 rekvalifika\u010dn\u00ed kurz Instuktor j\u00f3gy kter\u00fd po\u0159\u00e1d\u00e1","robots":{"index":"index","follow":"follow","max-snippet":"max-snippet:-1","max-image-preview":"max-image-preview:large","max-video-preview":"max-video-preview:-1"},"canonical":"https:\/\/www.yoga-federation.eu\/cz\/rekvalifikacni-kurz-instruktor-jogy-v-ramci-projektu-novou-cestou\/","og_locale":"en_US","og_type":"article","og_title":"Rekvalifika\u010dn\u00ed kurz Instruktor j\u00f3gy v r\u00e1mci projektu \u201e Novou cestou \u201c - Yoga Federation of Europe","og_description":"V r\u00e1mci \u00a0Opera\u010dn\u00edho programu Zam\u011bstnanost a projektu\u00a0\u201e Novou cestou \u201c, registra\u010dn\u00ed \u010d\u00edslo projektu.prob\u00edh\u00e1 rekvalifika\u010dn\u00ed kurz Instuktor j\u00f3gy kter\u00fd po\u0159\u00e1d\u00e1","og_url":"https:\/\/www.yoga-federation.eu\/cz\/rekvalifikacni-kurz-instruktor-jogy-v-ramci-projektu-novou-cestou\/","og_site_name":"Yoga Federation of Europe","article_published_time":"2018-03-25T08:53:10+00:00","article_modified_time":"2018-10-23T18:33:59+00:00","og_image":[{"width":982,"height":833,"url":"https:\/\/www.yoga-federation.eu\/wp-content\/uploads\/2017\/06\/joga-akademie-praha-4.jpg","type":"image\/jpeg"}],"author":"YFE","twitter_card":"summary_large_image","twitter_misc":{"Written by":"YFE","Est. reading time":"2 minutes"},"schema":{"@context":"https:\/\/schema.org","@graph":[{"@type":"Article","@id":"https:\/\/www.yoga-federation.eu\/cz\/rekvalifikacni-kurz-instruktor-jogy-v-ramci-projektu-novou-cestou\/#article","isPartOf":{"@id":"https:\/\/www.yoga-federation.eu\/cz\/rekvalifikacni-kurz-instruktor-jogy-v-ramci-projektu-novou-cestou\/"},"author":{"name":"YFE","@id":"https:\/\/www.yoga-federation.eu\/#\/schema\/person\/c70b5a8f7323477f70814bd277cc9105"},"headline":"Rekvalifika\u010dn\u00ed kurz Instruktor j\u00f3gy v r\u00e1mci projektu \u201e Novou cestou \u201c","datePublished":"2018-03-25T08:53:10+00:00","dateModified":"2018-10-23T18:33:59+00:00","mainEntityOfPage":{"@id":"https:\/\/www.yoga-federation.eu\/cz\/rekvalifikacni-kurz-instruktor-jogy-v-ramci-projektu-novou-cestou\/"},"wordCount":444,"image":{"@id":"https:\/\/www.yoga-federation.eu\/cz\/rekvalifikacni-kurz-instruktor-jogy-v-ramci-projektu-novou-cestou\/#primaryimage"},"thumbnailUrl":"https:\/\/www.yoga-federation.eu\/wp-content\/uploads\/2017\/06\/joga-akademie-praha-4.jpg","articleSection":["Aktivity v roce 2018","Projekty"],"inLanguage":"cz-CZ"},{"@type":"WebPage","@id":"https:\/\/www.yoga-federation.eu\/cz\/rekvalifikacni-kurz-instruktor-jogy-v-ramci-projektu-novou-cestou\/","url":"https:\/\/www.yoga-federation.eu\/cz\/rekvalifikacni-kurz-instruktor-jogy-v-ramci-projektu-novou-cestou\/","name":"Rekvalifika\u010dn\u00ed kurz Instruktor j\u00f3gy v r\u00e1mci projektu \u201e Novou cestou \u201c - Yoga Federation of Europe","isPartOf":{"@id":"https:\/\/www.yoga-federation.eu\/#website"},"primaryImageOfPage":{"@id":"https:\/\/www.yoga-federation.eu\/cz\/rekvalifikacni-kurz-instruktor-jogy-v-ramci-projektu-novou-cestou\/#primaryimage"},"image":{"@id":"https:\/\/www.yoga-federation.eu\/cz\/rekvalifikacni-kurz-instruktor-jogy-v-ramci-projektu-novou-cestou\/#primaryimage"},"thumbnailUrl":"https:\/\/www.yoga-federation.eu\/wp-content\/uploads\/2017\/06\/joga-akademie-praha-4.jpg","datePublished":"2018-03-25T08:53:10+00:00","dateModified":"2018-10-23T18:33:59+00:00","author":{"@id":"https:\/\/www.yoga-federation.eu\/#\/schema\/person\/c70b5a8f7323477f70814bd277cc9105"},"description":"V r\u00e1mci \u00a0Opera\u010dn\u00edho programu Zam\u011bstnanost a projektu\u00a0\u201e Novou cestou \u201c, registra\u010dn\u00ed \u010d\u00edslo projektu.prob\u00edh\u00e1 rekvalifika\u010dn\u00ed kurz Instuktor j\u00f3gy kter\u00fd po\u0159\u00e1d\u00e1","breadcrumb":{"@id":"https:\/\/www.yoga-federation.eu\/cz\/rekvalifikacni-kurz-instruktor-jogy-v-ramci-projektu-novou-cestou\/#breadcrumb"},"inLanguage":"cz-CZ","potentialAction":[{"@type":"ReadAction","target":["https:\/\/www.yoga-federation.eu\/cz\/rekvalifikacni-kurz-instruktor-jogy-v-ramci-projektu-novou-cestou\/"]}]},{"@type":"ImageObject","inLanguage":"cz-CZ","@id":"https:\/\/www.yoga-federation.eu\/cz\/rekvalifikacni-kurz-instruktor-jogy-v-ramci-projektu-novou-cestou\/#primaryimage","url":"https:\/\/www.yoga-federation.eu\/wp-content\/uploads\/2017\/06\/joga-akademie-praha-4.jpg","contentUrl":"https:\/\/www.yoga-federation.eu\/wp-content\/uploads\/2017\/06\/joga-akademie-praha-4.jpg","width":982,"height":833},{"@type":"BreadcrumbList","@id":"https:\/\/www.yoga-federation.eu\/cz\/rekvalifikacni-kurz-instruktor-jogy-v-ramci-projektu-novou-cestou\/#breadcrumb","itemListElement":[{"@type":"ListItem","position":1,"name":"Home","item":"https:\/\/www.yoga-federation.eu\/cz\/"},{"@type":"ListItem","position":2,"name":"Rekvalifika\u010dn\u00ed kurz Instruktor j\u00f3gy v r\u00e1mci projektu \u201e Novou cestou \u201c"}]},{"@type":"WebSite","@id":"https:\/\/www.yoga-federation.eu\/#website","url":"https:\/\/www.yoga-federation.eu\/","name":"Yoga Federation of Europe","description":"Yoga in Europe","potentialAction":[{"@type":"SearchAction","target":{"@type":"EntryPoint","urlTemplate":"https:\/\/www.yoga-federation.eu\/?s={search_term_string}"},"query-input":{"@type":"PropertyValueSpecification","valueRequired":true,"valueName":"search_term_string"}}],"inLanguage":"cz-CZ"},{"@type":"Person","@id":"https:\/\/www.yoga-federation.eu\/#\/schema\/person\/c70b5a8f7323477f70814bd277cc9105","name":"YFE","image":{"@type":"ImageObject","inLanguage":"cz-CZ","@id":"https:\/\/secure.gravatar.com\/avatar\/64f6beecfc59c339d337f0a16c80bfc143a5e623923f6f42beb67b25788f3e50?s=96&d=mm&r=g","url":"https:\/\/secure.gravatar.com\/avatar\/64f6beecfc59c339d337f0a16c80bfc143a5e623923f6f42beb67b25788f3e50?s=96&d=mm&r=g","contentUrl":"https:\/\/secure.gravatar.com\/avatar\/64f6beecfc59c339d337f0a16c80bfc143a5e623923f6f42beb67b25788f3e50?s=96&d=mm&r=g","caption":"YFE"},"url":"https:\/\/www.yoga-federation.eu\/cz\/author\/ana\/"}]}},"_links":{"self":[{"href":"https:\/\/www.yoga-federation.eu\/cz\/wp-json\/wp\/v2\/posts\/3446","targetHints":{"allow":["GET"]}}],"collection":[{"href":"https:\/\/www.yoga-federation.eu\/cz\/wp-json\/wp\/v2\/posts"}],"about":[{"href":"https:\/\/www.yoga-federation.eu\/cz\/wp-json\/wp\/v2\/types\/post"}],"author":[{"embeddable":true,"href":"https:\/\/www.yoga-federation.eu\/cz\/wp-json\/wp\/v2\/users\/6"}],"replies":[{"embeddable":true,"href":"https:\/\/www.yoga-federation.eu\/cz\/wp-json\/wp\/v2\/comments?post=3446"}],"version-history":[{"count":0,"href":"https:\/\/www.yoga-federation.eu\/cz\/wp-json\/wp\/v2\/posts\/3446\/revisions"}],"wp:featuredmedia":[{"embeddable":true,"href":"https:\/\/www.yoga-federation.eu\/cz\/wp-json\/wp\/v2\/media\/2173"}],"wp:attachment":[{"href":"https:\/\/www.yoga-federation.eu\/cz\/wp-json\/wp\/v2\/media?parent=3446"}],"wp:term":[{"taxonomy":"category","embeddable":true,"href":"https:\/\/www.yoga-federation.eu\/cz\/wp-json\/wp\/v2\/categories?post=3446"},{"taxonomy":"post_tag","embeddable":true,"href":"https:\/\/www.yoga-federation.eu\/cz\/wp-json\/wp\/v2\/tags?post=3446"}],"curies":[{"name":"wp","href":"https:\/\/api.w.org\/{rel}","templated":true}]}}