{"id":3443,"date":"2018-05-01T08:38:17","date_gmt":"2018-05-01T08:38:17","guid":{"rendered":"https:\/\/www.yoga-federation.eu\/?p=3443"},"modified":"2018-10-23T18:12:24","modified_gmt":"2018-10-23T18:12:24","slug":"joga-jako-pomocna-ruka","status":"publish","type":"post","link":"https:\/\/www.yoga-federation.eu\/cz\/joga-jako-pomocna-ruka\/","title":{"rendered":"J\u00f3ga jako &#8221; Pomocn\u00e1 ruka &#8220;"},"content":{"rendered":"<div class=\"fusion-fullwidth fullwidth-box fusion-builder-row-1 nonhundred-percent-fullwidth non-hundred-percent-height-scrolling\" style=\"background-color: rgba(255,255,255,0);background-position: center center;background-repeat: no-repeat;padding-top:0px;padding-right:0px;padding-bottom:0px;padding-left:0px;margin-bottom: 0px;margin-top: 0px;border-width: 0px 0px 0px 0px;border-color:#eae9e9;border-style:solid;\" ><div class=\"fusion-builder-row fusion-row\"><div class=\"fusion-layout-column fusion_builder_column fusion-builder-column-0 fusion_builder_column_1_1 1_1 fusion-one-full fusion-column-first fusion-column-last\" style=\"margin-top:0px;margin-bottom:20px;\"><div class=\"fusion-column-wrapper fusion-flex-column-wrapper-legacy\" style=\"background-position:left top;background-repeat:no-repeat;-webkit-background-size:cover;-moz-background-size:cover;-o-background-size:cover;background-size:cover;padding: 0px 0px 0px 0px;\"><div class=\"fusion-text fusion-text-1\"><div><span style=\"color: #000080;\">V r\u00e1mci projektu s n\u00e1zvem Komunitn\u00ed centrum \u00a8 Pomocn\u00e1 ruka \u00a8 v Praze 3, reg.\u010d\u00edslo projektu: CZ.07.3.63\/0.0\/0.0\/16_031\/<wbr \/>0000194 kter\u00fd prov\u00e1d\u00ed\u00a0spole\u010dnost Studujte.cz, o.p.s., certifikovan\u00ed instrukto\u0159i Evropsk\u00e9 federace j\u00f3gy realizuj\u00ed lekce j\u00f3gy.\u00a0<\/span><\/div>\n<div><\/div>\n<div><span style=\"color: #000080;\">Tento projekt je spolufinancov\u00e1n Evropskou uni\u00ed.<\/span><\/div>\n<div><\/div>\n<div><span style=\"color: #000080;\">Program cvi\u010den\u00ed j\u00f3gy se odehr\u00e1v\u00e1\u00a0v klidn\u00e9m a tich\u00e9m prost\u0159ed\u00ed\u00a0komunitn\u00edho centra v Praze 3,\u00a0dvakr\u00e1t t\u00fddn\u011b, ka\u017ed\u00e9 pond\u011bli od 17:00 do 18:00 hodin a ka\u017ed\u00fd \u010dtvrtek od 10:00 do 11:00 hodin. Lekce j\u00f3gy jsou zdarma!<\/span><\/div>\n<div><\/div>\n<div><span style=\"color: #000080;\">Z\u00e1jemci o cvi\u010den\u00ed\u00a0n\u00e1s mohou kontaktovat e-mailem na\u00a0<a style=\"color: #000080;\" href=\"mailto:yoga.yfe@gmail.com\" target=\"_blank\" rel=\"noopener\">yoga.yfe@gmail.com<\/a>.\u00a0<\/span><\/div>\n<div><\/div>\n<div><\/div>\n<div><a href=\"https:\/\/www.yoga-federation.eu\/wp-content\/uploads\/2017\/05\/joga-intenziv-kveten-2017-4.jpg\"><img loading=\"lazy\" decoding=\"async\" class=\"lazyload aligncenter wp-image-1915 size-800\" src=\"https:\/\/www.yoga-federation.eu\/wp-content\/uploads\/2017\/05\/joga-intenziv-kveten-2017-4-800x593.jpg\" data-orig-src=\"https:\/\/www.yoga-federation.eu\/wp-content\/uploads\/2017\/05\/joga-intenziv-kveten-2017-4-800x593.jpg\" alt=\"joga intenziv evropska federace jogi\" width=\"800\" height=\"593\" srcset=\"data:image\/svg+xml,%3Csvg%20xmlns%3D%27http%3A%2F%2Fwww.w3.org%2F2000%2Fsvg%27%20width%3D%27800%27%20height%3D%27593%27%20viewBox%3D%270%200%20800%20593%27%3E%3Crect%20width%3D%27800%27%20height%3D%273593%27%20fill-opacity%3D%220%22%2F%3E%3C%2Fsvg%3E\" data-srcset=\"https:\/\/www.yoga-federation.eu\/wp-content\/uploads\/2017\/05\/joga-intenziv-kveten-2017-4-200x148.jpg 200w, https:\/\/www.yoga-federation.eu\/wp-content\/uploads\/2017\/05\/joga-intenziv-kveten-2017-4-300x222.jpg 300w, https:\/\/www.yoga-federation.eu\/wp-content\/uploads\/2017\/05\/joga-intenziv-kveten-2017-4-400x296.jpg 400w, https:\/\/www.yoga-federation.eu\/wp-content\/uploads\/2017\/05\/joga-intenziv-kveten-2017-4-600x444.jpg 600w, https:\/\/www.yoga-federation.eu\/wp-content\/uploads\/2017\/05\/joga-intenziv-kveten-2017-4-768x569.jpg 768w, https:\/\/www.yoga-federation.eu\/wp-content\/uploads\/2017\/05\/joga-intenziv-kveten-2017-4-800x593.jpg 800w, https:\/\/www.yoga-federation.eu\/wp-content\/uploads\/2017\/05\/joga-intenziv-kveten-2017-4-1024x759.jpg 1024w, https:\/\/www.yoga-federation.eu\/wp-content\/uploads\/2017\/05\/joga-intenziv-kveten-2017-4.jpg 1138w\" data-sizes=\"auto\" data-orig-sizes=\"auto, (max-width: 800px) 100vw, 800px\" \/><\/a><\/div>\n<div><\/div>\n<div><\/div>\n<div class=\"yj6qo\"><\/div>\n<\/div><div class=\"fusion-clearfix\"><\/div><\/div><\/div><\/div><\/div>\n","protected":false},"excerpt":{"rendered":"","protected":false},"author":6,"featured_media":1915,"comment_status":"closed","ping_status":"open","sticky":false,"template":"","format":"standard","meta":{"footnotes":""},"categories":[72,64],"tags":[],"class_list":["post-3443","post","type-post","status-publish","format-standard","has-post-thumbnail","hentry","category-aktivity-v-roce-2018","category-projekty"],"yoast_head":"<!-- This site is optimized with the Yoast SEO plugin v27.4 - https:\/\/yoast.com\/product\/yoast-seo-wordpress\/ -->\n<title>J\u00f3ga jako &quot; Pomocn\u00e1 ruka &quot; - Yoga Federation of Europe<\/title>\n<meta name=\"description\" content=\"V r\u00e1mci projektu s n\u00e1zvem Komunitn\u00ed centrum \u00a8 Pomocn\u00e1 ruka \u00a8 v Praze 3, reg.\u010d\u00edslo projektu prov\u00e1d\u00ed\u00a0spole\u010dnost Studujte.cz, o.p.s., certifikovan\u00ed instrukto\u0159\" \/>\n<meta name=\"robots\" content=\"index, follow, max-snippet:-1, max-image-preview:large, max-video-preview:-1\" \/>\n<link rel=\"canonical\" href=\"https:\/\/www.yoga-federation.eu\/cz\/joga-jako-pomocna-ruka\/\" \/>\n<meta property=\"og:locale\" content=\"en_US\" \/>\n<meta property=\"og:type\" content=\"article\" \/>\n<meta property=\"og:title\" content=\"J\u00f3ga jako &quot; Pomocn\u00e1 ruka &quot; - Yoga Federation of Europe\" \/>\n<meta property=\"og:description\" content=\"V r\u00e1mci projektu s n\u00e1zvem Komunitn\u00ed centrum \u00a8 Pomocn\u00e1 ruka \u00a8 v Praze 3, reg.\u010d\u00edslo projektu prov\u00e1d\u00ed\u00a0spole\u010dnost Studujte.cz, o.p.s., certifikovan\u00ed instrukto\u0159\" \/>\n<meta property=\"og:url\" content=\"https:\/\/www.yoga-federation.eu\/cz\/joga-jako-pomocna-ruka\/\" \/>\n<meta property=\"og:site_name\" content=\"Yoga Federation of Europe\" \/>\n<meta property=\"article:published_time\" content=\"2018-05-01T08:38:17+00:00\" \/>\n<meta property=\"article:modified_time\" content=\"2018-10-23T18:12:24+00:00\" \/>\n<meta property=\"og:image\" content=\"https:\/\/www.yoga-federation.eu\/wp-content\/uploads\/2017\/05\/joga-intenziv-kveten-2017-4.jpg\" \/>\n\t<meta property=\"og:image:width\" content=\"1138\" \/>\n\t<meta property=\"og:image:height\" content=\"843\" \/>\n\t<meta property=\"og:image:type\" content=\"image\/jpeg\" \/>\n<meta name=\"author\" content=\"YFE\" \/>\n<meta name=\"twitter:card\" content=\"summary_large_image\" \/>\n<meta name=\"twitter:label1\" content=\"Written by\" \/>\n\t<meta name=\"twitter:data1\" content=\"YFE\" \/>\n\t<meta name=\"twitter:label2\" content=\"Est. reading time\" \/>\n\t<meta name=\"twitter:data2\" content=\"1 minute\" \/>\n<script type=\"application\/ld+json\" class=\"yoast-schema-graph\">{\"@context\":\"https:\\\/\\\/schema.org\",\"@graph\":[{\"@type\":\"Article\",\"@id\":\"https:\\\/\\\/www.yoga-federation.eu\\\/cz\\\/joga-jako-pomocna-ruka\\\/#article\",\"isPartOf\":{\"@id\":\"https:\\\/\\\/www.yoga-federation.eu\\\/cz\\\/joga-jako-pomocna-ruka\\\/\"},\"author\":{\"name\":\"YFE\",\"@id\":\"https:\\\/\\\/www.yoga-federation.eu\\\/#\\\/schema\\\/person\\\/c70b5a8f7323477f70814bd277cc9105\"},\"headline\":\"J\u00f3ga jako &#8221; Pomocn\u00e1 ruka &#8220;\",\"datePublished\":\"2018-05-01T08:38:17+00:00\",\"dateModified\":\"2018-10-23T18:12:24+00:00\",\"mainEntityOfPage\":{\"@id\":\"https:\\\/\\\/www.yoga-federation.eu\\\/cz\\\/joga-jako-pomocna-ruka\\\/\"},\"wordCount\":302,\"image\":{\"@id\":\"https:\\\/\\\/www.yoga-federation.eu\\\/cz\\\/joga-jako-pomocna-ruka\\\/#primaryimage\"},\"thumbnailUrl\":\"https:\\\/\\\/www.yoga-federation.eu\\\/wp-content\\\/uploads\\\/2017\\\/05\\\/joga-intenziv-kveten-2017-4.jpg\",\"articleSection\":[\"Aktivity v roce 2018\",\"Projekty\"],\"inLanguage\":\"cz-CZ\"},{\"@type\":\"WebPage\",\"@id\":\"https:\\\/\\\/www.yoga-federation.eu\\\/cz\\\/joga-jako-pomocna-ruka\\\/\",\"url\":\"https:\\\/\\\/www.yoga-federation.eu\\\/cz\\\/joga-jako-pomocna-ruka\\\/\",\"name\":\"J\u00f3ga jako \\\" Pomocn\u00e1 ruka \\\" - Yoga Federation of Europe\",\"isPartOf\":{\"@id\":\"https:\\\/\\\/www.yoga-federation.eu\\\/#website\"},\"primaryImageOfPage\":{\"@id\":\"https:\\\/\\\/www.yoga-federation.eu\\\/cz\\\/joga-jako-pomocna-ruka\\\/#primaryimage\"},\"image\":{\"@id\":\"https:\\\/\\\/www.yoga-federation.eu\\\/cz\\\/joga-jako-pomocna-ruka\\\/#primaryimage\"},\"thumbnailUrl\":\"https:\\\/\\\/www.yoga-federation.eu\\\/wp-content\\\/uploads\\\/2017\\\/05\\\/joga-intenziv-kveten-2017-4.jpg\",\"datePublished\":\"2018-05-01T08:38:17+00:00\",\"dateModified\":\"2018-10-23T18:12:24+00:00\",\"author\":{\"@id\":\"https:\\\/\\\/www.yoga-federation.eu\\\/#\\\/schema\\\/person\\\/c70b5a8f7323477f70814bd277cc9105\"},\"description\":\"V r\u00e1mci projektu s n\u00e1zvem Komunitn\u00ed centrum \u00a8 Pomocn\u00e1 ruka \u00a8 v Praze 3, reg.\u010d\u00edslo projektu prov\u00e1d\u00ed\u00a0spole\u010dnost Studujte.cz, o.p.s., certifikovan\u00ed instrukto\u0159\",\"breadcrumb\":{\"@id\":\"https:\\\/\\\/www.yoga-federation.eu\\\/cz\\\/joga-jako-pomocna-ruka\\\/#breadcrumb\"},\"inLanguage\":\"cz-CZ\",\"potentialAction\":[{\"@type\":\"ReadAction\",\"target\":[\"https:\\\/\\\/www.yoga-federation.eu\\\/cz\\\/joga-jako-pomocna-ruka\\\/\"]}]},{\"@type\":\"ImageObject\",\"inLanguage\":\"cz-CZ\",\"@id\":\"https:\\\/\\\/www.yoga-federation.eu\\\/cz\\\/joga-jako-pomocna-ruka\\\/#primaryimage\",\"url\":\"https:\\\/\\\/www.yoga-federation.eu\\\/wp-content\\\/uploads\\\/2017\\\/05\\\/joga-intenziv-kveten-2017-4.jpg\",\"contentUrl\":\"https:\\\/\\\/www.yoga-federation.eu\\\/wp-content\\\/uploads\\\/2017\\\/05\\\/joga-intenziv-kveten-2017-4.jpg\",\"width\":1138,\"height\":843,\"caption\":\"joga intenziv evropska federace jogi\"},{\"@type\":\"BreadcrumbList\",\"@id\":\"https:\\\/\\\/www.yoga-federation.eu\\\/cz\\\/joga-jako-pomocna-ruka\\\/#breadcrumb\",\"itemListElement\":[{\"@type\":\"ListItem\",\"position\":1,\"name\":\"Home\",\"item\":\"https:\\\/\\\/www.yoga-federation.eu\\\/cz\\\/\"},{\"@type\":\"ListItem\",\"position\":2,\"name\":\"J\u00f3ga jako &#8221; Pomocn\u00e1 ruka &#8220;\"}]},{\"@type\":\"WebSite\",\"@id\":\"https:\\\/\\\/www.yoga-federation.eu\\\/#website\",\"url\":\"https:\\\/\\\/www.yoga-federation.eu\\\/\",\"name\":\"Yoga Federation of Europe\",\"description\":\"Yoga in Europe\",\"potentialAction\":[{\"@type\":\"SearchAction\",\"target\":{\"@type\":\"EntryPoint\",\"urlTemplate\":\"https:\\\/\\\/www.yoga-federation.eu\\\/?s={search_term_string}\"},\"query-input\":{\"@type\":\"PropertyValueSpecification\",\"valueRequired\":true,\"valueName\":\"search_term_string\"}}],\"inLanguage\":\"cz-CZ\"},{\"@type\":\"Person\",\"@id\":\"https:\\\/\\\/www.yoga-federation.eu\\\/#\\\/schema\\\/person\\\/c70b5a8f7323477f70814bd277cc9105\",\"name\":\"YFE\",\"image\":{\"@type\":\"ImageObject\",\"inLanguage\":\"cz-CZ\",\"@id\":\"https:\\\/\\\/secure.gravatar.com\\\/avatar\\\/64f6beecfc59c339d337f0a16c80bfc143a5e623923f6f42beb67b25788f3e50?s=96&d=mm&r=g\",\"url\":\"https:\\\/\\\/secure.gravatar.com\\\/avatar\\\/64f6beecfc59c339d337f0a16c80bfc143a5e623923f6f42beb67b25788f3e50?s=96&d=mm&r=g\",\"contentUrl\":\"https:\\\/\\\/secure.gravatar.com\\\/avatar\\\/64f6beecfc59c339d337f0a16c80bfc143a5e623923f6f42beb67b25788f3e50?s=96&d=mm&r=g\",\"caption\":\"YFE\"},\"url\":\"https:\\\/\\\/www.yoga-federation.eu\\\/cz\\\/author\\\/ana\\\/\"}]}<\/script>\n<!-- \/ Yoast SEO plugin. -->","yoast_head_json":{"title":"J\u00f3ga jako \" Pomocn\u00e1 ruka \" - Yoga Federation of Europe","description":"V r\u00e1mci projektu s n\u00e1zvem Komunitn\u00ed centrum \u00a8 Pomocn\u00e1 ruka \u00a8 v Praze 3, reg.\u010d\u00edslo projektu prov\u00e1d\u00ed\u00a0spole\u010dnost Studujte.cz, o.p.s., certifikovan\u00ed instrukto\u0159","robots":{"index":"index","follow":"follow","max-snippet":"max-snippet:-1","max-image-preview":"max-image-preview:large","max-video-preview":"max-video-preview:-1"},"canonical":"https:\/\/www.yoga-federation.eu\/cz\/joga-jako-pomocna-ruka\/","og_locale":"en_US","og_type":"article","og_title":"J\u00f3ga jako \" Pomocn\u00e1 ruka \" - Yoga Federation of Europe","og_description":"V r\u00e1mci projektu s n\u00e1zvem Komunitn\u00ed centrum \u00a8 Pomocn\u00e1 ruka \u00a8 v Praze 3, reg.\u010d\u00edslo projektu prov\u00e1d\u00ed\u00a0spole\u010dnost Studujte.cz, o.p.s., certifikovan\u00ed instrukto\u0159","og_url":"https:\/\/www.yoga-federation.eu\/cz\/joga-jako-pomocna-ruka\/","og_site_name":"Yoga Federation of Europe","article_published_time":"2018-05-01T08:38:17+00:00","article_modified_time":"2018-10-23T18:12:24+00:00","og_image":[{"width":1138,"height":843,"url":"https:\/\/www.yoga-federation.eu\/wp-content\/uploads\/2017\/05\/joga-intenziv-kveten-2017-4.jpg","type":"image\/jpeg"}],"author":"YFE","twitter_card":"summary_large_image","twitter_misc":{"Written by":"YFE","Est. reading time":"1 minute"},"schema":{"@context":"https:\/\/schema.org","@graph":[{"@type":"Article","@id":"https:\/\/www.yoga-federation.eu\/cz\/joga-jako-pomocna-ruka\/#article","isPartOf":{"@id":"https:\/\/www.yoga-federation.eu\/cz\/joga-jako-pomocna-ruka\/"},"author":{"name":"YFE","@id":"https:\/\/www.yoga-federation.eu\/#\/schema\/person\/c70b5a8f7323477f70814bd277cc9105"},"headline":"J\u00f3ga jako &#8221; Pomocn\u00e1 ruka &#8220;","datePublished":"2018-05-01T08:38:17+00:00","dateModified":"2018-10-23T18:12:24+00:00","mainEntityOfPage":{"@id":"https:\/\/www.yoga-federation.eu\/cz\/joga-jako-pomocna-ruka\/"},"wordCount":302,"image":{"@id":"https:\/\/www.yoga-federation.eu\/cz\/joga-jako-pomocna-ruka\/#primaryimage"},"thumbnailUrl":"https:\/\/www.yoga-federation.eu\/wp-content\/uploads\/2017\/05\/joga-intenziv-kveten-2017-4.jpg","articleSection":["Aktivity v roce 2018","Projekty"],"inLanguage":"cz-CZ"},{"@type":"WebPage","@id":"https:\/\/www.yoga-federation.eu\/cz\/joga-jako-pomocna-ruka\/","url":"https:\/\/www.yoga-federation.eu\/cz\/joga-jako-pomocna-ruka\/","name":"J\u00f3ga jako \" Pomocn\u00e1 ruka \" - Yoga Federation of Europe","isPartOf":{"@id":"https:\/\/www.yoga-federation.eu\/#website"},"primaryImageOfPage":{"@id":"https:\/\/www.yoga-federation.eu\/cz\/joga-jako-pomocna-ruka\/#primaryimage"},"image":{"@id":"https:\/\/www.yoga-federation.eu\/cz\/joga-jako-pomocna-ruka\/#primaryimage"},"thumbnailUrl":"https:\/\/www.yoga-federation.eu\/wp-content\/uploads\/2017\/05\/joga-intenziv-kveten-2017-4.jpg","datePublished":"2018-05-01T08:38:17+00:00","dateModified":"2018-10-23T18:12:24+00:00","author":{"@id":"https:\/\/www.yoga-federation.eu\/#\/schema\/person\/c70b5a8f7323477f70814bd277cc9105"},"description":"V r\u00e1mci projektu s n\u00e1zvem Komunitn\u00ed centrum \u00a8 Pomocn\u00e1 ruka \u00a8 v Praze 3, reg.\u010d\u00edslo projektu prov\u00e1d\u00ed\u00a0spole\u010dnost Studujte.cz, o.p.s., certifikovan\u00ed instrukto\u0159","breadcrumb":{"@id":"https:\/\/www.yoga-federation.eu\/cz\/joga-jako-pomocna-ruka\/#breadcrumb"},"inLanguage":"cz-CZ","potentialAction":[{"@type":"ReadAction","target":["https:\/\/www.yoga-federation.eu\/cz\/joga-jako-pomocna-ruka\/"]}]},{"@type":"ImageObject","inLanguage":"cz-CZ","@id":"https:\/\/www.yoga-federation.eu\/cz\/joga-jako-pomocna-ruka\/#primaryimage","url":"https:\/\/www.yoga-federation.eu\/wp-content\/uploads\/2017\/05\/joga-intenziv-kveten-2017-4.jpg","contentUrl":"https:\/\/www.yoga-federation.eu\/wp-content\/uploads\/2017\/05\/joga-intenziv-kveten-2017-4.jpg","width":1138,"height":843,"caption":"joga intenziv evropska federace jogi"},{"@type":"BreadcrumbList","@id":"https:\/\/www.yoga-federation.eu\/cz\/joga-jako-pomocna-ruka\/#breadcrumb","itemListElement":[{"@type":"ListItem","position":1,"name":"Home","item":"https:\/\/www.yoga-federation.eu\/cz\/"},{"@type":"ListItem","position":2,"name":"J\u00f3ga jako &#8221; Pomocn\u00e1 ruka &#8220;"}]},{"@type":"WebSite","@id":"https:\/\/www.yoga-federation.eu\/#website","url":"https:\/\/www.yoga-federation.eu\/","name":"Yoga Federation of Europe","description":"Yoga in Europe","potentialAction":[{"@type":"SearchAction","target":{"@type":"EntryPoint","urlTemplate":"https:\/\/www.yoga-federation.eu\/?s={search_term_string}"},"query-input":{"@type":"PropertyValueSpecification","valueRequired":true,"valueName":"search_term_string"}}],"inLanguage":"cz-CZ"},{"@type":"Person","@id":"https:\/\/www.yoga-federation.eu\/#\/schema\/person\/c70b5a8f7323477f70814bd277cc9105","name":"YFE","image":{"@type":"ImageObject","inLanguage":"cz-CZ","@id":"https:\/\/secure.gravatar.com\/avatar\/64f6beecfc59c339d337f0a16c80bfc143a5e623923f6f42beb67b25788f3e50?s=96&d=mm&r=g","url":"https:\/\/secure.gravatar.com\/avatar\/64f6beecfc59c339d337f0a16c80bfc143a5e623923f6f42beb67b25788f3e50?s=96&d=mm&r=g","contentUrl":"https:\/\/secure.gravatar.com\/avatar\/64f6beecfc59c339d337f0a16c80bfc143a5e623923f6f42beb67b25788f3e50?s=96&d=mm&r=g","caption":"YFE"},"url":"https:\/\/www.yoga-federation.eu\/cz\/author\/ana\/"}]}},"_links":{"self":[{"href":"https:\/\/www.yoga-federation.eu\/cz\/wp-json\/wp\/v2\/posts\/3443","targetHints":{"allow":["GET"]}}],"collection":[{"href":"https:\/\/www.yoga-federation.eu\/cz\/wp-json\/wp\/v2\/posts"}],"about":[{"href":"https:\/\/www.yoga-federation.eu\/cz\/wp-json\/wp\/v2\/types\/post"}],"author":[{"embeddable":true,"href":"https:\/\/www.yoga-federation.eu\/cz\/wp-json\/wp\/v2\/users\/6"}],"replies":[{"embeddable":true,"href":"https:\/\/www.yoga-federation.eu\/cz\/wp-json\/wp\/v2\/comments?post=3443"}],"version-history":[{"count":0,"href":"https:\/\/www.yoga-federation.eu\/cz\/wp-json\/wp\/v2\/posts\/3443\/revisions"}],"wp:featuredmedia":[{"embeddable":true,"href":"https:\/\/www.yoga-federation.eu\/cz\/wp-json\/wp\/v2\/media\/1915"}],"wp:attachment":[{"href":"https:\/\/www.yoga-federation.eu\/cz\/wp-json\/wp\/v2\/media?parent=3443"}],"wp:term":[{"taxonomy":"category","embeddable":true,"href":"https:\/\/www.yoga-federation.eu\/cz\/wp-json\/wp\/v2\/categories?post=3443"},{"taxonomy":"post_tag","embeddable":true,"href":"https:\/\/www.yoga-federation.eu\/cz\/wp-json\/wp\/v2\/tags?post=3443"}],"curies":[{"name":"wp","href":"https:\/\/api.w.org\/{rel}","templated":true}]}}