{"id":3404,"date":"2018-05-19T06:17:50","date_gmt":"2018-05-19T06:17:50","guid":{"rendered":"https:\/\/www.yoga-federation.eu\/kirtan-yoga\/"},"modified":"2018-05-26T12:39:47","modified_gmt":"2018-05-26T12:39:47","slug":"kirtan-joga-odborny-seminar","status":"publish","type":"post","link":"https:\/\/www.yoga-federation.eu\/cz\/kirtan-joga-odborny-seminar\/","title":{"rendered":"Kirtan j\u00f3ga"},"content":{"rendered":"<div class=\"fusion-fullwidth fullwidth-box fusion-builder-row-1 nonhundred-percent-fullwidth non-hundred-percent-height-scrolling\" style=\"background-color: rgba(255,255,255,0);background-position: center center;background-repeat: no-repeat;padding-top:0px;padding-right:0px;padding-bottom:0px;padding-left:0px;margin-bottom: 0px;margin-top: 0px;border-width: 0px 0px 0px 0px;border-color:#eae9e9;border-style:solid;\" ><div class=\"fusion-builder-row fusion-row\"><div class=\"fusion-layout-column fusion_builder_column fusion-builder-column-0 fusion_builder_column_1_1 1_1 fusion-one-full fusion-column-first fusion-column-last\" style=\"margin-top:0px;margin-bottom:20px;\"><div class=\"fusion-column-wrapper fusion-flex-column-wrapper-legacy\" style=\"background-position:left top;background-repeat:no-repeat;-webkit-background-size:cover;-moz-background-size:cover;-o-background-size:cover;background-size:cover;padding: 0px 0px 0px 0px;\"><div class=\"fusion-tabs fusion-tabs-1 classic horizontal-tabs icon-position-left\"><style type=\"text\/css\">.fusion-tabs.fusion-tabs-1 .nav-tabs li a.tab-link{border-top-color:#ebeaea;background-color:#ebeaea;}.fusion-tabs.fusion-tabs-1 .nav-tabs{background-color:#ffffff;}.fusion-tabs.fusion-tabs-1 .nav-tabs li.active a.tab-link,.fusion-tabs.fusion-tabs-1 .nav-tabs li.active a.tab-link:hover,.fusion-tabs.fusion-tabs-1 .nav-tabs li.active a.tab-link:focus{border-right-color:#ffffff;}.fusion-tabs.fusion-tabs-1 .nav-tabs li.active a.tab-link,.fusion-tabs.fusion-tabs-1 .nav-tabs li.active a.tab-link:hover,.fusion-tabs.fusion-tabs-1 .nav-tabs li.active a.tab-link:focus{background-color:#ffffff;}.fusion-tabs.fusion-tabs-1 .nav-tabs li a:hover{background-color:#ffffff;border-top-color:#ffffff;}.fusion-tabs.fusion-tabs-1 .tab-pane{background-color:#ffffff;}.fusion-tabs.fusion-tabs-1 .nav,.fusion-tabs.fusion-tabs-1 .nav-tabs,.fusion-tabs.fusion-tabs-1 .tab-content .tab-pane{border-color:#ebeaea;}<\/style><div class=\"nav\"><ul class=\"nav-tabs nav-justified\"><li class=\"active\"><a class=\"tab-link\" data-toggle=\"tab\" id=\"fusion-tab-odborn\u00ddsemin\u00c1\u0158\" href=\"#tab-281ce036196c3916c9e\"><h4 class=\"fusion-tab-heading\">ODBORN\u00dd SEMIN\u00c1\u0158<\/h4><\/a><\/li><\/ul><\/div><div class=\"tab-content\"><div class=\"nav fusion-mobile-tab-nav\"><ul class=\"nav-tabs nav-justified\"><li class=\"active\"><a class=\"tab-link\" data-toggle=\"tab\" id=\"mobile-fusion-tab-odborn\u00ddsemin\u00c1\u0158\" href=\"#tab-281ce036196c3916c9e\"><h4 class=\"fusion-tab-heading\">ODBORN\u00dd SEMIN\u00c1\u0158<\/h4><\/a><\/li><\/ul><\/div><div class=\"tab-pane fade fusion-clearfix in active\" id=\"tab-281ce036196c3916c9e\">\n<p style=\"text-align: center;\"><strong><span style=\"color: #000080;\">DAL\u0160\u00cd VZD\u011aL\u00c1V\u00c1N\u00cd INSTRUKTOR\u016e J\u00d3GY<\/span><\/strong><\/p>\n<p style=\"text-align: center;\"><strong><span style=\"color: #000080;\">KIRTAN J\u00d3GA\u00a0<\/span><\/strong><\/p>\n<\/div><\/div><\/div><div class=\"fusion-text fusion-text-1\"><p><span style=\"color: #000080;\"><strong>Kirtani<\/strong> p\u0159edstavuj\u00ed prastar\u00fd zp\u016fsob meditace skrze hudbu a p\u00edse\u0148. Jedn\u00e1 se o jakousi \u201evnit\u0159n\u00ed komunikaci\u201c prostoupenou hlubok\u00fdmi emocemi, kter\u00e1 n\u00e1s spojuje s nejhlub\u0161\u00edmi zpr\u00e1vami vych\u00e1zej\u00edc\u00edmi z na\u0161eho tajemn\u00e9ho nitra.\u00a0Hudba proud\u00ed p\u0159es intimn\u00ed cesty \u2013 nespoutan\u011b p\u0159\u00edmo sm\u011brem k \u201eCentru byt\u00ed\u201c. Kirtan se vrh\u00e1 do hlubin a odkr\u00fdv\u00e1 ty nejz\u00e1hadn\u011bj\u0161\u00ed kr\u00e1sy na\u0161eho nitra. L\u00e1ska, radost, vzru\u0161en\u00ed\u2026\u00a0to v\u0161e se objevuje jako odpov\u011b\u010f.<\/span><\/p>\n<p><span style=\"color: #000080;\">Semin\u00e1\u0159 \u201e<strong>Kirtan j\u00f3ga<\/strong>\u201c je ur\u010den instruktor\u016fm j\u00f3gy, kte\u0159\u00ed l\u00e1sku k hudb\u011b vn\u00edmaj\u00ed coby jak\u00e9si m\u00e9dium, je\u017e pom\u00e1h\u00e1 ke zdokonalov\u00e1n\u00ed sama sebe i cvi\u010d\u00edc\u00edch.<\/span><\/p>\n<p><span style=\"color: #000080;\">C\u00edlem semin\u00e1\u0159e je vybavit instruktory\/instruktorky j\u00f3gy v\u011bdomostmi a zku\u0161enostmi s tajemstv\u00edmi zp\u011bvu kirtan\u016f a zp\u016fsoby jejich aplikace v pr\u00e1ci s \u017e\u00e1ky.<\/span><\/p>\n<p><span style=\"color: #000080;\">V\u00fdsledek: Instrukto\u0159i, kte\u0159\u00ed \u00fasp\u011b\u0161n\u011b absolvuj\u00ed semin\u00e1\u0159 \u201eKirtan j\u00f3ga\u201c, z\u00edskaj\u00ed odborn\u00e9 znalosti, kter\u00e9 jim umo\u017e\u0148uj\u00ed v\u00e9st lekce kirtan j\u00f3gy v individu\u00e1ln\u00ed i skupinov\u00e9 pr\u00e1ci se cvi\u010d\u00edc\u00edmi. Je \u017e\u00e1douc\u00ed, aby \u00fa\u010dastn\u00edci tohoto semin\u00e1\u0159e m\u011bli vyvinut\u00fd vztah a l\u00e1sku k hudb\u011b a ovl\u00e1dali alespo\u0148 z\u00e1klady hry na n\u011bjak\u00fd hudebn\u00ed n\u00e1stroj.<\/span><\/p>\n<p><a href=\"https:\/\/www.yoga-federation.eu\/wp-content\/uploads\/2018\/05\/kirtan-yoga-yfe.jpg\"><img loading=\"lazy\" decoding=\"async\" class=\"lazyload size-large wp-image-3357 aligncenter\" src=\"https:\/\/www.yoga-federation.eu\/wp-content\/uploads\/2018\/05\/kirtan-yoga-yfe-1024x684.jpg\" data-orig-src=\"https:\/\/www.yoga-federation.eu\/wp-content\/uploads\/2018\/05\/kirtan-yoga-yfe-1024x684.jpg\" alt=\"kirtan yoga yfe\" width=\"1024\" height=\"684\" srcset=\"data:image\/svg+xml,%3Csvg%20xmlns%3D%27http%3A%2F%2Fwww.w3.org%2F2000%2Fsvg%27%20width%3D%271024%27%20height%3D%27684%27%20viewBox%3D%270%200%201024%20684%27%3E%3Crect%20width%3D%271024%27%20height%3D%273684%27%20fill-opacity%3D%220%22%2F%3E%3C%2Fsvg%3E\" data-srcset=\"https:\/\/www.yoga-federation.eu\/wp-content\/uploads\/2018\/05\/kirtan-yoga-yfe-200x134.jpg 200w, https:\/\/www.yoga-federation.eu\/wp-content\/uploads\/2018\/05\/kirtan-yoga-yfe-300x200.jpg 300w, https:\/\/www.yoga-federation.eu\/wp-content\/uploads\/2018\/05\/kirtan-yoga-yfe-400x267.jpg 400w, https:\/\/www.yoga-federation.eu\/wp-content\/uploads\/2018\/05\/kirtan-yoga-yfe-600x401.jpg 600w, https:\/\/www.yoga-federation.eu\/wp-content\/uploads\/2018\/05\/kirtan-yoga-yfe-768x513.jpg 768w, https:\/\/www.yoga-federation.eu\/wp-content\/uploads\/2018\/05\/kirtan-yoga-yfe-800x534.jpg 800w, https:\/\/www.yoga-federation.eu\/wp-content\/uploads\/2018\/05\/kirtan-yoga-yfe-1024x684.jpg 1024w, https:\/\/www.yoga-federation.eu\/wp-content\/uploads\/2018\/05\/kirtan-yoga-yfe-1200x801.jpg 1200w, https:\/\/www.yoga-federation.eu\/wp-content\/uploads\/2018\/05\/kirtan-yoga-yfe.jpg 1600w\" data-sizes=\"auto\" data-orig-sizes=\"auto, (max-width: 1024px) 100vw, 1024px\" \/><\/a><\/p>\n<p><span style=\"color: #000080;\">P\u0159ihl\u00e1\u0161ky budou p\u0159ij\u00edm\u00e1ny do napln\u011bn\u00ed m\u00edsta ve skupin\u011b. Po\u010det m\u00edst ve skupin\u011b je omezen.<\/span><\/p>\n<p><span style=\"color: #000080;\">Jakmile se skupina zformuje, \u010das a m\u00edsto kon\u00e1n\u00ed semin\u00e1\u0159e bude n\u00e1sledn\u011b ozn\u00e1men p\u0159ihl\u00e1\u0161en\u00fdm \u00fa\u010dastn\u00edk\u016fm.<\/span><\/p>\n<p><span style=\"color: #000080;\">Semin\u00e1\u0159 prob\u011bhne ve dnech v\u00edkendu.<\/span><\/p>\n<p><span style=\"color: #000080;\">V\u00edce informac\u00ed formou e-mailu: yoga.yfe@gmail.com<\/span><br \/>\n<span style=\"color: #000080;\">Telefon\/Viber pro v\u00edce informac\u00ed:\u00a0+420 773 691 858<\/span><\/p>\n<\/div><div class=\"fusion-clearfix\"><\/div><\/div><\/div><\/div><\/div>\n","protected":false},"excerpt":{"rendered":"","protected":false},"author":6,"featured_media":3299,"comment_status":"closed","ping_status":"open","sticky":false,"template":"","format":"standard","meta":{"footnotes":""},"categories":[77,79,78,40],"tags":[],"class_list":["post-3404","post","type-post","status-publish","format-standard","has-post-thumbnail","hentry","category-activities-2018-cz","category-odborne-seminare","category-professional-seminars-cz","category-uncategorized-cz"],"yoast_head":"<!-- This site is optimized with the Yoast SEO plugin v27.4 - https:\/\/yoast.com\/product\/yoast-seo-wordpress\/ -->\n<title>Kirtan j\u00f3ga - Yoga Federation of Europe<\/title>\n<meta name=\"robots\" content=\"index, follow, max-snippet:-1, max-image-preview:large, max-video-preview:-1\" \/>\n<link rel=\"canonical\" href=\"https:\/\/www.yoga-federation.eu\/cz\/kirtan-joga-odborny-seminar\/\" \/>\n<meta property=\"og:locale\" content=\"en_US\" \/>\n<meta property=\"og:type\" content=\"article\" \/>\n<meta property=\"og:title\" content=\"Kirtan j\u00f3ga - Yoga Federation of Europe\" \/>\n<meta property=\"og:url\" content=\"https:\/\/www.yoga-federation.eu\/cz\/kirtan-joga-odborny-seminar\/\" \/>\n<meta property=\"og:site_name\" content=\"Yoga Federation of Europe\" \/>\n<meta property=\"article:published_time\" content=\"2018-05-19T06:17:50+00:00\" \/>\n<meta property=\"article:modified_time\" content=\"2018-05-26T12:39:47+00:00\" \/>\n<meta property=\"og:image\" content=\"https:\/\/www.yoga-federation.eu\/wp-content\/uploads\/2018\/05\/kirtan-yoga.jpg\" \/>\n\t<meta property=\"og:image:width\" content=\"548\" \/>\n\t<meta property=\"og:image:height\" content=\"407\" \/>\n\t<meta property=\"og:image:type\" content=\"image\/jpeg\" \/>\n<meta name=\"author\" content=\"YFE\" \/>\n<meta name=\"twitter:card\" content=\"summary_large_image\" \/>\n<meta name=\"twitter:label1\" content=\"Written by\" \/>\n\t<meta name=\"twitter:data1\" content=\"YFE\" \/>\n\t<meta name=\"twitter:label2\" content=\"Est. reading time\" \/>\n\t<meta name=\"twitter:data2\" content=\"3 minutes\" \/>\n<script type=\"application\/ld+json\" class=\"yoast-schema-graph\">{\"@context\":\"https:\\\/\\\/schema.org\",\"@graph\":[{\"@type\":\"Article\",\"@id\":\"https:\\\/\\\/www.yoga-federation.eu\\\/cz\\\/kirtan-joga-odborny-seminar\\\/#article\",\"isPartOf\":{\"@id\":\"https:\\\/\\\/www.yoga-federation.eu\\\/cz\\\/kirtan-joga-odborny-seminar\\\/\"},\"author\":{\"name\":\"YFE\",\"@id\":\"https:\\\/\\\/www.yoga-federation.eu\\\/#\\\/schema\\\/person\\\/c70b5a8f7323477f70814bd277cc9105\"},\"headline\":\"Kirtan j\u00f3ga\",\"datePublished\":\"2018-05-19T06:17:50+00:00\",\"dateModified\":\"2018-05-26T12:39:47+00:00\",\"mainEntityOfPage\":{\"@id\":\"https:\\\/\\\/www.yoga-federation.eu\\\/cz\\\/kirtan-joga-odborny-seminar\\\/\"},\"wordCount\":528,\"image\":{\"@id\":\"https:\\\/\\\/www.yoga-federation.eu\\\/cz\\\/kirtan-joga-odborny-seminar\\\/#primaryimage\"},\"thumbnailUrl\":\"https:\\\/\\\/www.yoga-federation.eu\\\/wp-content\\\/uploads\\\/2018\\\/05\\\/kirtan-yoga.jpg\",\"articleSection\":[\"Activities 2018\",\"Odborn\u00e9 semin\u00e1\u0159e\",\"Professional seminars\"],\"inLanguage\":\"cz-CZ\"},{\"@type\":\"WebPage\",\"@id\":\"https:\\\/\\\/www.yoga-federation.eu\\\/cz\\\/kirtan-joga-odborny-seminar\\\/\",\"url\":\"https:\\\/\\\/www.yoga-federation.eu\\\/cz\\\/kirtan-joga-odborny-seminar\\\/\",\"name\":\"Kirtan j\u00f3ga - Yoga Federation of Europe\",\"isPartOf\":{\"@id\":\"https:\\\/\\\/www.yoga-federation.eu\\\/#website\"},\"primaryImageOfPage\":{\"@id\":\"https:\\\/\\\/www.yoga-federation.eu\\\/cz\\\/kirtan-joga-odborny-seminar\\\/#primaryimage\"},\"image\":{\"@id\":\"https:\\\/\\\/www.yoga-federation.eu\\\/cz\\\/kirtan-joga-odborny-seminar\\\/#primaryimage\"},\"thumbnailUrl\":\"https:\\\/\\\/www.yoga-federation.eu\\\/wp-content\\\/uploads\\\/2018\\\/05\\\/kirtan-yoga.jpg\",\"datePublished\":\"2018-05-19T06:17:50+00:00\",\"dateModified\":\"2018-05-26T12:39:47+00:00\",\"author\":{\"@id\":\"https:\\\/\\\/www.yoga-federation.eu\\\/#\\\/schema\\\/person\\\/c70b5a8f7323477f70814bd277cc9105\"},\"breadcrumb\":{\"@id\":\"https:\\\/\\\/www.yoga-federation.eu\\\/cz\\\/kirtan-joga-odborny-seminar\\\/#breadcrumb\"},\"inLanguage\":\"cz-CZ\",\"potentialAction\":[{\"@type\":\"ReadAction\",\"target\":[\"https:\\\/\\\/www.yoga-federation.eu\\\/cz\\\/kirtan-joga-odborny-seminar\\\/\"]}]},{\"@type\":\"ImageObject\",\"inLanguage\":\"cz-CZ\",\"@id\":\"https:\\\/\\\/www.yoga-federation.eu\\\/cz\\\/kirtan-joga-odborny-seminar\\\/#primaryimage\",\"url\":\"https:\\\/\\\/www.yoga-federation.eu\\\/wp-content\\\/uploads\\\/2018\\\/05\\\/kirtan-yoga.jpg\",\"contentUrl\":\"https:\\\/\\\/www.yoga-federation.eu\\\/wp-content\\\/uploads\\\/2018\\\/05\\\/kirtan-yoga.jpg\",\"width\":548,\"height\":407},{\"@type\":\"BreadcrumbList\",\"@id\":\"https:\\\/\\\/www.yoga-federation.eu\\\/cz\\\/kirtan-joga-odborny-seminar\\\/#breadcrumb\",\"itemListElement\":[{\"@type\":\"ListItem\",\"position\":1,\"name\":\"Home\",\"item\":\"https:\\\/\\\/www.yoga-federation.eu\\\/cz\\\/\"},{\"@type\":\"ListItem\",\"position\":2,\"name\":\"Kirtan j\u00f3ga\"}]},{\"@type\":\"WebSite\",\"@id\":\"https:\\\/\\\/www.yoga-federation.eu\\\/#website\",\"url\":\"https:\\\/\\\/www.yoga-federation.eu\\\/\",\"name\":\"Yoga Federation of Europe\",\"description\":\"Yoga in Europe\",\"potentialAction\":[{\"@type\":\"SearchAction\",\"target\":{\"@type\":\"EntryPoint\",\"urlTemplate\":\"https:\\\/\\\/www.yoga-federation.eu\\\/?s={search_term_string}\"},\"query-input\":{\"@type\":\"PropertyValueSpecification\",\"valueRequired\":true,\"valueName\":\"search_term_string\"}}],\"inLanguage\":\"cz-CZ\"},{\"@type\":\"Person\",\"@id\":\"https:\\\/\\\/www.yoga-federation.eu\\\/#\\\/schema\\\/person\\\/c70b5a8f7323477f70814bd277cc9105\",\"name\":\"YFE\",\"image\":{\"@type\":\"ImageObject\",\"inLanguage\":\"cz-CZ\",\"@id\":\"https:\\\/\\\/secure.gravatar.com\\\/avatar\\\/64f6beecfc59c339d337f0a16c80bfc143a5e623923f6f42beb67b25788f3e50?s=96&d=mm&r=g\",\"url\":\"https:\\\/\\\/secure.gravatar.com\\\/avatar\\\/64f6beecfc59c339d337f0a16c80bfc143a5e623923f6f42beb67b25788f3e50?s=96&d=mm&r=g\",\"contentUrl\":\"https:\\\/\\\/secure.gravatar.com\\\/avatar\\\/64f6beecfc59c339d337f0a16c80bfc143a5e623923f6f42beb67b25788f3e50?s=96&d=mm&r=g\",\"caption\":\"YFE\"},\"url\":\"https:\\\/\\\/www.yoga-federation.eu\\\/cz\\\/author\\\/ana\\\/\"}]}<\/script>\n<!-- \/ Yoast SEO plugin. -->","yoast_head_json":{"title":"Kirtan j\u00f3ga - Yoga Federation of Europe","robots":{"index":"index","follow":"follow","max-snippet":"max-snippet:-1","max-image-preview":"max-image-preview:large","max-video-preview":"max-video-preview:-1"},"canonical":"https:\/\/www.yoga-federation.eu\/cz\/kirtan-joga-odborny-seminar\/","og_locale":"en_US","og_type":"article","og_title":"Kirtan j\u00f3ga - Yoga Federation of Europe","og_url":"https:\/\/www.yoga-federation.eu\/cz\/kirtan-joga-odborny-seminar\/","og_site_name":"Yoga Federation of Europe","article_published_time":"2018-05-19T06:17:50+00:00","article_modified_time":"2018-05-26T12:39:47+00:00","og_image":[{"width":548,"height":407,"url":"https:\/\/www.yoga-federation.eu\/wp-content\/uploads\/2018\/05\/kirtan-yoga.jpg","type":"image\/jpeg"}],"author":"YFE","twitter_card":"summary_large_image","twitter_misc":{"Written by":"YFE","Est. reading time":"3 minutes"},"schema":{"@context":"https:\/\/schema.org","@graph":[{"@type":"Article","@id":"https:\/\/www.yoga-federation.eu\/cz\/kirtan-joga-odborny-seminar\/#article","isPartOf":{"@id":"https:\/\/www.yoga-federation.eu\/cz\/kirtan-joga-odborny-seminar\/"},"author":{"name":"YFE","@id":"https:\/\/www.yoga-federation.eu\/#\/schema\/person\/c70b5a8f7323477f70814bd277cc9105"},"headline":"Kirtan j\u00f3ga","datePublished":"2018-05-19T06:17:50+00:00","dateModified":"2018-05-26T12:39:47+00:00","mainEntityOfPage":{"@id":"https:\/\/www.yoga-federation.eu\/cz\/kirtan-joga-odborny-seminar\/"},"wordCount":528,"image":{"@id":"https:\/\/www.yoga-federation.eu\/cz\/kirtan-joga-odborny-seminar\/#primaryimage"},"thumbnailUrl":"https:\/\/www.yoga-federation.eu\/wp-content\/uploads\/2018\/05\/kirtan-yoga.jpg","articleSection":["Activities 2018","Odborn\u00e9 semin\u00e1\u0159e","Professional seminars"],"inLanguage":"cz-CZ"},{"@type":"WebPage","@id":"https:\/\/www.yoga-federation.eu\/cz\/kirtan-joga-odborny-seminar\/","url":"https:\/\/www.yoga-federation.eu\/cz\/kirtan-joga-odborny-seminar\/","name":"Kirtan j\u00f3ga - Yoga Federation of Europe","isPartOf":{"@id":"https:\/\/www.yoga-federation.eu\/#website"},"primaryImageOfPage":{"@id":"https:\/\/www.yoga-federation.eu\/cz\/kirtan-joga-odborny-seminar\/#primaryimage"},"image":{"@id":"https:\/\/www.yoga-federation.eu\/cz\/kirtan-joga-odborny-seminar\/#primaryimage"},"thumbnailUrl":"https:\/\/www.yoga-federation.eu\/wp-content\/uploads\/2018\/05\/kirtan-yoga.jpg","datePublished":"2018-05-19T06:17:50+00:00","dateModified":"2018-05-26T12:39:47+00:00","author":{"@id":"https:\/\/www.yoga-federation.eu\/#\/schema\/person\/c70b5a8f7323477f70814bd277cc9105"},"breadcrumb":{"@id":"https:\/\/www.yoga-federation.eu\/cz\/kirtan-joga-odborny-seminar\/#breadcrumb"},"inLanguage":"cz-CZ","potentialAction":[{"@type":"ReadAction","target":["https:\/\/www.yoga-federation.eu\/cz\/kirtan-joga-odborny-seminar\/"]}]},{"@type":"ImageObject","inLanguage":"cz-CZ","@id":"https:\/\/www.yoga-federation.eu\/cz\/kirtan-joga-odborny-seminar\/#primaryimage","url":"https:\/\/www.yoga-federation.eu\/wp-content\/uploads\/2018\/05\/kirtan-yoga.jpg","contentUrl":"https:\/\/www.yoga-federation.eu\/wp-content\/uploads\/2018\/05\/kirtan-yoga.jpg","width":548,"height":407},{"@type":"BreadcrumbList","@id":"https:\/\/www.yoga-federation.eu\/cz\/kirtan-joga-odborny-seminar\/#breadcrumb","itemListElement":[{"@type":"ListItem","position":1,"name":"Home","item":"https:\/\/www.yoga-federation.eu\/cz\/"},{"@type":"ListItem","position":2,"name":"Kirtan j\u00f3ga"}]},{"@type":"WebSite","@id":"https:\/\/www.yoga-federation.eu\/#website","url":"https:\/\/www.yoga-federation.eu\/","name":"Yoga Federation of Europe","description":"Yoga in Europe","potentialAction":[{"@type":"SearchAction","target":{"@type":"EntryPoint","urlTemplate":"https:\/\/www.yoga-federation.eu\/?s={search_term_string}"},"query-input":{"@type":"PropertyValueSpecification","valueRequired":true,"valueName":"search_term_string"}}],"inLanguage":"cz-CZ"},{"@type":"Person","@id":"https:\/\/www.yoga-federation.eu\/#\/schema\/person\/c70b5a8f7323477f70814bd277cc9105","name":"YFE","image":{"@type":"ImageObject","inLanguage":"cz-CZ","@id":"https:\/\/secure.gravatar.com\/avatar\/64f6beecfc59c339d337f0a16c80bfc143a5e623923f6f42beb67b25788f3e50?s=96&d=mm&r=g","url":"https:\/\/secure.gravatar.com\/avatar\/64f6beecfc59c339d337f0a16c80bfc143a5e623923f6f42beb67b25788f3e50?s=96&d=mm&r=g","contentUrl":"https:\/\/secure.gravatar.com\/avatar\/64f6beecfc59c339d337f0a16c80bfc143a5e623923f6f42beb67b25788f3e50?s=96&d=mm&r=g","caption":"YFE"},"url":"https:\/\/www.yoga-federation.eu\/cz\/author\/ana\/"}]}},"_links":{"self":[{"href":"https:\/\/www.yoga-federation.eu\/cz\/wp-json\/wp\/v2\/posts\/3404","targetHints":{"allow":["GET"]}}],"collection":[{"href":"https:\/\/www.yoga-federation.eu\/cz\/wp-json\/wp\/v2\/posts"}],"about":[{"href":"https:\/\/www.yoga-federation.eu\/cz\/wp-json\/wp\/v2\/types\/post"}],"author":[{"embeddable":true,"href":"https:\/\/www.yoga-federation.eu\/cz\/wp-json\/wp\/v2\/users\/6"}],"replies":[{"embeddable":true,"href":"https:\/\/www.yoga-federation.eu\/cz\/wp-json\/wp\/v2\/comments?post=3404"}],"version-history":[{"count":0,"href":"https:\/\/www.yoga-federation.eu\/cz\/wp-json\/wp\/v2\/posts\/3404\/revisions"}],"wp:featuredmedia":[{"embeddable":true,"href":"https:\/\/www.yoga-federation.eu\/cz\/wp-json\/wp\/v2\/media\/3299"}],"wp:attachment":[{"href":"https:\/\/www.yoga-federation.eu\/cz\/wp-json\/wp\/v2\/media?parent=3404"}],"wp:term":[{"taxonomy":"category","embeddable":true,"href":"https:\/\/www.yoga-federation.eu\/cz\/wp-json\/wp\/v2\/categories?post=3404"},{"taxonomy":"post_tag","embeddable":true,"href":"https:\/\/www.yoga-federation.eu\/cz\/wp-json\/wp\/v2\/tags?post=3404"}],"curies":[{"name":"wp","href":"https:\/\/api.w.org\/{rel}","templated":true}]}}