{"id":3174,"date":"2018-05-10T16:11:57","date_gmt":"2018-05-10T16:11:57","guid":{"rendered":"https:\/\/www.yoga-federation.eu\/?p=3174"},"modified":"2019-01-19T10:40:33","modified_gmt":"2019-01-19T10:40:33","slug":"velke-evropske-jogove-predstaveni-v-praze-2018","status":"publish","type":"post","link":"https:\/\/www.yoga-federation.eu\/cz\/velke-evropske-jogove-predstaveni-v-praze-2018\/","title":{"rendered":"Velk\u00e9 evropsk\u00e9 j\u00f3gov\u00e9 p\u0159edstaven\u00ed v Praze, 2018"},"content":{"rendered":"<div class=\"fusion-fullwidth fullwidth-box fusion-builder-row-1 nonhundred-percent-fullwidth non-hundred-percent-height-scrolling\" style=\"background-color: rgba(255,255,255,0);background-position: center center;background-repeat: no-repeat;padding-top:0px;padding-right:0px;padding-bottom:0px;padding-left:0px;margin-bottom: 0px;margin-top: 0px;border-width: 0px 0px 0px 0px;border-color:#eae9e9;border-style:solid;\" ><div class=\"fusion-builder-row fusion-row\"><div class=\"fusion-layout-column fusion_builder_column fusion-builder-column-0 fusion_builder_column_1_1 1_1 fusion-one-full fusion-column-first fusion-column-last\" style=\"margin-top:0px;margin-bottom:20px;\"><div class=\"fusion-column-wrapper fusion-flex-column-wrapper-legacy\" style=\"background-position:left top;background-repeat:no-repeat;-webkit-background-size:cover;-moz-background-size:cover;-o-background-size:cover;background-size:cover;padding: 0px 0px 0px 0px;\"><div class=\"fusion-text fusion-text-1\"><h2 style=\"text-align: center;\"><span style=\"color: #0000ff;\">EVROPSK\u00c1 FEDERACE J\u00d3GY V\u00c1S ZVE K \u00da\u010cASTI NA VELK\u00c9 J\u00d3G\u00d3VE P\u0158EDSTAVEN\u00cd<\/span><br \/>\n<span style=\"color: #0000ff;\">P\u0158I P\u0158\u00cdLE\u017dITOSTI MEZIN\u00c1RODN\u00cdHO DNE J\u00d3GY<\/span><br \/>\n<span style=\"color: #0000ff;\">Dne 21. \u010dervna 2018 od 18:00 hodin, na n\u00e1m.\u00a0V\u00e1clava Havla, Praha 1\u00a0<\/span><\/h2>\n<h2 style=\"text-align: center;\"><span style=\"color: #0000ff;\">(piazzetta N\u00e1rodn\u00edho divadla)<\/span><\/h2>\n<h2 style=\"text-align: center;\"><span style=\"color: #0000ff;\">P\u0158IPOJTE SE!<\/span><\/h2>\n<p><span style=\"color: #000080;\">Evropsk\u00e1 federace j\u00f3gy ve spolupo\u0159adatelstv\u00ed s M\u010c Praha 1, a ve spolupr\u00e1ci s \u010ceskou federac\u00ed j\u00f3gy a International Yoga Academy, ji\u017e\u00a0p\u00e1t\u00fd\u00a0rok v \u0159ad\u011b po\u0159\u00e1d\u00e1 Velk\u00e9 evropsk\u00e9 j\u00f3gov\u00e9 p\u0159edstaven\u00ed, mezin\u00e1rodn\u00ed ud\u00e1lost p\u0159i p\u0159\u00edle\u017eitosti Mezin\u00e1rodn\u00edho dne j\u00f3gy.<\/span><\/p>\n<p><span style=\"color: #000080;\">Z\u00e1\u0161titu nad akc\u00ed poskytl<a href=\"https:\/\/www.yoga-federation.eu\/wp-content\/uploads\/2018\/05\/Za\u0161tita-Velk\u00e9-evropsk\u00e9-j\u00f3gov\u00e9-p\u0159edstaven\u00ed-v-Praze-2018.pdf\" target=\"_blank\" rel=\"noopener\"><u>\u00a0starosta M\u010c Praha 1.<\/u><\/a><\/span><\/p>\n<p><a href=\"https:\/\/www.yoga-federation.eu\/wp-content\/uploads\/2018\/05\/Velke-evropske-predstaveni-2018.jpg\"><img loading=\"lazy\" decoding=\"async\" class=\"lazyload size-large wp-image-3173 aligncenter\" src=\"https:\/\/www.yoga-federation.eu\/wp-content\/uploads\/2018\/05\/Velke-evropske-predstaveni-2018-1024x765.jpg\" data-orig-src=\"https:\/\/www.yoga-federation.eu\/wp-content\/uploads\/2018\/05\/Velke-evropske-predstaveni-2018-1024x765.jpg\" alt=\"Velke evropske predstaveni 2018\" width=\"1024\" height=\"765\" srcset=\"data:image\/svg+xml,%3Csvg%20xmlns%3D%27http%3A%2F%2Fwww.w3.org%2F2000%2Fsvg%27%20width%3D%271024%27%20height%3D%27765%27%20viewBox%3D%270%200%201024%20765%27%3E%3Crect%20width%3D%271024%27%20height%3D%273765%27%20fill-opacity%3D%220%22%2F%3E%3C%2Fsvg%3E\" data-srcset=\"https:\/\/www.yoga-federation.eu\/wp-content\/uploads\/2018\/05\/Velke-evropske-predstaveni-2018-200x149.jpg 200w, https:\/\/www.yoga-federation.eu\/wp-content\/uploads\/2018\/05\/Velke-evropske-predstaveni-2018-300x224.jpg 300w, https:\/\/www.yoga-federation.eu\/wp-content\/uploads\/2018\/05\/Velke-evropske-predstaveni-2018-400x299.jpg 400w, https:\/\/www.yoga-federation.eu\/wp-content\/uploads\/2018\/05\/Velke-evropske-predstaveni-2018-600x448.jpg 600w, https:\/\/www.yoga-federation.eu\/wp-content\/uploads\/2018\/05\/Velke-evropske-predstaveni-2018-768x574.jpg 768w, https:\/\/www.yoga-federation.eu\/wp-content\/uploads\/2018\/05\/Velke-evropske-predstaveni-2018-800x598.jpg 800w, https:\/\/www.yoga-federation.eu\/wp-content\/uploads\/2018\/05\/Velke-evropske-predstaveni-2018-1024x765.jpg 1024w, https:\/\/www.yoga-federation.eu\/wp-content\/uploads\/2018\/05\/Velke-evropske-predstaveni-2018-1200x896.jpg 1200w, https:\/\/www.yoga-federation.eu\/wp-content\/uploads\/2018\/05\/Velke-evropske-predstaveni-2018.jpg 1600w\" data-sizes=\"auto\" data-orig-sizes=\"auto, (max-width: 1024px) 100vw, 1024px\" \/><\/a><\/p>\n<p><span style=\"color: #000080;\">Dne 21. \u010dervna 2018 se bude konat velk\u00e9 evropsk\u00e9 j\u00f3gov\u00e9 p\u0159edstaven\u00ed na n\u00e1m. V\u00e1clava Havla v Praze 1 (piazzetta N\u00e1rodn\u00edho divadla) od 18.00 hodin.<\/span><\/p>\n<p><span style=\"color: #000080;\">P\u0159edstaven\u00ed podporuje zdrav\u00ed a zdrav\u00fd zp\u016fsob \u017eivota, propaguj\u00ed sport, kulturu t\u011bla a um\u011bn\u00ed pohybu. V\u0161ichni milovn\u00edci j\u00f3gy se mohou z\u00fa\u010dastnit p\u0159edstaven\u00ed a Pozdravu slunci, kter\u00fd ukon\u010d\u00ed Art joga Similiris.<\/span><\/p>\n<p><span style=\"color: #000080;\">P\u0159i j\u00f3gov\u00e9 p\u0159edstaven\u00ed se shrom\u00e1\u017ed\u00ed praktikuj\u00edc\u00ed j\u00f3gy z n\u011bkolika evropsk\u00fdch zem\u00ed, instruktory j\u00f3gy, studenty\u00a0<a style=\"color: #000080;\" href=\"https:\/\/www.yoga-federation.eu\/cz\/vzdelavaci-program-instruktor-jogy-zapis-probyha\/\" target=\"_blank\" rel=\"noopener\">Vzd\u011bl\u00e1vac\u00edho programu Instruktor j\u00f3gy YFE<\/a>, \u200b\u00fa\u010dastnice projektu J\u00f3ga 50 plus\u200b, \u200b \u00fa\u010dastnice projektu J\u00f3ga pro maminky s d\u011btmi, ale tak\u00e9 ob\u010dan\u00e9 a n\u00e1v\u0161t\u011bvn\u00edci Prahy, kte\u0159\u00ed budou prost\u0159ednictv\u00edm m\u00e9di\u00ed pozv\u00e1ni, aby se z\u00fa\u010dastnili spole\u010dn\u00fdch cvi\u010den\u00ed.<\/span><\/p>\n\n\t\t<style type=\"text\/css\">\n\t\t\t#gallery-1 {\n\t\t\t\tmargin: auto;\n\t\t\t}\n\t\t\t#gallery-1 .gallery-item {\n\t\t\t\tfloat: left;\n\t\t\t\tmargin-top: 10px;\n\t\t\t\ttext-align: center;\n\t\t\t\twidth: 20%;\n\t\t\t}\n\t\t\t#gallery-1 img {\n\t\t\t\tborder: 2px solid #cfcfcf;\n\t\t\t}\n\t\t\t#gallery-1 .gallery-caption {\n\t\t\t\tmargin-left: 0;\n\t\t\t}\n\t\t\t\/* see gallery_shortcode() in wp-includes\/media.php *\/\n\t\t<\/style>\n\t\t<div id='gallery-1' class='gallery galleryid-3174 gallery-columns-5 gallery-size-thumbnail'><dl class='gallery-item'>\n\t\t\t<dt class='gallery-icon landscape'>\n\t\t\t\t<a data-rel=\"iLightbox[postimages]\" data-title=\"Jogove predstaveni-2017\" data-caption=\"\" href='https:\/\/www.yoga-federation.eu\/wp-content\/uploads\/2017\/06\/Jogove-predstaveni-2017.jpg'><img loading=\"lazy\" decoding=\"async\" width=\"150\" height=\"150\" src=\"https:\/\/www.yoga-federation.eu\/wp-content\/uploads\/2017\/06\/Jogove-predstaveni-2017-150x150.jpg\" class=\"attachment-thumbnail size-thumbnail lazyload\" alt=\"Jogove predstaveni-2017\" srcset=\"data:image\/svg+xml,%3Csvg%20xmlns%3D%27http%3A%2F%2Fwww.w3.org%2F2000%2Fsvg%27%20width%3D%271433%27%20height%3D%271008%27%20viewBox%3D%270%200%201433%201008%27%3E%3Crect%20width%3D%271433%27%20height%3D%2731008%27%20fill-opacity%3D%220%22%2F%3E%3C%2Fsvg%3E\" data-orig-src=\"https:\/\/www.yoga-federation.eu\/wp-content\/uploads\/2017\/06\/Jogove-predstaveni-2017-150x150.jpg\" data-srcset=\"https:\/\/www.yoga-federation.eu\/wp-content\/uploads\/2017\/06\/Jogove-predstaveni-2017-66x66.jpg 66w, https:\/\/www.yoga-federation.eu\/wp-content\/uploads\/2017\/06\/Jogove-predstaveni-2017-150x150.jpg 150w\" data-sizes=\"auto\" \/><\/a>\n\t\t\t<\/dt><\/dl><dl class='gallery-item'>\n\t\t\t<dt class='gallery-icon landscape'>\n\t\t\t\t<a data-rel=\"iLightbox[postimages]\" data-title=\"jogove-predstaveni\" data-caption=\"\" href='https:\/\/www.yoga-federation.eu\/wp-content\/uploads\/2016\/09\/yoga-performances-r-1.jpg'><img loading=\"lazy\" decoding=\"async\" width=\"150\" height=\"150\" src=\"https:\/\/www.yoga-federation.eu\/wp-content\/uploads\/2016\/09\/yoga-performances-r-1-150x150.jpg\" class=\"attachment-thumbnail size-thumbnail lazyload\" alt=\"Jogove predstaveni\" srcset=\"data:image\/svg+xml,%3Csvg%20xmlns%3D%27http%3A%2F%2Fwww.w3.org%2F2000%2Fsvg%27%20width%3D%271600%27%20height%3D%27574%27%20viewBox%3D%270%200%201600%20574%27%3E%3Crect%20width%3D%271600%27%20height%3D%273574%27%20fill-opacity%3D%220%22%2F%3E%3C%2Fsvg%3E\" data-orig-src=\"https:\/\/www.yoga-federation.eu\/wp-content\/uploads\/2016\/09\/yoga-performances-r-1-150x150.jpg\" data-srcset=\"https:\/\/www.yoga-federation.eu\/wp-content\/uploads\/2016\/09\/yoga-performances-r-1-66x66.jpg 66w, https:\/\/www.yoga-federation.eu\/wp-content\/uploads\/2016\/09\/yoga-performances-r-1-150x150.jpg 150w\" data-sizes=\"auto\" \/><\/a>\n\t\t\t<\/dt><\/dl><dl class='gallery-item'>\n\t\t\t<dt class='gallery-icon landscape'>\n\t\t\t\t<a data-rel=\"iLightbox[postimages]\" data-title=\"Jogove predstaveni-2017-3\" data-caption=\"\" href='https:\/\/www.yoga-federation.eu\/wp-content\/uploads\/2017\/06\/Jogove-predstaveni-2017-3.jpg'><img loading=\"lazy\" decoding=\"async\" width=\"150\" height=\"150\" src=\"https:\/\/www.yoga-federation.eu\/wp-content\/uploads\/2017\/06\/Jogove-predstaveni-2017-3-150x150.jpg\" class=\"attachment-thumbnail size-thumbnail lazyload\" alt=\"Jogove predstaveni-2017\" srcset=\"data:image\/svg+xml,%3Csvg%20xmlns%3D%27http%3A%2F%2Fwww.w3.org%2F2000%2Fsvg%27%20width%3D%271555%27%20height%3D%27902%27%20viewBox%3D%270%200%201555%20902%27%3E%3Crect%20width%3D%271555%27%20height%3D%273902%27%20fill-opacity%3D%220%22%2F%3E%3C%2Fsvg%3E\" data-orig-src=\"https:\/\/www.yoga-federation.eu\/wp-content\/uploads\/2017\/06\/Jogove-predstaveni-2017-3-150x150.jpg\" data-srcset=\"https:\/\/www.yoga-federation.eu\/wp-content\/uploads\/2017\/06\/Jogove-predstaveni-2017-3-66x66.jpg 66w, https:\/\/www.yoga-federation.eu\/wp-content\/uploads\/2017\/06\/Jogove-predstaveni-2017-3-150x150.jpg 150w\" data-sizes=\"auto\" \/><\/a>\n\t\t\t<\/dt><\/dl><dl class='gallery-item'>\n\t\t\t<dt class='gallery-icon landscape'>\n\t\t\t\t<a data-rel=\"iLightbox[postimages]\" data-title=\"Mezinarodni den jogy v Praze, 2016\" data-caption=\"\" href='https:\/\/www.yoga-federation.eu\/wp-content\/uploads\/2016\/06\/Mezin\u00e1rodn\u00ed-den-j\u00f3gy-v-Praze-2016-2.jpg'><img loading=\"lazy\" decoding=\"async\" width=\"150\" height=\"150\" src=\"https:\/\/www.yoga-federation.eu\/wp-content\/uploads\/2016\/06\/Mezin\u00e1rodn\u00ed-den-j\u00f3gy-v-Praze-2016-2-150x150.jpg\" class=\"attachment-thumbnail size-thumbnail lazyload\" alt=\"Mezinarodni den jogy v Praze, 2016\" srcset=\"data:image\/svg+xml,%3Csvg%20xmlns%3D%27http%3A%2F%2Fwww.w3.org%2F2000%2Fsvg%27%20width%3D%271024%27%20height%3D%27683%27%20viewBox%3D%270%200%201024%20683%27%3E%3Crect%20width%3D%271024%27%20height%3D%273683%27%20fill-opacity%3D%220%22%2F%3E%3C%2Fsvg%3E\" data-orig-src=\"https:\/\/www.yoga-federation.eu\/wp-content\/uploads\/2016\/06\/Mezin\u00e1rodn\u00ed-den-j\u00f3gy-v-Praze-2016-2-150x150.jpg\" data-srcset=\"https:\/\/www.yoga-federation.eu\/wp-content\/uploads\/2016\/06\/Mezin\u00e1rodn\u00ed-den-j\u00f3gy-v-Praze-2016-2-66x66.jpg 66w, https:\/\/www.yoga-federation.eu\/wp-content\/uploads\/2016\/06\/Mezin\u00e1rodn\u00ed-den-j\u00f3gy-v-Praze-2016-2-150x150.jpg 150w\" data-sizes=\"auto\" \/><\/a>\n\t\t\t<\/dt><\/dl><dl class='gallery-item'>\n\t\t\t<dt class='gallery-icon landscape'>\n\t\t\t\t<a data-rel=\"iLightbox[postimages]\" data-title=\"Jogove predstaveni-2017-4\" data-caption=\"\" href='https:\/\/www.yoga-federation.eu\/wp-content\/uploads\/2017\/06\/Jogove-predstaveni-2017-4.jpg'><img loading=\"lazy\" decoding=\"async\" width=\"150\" height=\"150\" src=\"https:\/\/www.yoga-federation.eu\/wp-content\/uploads\/2017\/06\/Jogove-predstaveni-2017-4-150x150.jpg\" class=\"attachment-thumbnail size-thumbnail lazyload\" alt=\"Jogove predstaveni-2017\" srcset=\"data:image\/svg+xml,%3Csvg%20xmlns%3D%27http%3A%2F%2Fwww.w3.org%2F2000%2Fsvg%27%20width%3D%271332%27%20height%3D%271016%27%20viewBox%3D%270%200%201332%201016%27%3E%3Crect%20width%3D%271332%27%20height%3D%2731016%27%20fill-opacity%3D%220%22%2F%3E%3C%2Fsvg%3E\" data-orig-src=\"https:\/\/www.yoga-federation.eu\/wp-content\/uploads\/2017\/06\/Jogove-predstaveni-2017-4-150x150.jpg\" data-srcset=\"https:\/\/www.yoga-federation.eu\/wp-content\/uploads\/2017\/06\/Jogove-predstaveni-2017-4-66x66.jpg 66w, https:\/\/www.yoga-federation.eu\/wp-content\/uploads\/2017\/06\/Jogove-predstaveni-2017-4-150x150.jpg 150w\" data-sizes=\"auto\" \/><\/a>\n\t\t\t<\/dt><\/dl><br style=\"clear: both\" \/>\n\t\t<\/div>\n\n<p><span style=\"color: #000080;\">Zdrav\u00ed a zdatnost \u010dlov\u011bka jsou p\u0159edpokladem osobn\u00edho \u0161t\u011bst\u00ed, spokojenosti a kvality \u017eivota.<\/span><\/p>\n<p><span style=\"color: #000080;\">V souladu s\u00a0t\u00edm, nab\u00edz\u00edme v\u0161em ob\u010dan\u016fm je\u0161t\u011b jeden modern\u00ed a nadm\u00edru efektivn\u00ed druh motivace, jak prost\u0159ednictv\u00edm j\u00f3gy p\u0159ijmout zdrav\u00e9 \u017eivotn\u00ed n\u00e1vyky, a sice ten, \u017ee se vrstevn\u00edk\u016fm praktikuj\u00edc\u00edch dostane dobr\u00e9ho p\u0159\u00edkladu, jak lze zdrav\u00fdm \u017eivotn\u00edm stylem odol\u00e1vat mnoha\u010detn\u00fdm p\u0159ek\u00e1\u017ek\u00e1m, kter\u00e9 dnes lid\u00e9 tr\u00e1p\u00ed.<\/span><\/p>\n<p><span style=\"color: #000080;\">Velk\u00e9 evropsk\u00e9 p\u0159edstaven\u00ed si klade za c\u00edl podporovat lidsk\u00e9 hodnoty a zdrav\u00fd \u017eivotn\u00ed styl prost\u0159ednictv\u00edm fyzick\u00e9 aktivity a cvi\u010den\u00ed. Toto je p\u00e1t\u00fd rok v \u0159ad\u011b, kdy je evropsk\u00e9 p\u0159edstaven\u00ed po\u0159\u00e1d\u00e1no s \u00famyslem, \u017ee ka\u017ed\u00fd rok p\u0159ibudou dal\u0161\u00ed evropsk\u00e1 m\u011bsta a v\u011bt\u0161\u00ed po\u010det \u00fa\u010dastn\u00edk\u016f.<\/span><\/p>\n<p><span style=\"color: #000080;\">Vezm\u011bte si s sebou podlo\u017eku a p\u0159ipojte se! Seri\u00e1l Pozdrav slunci ukon\u010d\u00ed Art joga similiris, kter\u00e1 v sob\u011b spojuje senzibilitu j\u00f3gy a um\u011bn\u00ed pohybu.<\/span><\/p>\n<p><span style=\"color: #000080;\">\u00da\u010cAST V P\u0158EDSTAVEN\u00cd JE ZDARMA.\u00a0<em>P\u0159ipojte se!<\/em><\/span><\/p>\n<p><span style=\"color: #000080;\">Info:<\/span> <a href=\"mailto:yoga.yfe@gmail.com\">yoga.yfe@gmail.com<\/a><\/p>\n<p><span style=\"color: #000080;\">Medi\u00e1ln\u00ed podpora:<\/span><\/p>\n<p><a href=\"https:\/\/www.yoga-federation.eu\/wp-content\/uploads\/2017\/05\/kudyznudy-RGB.jpg\"><img loading=\"lazy\" decoding=\"async\" class=\"lazyload alignnone wp-image-2009 size-medium\" src=\"https:\/\/www.yoga-federation.eu\/wp-content\/uploads\/2017\/05\/kudyznudy-RGB-300x50.jpg\" data-orig-src=\"https:\/\/www.yoga-federation.eu\/wp-content\/uploads\/2017\/05\/kudyznudy-RGB-300x50.jpg\" alt=\"\" width=\"300\" height=\"50\" srcset=\"data:image\/svg+xml,%3Csvg%20xmlns%3D%27http%3A%2F%2Fwww.w3.org%2F2000%2Fsvg%27%20width%3D%27300%27%20height%3D%2750%27%20viewBox%3D%270%200%20300%2050%27%3E%3Crect%20width%3D%27300%27%20height%3D%27350%27%20fill-opacity%3D%220%22%2F%3E%3C%2Fsvg%3E\" data-srcset=\"https:\/\/www.yoga-federation.eu\/wp-content\/uploads\/2017\/05\/kudyznudy-RGB-200x33.jpg 200w, https:\/\/www.yoga-federation.eu\/wp-content\/uploads\/2017\/05\/kudyznudy-RGB-300x50.jpg 300w, https:\/\/www.yoga-federation.eu\/wp-content\/uploads\/2017\/05\/kudyznudy-RGB-400x67.jpg 400w, https:\/\/www.yoga-federation.eu\/wp-content\/uploads\/2017\/05\/kudyznudy-RGB.jpg 478w\" data-sizes=\"auto\" data-orig-sizes=\"auto, (max-width: 300px) 100vw, 300px\" \/><\/a><\/p>\n<\/div><div class=\"fusion-clearfix\"><\/div><\/div><\/div><\/div><\/div>\n","protected":false},"excerpt":{"rendered":"","protected":false},"author":6,"featured_media":2184,"comment_status":"closed","ping_status":"open","sticky":false,"template":"","format":"standard","meta":{"footnotes":""},"categories":[72,47],"tags":[],"class_list":["post-3174","post","type-post","status-publish","format-standard","has-post-thumbnail","hentry","category-aktivity-v-roce-2018","category-jogove-predstaveni"],"yoast_head":"<!-- This site is optimized with the Yoast SEO plugin v27.4 - https:\/\/yoast.com\/product\/yoast-seo-wordpress\/ -->\n<title>Velk\u00e9 evropsk\u00e9 j\u00f3gov\u00e9 p\u0159edstaven\u00ed v Praze, 2018 - Yoga Federation of Europe<\/title>\n<meta name=\"description\" content=\"EVROPSK\u00c1 FEDERACE J\u00d3GY V\u00c1S ZVE K \u00da\u010cASTI NA VELK\u00c9 J\u00d3G\u00d3VE P\u0158EDSTAVEN\u00cd P\u0158I P\u0158\u00cdLE\u017dITOSTI MEZIN\u00c1RODN\u00cdHO DNE J\u00d3GY Dne 21. \u010dervna 2018 od 18:00 hodin, na n\u00e1m. V\u00e1clava Havla, Praha 1 P\u0158IPOJTE SE!\" \/>\n<meta name=\"robots\" content=\"index, follow, max-snippet:-1, max-image-preview:large, max-video-preview:-1\" \/>\n<link rel=\"canonical\" href=\"https:\/\/www.yoga-federation.eu\/cz\/velke-evropske-jogove-predstaveni-v-praze-2018\/\" \/>\n<meta property=\"og:locale\" content=\"en_US\" \/>\n<meta property=\"og:type\" content=\"article\" \/>\n<meta property=\"og:title\" content=\"Velk\u00e9 evropsk\u00e9 j\u00f3gov\u00e9 p\u0159edstaven\u00ed v Praze, 2018 - Yoga Federation of Europe\" \/>\n<meta property=\"og:description\" content=\"EVROPSK\u00c1 FEDERACE J\u00d3GY V\u00c1S ZVE K \u00da\u010cASTI NA VELK\u00c9 J\u00d3G\u00d3VE P\u0158EDSTAVEN\u00cd P\u0158I P\u0158\u00cdLE\u017dITOSTI MEZIN\u00c1RODN\u00cdHO DNE J\u00d3GY Dne 21. \u010dervna 2018 od 18:00 hodin, na n\u00e1m. V\u00e1clava Havla, Praha 1 P\u0158IPOJTE SE!\" \/>\n<meta property=\"og:url\" content=\"https:\/\/www.yoga-federation.eu\/cz\/velke-evropske-jogove-predstaveni-v-praze-2018\/\" \/>\n<meta property=\"og:site_name\" content=\"Yoga Federation of Europe\" \/>\n<meta property=\"article:published_time\" content=\"2018-05-10T16:11:57+00:00\" \/>\n<meta property=\"article:modified_time\" content=\"2019-01-19T10:40:33+00:00\" \/>\n<meta property=\"og:image\" content=\"https:\/\/www.yoga-federation.eu\/wp-content\/uploads\/2017\/06\/Jogove-predstaveni-2017.jpg\" \/>\n\t<meta property=\"og:image:width\" content=\"1433\" \/>\n\t<meta property=\"og:image:height\" content=\"1008\" \/>\n\t<meta property=\"og:image:type\" content=\"image\/jpeg\" \/>\n<meta name=\"author\" content=\"YFE\" \/>\n<meta name=\"twitter:card\" content=\"summary_large_image\" \/>\n<meta name=\"twitter:label1\" content=\"Written by\" \/>\n\t<meta name=\"twitter:data1\" content=\"YFE\" \/>\n\t<meta name=\"twitter:label2\" content=\"Est. reading time\" \/>\n\t<meta name=\"twitter:data2\" content=\"3 minutes\" \/>\n<script type=\"application\/ld+json\" class=\"yoast-schema-graph\">{\"@context\":\"https:\\\/\\\/schema.org\",\"@graph\":[{\"@type\":\"Article\",\"@id\":\"https:\\\/\\\/www.yoga-federation.eu\\\/cz\\\/velke-evropske-jogove-predstaveni-v-praze-2018\\\/#article\",\"isPartOf\":{\"@id\":\"https:\\\/\\\/www.yoga-federation.eu\\\/cz\\\/velke-evropske-jogove-predstaveni-v-praze-2018\\\/\"},\"author\":{\"name\":\"YFE\",\"@id\":\"https:\\\/\\\/www.yoga-federation.eu\\\/#\\\/schema\\\/person\\\/c70b5a8f7323477f70814bd277cc9105\"},\"headline\":\"Velk\u00e9 evropsk\u00e9 j\u00f3gov\u00e9 p\u0159edstaven\u00ed v Praze, 2018\",\"datePublished\":\"2018-05-10T16:11:57+00:00\",\"dateModified\":\"2019-01-19T10:40:33+00:00\",\"mainEntityOfPage\":{\"@id\":\"https:\\\/\\\/www.yoga-federation.eu\\\/cz\\\/velke-evropske-jogove-predstaveni-v-praze-2018\\\/\"},\"wordCount\":644,\"image\":{\"@id\":\"https:\\\/\\\/www.yoga-federation.eu\\\/cz\\\/velke-evropske-jogove-predstaveni-v-praze-2018\\\/#primaryimage\"},\"thumbnailUrl\":\"https:\\\/\\\/www.yoga-federation.eu\\\/wp-content\\\/uploads\\\/2017\\\/06\\\/Jogove-predstaveni-2017.jpg\",\"articleSection\":[\"Aktivity v roce 2018\",\"J\u00f3gov\u00e9 p\u0159edstaven\u00ed\"],\"inLanguage\":\"cz-CZ\"},{\"@type\":\"WebPage\",\"@id\":\"https:\\\/\\\/www.yoga-federation.eu\\\/cz\\\/velke-evropske-jogove-predstaveni-v-praze-2018\\\/\",\"url\":\"https:\\\/\\\/www.yoga-federation.eu\\\/cz\\\/velke-evropske-jogove-predstaveni-v-praze-2018\\\/\",\"name\":\"Velk\u00e9 evropsk\u00e9 j\u00f3gov\u00e9 p\u0159edstaven\u00ed v Praze, 2018 - Yoga Federation of Europe\",\"isPartOf\":{\"@id\":\"https:\\\/\\\/www.yoga-federation.eu\\\/#website\"},\"primaryImageOfPage\":{\"@id\":\"https:\\\/\\\/www.yoga-federation.eu\\\/cz\\\/velke-evropske-jogove-predstaveni-v-praze-2018\\\/#primaryimage\"},\"image\":{\"@id\":\"https:\\\/\\\/www.yoga-federation.eu\\\/cz\\\/velke-evropske-jogove-predstaveni-v-praze-2018\\\/#primaryimage\"},\"thumbnailUrl\":\"https:\\\/\\\/www.yoga-federation.eu\\\/wp-content\\\/uploads\\\/2017\\\/06\\\/Jogove-predstaveni-2017.jpg\",\"datePublished\":\"2018-05-10T16:11:57+00:00\",\"dateModified\":\"2019-01-19T10:40:33+00:00\",\"author\":{\"@id\":\"https:\\\/\\\/www.yoga-federation.eu\\\/#\\\/schema\\\/person\\\/c70b5a8f7323477f70814bd277cc9105\"},\"description\":\"EVROPSK\u00c1 FEDERACE J\u00d3GY V\u00c1S ZVE K \u00da\u010cASTI NA VELK\u00c9 J\u00d3G\u00d3VE P\u0158EDSTAVEN\u00cd P\u0158I P\u0158\u00cdLE\u017dITOSTI MEZIN\u00c1RODN\u00cdHO DNE J\u00d3GY Dne 21. \u010dervna 2018 od 18:00 hodin, na n\u00e1m. V\u00e1clava Havla, Praha 1 P\u0158IPOJTE SE!\",\"breadcrumb\":{\"@id\":\"https:\\\/\\\/www.yoga-federation.eu\\\/cz\\\/velke-evropske-jogove-predstaveni-v-praze-2018\\\/#breadcrumb\"},\"inLanguage\":\"cz-CZ\",\"potentialAction\":[{\"@type\":\"ReadAction\",\"target\":[\"https:\\\/\\\/www.yoga-federation.eu\\\/cz\\\/velke-evropske-jogove-predstaveni-v-praze-2018\\\/\"]}]},{\"@type\":\"ImageObject\",\"inLanguage\":\"cz-CZ\",\"@id\":\"https:\\\/\\\/www.yoga-federation.eu\\\/cz\\\/velke-evropske-jogove-predstaveni-v-praze-2018\\\/#primaryimage\",\"url\":\"https:\\\/\\\/www.yoga-federation.eu\\\/wp-content\\\/uploads\\\/2017\\\/06\\\/Jogove-predstaveni-2017.jpg\",\"contentUrl\":\"https:\\\/\\\/www.yoga-federation.eu\\\/wp-content\\\/uploads\\\/2017\\\/06\\\/Jogove-predstaveni-2017.jpg\",\"width\":1433,\"height\":1008,\"caption\":\"Jogove predstaveni-2017\"},{\"@type\":\"BreadcrumbList\",\"@id\":\"https:\\\/\\\/www.yoga-federation.eu\\\/cz\\\/velke-evropske-jogove-predstaveni-v-praze-2018\\\/#breadcrumb\",\"itemListElement\":[{\"@type\":\"ListItem\",\"position\":1,\"name\":\"Home\",\"item\":\"https:\\\/\\\/www.yoga-federation.eu\\\/cz\\\/\"},{\"@type\":\"ListItem\",\"position\":2,\"name\":\"Velk\u00e9 evropsk\u00e9 j\u00f3gov\u00e9 p\u0159edstaven\u00ed v Praze, 2018\"}]},{\"@type\":\"WebSite\",\"@id\":\"https:\\\/\\\/www.yoga-federation.eu\\\/#website\",\"url\":\"https:\\\/\\\/www.yoga-federation.eu\\\/\",\"name\":\"Yoga Federation of Europe\",\"description\":\"Yoga in Europe\",\"potentialAction\":[{\"@type\":\"SearchAction\",\"target\":{\"@type\":\"EntryPoint\",\"urlTemplate\":\"https:\\\/\\\/www.yoga-federation.eu\\\/?s={search_term_string}\"},\"query-input\":{\"@type\":\"PropertyValueSpecification\",\"valueRequired\":true,\"valueName\":\"search_term_string\"}}],\"inLanguage\":\"cz-CZ\"},{\"@type\":\"Person\",\"@id\":\"https:\\\/\\\/www.yoga-federation.eu\\\/#\\\/schema\\\/person\\\/c70b5a8f7323477f70814bd277cc9105\",\"name\":\"YFE\",\"image\":{\"@type\":\"ImageObject\",\"inLanguage\":\"cz-CZ\",\"@id\":\"https:\\\/\\\/secure.gravatar.com\\\/avatar\\\/64f6beecfc59c339d337f0a16c80bfc143a5e623923f6f42beb67b25788f3e50?s=96&d=mm&r=g\",\"url\":\"https:\\\/\\\/secure.gravatar.com\\\/avatar\\\/64f6beecfc59c339d337f0a16c80bfc143a5e623923f6f42beb67b25788f3e50?s=96&d=mm&r=g\",\"contentUrl\":\"https:\\\/\\\/secure.gravatar.com\\\/avatar\\\/64f6beecfc59c339d337f0a16c80bfc143a5e623923f6f42beb67b25788f3e50?s=96&d=mm&r=g\",\"caption\":\"YFE\"},\"url\":\"https:\\\/\\\/www.yoga-federation.eu\\\/cz\\\/author\\\/ana\\\/\"}]}<\/script>\n<!-- \/ Yoast SEO plugin. -->","yoast_head_json":{"title":"Velk\u00e9 evropsk\u00e9 j\u00f3gov\u00e9 p\u0159edstaven\u00ed v Praze, 2018 - Yoga Federation of Europe","description":"EVROPSK\u00c1 FEDERACE J\u00d3GY V\u00c1S ZVE K \u00da\u010cASTI NA VELK\u00c9 J\u00d3G\u00d3VE P\u0158EDSTAVEN\u00cd P\u0158I P\u0158\u00cdLE\u017dITOSTI MEZIN\u00c1RODN\u00cdHO DNE J\u00d3GY Dne 21. \u010dervna 2018 od 18:00 hodin, na n\u00e1m. V\u00e1clava Havla, Praha 1 P\u0158IPOJTE SE!","robots":{"index":"index","follow":"follow","max-snippet":"max-snippet:-1","max-image-preview":"max-image-preview:large","max-video-preview":"max-video-preview:-1"},"canonical":"https:\/\/www.yoga-federation.eu\/cz\/velke-evropske-jogove-predstaveni-v-praze-2018\/","og_locale":"en_US","og_type":"article","og_title":"Velk\u00e9 evropsk\u00e9 j\u00f3gov\u00e9 p\u0159edstaven\u00ed v Praze, 2018 - Yoga Federation of Europe","og_description":"EVROPSK\u00c1 FEDERACE J\u00d3GY V\u00c1S ZVE K \u00da\u010cASTI NA VELK\u00c9 J\u00d3G\u00d3VE P\u0158EDSTAVEN\u00cd P\u0158I P\u0158\u00cdLE\u017dITOSTI MEZIN\u00c1RODN\u00cdHO DNE J\u00d3GY Dne 21. \u010dervna 2018 od 18:00 hodin, na n\u00e1m. V\u00e1clava Havla, Praha 1 P\u0158IPOJTE SE!","og_url":"https:\/\/www.yoga-federation.eu\/cz\/velke-evropske-jogove-predstaveni-v-praze-2018\/","og_site_name":"Yoga Federation of Europe","article_published_time":"2018-05-10T16:11:57+00:00","article_modified_time":"2019-01-19T10:40:33+00:00","og_image":[{"width":1433,"height":1008,"url":"https:\/\/www.yoga-federation.eu\/wp-content\/uploads\/2017\/06\/Jogove-predstaveni-2017.jpg","type":"image\/jpeg"}],"author":"YFE","twitter_card":"summary_large_image","twitter_misc":{"Written by":"YFE","Est. reading time":"3 minutes"},"schema":{"@context":"https:\/\/schema.org","@graph":[{"@type":"Article","@id":"https:\/\/www.yoga-federation.eu\/cz\/velke-evropske-jogove-predstaveni-v-praze-2018\/#article","isPartOf":{"@id":"https:\/\/www.yoga-federation.eu\/cz\/velke-evropske-jogove-predstaveni-v-praze-2018\/"},"author":{"name":"YFE","@id":"https:\/\/www.yoga-federation.eu\/#\/schema\/person\/c70b5a8f7323477f70814bd277cc9105"},"headline":"Velk\u00e9 evropsk\u00e9 j\u00f3gov\u00e9 p\u0159edstaven\u00ed v Praze, 2018","datePublished":"2018-05-10T16:11:57+00:00","dateModified":"2019-01-19T10:40:33+00:00","mainEntityOfPage":{"@id":"https:\/\/www.yoga-federation.eu\/cz\/velke-evropske-jogove-predstaveni-v-praze-2018\/"},"wordCount":644,"image":{"@id":"https:\/\/www.yoga-federation.eu\/cz\/velke-evropske-jogove-predstaveni-v-praze-2018\/#primaryimage"},"thumbnailUrl":"https:\/\/www.yoga-federation.eu\/wp-content\/uploads\/2017\/06\/Jogove-predstaveni-2017.jpg","articleSection":["Aktivity v roce 2018","J\u00f3gov\u00e9 p\u0159edstaven\u00ed"],"inLanguage":"cz-CZ"},{"@type":"WebPage","@id":"https:\/\/www.yoga-federation.eu\/cz\/velke-evropske-jogove-predstaveni-v-praze-2018\/","url":"https:\/\/www.yoga-federation.eu\/cz\/velke-evropske-jogove-predstaveni-v-praze-2018\/","name":"Velk\u00e9 evropsk\u00e9 j\u00f3gov\u00e9 p\u0159edstaven\u00ed v Praze, 2018 - Yoga Federation of Europe","isPartOf":{"@id":"https:\/\/www.yoga-federation.eu\/#website"},"primaryImageOfPage":{"@id":"https:\/\/www.yoga-federation.eu\/cz\/velke-evropske-jogove-predstaveni-v-praze-2018\/#primaryimage"},"image":{"@id":"https:\/\/www.yoga-federation.eu\/cz\/velke-evropske-jogove-predstaveni-v-praze-2018\/#primaryimage"},"thumbnailUrl":"https:\/\/www.yoga-federation.eu\/wp-content\/uploads\/2017\/06\/Jogove-predstaveni-2017.jpg","datePublished":"2018-05-10T16:11:57+00:00","dateModified":"2019-01-19T10:40:33+00:00","author":{"@id":"https:\/\/www.yoga-federation.eu\/#\/schema\/person\/c70b5a8f7323477f70814bd277cc9105"},"description":"EVROPSK\u00c1 FEDERACE J\u00d3GY V\u00c1S ZVE K \u00da\u010cASTI NA VELK\u00c9 J\u00d3G\u00d3VE P\u0158EDSTAVEN\u00cd P\u0158I P\u0158\u00cdLE\u017dITOSTI MEZIN\u00c1RODN\u00cdHO DNE J\u00d3GY Dne 21. \u010dervna 2018 od 18:00 hodin, na n\u00e1m. V\u00e1clava Havla, Praha 1 P\u0158IPOJTE SE!","breadcrumb":{"@id":"https:\/\/www.yoga-federation.eu\/cz\/velke-evropske-jogove-predstaveni-v-praze-2018\/#breadcrumb"},"inLanguage":"cz-CZ","potentialAction":[{"@type":"ReadAction","target":["https:\/\/www.yoga-federation.eu\/cz\/velke-evropske-jogove-predstaveni-v-praze-2018\/"]}]},{"@type":"ImageObject","inLanguage":"cz-CZ","@id":"https:\/\/www.yoga-federation.eu\/cz\/velke-evropske-jogove-predstaveni-v-praze-2018\/#primaryimage","url":"https:\/\/www.yoga-federation.eu\/wp-content\/uploads\/2017\/06\/Jogove-predstaveni-2017.jpg","contentUrl":"https:\/\/www.yoga-federation.eu\/wp-content\/uploads\/2017\/06\/Jogove-predstaveni-2017.jpg","width":1433,"height":1008,"caption":"Jogove predstaveni-2017"},{"@type":"BreadcrumbList","@id":"https:\/\/www.yoga-federation.eu\/cz\/velke-evropske-jogove-predstaveni-v-praze-2018\/#breadcrumb","itemListElement":[{"@type":"ListItem","position":1,"name":"Home","item":"https:\/\/www.yoga-federation.eu\/cz\/"},{"@type":"ListItem","position":2,"name":"Velk\u00e9 evropsk\u00e9 j\u00f3gov\u00e9 p\u0159edstaven\u00ed v Praze, 2018"}]},{"@type":"WebSite","@id":"https:\/\/www.yoga-federation.eu\/#website","url":"https:\/\/www.yoga-federation.eu\/","name":"Yoga Federation of Europe","description":"Yoga in Europe","potentialAction":[{"@type":"SearchAction","target":{"@type":"EntryPoint","urlTemplate":"https:\/\/www.yoga-federation.eu\/?s={search_term_string}"},"query-input":{"@type":"PropertyValueSpecification","valueRequired":true,"valueName":"search_term_string"}}],"inLanguage":"cz-CZ"},{"@type":"Person","@id":"https:\/\/www.yoga-federation.eu\/#\/schema\/person\/c70b5a8f7323477f70814bd277cc9105","name":"YFE","image":{"@type":"ImageObject","inLanguage":"cz-CZ","@id":"https:\/\/secure.gravatar.com\/avatar\/64f6beecfc59c339d337f0a16c80bfc143a5e623923f6f42beb67b25788f3e50?s=96&d=mm&r=g","url":"https:\/\/secure.gravatar.com\/avatar\/64f6beecfc59c339d337f0a16c80bfc143a5e623923f6f42beb67b25788f3e50?s=96&d=mm&r=g","contentUrl":"https:\/\/secure.gravatar.com\/avatar\/64f6beecfc59c339d337f0a16c80bfc143a5e623923f6f42beb67b25788f3e50?s=96&d=mm&r=g","caption":"YFE"},"url":"https:\/\/www.yoga-federation.eu\/cz\/author\/ana\/"}]}},"_links":{"self":[{"href":"https:\/\/www.yoga-federation.eu\/cz\/wp-json\/wp\/v2\/posts\/3174","targetHints":{"allow":["GET"]}}],"collection":[{"href":"https:\/\/www.yoga-federation.eu\/cz\/wp-json\/wp\/v2\/posts"}],"about":[{"href":"https:\/\/www.yoga-federation.eu\/cz\/wp-json\/wp\/v2\/types\/post"}],"author":[{"embeddable":true,"href":"https:\/\/www.yoga-federation.eu\/cz\/wp-json\/wp\/v2\/users\/6"}],"replies":[{"embeddable":true,"href":"https:\/\/www.yoga-federation.eu\/cz\/wp-json\/wp\/v2\/comments?post=3174"}],"version-history":[{"count":0,"href":"https:\/\/www.yoga-federation.eu\/cz\/wp-json\/wp\/v2\/posts\/3174\/revisions"}],"wp:featuredmedia":[{"embeddable":true,"href":"https:\/\/www.yoga-federation.eu\/cz\/wp-json\/wp\/v2\/media\/2184"}],"wp:attachment":[{"href":"https:\/\/www.yoga-federation.eu\/cz\/wp-json\/wp\/v2\/media?parent=3174"}],"wp:term":[{"taxonomy":"category","embeddable":true,"href":"https:\/\/www.yoga-federation.eu\/cz\/wp-json\/wp\/v2\/categories?post=3174"},{"taxonomy":"post_tag","embeddable":true,"href":"https:\/\/www.yoga-federation.eu\/cz\/wp-json\/wp\/v2\/tags?post=3174"}],"curies":[{"name":"wp","href":"https:\/\/api.w.org\/{rel}","templated":true}]}}