{"id":2921,"date":"2018-01-29T19:17:32","date_gmt":"2018-01-29T19:17:32","guid":{"rendered":"https:\/\/www.yoga-federation.eu\/?p=2921"},"modified":"2023-12-30T22:33:24","modified_gmt":"2023-12-30T22:33:24","slug":"retreat-svetlost-jogy-palma-de-mallorca","status":"publish","type":"post","link":"https:\/\/www.yoga-federation.eu\/cz\/retreat-svetlost-jogy-palma-de-mallorca\/","title":{"rendered":"Retreat Sv\u011btlost j\u00f3gy \u2013 Palma de Mallorca"},"content":{"rendered":"<div class=\"fusion-fullwidth fullwidth-box fusion-builder-row-1 nonhundred-percent-fullwidth non-hundred-percent-height-scrolling\" style=\"background-color: rgba(255,255,255,0);background-position: center center;background-repeat: no-repeat;padding-top:0px;padding-right:0px;padding-bottom:0px;padding-left:0px;margin-bottom: 0px;margin-top: 0px;border-width: 0px 0px 0px 0px;border-color:#eae9e9;border-style:solid;\" ><div class=\"fusion-builder-row fusion-row\"><div class=\"fusion-layout-column fusion_builder_column fusion-builder-column-0 fusion_builder_column_1_1 1_1 fusion-one-full fusion-column-first fusion-column-last\" style=\"margin-top:0px;margin-bottom:20px;\"><div class=\"fusion-column-wrapper fusion-flex-column-wrapper-legacy\" style=\"background-position:left top;background-repeat:no-repeat;-webkit-background-size:cover;-moz-background-size:cover;-o-background-size:cover;background-size:cover;padding: 0px 0px 0px 0px;\"><div class=\"fusion-text fusion-text-1\"><h3 style=\"text-align: center;\"><span style=\"color: #0000ff;\"><strong>SV\u011aTLOST J\u00d3GY \u2013 RETREAT<\/strong><\/span><\/h3>\n<h3 style=\"text-align: center;\"><span style=\"color: #0000ff;\"><strong>EVROPSK\u00c1 FEDERACE J\u00d3GY V\u00c1S ZVE NA<\/strong><\/span><\/h3>\n<h3 style=\"text-align: center;\"><span style=\"color: #0000ff;\"><strong>\u201ePR\u00c1ZDNINY J\u00d3GA DETOX\u201c VE \u0160PAN\u011aLSKU<\/strong><\/span><\/h3>\n<h3 style=\"text-align: center;\"><span style=\"color: #0000ff;\"><strong>V PALMA DE MALLORCA<\/strong><\/span><\/h3>\n<h3 style=\"text-align: center;\"><span style=\"color: #0000ff;\"><strong>J\u00d3GA \u2013 ODPO\u010cINEK \u2013 MO\u0158E<\/strong><\/span><br \/>\n<span style=\"color: #0000ff;\"> <strong>24. 6 &#8211; 3. 7. 2018<\/strong><\/span><\/h3>\n<\/div><span class=\" fusion-imageframe imageframe-none imageframe-1 hover-type-none fusion-animated\" data-animationType=\"fadeInLeft\" data-animationDuration=\"0.3\" data-animationOffset=\"100%\"><img decoding=\"async\" width=\"1024\" image_height=\"575\" image_id=\"2499\" alt=\"Joga retreat\" title=\"Joga retreat\" src=\"https:\/\/www.yoga-federation.eu\/wp-content\/uploads\/2017\/10\/Joga-retreat-na-Kanarske-ostrovy-s-Evropskou-federeaci-jogy-2018.jpg\" data-orig-src=\"https:\/\/www.yoga-federation.eu\/wp-content\/uploads\/2017\/10\/Joga-retreat-na-Kanarske-ostrovy-s-Evropskou-federeaci-jogy-2018-1024x575.jpg\" class=\"lazyload img-responsive wp-image-2499\" srcset=\"data:image\/svg+xml,%3Csvg%20xmlns%3D%27http%3A%2F%2Fwww.w3.org%2F2000%2Fsvg%27%20width%3D%271600%27%20height%3D%27899%27%20viewBox%3D%270%200%201600%20899%27%3E%3Crect%20width%3D%271600%27%20height%3D%273899%27%20fill-opacity%3D%220%22%2F%3E%3C%2Fsvg%3E\" data-srcset=\"https:\/\/www.yoga-federation.eu\/wp-content\/uploads\/2017\/10\/Joga-retreat-na-Kanarske-ostrovy-s-Evropskou-federeaci-jogy-2018-200x112.jpg 200w, https:\/\/www.yoga-federation.eu\/wp-content\/uploads\/2017\/10\/Joga-retreat-na-Kanarske-ostrovy-s-Evropskou-federeaci-jogy-2018-400x225.jpg 400w, https:\/\/www.yoga-federation.eu\/wp-content\/uploads\/2017\/10\/Joga-retreat-na-Kanarske-ostrovy-s-Evropskou-federeaci-jogy-2018-600x337.jpg 600w, https:\/\/www.yoga-federation.eu\/wp-content\/uploads\/2017\/10\/Joga-retreat-na-Kanarske-ostrovy-s-Evropskou-federeaci-jogy-2018-800x450.jpg 800w, https:\/\/www.yoga-federation.eu\/wp-content\/uploads\/2017\/10\/Joga-retreat-na-Kanarske-ostrovy-s-Evropskou-federeaci-jogy-2018-1200x674.jpg 1200w, https:\/\/www.yoga-federation.eu\/wp-content\/uploads\/2017\/10\/Joga-retreat-na-Kanarske-ostrovy-s-Evropskou-federeaci-jogy-2018.jpg 1600w\" data-sizes=\"auto\" data-orig-sizes=\"(max-width: 800px) 100vw, 1200px\" \/><\/span><div class=\"fusion-section-separator section-separator triangle fusion-section-separator-1\"><div class=\"fusion-section-separator-svg\" style=\"border-top:3px solid #f6f6f6;margin-left: 0px;margin-right: 0px;\"><div class=\"section-separator-icon icon fa fa-heart\" style=\"color:#1502e8;top:-13px;\" aria-hidden=\"true\"><\/div><div class=\"divider-candy-arrow top\" style=\"bottom:3px;border-bottom-color: #f6f6f6;\"><\/div><div class=\"divider-candy top\" style=\"top:-23px;border-bottom:1px solid #f6f6f6;border-left:1px solid #f6f6f6;\"><\/div><\/div><div class=\"fusion-section-separator-spacer\"><div class=\"fusion-section-separator-spacer-height\" style=\"height:3px;\"><\/div><\/div><\/div><div class=\"fusion-text fusion-text-2\"><h3 style=\"text-align: center;\"><span style=\"color: #0000ff;\">Can Pastilla, Hotel Roc Linda<\/span><\/h3>\n<p style=\"text-align: center;\"><strong><span style=\"color: #0000ff;\">J\u00f3ga semin\u00e1\u0159: Sv\u011btlost j\u00f3gy<\/span><\/strong><\/p>\n<p style=\"text-align: center;\"><span style=\"color: #0000ff;\">\u00da\u010dast\u00ed na j\u00f3ga semin\u00e1\u0159i obnov\u00edte sv\u00e9 zdrav\u00ed a vr\u00e1t\u00edte se dom\u016f jako znovuzrozen\u00ed a s\u00a0\u00fasm\u011bvem na tv\u00e1\u0159i. Ud\u011blejte svoji dovolenou u\u017eite\u010dnou. Poznejte svoji vnit\u0159n\u00ed radost a kr\u00e1su. Vym\u011b\u0148te pasivn\u00ed konzumn\u00ed dovolenou za aktivn\u00ed j\u00f3ga ml\u00e1dnut\u00ed. O\u010dist\u00edte sv\u00e9 t\u011blo od toxick\u00fdch materi\u00e1l\u016f a z\u00a0psych\u00e9 odstran\u00edte starosti, deprese, nap\u011bt\u00ed a \u017e\u00e1rlivost.\u00a0J\u00f3ga semin\u00e1\u0159 se uskute\u010dn\u00ed v o\u00e1ze\u00a0p\u0159ekr\u00e1sn\u00e9 a nezapomenuteln\u00e9 p\u0159\u00edrody za p\u0159\u00edtomnosti praktikuj\u00edc\u00edch j\u00f3gy a milovn\u00edk\u016f j\u00f3gy z\u00a0cel\u00e9ho sv\u011bta. <\/span><\/p>\n<p style=\"text-align: center;\"><span style=\"color: #0000ff;\">J\u00f3ga semin\u00e1\u0159 zahrnuje: satsang j\u00f3gu a iniciaci ze strany U\u010ditele, praktikov\u00e1n\u00ed j\u00f3gov\u00fdch \u00e1s\u00e1n, pr\u00e1n\u00e1j\u00e1mu, m\u00fadry, meditace, energetick\u00fd detox, meditativn\u00ed proch\u00e1zky a radostn\u00e1 setk\u00e1v\u00e1n\u00ed na pl\u00e1\u017e\u00edch Palma de Mallorca.\u00a0\u00dachvatn\u00e9 prost\u0159ed\u00ed mo\u0159e, m\u00edrn\u00e9 klima a n\u00e1dhern\u00e1 panoramata povedou k\u00a0tomu, \u017ee se dovolen\u00e1 spojen\u00e1 s\u00a0praktikov\u00e1n\u00edm j\u00f3gy stane jedine\u010dn\u00fdm \u017eivotn\u00edm z\u00e1\u017eitkem.\u00a0<\/span><\/p>\n<p style=\"text-align: center;\"><span style=\"color: #0000ff;\">J\u00f3ga semin\u00e1\u0159 prob\u00edh\u00e1 v\u00a0\u010de\u0161tin\u011b, angli\u010dtin\u011b a n\u011bm\u010din\u011b.<\/span><\/p>\n<p style=\"text-align: center;\"><span style=\"color: #0000ff;\">Pozn\u00e1mka:\u00a0J\u00f3ga semin\u00e1\u0159 je p\u0159izp\u016fsoben za\u010d\u00e1te\u010dn\u00edk\u016fm i pokro\u010dil\u00fdm instruktor\u016fm j\u00f3gy.<\/span><span style=\"color: #0000ff;\">\u00a0<\/span><\/p>\n<p><a href=\"https:\/\/www.yoga-federation.eu\/wp-content\/uploads\/2018\/01\/Palma-de-Mallorca-Yoga-Retreat-YFE-2018.jpg\"><img loading=\"lazy\" decoding=\"async\" class=\"lazyload size-full wp-image-3160 aligncenter\" src=\"https:\/\/www.yoga-federation.eu\/wp-content\/uploads\/2018\/01\/Palma-de-Mallorca-Yoga-Retreat-YFE-2018.jpg\" data-orig-src=\"https:\/\/www.yoga-federation.eu\/wp-content\/uploads\/2018\/01\/Palma-de-Mallorca-Yoga-Retreat-YFE-2018.jpg\" alt=\"Yoga Retreat Palma de Mallorca\" width=\"901\" height=\"453\" srcset=\"data:image\/svg+xml,%3Csvg%20xmlns%3D%27http%3A%2F%2Fwww.w3.org%2F2000%2Fsvg%27%20width%3D%27901%27%20height%3D%27453%27%20viewBox%3D%270%200%20901%20453%27%3E%3Crect%20width%3D%27901%27%20height%3D%273453%27%20fill-opacity%3D%220%22%2F%3E%3C%2Fsvg%3E\" data-srcset=\"https:\/\/www.yoga-federation.eu\/wp-content\/uploads\/2018\/01\/Palma-de-Mallorca-Yoga-Retreat-YFE-2018-200x101.jpg 200w, https:\/\/www.yoga-federation.eu\/wp-content\/uploads\/2018\/01\/Palma-de-Mallorca-Yoga-Retreat-YFE-2018-300x151.jpg 300w, https:\/\/www.yoga-federation.eu\/wp-content\/uploads\/2018\/01\/Palma-de-Mallorca-Yoga-Retreat-YFE-2018-400x201.jpg 400w, https:\/\/www.yoga-federation.eu\/wp-content\/uploads\/2018\/01\/Palma-de-Mallorca-Yoga-Retreat-YFE-2018-540x272.jpg 540w, https:\/\/www.yoga-federation.eu\/wp-content\/uploads\/2018\/01\/Palma-de-Mallorca-Yoga-Retreat-YFE-2018-600x302.jpg 600w, https:\/\/www.yoga-federation.eu\/wp-content\/uploads\/2018\/01\/Palma-de-Mallorca-Yoga-Retreat-YFE-2018-768x386.jpg 768w, https:\/\/www.yoga-federation.eu\/wp-content\/uploads\/2018\/01\/Palma-de-Mallorca-Yoga-Retreat-YFE-2018-800x402.jpg 800w, https:\/\/www.yoga-federation.eu\/wp-content\/uploads\/2018\/01\/Palma-de-Mallorca-Yoga-Retreat-YFE-2018.jpg 901w\" data-sizes=\"auto\" data-orig-sizes=\"auto, (max-width: 901px) 100vw, 901px\" \/><\/a><\/p>\n<p style=\"text-align: center;\"><span style=\"color: #0000ff;\">Oz\u00e1\u0159eni sv\u011btlem u\u010ditele j\u00f3gy <\/span><\/p>\n<p style=\"text-align: center;\"><span style=\"color: #0000ff;\">Semin\u00e1\u0159 j\u00f3gy vedou certifikovan\u00ed instrukto\u0159i Evropsk\u00e9 federace j\u00f3gy pod odborn\u00fdm dohledem prof. Dr. Predraga K. Niki\u0107e \u2013 mezin\u00e1rodn\u011b uzn\u00e1van\u00e9ho mistra j\u00f3gy. Oce\u0148te sami sebe nezapomenuteln\u00fdm z\u00e1\u017eitkem.\u00a0P\u0159ihla\u0161te se.<\/span><\/p>\n<p style=\"text-align: center;\"><span style=\"color: #0000ff;\">Po\u010det m\u00edst je omezen. <\/span><\/p>\n<p style=\"text-align: center;\"><span style=\"color: #0000ff;\">Info: yoga.yfe@gmail.com<\/span><\/p>\n<\/div><div class=\"fusion-clearfix\"><\/div><\/div><\/div><\/div><\/div>\n","protected":false},"excerpt":{"rendered":"","protected":false},"author":6,"featured_media":2931,"comment_status":"closed","ping_status":"open","sticky":false,"template":"","format":"standard","meta":{"footnotes":""},"categories":[72,120,40,49,50],"tags":[],"class_list":["post-2921","post","type-post","status-publish","format-standard","has-post-thumbnail","hentry","category-aktivity-v-roce-2018","category-joga-tabor","category-uncategorized-cz","category-joga-retreat","category-joga-retreat-u-more"],"yoast_head":"<!-- This site is optimized with the Yoast SEO plugin v27.4 - https:\/\/yoast.com\/product\/yoast-seo-wordpress\/ -->\n<title>Retreat Sv\u011btlost j\u00f3gy \u2013 Palma de Mallorca - Yoga Federation of Europe<\/title>\n<meta name=\"description\" content=\"SV\u011aTLOST J\u00d3GY \u2013 RETREAT Evropsk\u00e1 federace j\u00f3gy v\u00e1s zve na\u00a0 \u201ePR\u00c1ZDNINY J\u00d3GA DETOX\u201c VE \u0160PAN\u011aLSKU V Palma de Mallorca. J\u00f3ga semin\u00e1\u0159 prob\u00edh\u00e1 v\u00a0\u010de\u0161tin\u011b, angli\u010dt\" \/>\n<meta name=\"robots\" content=\"index, follow, max-snippet:-1, max-image-preview:large, max-video-preview:-1\" \/>\n<link rel=\"canonical\" href=\"https:\/\/www.yoga-federation.eu\/cz\/retreat-svetlost-jogy-palma-de-mallorca\/\" \/>\n<meta property=\"og:locale\" content=\"en_US\" \/>\n<meta property=\"og:type\" content=\"article\" \/>\n<meta property=\"og:title\" content=\"Retreat Sv\u011btlost j\u00f3gy \u2013 Palma de Mallorca - Yoga Federation of Europe\" \/>\n<meta property=\"og:description\" content=\"SV\u011aTLOST J\u00d3GY \u2013 RETREAT Evropsk\u00e1 federace j\u00f3gy v\u00e1s zve na\u00a0 \u201ePR\u00c1ZDNINY J\u00d3GA DETOX\u201c VE \u0160PAN\u011aLSKU V Palma de Mallorca. J\u00f3ga semin\u00e1\u0159 prob\u00edh\u00e1 v\u00a0\u010de\u0161tin\u011b, angli\u010dt\" \/>\n<meta property=\"og:url\" content=\"https:\/\/www.yoga-federation.eu\/cz\/retreat-svetlost-jogy-palma-de-mallorca\/\" \/>\n<meta property=\"og:site_name\" content=\"Yoga Federation of Europe\" \/>\n<meta property=\"article:published_time\" content=\"2018-01-29T19:17:32+00:00\" \/>\n<meta property=\"article:modified_time\" content=\"2023-12-30T22:33:24+00:00\" \/>\n<meta property=\"og:image\" content=\"http:\/\/www.yoga-federation.eu\/wp-content\/uploads\/2018\/01\/joga-retreat-palma-de-mallorca-2018.jpg\" \/>\n\t<meta property=\"og:image:width\" content=\"1600\" \/>\n\t<meta property=\"og:image:height\" content=\"841\" \/>\n\t<meta property=\"og:image:type\" content=\"image\/jpeg\" \/>\n<meta name=\"author\" content=\"YFE\" \/>\n<meta name=\"twitter:card\" content=\"summary_large_image\" \/>\n<meta name=\"twitter:label1\" content=\"Written by\" \/>\n\t<meta name=\"twitter:data1\" content=\"YFE\" \/>\n\t<meta name=\"twitter:label2\" content=\"Est. reading time\" \/>\n\t<meta name=\"twitter:data2\" content=\"2 minutes\" \/>\n<script type=\"application\/ld+json\" class=\"yoast-schema-graph\">{\"@context\":\"https:\\\/\\\/schema.org\",\"@graph\":[{\"@type\":\"Article\",\"@id\":\"https:\\\/\\\/www.yoga-federation.eu\\\/cz\\\/retreat-svetlost-jogy-palma-de-mallorca\\\/#article\",\"isPartOf\":{\"@id\":\"https:\\\/\\\/www.yoga-federation.eu\\\/cz\\\/retreat-svetlost-jogy-palma-de-mallorca\\\/\"},\"author\":{\"name\":\"YFE\",\"@id\":\"https:\\\/\\\/www.yoga-federation.eu\\\/#\\\/schema\\\/person\\\/c70b5a8f7323477f70814bd277cc9105\"},\"headline\":\"Retreat Sv\u011btlost j\u00f3gy \u2013 Palma de Mallorca\",\"datePublished\":\"2018-01-29T19:17:32+00:00\",\"dateModified\":\"2023-12-30T22:33:24+00:00\",\"mainEntityOfPage\":{\"@id\":\"https:\\\/\\\/www.yoga-federation.eu\\\/cz\\\/retreat-svetlost-jogy-palma-de-mallorca\\\/\"},\"wordCount\":612,\"image\":{\"@id\":\"https:\\\/\\\/www.yoga-federation.eu\\\/cz\\\/retreat-svetlost-jogy-palma-de-mallorca\\\/#primaryimage\"},\"thumbnailUrl\":\"https:\\\/\\\/www.yoga-federation.eu\\\/wp-content\\\/uploads\\\/2018\\\/01\\\/joga-retreat-palma-de-mallorca-2018.jpg\",\"articleSection\":{\"0\":\"Aktivity v roce 2018\",\"1\":\"j\u00f3ga t\u00e1bor\",\"3\":\"Yoga retreat\",\"4\":\"Yoga retreat\"},\"inLanguage\":\"cz-CZ\"},{\"@type\":\"WebPage\",\"@id\":\"https:\\\/\\\/www.yoga-federation.eu\\\/cz\\\/retreat-svetlost-jogy-palma-de-mallorca\\\/\",\"url\":\"https:\\\/\\\/www.yoga-federation.eu\\\/cz\\\/retreat-svetlost-jogy-palma-de-mallorca\\\/\",\"name\":\"Retreat Sv\u011btlost j\u00f3gy \u2013 Palma de Mallorca - Yoga Federation of Europe\",\"isPartOf\":{\"@id\":\"https:\\\/\\\/www.yoga-federation.eu\\\/#website\"},\"primaryImageOfPage\":{\"@id\":\"https:\\\/\\\/www.yoga-federation.eu\\\/cz\\\/retreat-svetlost-jogy-palma-de-mallorca\\\/#primaryimage\"},\"image\":{\"@id\":\"https:\\\/\\\/www.yoga-federation.eu\\\/cz\\\/retreat-svetlost-jogy-palma-de-mallorca\\\/#primaryimage\"},\"thumbnailUrl\":\"https:\\\/\\\/www.yoga-federation.eu\\\/wp-content\\\/uploads\\\/2018\\\/01\\\/joga-retreat-palma-de-mallorca-2018.jpg\",\"datePublished\":\"2018-01-29T19:17:32+00:00\",\"dateModified\":\"2023-12-30T22:33:24+00:00\",\"author\":{\"@id\":\"https:\\\/\\\/www.yoga-federation.eu\\\/#\\\/schema\\\/person\\\/c70b5a8f7323477f70814bd277cc9105\"},\"description\":\"SV\u011aTLOST J\u00d3GY \u2013 RETREAT Evropsk\u00e1 federace j\u00f3gy v\u00e1s zve na\u00a0 \u201ePR\u00c1ZDNINY J\u00d3GA DETOX\u201c VE \u0160PAN\u011aLSKU V Palma de Mallorca. J\u00f3ga semin\u00e1\u0159 prob\u00edh\u00e1 v\u00a0\u010de\u0161tin\u011b, angli\u010dt\",\"breadcrumb\":{\"@id\":\"https:\\\/\\\/www.yoga-federation.eu\\\/cz\\\/retreat-svetlost-jogy-palma-de-mallorca\\\/#breadcrumb\"},\"inLanguage\":\"cz-CZ\",\"potentialAction\":[{\"@type\":\"ReadAction\",\"target\":[\"https:\\\/\\\/www.yoga-federation.eu\\\/cz\\\/retreat-svetlost-jogy-palma-de-mallorca\\\/\"]}]},{\"@type\":\"ImageObject\",\"inLanguage\":\"cz-CZ\",\"@id\":\"https:\\\/\\\/www.yoga-federation.eu\\\/cz\\\/retreat-svetlost-jogy-palma-de-mallorca\\\/#primaryimage\",\"url\":\"https:\\\/\\\/www.yoga-federation.eu\\\/wp-content\\\/uploads\\\/2018\\\/01\\\/joga-retreat-palma-de-mallorca-2018.jpg\",\"contentUrl\":\"https:\\\/\\\/www.yoga-federation.eu\\\/wp-content\\\/uploads\\\/2018\\\/01\\\/joga-retreat-palma-de-mallorca-2018.jpg\",\"width\":1600,\"height\":841},{\"@type\":\"BreadcrumbList\",\"@id\":\"https:\\\/\\\/www.yoga-federation.eu\\\/cz\\\/retreat-svetlost-jogy-palma-de-mallorca\\\/#breadcrumb\",\"itemListElement\":[{\"@type\":\"ListItem\",\"position\":1,\"name\":\"Home\",\"item\":\"https:\\\/\\\/www.yoga-federation.eu\\\/cz\\\/\"},{\"@type\":\"ListItem\",\"position\":2,\"name\":\"Retreat Sv\u011btlost j\u00f3gy \u2013 Palma de Mallorca\"}]},{\"@type\":\"WebSite\",\"@id\":\"https:\\\/\\\/www.yoga-federation.eu\\\/#website\",\"url\":\"https:\\\/\\\/www.yoga-federation.eu\\\/\",\"name\":\"Yoga Federation of Europe\",\"description\":\"Yoga in Europe\",\"potentialAction\":[{\"@type\":\"SearchAction\",\"target\":{\"@type\":\"EntryPoint\",\"urlTemplate\":\"https:\\\/\\\/www.yoga-federation.eu\\\/?s={search_term_string}\"},\"query-input\":{\"@type\":\"PropertyValueSpecification\",\"valueRequired\":true,\"valueName\":\"search_term_string\"}}],\"inLanguage\":\"cz-CZ\"},{\"@type\":\"Person\",\"@id\":\"https:\\\/\\\/www.yoga-federation.eu\\\/#\\\/schema\\\/person\\\/c70b5a8f7323477f70814bd277cc9105\",\"name\":\"YFE\",\"image\":{\"@type\":\"ImageObject\",\"inLanguage\":\"cz-CZ\",\"@id\":\"https:\\\/\\\/secure.gravatar.com\\\/avatar\\\/64f6beecfc59c339d337f0a16c80bfc143a5e623923f6f42beb67b25788f3e50?s=96&d=mm&r=g\",\"url\":\"https:\\\/\\\/secure.gravatar.com\\\/avatar\\\/64f6beecfc59c339d337f0a16c80bfc143a5e623923f6f42beb67b25788f3e50?s=96&d=mm&r=g\",\"contentUrl\":\"https:\\\/\\\/secure.gravatar.com\\\/avatar\\\/64f6beecfc59c339d337f0a16c80bfc143a5e623923f6f42beb67b25788f3e50?s=96&d=mm&r=g\",\"caption\":\"YFE\"},\"url\":\"https:\\\/\\\/www.yoga-federation.eu\\\/cz\\\/author\\\/ana\\\/\"}]}<\/script>\n<!-- \/ Yoast SEO plugin. -->","yoast_head_json":{"title":"Retreat Sv\u011btlost j\u00f3gy \u2013 Palma de Mallorca - Yoga Federation of Europe","description":"SV\u011aTLOST J\u00d3GY \u2013 RETREAT Evropsk\u00e1 federace j\u00f3gy v\u00e1s zve na\u00a0 \u201ePR\u00c1ZDNINY J\u00d3GA DETOX\u201c VE \u0160PAN\u011aLSKU V Palma de Mallorca. J\u00f3ga semin\u00e1\u0159 prob\u00edh\u00e1 v\u00a0\u010de\u0161tin\u011b, angli\u010dt","robots":{"index":"index","follow":"follow","max-snippet":"max-snippet:-1","max-image-preview":"max-image-preview:large","max-video-preview":"max-video-preview:-1"},"canonical":"https:\/\/www.yoga-federation.eu\/cz\/retreat-svetlost-jogy-palma-de-mallorca\/","og_locale":"en_US","og_type":"article","og_title":"Retreat Sv\u011btlost j\u00f3gy \u2013 Palma de Mallorca - Yoga Federation of Europe","og_description":"SV\u011aTLOST J\u00d3GY \u2013 RETREAT Evropsk\u00e1 federace j\u00f3gy v\u00e1s zve na\u00a0 \u201ePR\u00c1ZDNINY J\u00d3GA DETOX\u201c VE \u0160PAN\u011aLSKU V Palma de Mallorca. J\u00f3ga semin\u00e1\u0159 prob\u00edh\u00e1 v\u00a0\u010de\u0161tin\u011b, angli\u010dt","og_url":"https:\/\/www.yoga-federation.eu\/cz\/retreat-svetlost-jogy-palma-de-mallorca\/","og_site_name":"Yoga Federation of Europe","article_published_time":"2018-01-29T19:17:32+00:00","article_modified_time":"2023-12-30T22:33:24+00:00","og_image":[{"width":1600,"height":841,"url":"http:\/\/www.yoga-federation.eu\/wp-content\/uploads\/2018\/01\/joga-retreat-palma-de-mallorca-2018.jpg","type":"image\/jpeg"}],"author":"YFE","twitter_card":"summary_large_image","twitter_misc":{"Written by":"YFE","Est. reading time":"2 minutes"},"schema":{"@context":"https:\/\/schema.org","@graph":[{"@type":"Article","@id":"https:\/\/www.yoga-federation.eu\/cz\/retreat-svetlost-jogy-palma-de-mallorca\/#article","isPartOf":{"@id":"https:\/\/www.yoga-federation.eu\/cz\/retreat-svetlost-jogy-palma-de-mallorca\/"},"author":{"name":"YFE","@id":"https:\/\/www.yoga-federation.eu\/#\/schema\/person\/c70b5a8f7323477f70814bd277cc9105"},"headline":"Retreat Sv\u011btlost j\u00f3gy \u2013 Palma de Mallorca","datePublished":"2018-01-29T19:17:32+00:00","dateModified":"2023-12-30T22:33:24+00:00","mainEntityOfPage":{"@id":"https:\/\/www.yoga-federation.eu\/cz\/retreat-svetlost-jogy-palma-de-mallorca\/"},"wordCount":612,"image":{"@id":"https:\/\/www.yoga-federation.eu\/cz\/retreat-svetlost-jogy-palma-de-mallorca\/#primaryimage"},"thumbnailUrl":"https:\/\/www.yoga-federation.eu\/wp-content\/uploads\/2018\/01\/joga-retreat-palma-de-mallorca-2018.jpg","articleSection":{"0":"Aktivity v roce 2018","1":"j\u00f3ga t\u00e1bor","3":"Yoga retreat","4":"Yoga retreat"},"inLanguage":"cz-CZ"},{"@type":"WebPage","@id":"https:\/\/www.yoga-federation.eu\/cz\/retreat-svetlost-jogy-palma-de-mallorca\/","url":"https:\/\/www.yoga-federation.eu\/cz\/retreat-svetlost-jogy-palma-de-mallorca\/","name":"Retreat Sv\u011btlost j\u00f3gy \u2013 Palma de Mallorca - Yoga Federation of Europe","isPartOf":{"@id":"https:\/\/www.yoga-federation.eu\/#website"},"primaryImageOfPage":{"@id":"https:\/\/www.yoga-federation.eu\/cz\/retreat-svetlost-jogy-palma-de-mallorca\/#primaryimage"},"image":{"@id":"https:\/\/www.yoga-federation.eu\/cz\/retreat-svetlost-jogy-palma-de-mallorca\/#primaryimage"},"thumbnailUrl":"https:\/\/www.yoga-federation.eu\/wp-content\/uploads\/2018\/01\/joga-retreat-palma-de-mallorca-2018.jpg","datePublished":"2018-01-29T19:17:32+00:00","dateModified":"2023-12-30T22:33:24+00:00","author":{"@id":"https:\/\/www.yoga-federation.eu\/#\/schema\/person\/c70b5a8f7323477f70814bd277cc9105"},"description":"SV\u011aTLOST J\u00d3GY \u2013 RETREAT Evropsk\u00e1 federace j\u00f3gy v\u00e1s zve na\u00a0 \u201ePR\u00c1ZDNINY J\u00d3GA DETOX\u201c VE \u0160PAN\u011aLSKU V Palma de Mallorca. J\u00f3ga semin\u00e1\u0159 prob\u00edh\u00e1 v\u00a0\u010de\u0161tin\u011b, angli\u010dt","breadcrumb":{"@id":"https:\/\/www.yoga-federation.eu\/cz\/retreat-svetlost-jogy-palma-de-mallorca\/#breadcrumb"},"inLanguage":"cz-CZ","potentialAction":[{"@type":"ReadAction","target":["https:\/\/www.yoga-federation.eu\/cz\/retreat-svetlost-jogy-palma-de-mallorca\/"]}]},{"@type":"ImageObject","inLanguage":"cz-CZ","@id":"https:\/\/www.yoga-federation.eu\/cz\/retreat-svetlost-jogy-palma-de-mallorca\/#primaryimage","url":"https:\/\/www.yoga-federation.eu\/wp-content\/uploads\/2018\/01\/joga-retreat-palma-de-mallorca-2018.jpg","contentUrl":"https:\/\/www.yoga-federation.eu\/wp-content\/uploads\/2018\/01\/joga-retreat-palma-de-mallorca-2018.jpg","width":1600,"height":841},{"@type":"BreadcrumbList","@id":"https:\/\/www.yoga-federation.eu\/cz\/retreat-svetlost-jogy-palma-de-mallorca\/#breadcrumb","itemListElement":[{"@type":"ListItem","position":1,"name":"Home","item":"https:\/\/www.yoga-federation.eu\/cz\/"},{"@type":"ListItem","position":2,"name":"Retreat Sv\u011btlost j\u00f3gy \u2013 Palma de Mallorca"}]},{"@type":"WebSite","@id":"https:\/\/www.yoga-federation.eu\/#website","url":"https:\/\/www.yoga-federation.eu\/","name":"Yoga Federation of Europe","description":"Yoga in Europe","potentialAction":[{"@type":"SearchAction","target":{"@type":"EntryPoint","urlTemplate":"https:\/\/www.yoga-federation.eu\/?s={search_term_string}"},"query-input":{"@type":"PropertyValueSpecification","valueRequired":true,"valueName":"search_term_string"}}],"inLanguage":"cz-CZ"},{"@type":"Person","@id":"https:\/\/www.yoga-federation.eu\/#\/schema\/person\/c70b5a8f7323477f70814bd277cc9105","name":"YFE","image":{"@type":"ImageObject","inLanguage":"cz-CZ","@id":"https:\/\/secure.gravatar.com\/avatar\/64f6beecfc59c339d337f0a16c80bfc143a5e623923f6f42beb67b25788f3e50?s=96&d=mm&r=g","url":"https:\/\/secure.gravatar.com\/avatar\/64f6beecfc59c339d337f0a16c80bfc143a5e623923f6f42beb67b25788f3e50?s=96&d=mm&r=g","contentUrl":"https:\/\/secure.gravatar.com\/avatar\/64f6beecfc59c339d337f0a16c80bfc143a5e623923f6f42beb67b25788f3e50?s=96&d=mm&r=g","caption":"YFE"},"url":"https:\/\/www.yoga-federation.eu\/cz\/author\/ana\/"}]}},"_links":{"self":[{"href":"https:\/\/www.yoga-federation.eu\/cz\/wp-json\/wp\/v2\/posts\/2921","targetHints":{"allow":["GET"]}}],"collection":[{"href":"https:\/\/www.yoga-federation.eu\/cz\/wp-json\/wp\/v2\/posts"}],"about":[{"href":"https:\/\/www.yoga-federation.eu\/cz\/wp-json\/wp\/v2\/types\/post"}],"author":[{"embeddable":true,"href":"https:\/\/www.yoga-federation.eu\/cz\/wp-json\/wp\/v2\/users\/6"}],"replies":[{"embeddable":true,"href":"https:\/\/www.yoga-federation.eu\/cz\/wp-json\/wp\/v2\/comments?post=2921"}],"version-history":[{"count":0,"href":"https:\/\/www.yoga-federation.eu\/cz\/wp-json\/wp\/v2\/posts\/2921\/revisions"}],"wp:featuredmedia":[{"embeddable":true,"href":"https:\/\/www.yoga-federation.eu\/cz\/wp-json\/wp\/v2\/media\/2931"}],"wp:attachment":[{"href":"https:\/\/www.yoga-federation.eu\/cz\/wp-json\/wp\/v2\/media?parent=2921"}],"wp:term":[{"taxonomy":"category","embeddable":true,"href":"https:\/\/www.yoga-federation.eu\/cz\/wp-json\/wp\/v2\/categories?post=2921"},{"taxonomy":"post_tag","embeddable":true,"href":"https:\/\/www.yoga-federation.eu\/cz\/wp-json\/wp\/v2\/tags?post=2921"}],"curies":[{"name":"wp","href":"https:\/\/api.w.org\/{rel}","templated":true}]}}