{"id":2497,"date":"2017-10-13T21:39:10","date_gmt":"2017-10-13T21:39:10","guid":{"rendered":"https:\/\/www.yoga-federation.eu\/?p=2497"},"modified":"2023-12-30T22:39:00","modified_gmt":"2023-12-30T22:39:00","slug":"joga-retreat-na-kanarske-ostrovy-2018","status":"publish","type":"post","link":"https:\/\/www.yoga-federation.eu\/cz\/joga-retreat-na-kanarske-ostrovy-2018\/","title":{"rendered":"J\u00f3ga Retreat na Kan\u00e1rsk\u00e9 ostrovy 2018"},"content":{"rendered":"<div class=\"fusion-fullwidth fullwidth-box fusion-builder-row-1 nonhundred-percent-fullwidth non-hundred-percent-height-scrolling\" style=\"background-color: rgba(255,255,255,0);background-position: center center;background-repeat: no-repeat;padding-top:0px;padding-right:0px;padding-bottom:0px;padding-left:0px;margin-bottom: 0px;margin-top: 0px;border-width: 0px 0px 0px 0px;border-color:#eae9e9;border-style:solid;\" ><div class=\"fusion-builder-row fusion-row\"><div class=\"fusion-layout-column fusion_builder_column fusion-builder-column-0 fusion_builder_column_1_1 1_1 fusion-one-full fusion-column-first fusion-column-last\" style=\"margin-top:0px;margin-bottom:20px;\"><div class=\"fusion-column-wrapper fusion-flex-column-wrapper-legacy\" style=\"background-position:left top;background-repeat:no-repeat;-webkit-background-size:cover;-moz-background-size:cover;-o-background-size:cover;background-size:cover;padding: 0px 0px 0px 0px;\"><div class=\"fusion-text fusion-text-1\"><h3 style=\"text-align: center;\" data-fontsize=\"16\" data-lineheight=\"24\"><span style=\"color: #0000ff;\">J\u00d3GA RETREAT<\/span><\/h3>\n<div>\n<h3 style=\"text-align: center;\" data-fontsize=\"16\" data-lineheight=\"24\"><span style=\"color: #0000ff;\">NA\u00a0KAN\u00c1RSK\u00c9 OSTROVY\u00a0S EVROPSKOU FEDERAC\u00cd J\u00d3GY<\/span><\/h3>\n<h3 style=\"text-align: center;\" data-fontsize=\"16\" data-lineheight=\"24\"><span style=\"color: #0000ff;\">J\u00d3GA \u2013 DOVOLEN\u00c1 \u2013 MO\u0158E<\/span><br \/>\n<span style=\"color: #0000ff;\">7-14.2.2018<\/span><\/h3>\n<div style=\"text-align: center;\"><span style=\"color: #0000ff;\">\u00a0<span class=\"m_-1405927341146459823gmail-m_7448711947207010693gmail-text_exposed_show\">Atlantsk\u00fd oce\u00e1n, jaro v \u00fanoru, zvuk mo\u0159sk\u00fdch vln, z\u00e1padu a v\u00fdchodu Slunce\u2026<\/span><\/span><\/div>\n<div><\/div>\n<div><\/div>\n<div><\/div>\n<div><\/div>\n<\/div>\n<div><\/div>\n<\/div><div class=\"fusion-sep-clear\"><\/div><div class=\"fusion-separator fusion-has-icon fusion-full-width-sep\" style=\"margin-left: auto;margin-right: auto;width:100%;\"><div class=\"fusion-separator-border sep-double sep-solid\" style=\"border-color:#0902e8;border-top-width:3px;border-bottom-width:3px;\"><\/div><span class=\"icon-wrapper\" style=\"border-color:#0902e8;background-color:rgba(255,255,255,0);font-size:17px;width: 1.75em; height: 1.75em;border-width:3px;padding:3px;\"><i class=\" fa fa-heart\" style=\"font-size: inherit;color:#0902e8;\" aria-hidden=\"true\"><\/i><\/span><div class=\"fusion-separator-border sep-double sep-solid\" style=\"border-color:#0902e8;border-top-width:3px;border-bottom-width:3px;\"><\/div><\/div><div class=\"fusion-sep-clear\"><\/div><div class=\"fusion-text fusion-text-2\"><p><a href=\"https:\/\/www.yoga-federation.eu\/wp-content\/uploads\/2017\/02\/Joga-retreat-na-Kanarske-ostrovy-s-Evropskou-federeaci-jogy-2017-3.jpg\"><img loading=\"lazy\" decoding=\"async\" class=\"lazyload size-large wp-image-1778 aligncenter\" src=\"https:\/\/www.yoga-federation.eu\/wp-content\/uploads\/2017\/02\/Joga-retreat-na-Kanarske-ostrovy-s-Evropskou-federeaci-jogy-2017-3-1024x683.jpg\" data-orig-src=\"https:\/\/www.yoga-federation.eu\/wp-content\/uploads\/2017\/02\/Joga-retreat-na-Kanarske-ostrovy-s-Evropskou-federeaci-jogy-2017-3-1024x683.jpg\" alt=\"Joga retreat na Kanarske ostrovy s Evropskou federeaci jogy 2017\" width=\"1024\" height=\"683\" srcset=\"data:image\/svg+xml,%3Csvg%20xmlns%3D%27http%3A%2F%2Fwww.w3.org%2F2000%2Fsvg%27%20width%3D%271024%27%20height%3D%27683%27%20viewBox%3D%270%200%201024%20683%27%3E%3Crect%20width%3D%271024%27%20height%3D%273683%27%20fill-opacity%3D%220%22%2F%3E%3C%2Fsvg%3E\" data-srcset=\"https:\/\/www.yoga-federation.eu\/wp-content\/uploads\/2017\/02\/Joga-retreat-na-Kanarske-ostrovy-s-Evropskou-federeaci-jogy-2017-3-200x133.jpg 200w, https:\/\/www.yoga-federation.eu\/wp-content\/uploads\/2017\/02\/Joga-retreat-na-Kanarske-ostrovy-s-Evropskou-federeaci-jogy-2017-3-300x200.jpg 300w, https:\/\/www.yoga-federation.eu\/wp-content\/uploads\/2017\/02\/Joga-retreat-na-Kanarske-ostrovy-s-Evropskou-federeaci-jogy-2017-3-400x267.jpg 400w, https:\/\/www.yoga-federation.eu\/wp-content\/uploads\/2017\/02\/Joga-retreat-na-Kanarske-ostrovy-s-Evropskou-federeaci-jogy-2017-3-600x400.jpg 600w, https:\/\/www.yoga-federation.eu\/wp-content\/uploads\/2017\/02\/Joga-retreat-na-Kanarske-ostrovy-s-Evropskou-federeaci-jogy-2017-3-768x512.jpg 768w, https:\/\/www.yoga-federation.eu\/wp-content\/uploads\/2017\/02\/Joga-retreat-na-Kanarske-ostrovy-s-Evropskou-federeaci-jogy-2017-3-800x534.jpg 800w, https:\/\/www.yoga-federation.eu\/wp-content\/uploads\/2017\/02\/Joga-retreat-na-Kanarske-ostrovy-s-Evropskou-federeaci-jogy-2017-3-1024x683.jpg 1024w, https:\/\/www.yoga-federation.eu\/wp-content\/uploads\/2017\/02\/Joga-retreat-na-Kanarske-ostrovy-s-Evropskou-federeaci-jogy-2017-3-1200x800.jpg 1200w, https:\/\/www.yoga-federation.eu\/wp-content\/uploads\/2017\/02\/Joga-retreat-na-Kanarske-ostrovy-s-Evropskou-federeaci-jogy-2017-3.jpg 1555w\" data-sizes=\"auto\" data-orig-sizes=\"auto, (max-width: 1024px) 100vw, 1024px\" \/><\/a><\/p>\n<\/div><div class=\"fusion-sep-clear\"><\/div><div class=\"fusion-separator fusion-has-icon fusion-full-width-sep\" style=\"margin-left: auto;margin-right: auto;width:100%;\"><div class=\"fusion-separator-border sep-double sep-solid\" style=\"border-color:#0902e8;border-top-width:3px;border-bottom-width:3px;\"><\/div><span class=\"icon-wrapper\" style=\"border-color:#0902e8;background-color:rgba(255,255,255,0);font-size:17px;width: 1.75em; height: 1.75em;border-width:3px;padding:3px;\"><i class=\" fa fa-heart\" style=\"font-size: inherit;color:#0902e8;\" aria-hidden=\"true\"><\/i><\/span><div class=\"fusion-separator-border sep-double sep-solid\" style=\"border-color:#0902e8;border-top-width:3px;border-bottom-width:3px;\"><\/div><\/div><div class=\"fusion-sep-clear\"><\/div><div class=\"fusion-text fusion-text-3\"><div>\n<div><\/div>\n<div>J\u00f3ga Retreat na Kan\u00e1rsk\u00e9 ostrovy 2018<\/div>\n<div>Aran\u017em\u00e1n obsahuje:<\/div>\n<div><\/div>\n<div>1. leteck\u00e1 doprava V\u00edde\u0148 \u2013 Kan\u00e1rsk\u00e9 ostrovy \u2013 V\u00edde\u0148 v\u010detn\u011b transferu a leti\u0161tn\u00edch poplatk\u016f<\/div>\n<div>2. ubytov\u00e1n\u00ed po dobu 8 dn\u00ed (7 noc\u00ed) v hotelu na Kan\u00e1rsk\u00e9 ostrovy Gran Canaria<br \/>\n3. polopenze (sn\u00eddan\u011b a ve\u010de\u0159e) nebo <em>all inclusive<\/em><\/div>\n<div>4.\u00a0semin\u00e1\u0159e j\u00f3gov\u00e9 praxe<\/div>\n<\/div>\n<p>Aran\u017em\u00e1n neobsahuje:<\/p>\n<p>1. mezin\u00e1rodn\u00ed cestovn\u00ed poji\u0161t\u011bn\u00ed<br \/>\n2.\u00a0transfer Praha &#8211; V\u00edde\u0148 &#8211; Praha<\/p>\n<div>\n<p>Cestujte s n\u00e1mi do o\u00e1zy kr\u00e1sn\u00e9 p\u0159\u00edrody, ostrov nab\u00edzej\u00edc\u00ed kr\u00e1sn\u00e9 pl\u00e1\u017ee s pr\u016fzra\u010dn\u011b \u010dist\u00fdm mo\u0159em, a cvi\u010den\u00ed j\u00f3gy \u2026<\/p>\n<p>J\u00f3ga meditace, obnoven\u00fd a radostn\u00e9 setk\u00e1n\u00ed na pl\u00e1\u017e\u00edch Kan\u00e1rsk\u00fdch ostrov\u016f. Mo\u0159sk\u00e9 prost\u0159ed\u00ed, m\u00edrn\u00e9 klima a vyhl\u00eddky budou p\u0159isp\u00edvat na dovolenou s j\u00f3gou tak unik\u00e1tn\u00ed.<\/p>\n<p>J\u00f3ga retreat prob\u011bhne pod veden\u00edm mezin\u00e1rodn\u00edho mistra j\u00f3gy prof. Predraga Niki\u0107e, Ph.D.<\/p>\n<p>Rezervace co nejd\u0159\u00edve na e-mail: yoga.yfe@gmai<wbr \/>l.com<\/p>\n<div style=\"text-align: center;\"><\/div>\n<div style=\"text-align: center;\"><strong><em>A\u0165 je v n\u00e1s l\u00e1ska a soulad s na\u0161\u00edm okol\u00edm<\/em><\/strong><\/div>\n<\/div>\n<\/div><div class=\"fusion-text fusion-text-4\">\n\t\t<style type=\"text\/css\">\n\t\t\t#gallery-1 {\n\t\t\t\tmargin: auto;\n\t\t\t}\n\t\t\t#gallery-1 .gallery-item {\n\t\t\t\tfloat: left;\n\t\t\t\tmargin-top: 10px;\n\t\t\t\ttext-align: center;\n\t\t\t\twidth: 16%;\n\t\t\t}\n\t\t\t#gallery-1 img {\n\t\t\t\tborder: 2px solid #cfcfcf;\n\t\t\t}\n\t\t\t#gallery-1 .gallery-caption {\n\t\t\t\tmargin-left: 0;\n\t\t\t}\n\t\t\t\/* see gallery_shortcode() in wp-includes\/media.php *\/\n\t\t<\/style>\n\t\t<div id='gallery-1' class='gallery galleryid-2497 gallery-columns-6 gallery-size-thumbnail'><dl class='gallery-item'>\n\t\t\t<dt class='gallery-icon landscape'>\n\t\t\t\t<a data-rel=\"iLightbox[postimages]\" data-title=\"Joga retreat na Kanarske ostrovy s Evropskou federeaci jogy 2017-1\" data-caption=\"\" href='https:\/\/www.yoga-federation.eu\/wp-content\/uploads\/2017\/02\/Joga-retreat-na-Kanarske-ostrovy-s-Evropskou-federeaci-jogy-2017-1.jpg'><img loading=\"lazy\" decoding=\"async\" width=\"150\" height=\"150\" src=\"https:\/\/www.yoga-federation.eu\/wp-content\/uploads\/2017\/02\/Joga-retreat-na-Kanarske-ostrovy-s-Evropskou-federeaci-jogy-2017-1-150x150.jpg\" class=\"attachment-thumbnail size-thumbnail lazyload\" alt=\"Joga retreat na Kanarske ostrovy s Evropskou federeaci jogy 2017\" srcset=\"data:image\/svg+xml,%3Csvg%20xmlns%3D%27http%3A%2F%2Fwww.w3.org%2F2000%2Fsvg%27%20width%3D%271555%27%20height%3D%271037%27%20viewBox%3D%270%200%201555%201037%27%3E%3Crect%20width%3D%271555%27%20height%3D%2731037%27%20fill-opacity%3D%220%22%2F%3E%3C%2Fsvg%3E\" data-orig-src=\"https:\/\/www.yoga-federation.eu\/wp-content\/uploads\/2017\/02\/Joga-retreat-na-Kanarske-ostrovy-s-Evropskou-federeaci-jogy-2017-1-150x150.jpg\" data-srcset=\"https:\/\/www.yoga-federation.eu\/wp-content\/uploads\/2017\/02\/Joga-retreat-na-Kanarske-ostrovy-s-Evropskou-federeaci-jogy-2017-1-66x66.jpg 66w, https:\/\/www.yoga-federation.eu\/wp-content\/uploads\/2017\/02\/Joga-retreat-na-Kanarske-ostrovy-s-Evropskou-federeaci-jogy-2017-1-150x150.jpg 150w\" data-sizes=\"auto\" \/><\/a>\n\t\t\t<\/dt><\/dl><dl class='gallery-item'>\n\t\t\t<dt class='gallery-icon portrait'>\n\t\t\t\t<a data-rel=\"iLightbox[postimages]\" data-title=\"Joga retreat na Kanarske ostrovy s Evropskou federeaci jogy 2017-6\" data-caption=\"\" href='https:\/\/www.yoga-federation.eu\/wp-content\/uploads\/2017\/02\/Joga-retreat-na-Kanarske-ostrovy-s-Evropskou-federeaci-jogy-2017-6.jpg'><img loading=\"lazy\" decoding=\"async\" width=\"150\" height=\"150\" src=\"https:\/\/www.yoga-federation.eu\/wp-content\/uploads\/2017\/02\/Joga-retreat-na-Kanarske-ostrovy-s-Evropskou-federeaci-jogy-2017-6-150x150.jpg\" class=\"attachment-thumbnail size-thumbnail lazyload\" alt=\"Joga retreat na Kanarske ostrovy s Evropskou federeaci jogy 2017\" srcset=\"data:image\/svg+xml,%3Csvg%20xmlns%3D%27http%3A%2F%2Fwww.w3.org%2F2000%2Fsvg%27%20width%3D%27960%27%20height%3D%271280%27%20viewBox%3D%270%200%20960%201280%27%3E%3Crect%20width%3D%27960%27%20height%3D%2731280%27%20fill-opacity%3D%220%22%2F%3E%3C%2Fsvg%3E\" data-orig-src=\"https:\/\/www.yoga-federation.eu\/wp-content\/uploads\/2017\/02\/Joga-retreat-na-Kanarske-ostrovy-s-Evropskou-federeaci-jogy-2017-6-150x150.jpg\" data-srcset=\"https:\/\/www.yoga-federation.eu\/wp-content\/uploads\/2017\/02\/Joga-retreat-na-Kanarske-ostrovy-s-Evropskou-federeaci-jogy-2017-6-66x66.jpg 66w, https:\/\/www.yoga-federation.eu\/wp-content\/uploads\/2017\/02\/Joga-retreat-na-Kanarske-ostrovy-s-Evropskou-federeaci-jogy-2017-6-150x150.jpg 150w\" data-sizes=\"auto\" \/><\/a>\n\t\t\t<\/dt><\/dl><dl class='gallery-item'>\n\t\t\t<dt class='gallery-icon landscape'>\n\t\t\t\t<a data-rel=\"iLightbox[postimages]\" data-title=\"Joga retreat na Kanarske ostrovy s Evropskou federeaci jogy 2017-5\" data-caption=\"\" href='https:\/\/www.yoga-federation.eu\/wp-content\/uploads\/2017\/02\/Joga-retreat-na-Kanarske-ostrovy-s-Evropskou-federeaci-jogy-2017-5.jpg'><img loading=\"lazy\" decoding=\"async\" width=\"150\" height=\"150\" src=\"https:\/\/www.yoga-federation.eu\/wp-content\/uploads\/2017\/02\/Joga-retreat-na-Kanarske-ostrovy-s-Evropskou-federeaci-jogy-2017-5-150x150.jpg\" class=\"attachment-thumbnail size-thumbnail lazyload\" alt=\"Joga retreat na Kanarske ostrovy s Evropskou federeaci jogy 2017\" srcset=\"data:image\/svg+xml,%3Csvg%20xmlns%3D%27http%3A%2F%2Fwww.w3.org%2F2000%2Fsvg%27%20width%3D%271493%27%20height%3D%27845%27%20viewBox%3D%270%200%201493%20845%27%3E%3Crect%20width%3D%271493%27%20height%3D%273845%27%20fill-opacity%3D%220%22%2F%3E%3C%2Fsvg%3E\" data-orig-src=\"https:\/\/www.yoga-federation.eu\/wp-content\/uploads\/2017\/02\/Joga-retreat-na-Kanarske-ostrovy-s-Evropskou-federeaci-jogy-2017-5-150x150.jpg\" data-srcset=\"https:\/\/www.yoga-federation.eu\/wp-content\/uploads\/2017\/02\/Joga-retreat-na-Kanarske-ostrovy-s-Evropskou-federeaci-jogy-2017-5-66x66.jpg 66w, https:\/\/www.yoga-federation.eu\/wp-content\/uploads\/2017\/02\/Joga-retreat-na-Kanarske-ostrovy-s-Evropskou-federeaci-jogy-2017-5-150x150.jpg 150w\" data-sizes=\"auto\" \/><\/a>\n\t\t\t<\/dt><\/dl><dl class='gallery-item'>\n\t\t\t<dt class='gallery-icon landscape'>\n\t\t\t\t<a data-rel=\"iLightbox[postimages]\" data-title=\"kurz-instruktor-jogy\" data-caption=\"\" href='https:\/\/www.yoga-federation.eu\/wp-content\/uploads\/2016\/08\/kurz-instruktor-jogy.jpg'><img loading=\"lazy\" decoding=\"async\" width=\"150\" height=\"150\" src=\"https:\/\/www.yoga-federation.eu\/wp-content\/uploads\/2016\/08\/kurz-instruktor-jogy-150x150.jpg\" class=\"attachment-thumbnail size-thumbnail lazyload\" alt=\"kurz-instruktor-jogy\" srcset=\"data:image\/svg+xml,%3Csvg%20xmlns%3D%27http%3A%2F%2Fwww.w3.org%2F2000%2Fsvg%27%20width%3D%271555%27%20height%3D%271037%27%20viewBox%3D%270%200%201555%201037%27%3E%3Crect%20width%3D%271555%27%20height%3D%2731037%27%20fill-opacity%3D%220%22%2F%3E%3C%2Fsvg%3E\" data-orig-src=\"https:\/\/www.yoga-federation.eu\/wp-content\/uploads\/2016\/08\/kurz-instruktor-jogy-150x150.jpg\" data-srcset=\"https:\/\/www.yoga-federation.eu\/wp-content\/uploads\/2016\/08\/kurz-instruktor-jogy-66x66.jpg 66w, https:\/\/www.yoga-federation.eu\/wp-content\/uploads\/2016\/08\/kurz-instruktor-jogy-150x150.jpg 150w\" data-sizes=\"auto\" \/><\/a>\n\t\t\t<\/dt><\/dl><dl class='gallery-item'>\n\t\t\t<dt class='gallery-icon landscape'>\n\t\t\t\t<a data-rel=\"iLightbox[postimages]\" data-title=\"Joga retreat na Kanarske ostrovy s Evropskou federeaci jogy 2017-4\" data-caption=\"\" href='https:\/\/www.yoga-federation.eu\/wp-content\/uploads\/2017\/02\/Joga-retreat-na-Kanarske-ostrovy-s-Evropskou-federeaci-jogy-2017-4.jpg'><img loading=\"lazy\" decoding=\"async\" width=\"150\" height=\"150\" src=\"https:\/\/www.yoga-federation.eu\/wp-content\/uploads\/2017\/02\/Joga-retreat-na-Kanarske-ostrovy-s-Evropskou-federeaci-jogy-2017-4-150x150.jpg\" class=\"attachment-thumbnail size-thumbnail lazyload\" alt=\"Joga retreat na Kanarske ostrovy s Evropskou federeaci jogy 2017\" srcset=\"data:image\/svg+xml,%3Csvg%20xmlns%3D%27http%3A%2F%2Fwww.w3.org%2F2000%2Fsvg%27%20width%3D%271555%27%20height%3D%271037%27%20viewBox%3D%270%200%201555%201037%27%3E%3Crect%20width%3D%271555%27%20height%3D%2731037%27%20fill-opacity%3D%220%22%2F%3E%3C%2Fsvg%3E\" data-orig-src=\"https:\/\/www.yoga-federation.eu\/wp-content\/uploads\/2017\/02\/Joga-retreat-na-Kanarske-ostrovy-s-Evropskou-federeaci-jogy-2017-4-150x150.jpg\" data-srcset=\"https:\/\/www.yoga-federation.eu\/wp-content\/uploads\/2017\/02\/Joga-retreat-na-Kanarske-ostrovy-s-Evropskou-federeaci-jogy-2017-4-66x66.jpg 66w, https:\/\/www.yoga-federation.eu\/wp-content\/uploads\/2017\/02\/Joga-retreat-na-Kanarske-ostrovy-s-Evropskou-federeaci-jogy-2017-4-150x150.jpg 150w\" data-sizes=\"auto\" \/><\/a>\n\t\t\t<\/dt><\/dl><dl class='gallery-item'>\n\t\t\t<dt class='gallery-icon landscape'>\n\t\t\t\t<a data-rel=\"iLightbox[postimages]\" data-title=\"Joga retreat\" data-caption=\"\" href='https:\/\/www.yoga-federation.eu\/wp-content\/uploads\/2017\/10\/Joga-retreat-na-Kanarske-ostrovy-s-Evropskou-federeaci-jogy-2018.jpg'><img loading=\"lazy\" decoding=\"async\" width=\"150\" height=\"150\" src=\"https:\/\/www.yoga-federation.eu\/wp-content\/uploads\/2017\/10\/Joga-retreat-na-Kanarske-ostrovy-s-Evropskou-federeaci-jogy-2018-150x150.jpg\" class=\"attachment-thumbnail size-thumbnail lazyload\" alt=\"Joga retreat\" srcset=\"data:image\/svg+xml,%3Csvg%20xmlns%3D%27http%3A%2F%2Fwww.w3.org%2F2000%2Fsvg%27%20width%3D%271600%27%20height%3D%27899%27%20viewBox%3D%270%200%201600%20899%27%3E%3Crect%20width%3D%271600%27%20height%3D%273899%27%20fill-opacity%3D%220%22%2F%3E%3C%2Fsvg%3E\" data-orig-src=\"https:\/\/www.yoga-federation.eu\/wp-content\/uploads\/2017\/10\/Joga-retreat-na-Kanarske-ostrovy-s-Evropskou-federeaci-jogy-2018-150x150.jpg\" data-srcset=\"https:\/\/www.yoga-federation.eu\/wp-content\/uploads\/2017\/10\/Joga-retreat-na-Kanarske-ostrovy-s-Evropskou-federeaci-jogy-2018-66x66.jpg 66w, https:\/\/www.yoga-federation.eu\/wp-content\/uploads\/2017\/10\/Joga-retreat-na-Kanarske-ostrovy-s-Evropskou-federeaci-jogy-2018-150x150.jpg 150w\" data-sizes=\"auto\" \/><\/a>\n\t\t\t<\/dt><\/dl><br style=\"clear: both\" \/>\n\t\t<\/div>\n\n<\/div><div class=\"fusion-clearfix\"><\/div><\/div><\/div><\/div><\/div>\n","protected":false},"excerpt":{"rendered":"","protected":false},"author":6,"featured_media":2499,"comment_status":"closed","ping_status":"open","sticky":false,"template":"","format":"standard","meta":{"footnotes":""},"categories":[56,120,40,50],"tags":[],"class_list":["post-2497","post","type-post","status-publish","format-standard","has-post-thumbnail","hentry","category-activity","category-joga-tabor","category-uncategorized-cz","category-joga-retreat-u-more"],"yoast_head":"<!-- This site is optimized with the Yoast SEO plugin v27.4 - https:\/\/yoast.com\/product\/yoast-seo-wordpress\/ -->\n<title>J\u00f3ga Retreat na Kan\u00e1rsk\u00e9 ostrovy 2018 - Yoga Federation of Europe<\/title>\n<meta name=\"description\" content=\"J\u00f3ga Retreat na Kan\u00e1rsk\u00e9 ostrovy 2018Aran\u017em\u00e1n obsahuje:1. leteck\u00e1 doprava V\u00edde\u0148 \u2013 Kan\u00e1rsk\u00e9 ostrovy \u2013 V\u00edde\u0148 v\u010detn\u011b . ubytov\u00e1n\u00ed po dobu 8 dn\u00ed (7 noc\u00ed) v hotelu\" \/>\n<meta name=\"robots\" content=\"index, follow, max-snippet:-1, max-image-preview:large, max-video-preview:-1\" \/>\n<link rel=\"canonical\" href=\"https:\/\/www.yoga-federation.eu\/cz\/joga-retreat-na-kanarske-ostrovy-2018\/\" \/>\n<meta property=\"og:locale\" content=\"en_US\" \/>\n<meta property=\"og:type\" content=\"article\" \/>\n<meta property=\"og:title\" content=\"J\u00f3ga Retreat na Kan\u00e1rsk\u00e9 ostrovy 2018 - Yoga Federation of Europe\" \/>\n<meta property=\"og:description\" content=\"J\u00f3ga Retreat na Kan\u00e1rsk\u00e9 ostrovy 2018Aran\u017em\u00e1n obsahuje:1. leteck\u00e1 doprava V\u00edde\u0148 \u2013 Kan\u00e1rsk\u00e9 ostrovy \u2013 V\u00edde\u0148 v\u010detn\u011b . ubytov\u00e1n\u00ed po dobu 8 dn\u00ed (7 noc\u00ed) v hotelu\" \/>\n<meta property=\"og:url\" content=\"https:\/\/www.yoga-federation.eu\/cz\/joga-retreat-na-kanarske-ostrovy-2018\/\" \/>\n<meta property=\"og:site_name\" content=\"Yoga Federation of Europe\" \/>\n<meta property=\"article:published_time\" content=\"2017-10-13T21:39:10+00:00\" \/>\n<meta property=\"article:modified_time\" content=\"2023-12-30T22:39:00+00:00\" \/>\n<meta property=\"og:image\" content=\"http:\/\/www.yoga-federation.eu\/wp-content\/uploads\/2017\/10\/Joga-retreat-na-Kanarske-ostrovy-s-Evropskou-federeaci-jogy-2018.jpg\" \/>\n\t<meta property=\"og:image:width\" content=\"1600\" \/>\n\t<meta property=\"og:image:height\" content=\"899\" \/>\n\t<meta property=\"og:image:type\" content=\"image\/jpeg\" \/>\n<meta name=\"author\" content=\"YFE\" \/>\n<meta name=\"twitter:card\" content=\"summary_large_image\" \/>\n<meta name=\"twitter:label1\" content=\"Written by\" \/>\n\t<meta name=\"twitter:data1\" content=\"YFE\" \/>\n\t<meta name=\"twitter:label2\" content=\"Est. reading time\" \/>\n\t<meta name=\"twitter:data2\" content=\"2 minutes\" \/>\n<script type=\"application\/ld+json\" class=\"yoast-schema-graph\">{\"@context\":\"https:\\\/\\\/schema.org\",\"@graph\":[{\"@type\":\"Article\",\"@id\":\"https:\\\/\\\/www.yoga-federation.eu\\\/cz\\\/joga-retreat-na-kanarske-ostrovy-2018\\\/#article\",\"isPartOf\":{\"@id\":\"https:\\\/\\\/www.yoga-federation.eu\\\/cz\\\/joga-retreat-na-kanarske-ostrovy-2018\\\/\"},\"author\":{\"name\":\"YFE\",\"@id\":\"https:\\\/\\\/www.yoga-federation.eu\\\/#\\\/schema\\\/person\\\/c70b5a8f7323477f70814bd277cc9105\"},\"headline\":\"J\u00f3ga Retreat na Kan\u00e1rsk\u00e9 ostrovy 2018\",\"datePublished\":\"2017-10-13T21:39:10+00:00\",\"dateModified\":\"2023-12-30T22:39:00+00:00\",\"mainEntityOfPage\":{\"@id\":\"https:\\\/\\\/www.yoga-federation.eu\\\/cz\\\/joga-retreat-na-kanarske-ostrovy-2018\\\/\"},\"wordCount\":505,\"image\":{\"@id\":\"https:\\\/\\\/www.yoga-federation.eu\\\/cz\\\/joga-retreat-na-kanarske-ostrovy-2018\\\/#primaryimage\"},\"thumbnailUrl\":\"https:\\\/\\\/www.yoga-federation.eu\\\/wp-content\\\/uploads\\\/2017\\\/10\\\/Joga-retreat-na-Kanarske-ostrovy-s-Evropskou-federeaci-jogy-2018.jpg\",\"articleSection\":{\"0\":\"Activity\",\"1\":\"j\u00f3ga t\u00e1bor\",\"3\":\"Yoga retreat\"},\"inLanguage\":\"cz-CZ\"},{\"@type\":\"WebPage\",\"@id\":\"https:\\\/\\\/www.yoga-federation.eu\\\/cz\\\/joga-retreat-na-kanarske-ostrovy-2018\\\/\",\"url\":\"https:\\\/\\\/www.yoga-federation.eu\\\/cz\\\/joga-retreat-na-kanarske-ostrovy-2018\\\/\",\"name\":\"J\u00f3ga Retreat na Kan\u00e1rsk\u00e9 ostrovy 2018 - Yoga Federation of Europe\",\"isPartOf\":{\"@id\":\"https:\\\/\\\/www.yoga-federation.eu\\\/#website\"},\"primaryImageOfPage\":{\"@id\":\"https:\\\/\\\/www.yoga-federation.eu\\\/cz\\\/joga-retreat-na-kanarske-ostrovy-2018\\\/#primaryimage\"},\"image\":{\"@id\":\"https:\\\/\\\/www.yoga-federation.eu\\\/cz\\\/joga-retreat-na-kanarske-ostrovy-2018\\\/#primaryimage\"},\"thumbnailUrl\":\"https:\\\/\\\/www.yoga-federation.eu\\\/wp-content\\\/uploads\\\/2017\\\/10\\\/Joga-retreat-na-Kanarske-ostrovy-s-Evropskou-federeaci-jogy-2018.jpg\",\"datePublished\":\"2017-10-13T21:39:10+00:00\",\"dateModified\":\"2023-12-30T22:39:00+00:00\",\"author\":{\"@id\":\"https:\\\/\\\/www.yoga-federation.eu\\\/#\\\/schema\\\/person\\\/c70b5a8f7323477f70814bd277cc9105\"},\"description\":\"J\u00f3ga Retreat na Kan\u00e1rsk\u00e9 ostrovy 2018Aran\u017em\u00e1n obsahuje:1. leteck\u00e1 doprava V\u00edde\u0148 \u2013 Kan\u00e1rsk\u00e9 ostrovy \u2013 V\u00edde\u0148 v\u010detn\u011b . ubytov\u00e1n\u00ed po dobu 8 dn\u00ed (7 noc\u00ed) v hotelu\",\"breadcrumb\":{\"@id\":\"https:\\\/\\\/www.yoga-federation.eu\\\/cz\\\/joga-retreat-na-kanarske-ostrovy-2018\\\/#breadcrumb\"},\"inLanguage\":\"cz-CZ\",\"potentialAction\":[{\"@type\":\"ReadAction\",\"target\":[\"https:\\\/\\\/www.yoga-federation.eu\\\/cz\\\/joga-retreat-na-kanarske-ostrovy-2018\\\/\"]}]},{\"@type\":\"ImageObject\",\"inLanguage\":\"cz-CZ\",\"@id\":\"https:\\\/\\\/www.yoga-federation.eu\\\/cz\\\/joga-retreat-na-kanarske-ostrovy-2018\\\/#primaryimage\",\"url\":\"https:\\\/\\\/www.yoga-federation.eu\\\/wp-content\\\/uploads\\\/2017\\\/10\\\/Joga-retreat-na-Kanarske-ostrovy-s-Evropskou-federeaci-jogy-2018.jpg\",\"contentUrl\":\"https:\\\/\\\/www.yoga-federation.eu\\\/wp-content\\\/uploads\\\/2017\\\/10\\\/Joga-retreat-na-Kanarske-ostrovy-s-Evropskou-federeaci-jogy-2018.jpg\",\"width\":1600,\"height\":899,\"caption\":\"Joga retreat\"},{\"@type\":\"BreadcrumbList\",\"@id\":\"https:\\\/\\\/www.yoga-federation.eu\\\/cz\\\/joga-retreat-na-kanarske-ostrovy-2018\\\/#breadcrumb\",\"itemListElement\":[{\"@type\":\"ListItem\",\"position\":1,\"name\":\"Home\",\"item\":\"https:\\\/\\\/www.yoga-federation.eu\\\/cz\\\/\"},{\"@type\":\"ListItem\",\"position\":2,\"name\":\"J\u00f3ga Retreat na Kan\u00e1rsk\u00e9 ostrovy 2018\"}]},{\"@type\":\"WebSite\",\"@id\":\"https:\\\/\\\/www.yoga-federation.eu\\\/#website\",\"url\":\"https:\\\/\\\/www.yoga-federation.eu\\\/\",\"name\":\"Yoga Federation of Europe\",\"description\":\"Yoga in Europe\",\"potentialAction\":[{\"@type\":\"SearchAction\",\"target\":{\"@type\":\"EntryPoint\",\"urlTemplate\":\"https:\\\/\\\/www.yoga-federation.eu\\\/?s={search_term_string}\"},\"query-input\":{\"@type\":\"PropertyValueSpecification\",\"valueRequired\":true,\"valueName\":\"search_term_string\"}}],\"inLanguage\":\"cz-CZ\"},{\"@type\":\"Person\",\"@id\":\"https:\\\/\\\/www.yoga-federation.eu\\\/#\\\/schema\\\/person\\\/c70b5a8f7323477f70814bd277cc9105\",\"name\":\"YFE\",\"image\":{\"@type\":\"ImageObject\",\"inLanguage\":\"cz-CZ\",\"@id\":\"https:\\\/\\\/secure.gravatar.com\\\/avatar\\\/64f6beecfc59c339d337f0a16c80bfc143a5e623923f6f42beb67b25788f3e50?s=96&d=mm&r=g\",\"url\":\"https:\\\/\\\/secure.gravatar.com\\\/avatar\\\/64f6beecfc59c339d337f0a16c80bfc143a5e623923f6f42beb67b25788f3e50?s=96&d=mm&r=g\",\"contentUrl\":\"https:\\\/\\\/secure.gravatar.com\\\/avatar\\\/64f6beecfc59c339d337f0a16c80bfc143a5e623923f6f42beb67b25788f3e50?s=96&d=mm&r=g\",\"caption\":\"YFE\"},\"url\":\"https:\\\/\\\/www.yoga-federation.eu\\\/cz\\\/author\\\/ana\\\/\"}]}<\/script>\n<!-- \/ Yoast SEO plugin. -->","yoast_head_json":{"title":"J\u00f3ga Retreat na Kan\u00e1rsk\u00e9 ostrovy 2018 - Yoga Federation of Europe","description":"J\u00f3ga Retreat na Kan\u00e1rsk\u00e9 ostrovy 2018Aran\u017em\u00e1n obsahuje:1. leteck\u00e1 doprava V\u00edde\u0148 \u2013 Kan\u00e1rsk\u00e9 ostrovy \u2013 V\u00edde\u0148 v\u010detn\u011b . ubytov\u00e1n\u00ed po dobu 8 dn\u00ed (7 noc\u00ed) v hotelu","robots":{"index":"index","follow":"follow","max-snippet":"max-snippet:-1","max-image-preview":"max-image-preview:large","max-video-preview":"max-video-preview:-1"},"canonical":"https:\/\/www.yoga-federation.eu\/cz\/joga-retreat-na-kanarske-ostrovy-2018\/","og_locale":"en_US","og_type":"article","og_title":"J\u00f3ga Retreat na Kan\u00e1rsk\u00e9 ostrovy 2018 - Yoga Federation of Europe","og_description":"J\u00f3ga Retreat na Kan\u00e1rsk\u00e9 ostrovy 2018Aran\u017em\u00e1n obsahuje:1. leteck\u00e1 doprava V\u00edde\u0148 \u2013 Kan\u00e1rsk\u00e9 ostrovy \u2013 V\u00edde\u0148 v\u010detn\u011b . ubytov\u00e1n\u00ed po dobu 8 dn\u00ed (7 noc\u00ed) v hotelu","og_url":"https:\/\/www.yoga-federation.eu\/cz\/joga-retreat-na-kanarske-ostrovy-2018\/","og_site_name":"Yoga Federation of Europe","article_published_time":"2017-10-13T21:39:10+00:00","article_modified_time":"2023-12-30T22:39:00+00:00","og_image":[{"width":1600,"height":899,"url":"http:\/\/www.yoga-federation.eu\/wp-content\/uploads\/2017\/10\/Joga-retreat-na-Kanarske-ostrovy-s-Evropskou-federeaci-jogy-2018.jpg","type":"image\/jpeg"}],"author":"YFE","twitter_card":"summary_large_image","twitter_misc":{"Written by":"YFE","Est. reading time":"2 minutes"},"schema":{"@context":"https:\/\/schema.org","@graph":[{"@type":"Article","@id":"https:\/\/www.yoga-federation.eu\/cz\/joga-retreat-na-kanarske-ostrovy-2018\/#article","isPartOf":{"@id":"https:\/\/www.yoga-federation.eu\/cz\/joga-retreat-na-kanarske-ostrovy-2018\/"},"author":{"name":"YFE","@id":"https:\/\/www.yoga-federation.eu\/#\/schema\/person\/c70b5a8f7323477f70814bd277cc9105"},"headline":"J\u00f3ga Retreat na Kan\u00e1rsk\u00e9 ostrovy 2018","datePublished":"2017-10-13T21:39:10+00:00","dateModified":"2023-12-30T22:39:00+00:00","mainEntityOfPage":{"@id":"https:\/\/www.yoga-federation.eu\/cz\/joga-retreat-na-kanarske-ostrovy-2018\/"},"wordCount":505,"image":{"@id":"https:\/\/www.yoga-federation.eu\/cz\/joga-retreat-na-kanarske-ostrovy-2018\/#primaryimage"},"thumbnailUrl":"https:\/\/www.yoga-federation.eu\/wp-content\/uploads\/2017\/10\/Joga-retreat-na-Kanarske-ostrovy-s-Evropskou-federeaci-jogy-2018.jpg","articleSection":{"0":"Activity","1":"j\u00f3ga t\u00e1bor","3":"Yoga retreat"},"inLanguage":"cz-CZ"},{"@type":"WebPage","@id":"https:\/\/www.yoga-federation.eu\/cz\/joga-retreat-na-kanarske-ostrovy-2018\/","url":"https:\/\/www.yoga-federation.eu\/cz\/joga-retreat-na-kanarske-ostrovy-2018\/","name":"J\u00f3ga Retreat na Kan\u00e1rsk\u00e9 ostrovy 2018 - Yoga Federation of Europe","isPartOf":{"@id":"https:\/\/www.yoga-federation.eu\/#website"},"primaryImageOfPage":{"@id":"https:\/\/www.yoga-federation.eu\/cz\/joga-retreat-na-kanarske-ostrovy-2018\/#primaryimage"},"image":{"@id":"https:\/\/www.yoga-federation.eu\/cz\/joga-retreat-na-kanarske-ostrovy-2018\/#primaryimage"},"thumbnailUrl":"https:\/\/www.yoga-federation.eu\/wp-content\/uploads\/2017\/10\/Joga-retreat-na-Kanarske-ostrovy-s-Evropskou-federeaci-jogy-2018.jpg","datePublished":"2017-10-13T21:39:10+00:00","dateModified":"2023-12-30T22:39:00+00:00","author":{"@id":"https:\/\/www.yoga-federation.eu\/#\/schema\/person\/c70b5a8f7323477f70814bd277cc9105"},"description":"J\u00f3ga Retreat na Kan\u00e1rsk\u00e9 ostrovy 2018Aran\u017em\u00e1n obsahuje:1. leteck\u00e1 doprava V\u00edde\u0148 \u2013 Kan\u00e1rsk\u00e9 ostrovy \u2013 V\u00edde\u0148 v\u010detn\u011b . ubytov\u00e1n\u00ed po dobu 8 dn\u00ed (7 noc\u00ed) v hotelu","breadcrumb":{"@id":"https:\/\/www.yoga-federation.eu\/cz\/joga-retreat-na-kanarske-ostrovy-2018\/#breadcrumb"},"inLanguage":"cz-CZ","potentialAction":[{"@type":"ReadAction","target":["https:\/\/www.yoga-federation.eu\/cz\/joga-retreat-na-kanarske-ostrovy-2018\/"]}]},{"@type":"ImageObject","inLanguage":"cz-CZ","@id":"https:\/\/www.yoga-federation.eu\/cz\/joga-retreat-na-kanarske-ostrovy-2018\/#primaryimage","url":"https:\/\/www.yoga-federation.eu\/wp-content\/uploads\/2017\/10\/Joga-retreat-na-Kanarske-ostrovy-s-Evropskou-federeaci-jogy-2018.jpg","contentUrl":"https:\/\/www.yoga-federation.eu\/wp-content\/uploads\/2017\/10\/Joga-retreat-na-Kanarske-ostrovy-s-Evropskou-federeaci-jogy-2018.jpg","width":1600,"height":899,"caption":"Joga retreat"},{"@type":"BreadcrumbList","@id":"https:\/\/www.yoga-federation.eu\/cz\/joga-retreat-na-kanarske-ostrovy-2018\/#breadcrumb","itemListElement":[{"@type":"ListItem","position":1,"name":"Home","item":"https:\/\/www.yoga-federation.eu\/cz\/"},{"@type":"ListItem","position":2,"name":"J\u00f3ga Retreat na Kan\u00e1rsk\u00e9 ostrovy 2018"}]},{"@type":"WebSite","@id":"https:\/\/www.yoga-federation.eu\/#website","url":"https:\/\/www.yoga-federation.eu\/","name":"Yoga Federation of Europe","description":"Yoga in Europe","potentialAction":[{"@type":"SearchAction","target":{"@type":"EntryPoint","urlTemplate":"https:\/\/www.yoga-federation.eu\/?s={search_term_string}"},"query-input":{"@type":"PropertyValueSpecification","valueRequired":true,"valueName":"search_term_string"}}],"inLanguage":"cz-CZ"},{"@type":"Person","@id":"https:\/\/www.yoga-federation.eu\/#\/schema\/person\/c70b5a8f7323477f70814bd277cc9105","name":"YFE","image":{"@type":"ImageObject","inLanguage":"cz-CZ","@id":"https:\/\/secure.gravatar.com\/avatar\/64f6beecfc59c339d337f0a16c80bfc143a5e623923f6f42beb67b25788f3e50?s=96&d=mm&r=g","url":"https:\/\/secure.gravatar.com\/avatar\/64f6beecfc59c339d337f0a16c80bfc143a5e623923f6f42beb67b25788f3e50?s=96&d=mm&r=g","contentUrl":"https:\/\/secure.gravatar.com\/avatar\/64f6beecfc59c339d337f0a16c80bfc143a5e623923f6f42beb67b25788f3e50?s=96&d=mm&r=g","caption":"YFE"},"url":"https:\/\/www.yoga-federation.eu\/cz\/author\/ana\/"}]}},"_links":{"self":[{"href":"https:\/\/www.yoga-federation.eu\/cz\/wp-json\/wp\/v2\/posts\/2497","targetHints":{"allow":["GET"]}}],"collection":[{"href":"https:\/\/www.yoga-federation.eu\/cz\/wp-json\/wp\/v2\/posts"}],"about":[{"href":"https:\/\/www.yoga-federation.eu\/cz\/wp-json\/wp\/v2\/types\/post"}],"author":[{"embeddable":true,"href":"https:\/\/www.yoga-federation.eu\/cz\/wp-json\/wp\/v2\/users\/6"}],"replies":[{"embeddable":true,"href":"https:\/\/www.yoga-federation.eu\/cz\/wp-json\/wp\/v2\/comments?post=2497"}],"version-history":[{"count":0,"href":"https:\/\/www.yoga-federation.eu\/cz\/wp-json\/wp\/v2\/posts\/2497\/revisions"}],"wp:featuredmedia":[{"embeddable":true,"href":"https:\/\/www.yoga-federation.eu\/cz\/wp-json\/wp\/v2\/media\/2499"}],"wp:attachment":[{"href":"https:\/\/www.yoga-federation.eu\/cz\/wp-json\/wp\/v2\/media?parent=2497"}],"wp:term":[{"taxonomy":"category","embeddable":true,"href":"https:\/\/www.yoga-federation.eu\/cz\/wp-json\/wp\/v2\/categories?post=2497"},{"taxonomy":"post_tag","embeddable":true,"href":"https:\/\/www.yoga-federation.eu\/cz\/wp-json\/wp\/v2\/tags?post=2497"}],"curies":[{"name":"wp","href":"https:\/\/api.w.org\/{rel}","templated":true}]}}