{"id":2487,"date":"2017-10-12T22:55:57","date_gmt":"2017-10-12T22:55:57","guid":{"rendered":"https:\/\/www.yoga-federation.eu\/?p=2487"},"modified":"2018-10-23T19:26:21","modified_gmt":"2018-10-23T19:26:21","slug":"kolikrat-se-cvici-joga","status":"publish","type":"post","link":"https:\/\/www.yoga-federation.eu\/cz\/kolikrat-se-cvici-joga\/","title":{"rendered":"Kolikr\u00e1t se cvi\u010d\u00ed j\u00f3ga"},"content":{"rendered":"<div class=\"fusion-fullwidth fullwidth-box fusion-builder-row-1 nonhundred-percent-fullwidth non-hundred-percent-height-scrolling\" style=\"background-color: rgba(255,255,255,0);background-position: center center;background-repeat: no-repeat;padding-top:0px;padding-right:0px;padding-bottom:0px;padding-left:0px;margin-bottom: 0px;margin-top: 0px;border-width: 0px 0px 0px 0px;border-color:#eae9e9;border-style:solid;\" ><div class=\"fusion-builder-row fusion-row\"><div class=\"fusion-layout-column fusion_builder_column fusion-builder-column-0 fusion_builder_column_1_1 1_1 fusion-one-full fusion-column-first fusion-column-last\" style=\"margin-top:0px;margin-bottom:20px;\"><div class=\"fusion-column-wrapper fusion-flex-column-wrapper-legacy\" style=\"background-position:left top;background-repeat:no-repeat;-webkit-background-size:cover;-moz-background-size:cover;-o-background-size:cover;background-size:cover;padding: 0px 0px 0px 0px;\"><div class=\"fusion-text fusion-text-1\"><p>V\u011bdeck\u00e9 v\u00fdzkumy prov\u00e1d\u011bn\u00e9 na po\u010detn\u00e9m vzorku praktikuj\u00edc\u00edch j\u00f3gy ukazuj\u00ed, \u017ee \u010dasov\u00e9 intervaly mezi dv\u011bma lekcemi zna\u010dnou m\u011brou ovliv\u0148uj\u00ed v\u00fdsledky procesu cvi\u010den\u00ed, tj. celkov\u00fd efekt praktikov\u00e1n\u00ed j\u00f3gy.<\/p>\n<p>Nejviditeln\u011bj\u0161\u00ed \u00fa\u010dinky na fyzick\u00e9 i psychick\u00e9 zdrav\u00ed se dostav\u00ed v p\u0159\u00edpad\u011b, \u017ee j\u00f3gu praktikujete ka\u017ed\u00fd druh\u00fd den, nap\u0159. v\u00a0pond\u011bl\u00ed, ve st\u0159edu a v\u00a0p\u00e1tek nejm\u00e9n\u011b 90 minut po dobu minim\u00e1ln\u011b 3 m\u011bs\u00edce.<\/p>\n<p>Takov\u00fd \u010dasov\u00fd harmonogram zaji\u0161\u0165uje zvy\u0161ov\u00e1n\u00ed t\u011blesn\u00e9 kondice, motorick\u00fdch a psychick\u00fdch schopnost\u00ed praktikuj\u00edc\u00edch, ale i jejich udr\u017eov\u00e1n\u00ed na vysok\u00e9 \u00farovni.<\/p>\n<p>Praktikuj\u00edc\u00ed zaznamenali v\u00fdrazn\u00e9 zlep\u0161en\u00ed zdravotn\u00edho stavu, ale i zlep\u0161en\u00ed pam\u011bti, koncentrace a celkov\u00e9ho rozpolo\u017een\u00ed.<\/p>\n<p><a href=\"https:\/\/www.yoga-federation.eu\/wp-content\/uploads\/2017\/10\/lekce-jogy-praha.jpg\"><img loading=\"lazy\" decoding=\"async\" class=\"lazyload size-large wp-image-2488 aligncenter\" src=\"data:image\/svg+xml,%3Csvg%20xmlns%3D%27http%3A%2F%2Fwww.w3.org%2F2000%2Fsvg%27%20width%3D%271024%27%20height%3D%27391%27%20viewBox%3D%270%200%201024%20391%27%3E%3Crect%20width%3D%271024%27%20height%3D%273391%27%20fill-opacity%3D%220%22%2F%3E%3C%2Fsvg%3E\" data-orig-src=\"https:\/\/www.yoga-federation.eu\/wp-content\/uploads\/2017\/10\/lekce-jogy-praha-1024x391.jpg\" alt=\"\" width=\"1024\" height=\"391\" \/><\/a><\/p>\n<p>D\u011btem, kter\u00e9 praktikovaly j\u00f3gu t\u0159ikr\u00e1t t\u00fddn\u011b 90 minut, se zv\u00fd\u0161ila \u00farove\u0148 soust\u0159ed\u011bn\u00ed, kapacita plic i z\u00e1jem o vzd\u011bl\u00e1vac\u00ed obsah.<\/p>\n<p>Star\u0161\u00ed lid\u00e9, kte\u0159\u00ed praktikovali j\u00f3gu t\u0159ikr\u00e1t t\u00fddn\u011b 90 minut, potvrdili, \u017ee se jim zlep\u0161ila pohyblivost, vitalita, flexibilita, pam\u011b\u0165 a stupe\u0148 ka\u017edodenn\u00ed radosti.<\/p>\n<p>Zam\u011bstnan\u00fdm, kte\u0159\u00ed praktikovali j\u00f3gu t\u0159ikr\u00e1t t\u00fddn\u011b 90 minut, se zlep\u0161ila obranychopnost v\u016f\u010di stresu a zmen\u0161ila se citlivost na syndrom vyho\u0159en\u00ed. Rovn\u011b\u017e za\u010dali l\u00e9pe zvl\u00e1dat t\u00fdmovou pr\u00e1ci, zlep\u0161ilo se jejich celkov\u00e9 psychick\u00e9 rozpolo\u017een\u00ed i pracovn\u00ed v\u00fdsledky.<\/p>\n<p>Av\u0161ak \u017eivotn\u00ed rytmus p\u0159epln\u011bn\u00fd stresem dne\u0161n\u00edmu \u010dlov\u011bku znemo\u017e\u0148uje, aby si na praktikov\u00e1n\u00ed j\u00f3gy vy\u010dlenil v\u00edce jak dva term\u00edny t\u00fddn\u011b.<\/p>\n<p>Proto se skoro ve v\u0161ech zem\u00edch ust\u00e1lila intenzita praktikov\u00e1n\u00ed j\u00f3gy \u2013 dvakr\u00e1t t\u00fddn\u011b s\u00a0t\u00edm, \u017ee se \u00fa\u010dastn\u00edkovi doporu\u010d\u00ed je\u0161t\u011b t\u0159et\u00ed cvi\u010den\u00ed doma formou samostatn\u00e9ho praktikov\u00e1n\u00ed j\u00f3gy.<\/p>\n<p>Velk\u00e9 spole\u010dnosti, kter\u00e9 si uv\u011bdomuj\u00ed, \u017ee praktikov\u00e1n\u00ed j\u00f3gy v\u00a0kone\u010dn\u00e9m v\u00fdsledku zlep\u0161uj\u00ed pracovn\u00ed v\u00fdsledky, plat\u00ed sv\u00fdm zam\u011bstnanc\u016fm t\u0159ikr\u00e1t t\u00fddn\u011b hodiny j\u00f3gy.<\/p>\n<\/div><div class=\"fusion-clearfix\"><\/div><\/div><\/div><\/div><\/div>\n","protected":false},"excerpt":{"rendered":"","protected":false},"author":6,"featured_media":2491,"comment_status":"closed","ping_status":"open","sticky":false,"template":"","format":"standard","meta":{"footnotes":""},"categories":[56],"tags":[],"class_list":["post-2487","post","type-post","status-publish","format-standard","has-post-thumbnail","hentry","category-activity"],"yoast_head":"<!-- This site is optimized with the Yoast SEO plugin v27.4 - https:\/\/yoast.com\/product\/yoast-seo-wordpress\/ -->\n<title>Kolikr\u00e1t se cvi\u010d\u00ed j\u00f3ga - Yoga Federation of Europe<\/title>\n<meta name=\"description\" content=\"Kolikr\u00e1t se cvi\u010d\u00ed j\u00f3ga\u00a0 v\u011bdeck\u00e9 v\u00fdzkumy prov\u00e1d\u011bn\u00e9 na po\u010detn\u00e9m vzorku praktikuj\u00edc\u00edch j\u00f3gy ukazuj\u00ed, \u017ee \u010dasov\u00e9 intervaly mezi dv\u011bma lekcemi\" \/>\n<meta name=\"robots\" content=\"index, follow, max-snippet:-1, max-image-preview:large, max-video-preview:-1\" \/>\n<link rel=\"canonical\" href=\"https:\/\/www.yoga-federation.eu\/cz\/kolikrat-se-cvici-joga\/\" \/>\n<meta property=\"og:locale\" content=\"en_US\" \/>\n<meta property=\"og:type\" content=\"article\" \/>\n<meta property=\"og:title\" content=\"Kolikr\u00e1t se cvi\u010d\u00ed j\u00f3ga - Yoga Federation of Europe\" \/>\n<meta property=\"og:description\" content=\"Kolikr\u00e1t se cvi\u010d\u00ed j\u00f3ga\u00a0 v\u011bdeck\u00e9 v\u00fdzkumy prov\u00e1d\u011bn\u00e9 na po\u010detn\u00e9m vzorku praktikuj\u00edc\u00edch j\u00f3gy ukazuj\u00ed, \u017ee \u010dasov\u00e9 intervaly mezi dv\u011bma lekcemi\" \/>\n<meta property=\"og:url\" content=\"https:\/\/www.yoga-federation.eu\/cz\/kolikrat-se-cvici-joga\/\" \/>\n<meta property=\"og:site_name\" content=\"Yoga Federation of Europe\" \/>\n<meta property=\"article:published_time\" content=\"2017-10-12T22:55:57+00:00\" \/>\n<meta property=\"article:modified_time\" content=\"2018-10-23T19:26:21+00:00\" \/>\n<meta property=\"og:image\" content=\"https:\/\/www.yoga-federation.eu\/wp-content\/uploads\/2017\/10\/lekce-jogy-praha-2.jpg\" \/>\n\t<meta property=\"og:image:width\" content=\"1600\" \/>\n\t<meta property=\"og:image:height\" content=\"1462\" \/>\n\t<meta property=\"og:image:type\" content=\"image\/jpeg\" \/>\n<meta name=\"author\" content=\"YFE\" \/>\n<meta name=\"twitter:card\" content=\"summary_large_image\" \/>\n<meta name=\"twitter:label1\" content=\"Written by\" \/>\n\t<meta name=\"twitter:data1\" content=\"YFE\" \/>\n\t<meta name=\"twitter:label2\" content=\"Est. reading time\" \/>\n\t<meta name=\"twitter:data2\" content=\"3 minutes\" \/>\n<script type=\"application\/ld+json\" class=\"yoast-schema-graph\">{\"@context\":\"https:\\\/\\\/schema.org\",\"@graph\":[{\"@type\":\"Article\",\"@id\":\"https:\\\/\\\/www.yoga-federation.eu\\\/cz\\\/kolikrat-se-cvici-joga\\\/#article\",\"isPartOf\":{\"@id\":\"https:\\\/\\\/www.yoga-federation.eu\\\/cz\\\/kolikrat-se-cvici-joga\\\/\"},\"author\":{\"name\":\"YFE\",\"@id\":\"https:\\\/\\\/www.yoga-federation.eu\\\/#\\\/schema\\\/person\\\/c70b5a8f7323477f70814bd277cc9105\"},\"headline\":\"Kolikr\u00e1t se cvi\u010d\u00ed j\u00f3ga\",\"datePublished\":\"2017-10-12T22:55:57+00:00\",\"dateModified\":\"2018-10-23T19:26:21+00:00\",\"mainEntityOfPage\":{\"@id\":\"https:\\\/\\\/www.yoga-federation.eu\\\/cz\\\/kolikrat-se-cvici-joga\\\/\"},\"wordCount\":521,\"image\":{\"@id\":\"https:\\\/\\\/www.yoga-federation.eu\\\/cz\\\/kolikrat-se-cvici-joga\\\/#primaryimage\"},\"thumbnailUrl\":\"https:\\\/\\\/www.yoga-federation.eu\\\/wp-content\\\/uploads\\\/2017\\\/10\\\/lekce-jogy-praha-2.jpg\",\"articleSection\":[\"Activity\"],\"inLanguage\":\"cz-CZ\"},{\"@type\":\"WebPage\",\"@id\":\"https:\\\/\\\/www.yoga-federation.eu\\\/cz\\\/kolikrat-se-cvici-joga\\\/\",\"url\":\"https:\\\/\\\/www.yoga-federation.eu\\\/cz\\\/kolikrat-se-cvici-joga\\\/\",\"name\":\"Kolikr\u00e1t se cvi\u010d\u00ed j\u00f3ga - Yoga Federation of Europe\",\"isPartOf\":{\"@id\":\"https:\\\/\\\/www.yoga-federation.eu\\\/#website\"},\"primaryImageOfPage\":{\"@id\":\"https:\\\/\\\/www.yoga-federation.eu\\\/cz\\\/kolikrat-se-cvici-joga\\\/#primaryimage\"},\"image\":{\"@id\":\"https:\\\/\\\/www.yoga-federation.eu\\\/cz\\\/kolikrat-se-cvici-joga\\\/#primaryimage\"},\"thumbnailUrl\":\"https:\\\/\\\/www.yoga-federation.eu\\\/wp-content\\\/uploads\\\/2017\\\/10\\\/lekce-jogy-praha-2.jpg\",\"datePublished\":\"2017-10-12T22:55:57+00:00\",\"dateModified\":\"2018-10-23T19:26:21+00:00\",\"author\":{\"@id\":\"https:\\\/\\\/www.yoga-federation.eu\\\/#\\\/schema\\\/person\\\/c70b5a8f7323477f70814bd277cc9105\"},\"description\":\"Kolikr\u00e1t se cvi\u010d\u00ed j\u00f3ga\u00a0 v\u011bdeck\u00e9 v\u00fdzkumy prov\u00e1d\u011bn\u00e9 na po\u010detn\u00e9m vzorku praktikuj\u00edc\u00edch j\u00f3gy ukazuj\u00ed, \u017ee \u010dasov\u00e9 intervaly mezi dv\u011bma lekcemi\",\"breadcrumb\":{\"@id\":\"https:\\\/\\\/www.yoga-federation.eu\\\/cz\\\/kolikrat-se-cvici-joga\\\/#breadcrumb\"},\"inLanguage\":\"cz-CZ\",\"potentialAction\":[{\"@type\":\"ReadAction\",\"target\":[\"https:\\\/\\\/www.yoga-federation.eu\\\/cz\\\/kolikrat-se-cvici-joga\\\/\"]}]},{\"@type\":\"ImageObject\",\"inLanguage\":\"cz-CZ\",\"@id\":\"https:\\\/\\\/www.yoga-federation.eu\\\/cz\\\/kolikrat-se-cvici-joga\\\/#primaryimage\",\"url\":\"https:\\\/\\\/www.yoga-federation.eu\\\/wp-content\\\/uploads\\\/2017\\\/10\\\/lekce-jogy-praha-2.jpg\",\"contentUrl\":\"https:\\\/\\\/www.yoga-federation.eu\\\/wp-content\\\/uploads\\\/2017\\\/10\\\/lekce-jogy-praha-2.jpg\",\"width\":1600,\"height\":1462},{\"@type\":\"BreadcrumbList\",\"@id\":\"https:\\\/\\\/www.yoga-federation.eu\\\/cz\\\/kolikrat-se-cvici-joga\\\/#breadcrumb\",\"itemListElement\":[{\"@type\":\"ListItem\",\"position\":1,\"name\":\"Home\",\"item\":\"https:\\\/\\\/www.yoga-federation.eu\\\/cz\\\/\"},{\"@type\":\"ListItem\",\"position\":2,\"name\":\"Kolikr\u00e1t se cvi\u010d\u00ed j\u00f3ga\"}]},{\"@type\":\"WebSite\",\"@id\":\"https:\\\/\\\/www.yoga-federation.eu\\\/#website\",\"url\":\"https:\\\/\\\/www.yoga-federation.eu\\\/\",\"name\":\"Yoga Federation of Europe\",\"description\":\"Yoga in Europe\",\"potentialAction\":[{\"@type\":\"SearchAction\",\"target\":{\"@type\":\"EntryPoint\",\"urlTemplate\":\"https:\\\/\\\/www.yoga-federation.eu\\\/?s={search_term_string}\"},\"query-input\":{\"@type\":\"PropertyValueSpecification\",\"valueRequired\":true,\"valueName\":\"search_term_string\"}}],\"inLanguage\":\"cz-CZ\"},{\"@type\":\"Person\",\"@id\":\"https:\\\/\\\/www.yoga-federation.eu\\\/#\\\/schema\\\/person\\\/c70b5a8f7323477f70814bd277cc9105\",\"name\":\"YFE\",\"image\":{\"@type\":\"ImageObject\",\"inLanguage\":\"cz-CZ\",\"@id\":\"https:\\\/\\\/secure.gravatar.com\\\/avatar\\\/64f6beecfc59c339d337f0a16c80bfc143a5e623923f6f42beb67b25788f3e50?s=96&d=mm&r=g\",\"url\":\"https:\\\/\\\/secure.gravatar.com\\\/avatar\\\/64f6beecfc59c339d337f0a16c80bfc143a5e623923f6f42beb67b25788f3e50?s=96&d=mm&r=g\",\"contentUrl\":\"https:\\\/\\\/secure.gravatar.com\\\/avatar\\\/64f6beecfc59c339d337f0a16c80bfc143a5e623923f6f42beb67b25788f3e50?s=96&d=mm&r=g\",\"caption\":\"YFE\"},\"url\":\"https:\\\/\\\/www.yoga-federation.eu\\\/cz\\\/author\\\/ana\\\/\"}]}<\/script>\n<!-- \/ Yoast SEO plugin. -->","yoast_head_json":{"title":"Kolikr\u00e1t se cvi\u010d\u00ed j\u00f3ga - Yoga Federation of Europe","description":"Kolikr\u00e1t se cvi\u010d\u00ed j\u00f3ga\u00a0 v\u011bdeck\u00e9 v\u00fdzkumy prov\u00e1d\u011bn\u00e9 na po\u010detn\u00e9m vzorku praktikuj\u00edc\u00edch j\u00f3gy ukazuj\u00ed, \u017ee \u010dasov\u00e9 intervaly mezi dv\u011bma lekcemi","robots":{"index":"index","follow":"follow","max-snippet":"max-snippet:-1","max-image-preview":"max-image-preview:large","max-video-preview":"max-video-preview:-1"},"canonical":"https:\/\/www.yoga-federation.eu\/cz\/kolikrat-se-cvici-joga\/","og_locale":"en_US","og_type":"article","og_title":"Kolikr\u00e1t se cvi\u010d\u00ed j\u00f3ga - Yoga Federation of Europe","og_description":"Kolikr\u00e1t se cvi\u010d\u00ed j\u00f3ga\u00a0 v\u011bdeck\u00e9 v\u00fdzkumy prov\u00e1d\u011bn\u00e9 na po\u010detn\u00e9m vzorku praktikuj\u00edc\u00edch j\u00f3gy ukazuj\u00ed, \u017ee \u010dasov\u00e9 intervaly mezi dv\u011bma lekcemi","og_url":"https:\/\/www.yoga-federation.eu\/cz\/kolikrat-se-cvici-joga\/","og_site_name":"Yoga Federation of Europe","article_published_time":"2017-10-12T22:55:57+00:00","article_modified_time":"2018-10-23T19:26:21+00:00","og_image":[{"width":1600,"height":1462,"url":"https:\/\/www.yoga-federation.eu\/wp-content\/uploads\/2017\/10\/lekce-jogy-praha-2.jpg","type":"image\/jpeg"}],"author":"YFE","twitter_card":"summary_large_image","twitter_misc":{"Written by":"YFE","Est. reading time":"3 minutes"},"schema":{"@context":"https:\/\/schema.org","@graph":[{"@type":"Article","@id":"https:\/\/www.yoga-federation.eu\/cz\/kolikrat-se-cvici-joga\/#article","isPartOf":{"@id":"https:\/\/www.yoga-federation.eu\/cz\/kolikrat-se-cvici-joga\/"},"author":{"name":"YFE","@id":"https:\/\/www.yoga-federation.eu\/#\/schema\/person\/c70b5a8f7323477f70814bd277cc9105"},"headline":"Kolikr\u00e1t se cvi\u010d\u00ed j\u00f3ga","datePublished":"2017-10-12T22:55:57+00:00","dateModified":"2018-10-23T19:26:21+00:00","mainEntityOfPage":{"@id":"https:\/\/www.yoga-federation.eu\/cz\/kolikrat-se-cvici-joga\/"},"wordCount":521,"image":{"@id":"https:\/\/www.yoga-federation.eu\/cz\/kolikrat-se-cvici-joga\/#primaryimage"},"thumbnailUrl":"https:\/\/www.yoga-federation.eu\/wp-content\/uploads\/2017\/10\/lekce-jogy-praha-2.jpg","articleSection":["Activity"],"inLanguage":"cz-CZ"},{"@type":"WebPage","@id":"https:\/\/www.yoga-federation.eu\/cz\/kolikrat-se-cvici-joga\/","url":"https:\/\/www.yoga-federation.eu\/cz\/kolikrat-se-cvici-joga\/","name":"Kolikr\u00e1t se cvi\u010d\u00ed j\u00f3ga - Yoga Federation of Europe","isPartOf":{"@id":"https:\/\/www.yoga-federation.eu\/#website"},"primaryImageOfPage":{"@id":"https:\/\/www.yoga-federation.eu\/cz\/kolikrat-se-cvici-joga\/#primaryimage"},"image":{"@id":"https:\/\/www.yoga-federation.eu\/cz\/kolikrat-se-cvici-joga\/#primaryimage"},"thumbnailUrl":"https:\/\/www.yoga-federation.eu\/wp-content\/uploads\/2017\/10\/lekce-jogy-praha-2.jpg","datePublished":"2017-10-12T22:55:57+00:00","dateModified":"2018-10-23T19:26:21+00:00","author":{"@id":"https:\/\/www.yoga-federation.eu\/#\/schema\/person\/c70b5a8f7323477f70814bd277cc9105"},"description":"Kolikr\u00e1t se cvi\u010d\u00ed j\u00f3ga\u00a0 v\u011bdeck\u00e9 v\u00fdzkumy prov\u00e1d\u011bn\u00e9 na po\u010detn\u00e9m vzorku praktikuj\u00edc\u00edch j\u00f3gy ukazuj\u00ed, \u017ee \u010dasov\u00e9 intervaly mezi dv\u011bma lekcemi","breadcrumb":{"@id":"https:\/\/www.yoga-federation.eu\/cz\/kolikrat-se-cvici-joga\/#breadcrumb"},"inLanguage":"cz-CZ","potentialAction":[{"@type":"ReadAction","target":["https:\/\/www.yoga-federation.eu\/cz\/kolikrat-se-cvici-joga\/"]}]},{"@type":"ImageObject","inLanguage":"cz-CZ","@id":"https:\/\/www.yoga-federation.eu\/cz\/kolikrat-se-cvici-joga\/#primaryimage","url":"https:\/\/www.yoga-federation.eu\/wp-content\/uploads\/2017\/10\/lekce-jogy-praha-2.jpg","contentUrl":"https:\/\/www.yoga-federation.eu\/wp-content\/uploads\/2017\/10\/lekce-jogy-praha-2.jpg","width":1600,"height":1462},{"@type":"BreadcrumbList","@id":"https:\/\/www.yoga-federation.eu\/cz\/kolikrat-se-cvici-joga\/#breadcrumb","itemListElement":[{"@type":"ListItem","position":1,"name":"Home","item":"https:\/\/www.yoga-federation.eu\/cz\/"},{"@type":"ListItem","position":2,"name":"Kolikr\u00e1t se cvi\u010d\u00ed j\u00f3ga"}]},{"@type":"WebSite","@id":"https:\/\/www.yoga-federation.eu\/#website","url":"https:\/\/www.yoga-federation.eu\/","name":"Yoga Federation of Europe","description":"Yoga in Europe","potentialAction":[{"@type":"SearchAction","target":{"@type":"EntryPoint","urlTemplate":"https:\/\/www.yoga-federation.eu\/?s={search_term_string}"},"query-input":{"@type":"PropertyValueSpecification","valueRequired":true,"valueName":"search_term_string"}}],"inLanguage":"cz-CZ"},{"@type":"Person","@id":"https:\/\/www.yoga-federation.eu\/#\/schema\/person\/c70b5a8f7323477f70814bd277cc9105","name":"YFE","image":{"@type":"ImageObject","inLanguage":"cz-CZ","@id":"https:\/\/secure.gravatar.com\/avatar\/64f6beecfc59c339d337f0a16c80bfc143a5e623923f6f42beb67b25788f3e50?s=96&d=mm&r=g","url":"https:\/\/secure.gravatar.com\/avatar\/64f6beecfc59c339d337f0a16c80bfc143a5e623923f6f42beb67b25788f3e50?s=96&d=mm&r=g","contentUrl":"https:\/\/secure.gravatar.com\/avatar\/64f6beecfc59c339d337f0a16c80bfc143a5e623923f6f42beb67b25788f3e50?s=96&d=mm&r=g","caption":"YFE"},"url":"https:\/\/www.yoga-federation.eu\/cz\/author\/ana\/"}]}},"_links":{"self":[{"href":"https:\/\/www.yoga-federation.eu\/cz\/wp-json\/wp\/v2\/posts\/2487","targetHints":{"allow":["GET"]}}],"collection":[{"href":"https:\/\/www.yoga-federation.eu\/cz\/wp-json\/wp\/v2\/posts"}],"about":[{"href":"https:\/\/www.yoga-federation.eu\/cz\/wp-json\/wp\/v2\/types\/post"}],"author":[{"embeddable":true,"href":"https:\/\/www.yoga-federation.eu\/cz\/wp-json\/wp\/v2\/users\/6"}],"replies":[{"embeddable":true,"href":"https:\/\/www.yoga-federation.eu\/cz\/wp-json\/wp\/v2\/comments?post=2487"}],"version-history":[{"count":0,"href":"https:\/\/www.yoga-federation.eu\/cz\/wp-json\/wp\/v2\/posts\/2487\/revisions"}],"wp:featuredmedia":[{"embeddable":true,"href":"https:\/\/www.yoga-federation.eu\/cz\/wp-json\/wp\/v2\/media\/2491"}],"wp:attachment":[{"href":"https:\/\/www.yoga-federation.eu\/cz\/wp-json\/wp\/v2\/media?parent=2487"}],"wp:term":[{"taxonomy":"category","embeddable":true,"href":"https:\/\/www.yoga-federation.eu\/cz\/wp-json\/wp\/v2\/categories?post=2487"},{"taxonomy":"post_tag","embeddable":true,"href":"https:\/\/www.yoga-federation.eu\/cz\/wp-json\/wp\/v2\/tags?post=2487"}],"curies":[{"name":"wp","href":"https:\/\/api.w.org\/{rel}","templated":true}]}}