{"id":2359,"date":"2017-09-19T21:38:36","date_gmt":"2017-09-19T21:38:36","guid":{"rendered":"https:\/\/www.yoga-federation.eu\/cz\/?p=2359"},"modified":"2019-01-19T10:56:44","modified_gmt":"2019-01-19T10:56:44","slug":"projekt-joga-50-plus","status":"publish","type":"post","link":"https:\/\/www.yoga-federation.eu\/cz\/projekt-joga-50-plus\/","title":{"rendered":"Projekt \u201eJ\u00f3ga \u2013 50 plus\u201c"},"content":{"rendered":"<div class=\"fusion-fullwidth fullwidth-box fusion-builder-row-1 hundred-percent-fullwidth non-hundred-percent-height-scrolling\" style=\"background-color: rgba(255,255,255,0);background-position: center center;background-repeat: no-repeat;padding-top:0px;padding-right:0px;padding-bottom:0px;padding-left:0px;margin-bottom: 0px;margin-top: 0px;border-width: 0px 0px 0px 0px;border-color:#eae9e9;border-style:solid;\" ><div class=\"fusion-builder-row fusion-row\"><div class=\"fusion-layout-column fusion_builder_column fusion-builder-column-0 fusion_builder_column_1_1 1_1 fusion-one-full fusion-column-first fusion-column-last\" style=\"margin-top:0px;margin-bottom:20px;\"><div class=\"fusion-column-wrapper fusion-flex-column-wrapper-legacy\" style=\"background-position:left top;background-repeat:no-repeat;-webkit-background-size:cover;-moz-background-size:cover;-o-background-size:cover;background-size:cover;padding: 0px 0px 0px 0px;\"><div class=\"fusion-text fusion-text-1\"><p><span lang=\"CS\">Evropsk\u00e1 federace j\u00f3gy zahajuje 15. 10. 2017 ve spolupr\u00e1ci se\u00a0<a href=\"http:\/\/www.praha1.cz\/cps\/odbory-a-oddeleni-69204.html\" target=\"_blank\" rel=\"noopener\">M\u010c Praha 1<\/a> a St\u0159ediskem soci\u00e1ln\u00edch slu\u017eeb Praha 1 \u00a0projekt\u00a0\u201eJ\u00f3ga \u2013 50 plus\u201c zam\u011b\u0159en\u00fd na zdrav\u00e9 st\u00e1rnut\u00ed.<\/span><\/p>\n<p><span lang=\"EN\">Projekt\u00a0<\/span><span lang=\"SR-CYRL-RS\">se uskute\u010dn\u00ed pod z\u00e1\u0161titou\u00a0<\/span><a href=\"https:\/\/www.yoga-federation.eu\/wp-content\/uploads\/2017\/10\/Zastita-starosta-Ing.-Oldrich-Lomecky.pdf\" target=\"_blank\" rel=\"noopener\"><span lang=\"CS\">starosty M\u010c Prahy 1.<\/span><\/a><\/p>\n<p><span lang=\"CS\">N\u00e1pl\u0148 zahrnuje p\u0159edn\u00e1\u0161ky (teoretick\u00e1 v\u00fduka), d\u00edlny a cvi\u010den\u00ed j\u00f3gy rozd\u011blen\u00e9 do dvan\u00e1cti blok\u016f\u00a0ur\u010den\u00fdch pro seniory.<\/span><\/p>\n<p>Program\u00a0\u201eJ\u00f3ga \u2013 50 plus\u201c se kon\u00e1 v\u00a0pohybov\u00e9m centru T\u011blocvi\u010dna, Praha 1.\u00a0\u00da\u010dast je zdarma.<\/p>\n<p>Prost\u0159ednictv\u00edm tohoto bezplatn\u00e9ho projektu budou m\u00edt ob\u010dan\u00e9 Prahy 1 mo\u017enost pozitivn\u011b ovlivnit sv\u016fj zdravotn\u00ed stav skrz program, kter\u00fd zahrnuje p\u0159edn\u00e1\u0161ky, d\u00edlny a cvi\u010den\u00ed j\u00f3gy.<\/p>\n<p>C\u00edlem projektu &#8220;J\u00f3ga 50 plus&#8221; je p\u0159ijmout zdrav\u00fd \u017eivotn\u00ed styl, kter\u00fd zpomal\u00ed proces st\u00e1rnut\u00ed a zlep\u0161\u00ed kvalitu \u017eivota \u00fa\u010dastn\u00edk\u016f projektu.<\/p>\n<p><span lang=\"CS\">Pros\u00edme v\u0161echny seniory (nad 50 let), kte\u0159\u00ed by m\u011bli z\u00e1jem, aby se n\u00e1m ozvali na na\u0161i e-mailovou adresu: yoga.yfe@gmail.com\u00a0<\/span><span lang=\"CS\">nebo zavolali na \u010d\u00edslo: 773 691 858<\/span><\/p>\n<p><span lang=\"CS\">P\u0159edem d\u011bkujeme!<\/span><\/p>\n<\/div><div class=\"fusion-text fusion-text-2\"><p>Medi\u00e1ln\u00ed podpora:<\/p>\n<p><a href=\"http:\/\/www.praha1.cz\/cps\/odbory-a-oddeleni-69204.html\" target=\"_blank\" rel=\"noopener\">Praha 1<\/a><br \/>\n<a href=\"http:\/\/www.prazskypatriot.cz\/joga-undefined-50-plus\/\" target=\"_blank\" rel=\"noopener\">Pra\u017esk\u00fd Patriot<\/a><br \/>\n<a href=\"http:\/\/aktualne.prahanadlani.cz\/z-radnic-mesta-prahy\/829463-projekt-joga-50-plus-s-podporou-mc-praha-1.html\" target=\"_blank\" rel=\"noopener\">Praha na Dlan\u00ed<\/a><\/p>\n<\/div><div class=\"fusion-clearfix\"><\/div><\/div><\/div><div class=\"fusion-layout-column fusion_builder_column fusion-builder-column-1 fusion_builder_column_1_2 1_2 fusion-one-half fusion-column-first\" style=\"width:48%; margin-right: 4%;margin-top:0px;margin-bottom:20px;\"><div class=\"fusion-column-wrapper fusion-flex-column-wrapper-legacy\" style=\"background-position:left top;background-repeat:no-repeat;-webkit-background-size:cover;-moz-background-size:cover;-o-background-size:cover;background-size:cover;padding: 0px 0px 0px 0px;\"><div class=\"fusion-text fusion-text-3\"><p><a href=\"https:\/\/www.yoga-federation.eu\/wp-content\/uploads\/2017\/09\/J\u00f3ga-50-plus-11.jpg\"><img loading=\"lazy\" decoding=\"async\" class=\"lazyload alignnone size-large wp-image-2388\" src=\"https:\/\/www.yoga-federation.eu\/wp-content\/uploads\/2017\/09\/J\u00f3ga-50-plus-11-589x1024.jpg\" data-orig-src=\"https:\/\/www.yoga-federation.eu\/wp-content\/uploads\/2017\/09\/J\u00f3ga-50-plus-11-589x1024.jpg\" alt=\"joga 50 plus praha\" width=\"589\" height=\"1024\" srcset=\"data:image\/svg+xml,%3Csvg%20xmlns%3D%27http%3A%2F%2Fwww.w3.org%2F2000%2Fsvg%27%20width%3D%27589%27%20height%3D%271024%27%20viewBox%3D%270%200%20589%201024%27%3E%3Crect%20width%3D%27589%27%20height%3D%2731024%27%20fill-opacity%3D%220%22%2F%3E%3C%2Fsvg%3E\" data-srcset=\"https:\/\/www.yoga-federation.eu\/wp-content\/uploads\/2017\/09\/J\u00f3ga-50-plus-11-173x300.jpg 173w, https:\/\/www.yoga-federation.eu\/wp-content\/uploads\/2017\/09\/J\u00f3ga-50-plus-11-200x348.jpg 200w, https:\/\/www.yoga-federation.eu\/wp-content\/uploads\/2017\/09\/J\u00f3ga-50-plus-11-400x696.jpg 400w, https:\/\/www.yoga-federation.eu\/wp-content\/uploads\/2017\/09\/J\u00f3ga-50-plus-11-589x1024.jpg 589w, https:\/\/www.yoga-federation.eu\/wp-content\/uploads\/2017\/09\/J\u00f3ga-50-plus-11-600x1043.jpg 600w, https:\/\/www.yoga-federation.eu\/wp-content\/uploads\/2017\/09\/J\u00f3ga-50-plus-11-768x1336.jpg 768w, https:\/\/www.yoga-federation.eu\/wp-content\/uploads\/2017\/09\/J\u00f3ga-50-plus-11-800x1391.jpg 800w, https:\/\/www.yoga-federation.eu\/wp-content\/uploads\/2017\/09\/J\u00f3ga-50-plus-11.jpg 920w\" data-sizes=\"auto\" data-orig-sizes=\"auto, (max-width: 589px) 100vw, 589px\" \/><\/a><\/p>\n<\/div><div class=\"fusion-clearfix\"><\/div><\/div><\/div><div class=\"fusion-layout-column fusion_builder_column fusion-builder-column-2 fusion_builder_column_1_2 1_2 fusion-one-half fusion-column-last\" style=\"width:48%;margin-top:0px;margin-bottom:20px;\"><div class=\"fusion-column-wrapper fusion-flex-column-wrapper-legacy\" style=\"background-position:left top;background-repeat:no-repeat;-webkit-background-size:cover;-moz-background-size:cover;-o-background-size:cover;background-size:cover;padding: 0px 0px 0px 0px;\"><div class=\"fusion-text fusion-text-4\"><p style=\"text-align: center;\"><a href=\"https:\/\/www.yoga-federation.eu\/wp-content\/uploads\/2017\/09\/J\u00f3ga-50-plus-9.jpg\"><img loading=\"lazy\" decoding=\"async\" class=\"lazyload alignnone size-large wp-image-2378\" src=\"https:\/\/www.yoga-federation.eu\/wp-content\/uploads\/2017\/09\/J\u00f3ga-50-plus-9-620x1024.jpg\" data-orig-src=\"https:\/\/www.yoga-federation.eu\/wp-content\/uploads\/2017\/09\/J\u00f3ga-50-plus-9-620x1024.jpg\" alt=\"joga 50 plus praha\" width=\"620\" height=\"1024\" srcset=\"data:image\/svg+xml,%3Csvg%20xmlns%3D%27http%3A%2F%2Fwww.w3.org%2F2000%2Fsvg%27%20width%3D%27620%27%20height%3D%271024%27%20viewBox%3D%270%200%20620%201024%27%3E%3Crect%20width%3D%27620%27%20height%3D%2731024%27%20fill-opacity%3D%220%22%2F%3E%3C%2Fsvg%3E\" data-srcset=\"https:\/\/www.yoga-federation.eu\/wp-content\/uploads\/2017\/09\/J\u00f3ga-50-plus-9-182x300.jpg 182w, https:\/\/www.yoga-federation.eu\/wp-content\/uploads\/2017\/09\/J\u00f3ga-50-plus-9-200x331.jpg 200w, https:\/\/www.yoga-federation.eu\/wp-content\/uploads\/2017\/09\/J\u00f3ga-50-plus-9-400x661.jpg 400w, https:\/\/www.yoga-federation.eu\/wp-content\/uploads\/2017\/09\/J\u00f3ga-50-plus-9-600x992.jpg 600w, https:\/\/www.yoga-federation.eu\/wp-content\/uploads\/2017\/09\/J\u00f3ga-50-plus-9-620x1024.jpg 620w, https:\/\/www.yoga-federation.eu\/wp-content\/uploads\/2017\/09\/J\u00f3ga-50-plus-9-768x1269.jpg 768w, https:\/\/www.yoga-federation.eu\/wp-content\/uploads\/2017\/09\/J\u00f3ga-50-plus-9-800x1322.jpg 800w, https:\/\/www.yoga-federation.eu\/wp-content\/uploads\/2017\/09\/J\u00f3ga-50-plus-9.jpg 968w\" data-sizes=\"auto\" data-orig-sizes=\"auto, (max-width: 620px) 100vw, 620px\" \/><\/a><\/p>\n<\/div><div class=\"fusion-clearfix\"><\/div><\/div><\/div><\/div><style type=\"text\/css\">.fusion-fullwidth.fusion-builder-row-1 { overflow:visible; }<\/style><\/div>\n","protected":false},"excerpt":{"rendered":"","protected":false},"author":6,"featured_media":2382,"comment_status":"closed","ping_status":"open","sticky":false,"template":"","format":"standard","meta":{"footnotes":""},"categories":[56,58,86,64],"tags":[],"class_list":["post-2359","post","type-post","status-publish","format-standard","has-post-thumbnail","hentry","category-activity","category-aktivity-v-roce-2017","category-joga-50-plus","category-projekty"],"yoast_head":"<!-- This site is optimized with the Yoast SEO plugin v27.4 - https:\/\/yoast.com\/product\/yoast-seo-wordpress\/ -->\n<title>Projekt \u201eJ\u00f3ga \u2013 50 plus\u201c - Yoga Federation of Europe<\/title>\n<meta name=\"description\" content=\"Evropsk\u00e1 federace j\u00f3gy zahajuje ve spolupr\u00e1ci se St\u0159ediskem soci\u00e1ln\u00edch slu\u017eeb Praha 1 a M\u010c Praha 1 projekt \u201eJ\u00f3ga \u2013 50 plus\u201c zam\u011b\u0159en\u00fd na zdrav\u00e9 st\u00e1rnut\u00ed\" \/>\n<meta name=\"robots\" content=\"index, follow, max-snippet:-1, max-image-preview:large, max-video-preview:-1\" \/>\n<link rel=\"canonical\" href=\"https:\/\/www.yoga-federation.eu\/cz\/projekt-joga-50-plus\/\" \/>\n<meta property=\"og:locale\" content=\"en_US\" \/>\n<meta property=\"og:type\" content=\"article\" \/>\n<meta property=\"og:title\" content=\"Projekt \u201eJ\u00f3ga \u2013 50 plus\u201c - Yoga Federation of Europe\" \/>\n<meta property=\"og:description\" content=\"Evropsk\u00e1 federace j\u00f3gy zahajuje ve spolupr\u00e1ci se St\u0159ediskem soci\u00e1ln\u00edch slu\u017eeb Praha 1 a M\u010c Praha 1 projekt \u201eJ\u00f3ga \u2013 50 plus\u201c zam\u011b\u0159en\u00fd na zdrav\u00e9 st\u00e1rnut\u00ed\" \/>\n<meta property=\"og:url\" content=\"https:\/\/www.yoga-federation.eu\/cz\/projekt-joga-50-plus\/\" \/>\n<meta property=\"og:site_name\" content=\"Yoga Federation of Europe\" \/>\n<meta property=\"article:published_time\" content=\"2017-09-19T21:38:36+00:00\" \/>\n<meta property=\"article:modified_time\" content=\"2019-01-19T10:56:44+00:00\" \/>\n<meta property=\"og:image\" content=\"https:\/\/www.yoga-federation.eu\/wp-content\/uploads\/2017\/09\/Joga-50-plus-1.jpg\" \/>\n\t<meta property=\"og:image:width\" content=\"1600\" \/>\n\t<meta property=\"og:image:height\" content=\"1328\" \/>\n\t<meta property=\"og:image:type\" content=\"image\/jpeg\" \/>\n<meta name=\"author\" content=\"YFE\" \/>\n<meta name=\"twitter:card\" content=\"summary_large_image\" \/>\n<meta name=\"twitter:label1\" content=\"Written by\" \/>\n\t<meta name=\"twitter:data1\" content=\"YFE\" \/>\n\t<meta name=\"twitter:label2\" content=\"Est. reading time\" \/>\n\t<meta name=\"twitter:data2\" content=\"2 minutes\" \/>\n<script type=\"application\/ld+json\" class=\"yoast-schema-graph\">{\"@context\":\"https:\\\/\\\/schema.org\",\"@graph\":[{\"@type\":\"Article\",\"@id\":\"https:\\\/\\\/www.yoga-federation.eu\\\/cz\\\/projekt-joga-50-plus\\\/#article\",\"isPartOf\":{\"@id\":\"https:\\\/\\\/www.yoga-federation.eu\\\/cz\\\/projekt-joga-50-plus\\\/\"},\"author\":{\"name\":\"YFE\",\"@id\":\"https:\\\/\\\/www.yoga-federation.eu\\\/#\\\/schema\\\/person\\\/c70b5a8f7323477f70814bd277cc9105\"},\"headline\":\"Projekt \u201eJ\u00f3ga \u2013 50 plus\u201c\",\"datePublished\":\"2017-09-19T21:38:36+00:00\",\"dateModified\":\"2019-01-19T10:56:44+00:00\",\"mainEntityOfPage\":{\"@id\":\"https:\\\/\\\/www.yoga-federation.eu\\\/cz\\\/projekt-joga-50-plus\\\/\"},\"wordCount\":444,\"image\":{\"@id\":\"https:\\\/\\\/www.yoga-federation.eu\\\/cz\\\/projekt-joga-50-plus\\\/#primaryimage\"},\"thumbnailUrl\":\"https:\\\/\\\/www.yoga-federation.eu\\\/wp-content\\\/uploads\\\/2017\\\/09\\\/Joga-50-plus-1.jpg\",\"articleSection\":[\"Activity\",\"Aktivity v roce 2017\",\"J\u00f3ga - 50 plus\",\"Projekty\"],\"inLanguage\":\"cz-CZ\"},{\"@type\":\"WebPage\",\"@id\":\"https:\\\/\\\/www.yoga-federation.eu\\\/cz\\\/projekt-joga-50-plus\\\/\",\"url\":\"https:\\\/\\\/www.yoga-federation.eu\\\/cz\\\/projekt-joga-50-plus\\\/\",\"name\":\"Projekt \u201eJ\u00f3ga \u2013 50 plus\u201c - Yoga Federation of Europe\",\"isPartOf\":{\"@id\":\"https:\\\/\\\/www.yoga-federation.eu\\\/#website\"},\"primaryImageOfPage\":{\"@id\":\"https:\\\/\\\/www.yoga-federation.eu\\\/cz\\\/projekt-joga-50-plus\\\/#primaryimage\"},\"image\":{\"@id\":\"https:\\\/\\\/www.yoga-federation.eu\\\/cz\\\/projekt-joga-50-plus\\\/#primaryimage\"},\"thumbnailUrl\":\"https:\\\/\\\/www.yoga-federation.eu\\\/wp-content\\\/uploads\\\/2017\\\/09\\\/Joga-50-plus-1.jpg\",\"datePublished\":\"2017-09-19T21:38:36+00:00\",\"dateModified\":\"2019-01-19T10:56:44+00:00\",\"author\":{\"@id\":\"https:\\\/\\\/www.yoga-federation.eu\\\/#\\\/schema\\\/person\\\/c70b5a8f7323477f70814bd277cc9105\"},\"description\":\"Evropsk\u00e1 federace j\u00f3gy zahajuje ve spolupr\u00e1ci se St\u0159ediskem soci\u00e1ln\u00edch slu\u017eeb Praha 1 a M\u010c Praha 1 projekt \u201eJ\u00f3ga \u2013 50 plus\u201c zam\u011b\u0159en\u00fd na zdrav\u00e9 st\u00e1rnut\u00ed\",\"breadcrumb\":{\"@id\":\"https:\\\/\\\/www.yoga-federation.eu\\\/cz\\\/projekt-joga-50-plus\\\/#breadcrumb\"},\"inLanguage\":\"cz-CZ\",\"potentialAction\":[{\"@type\":\"ReadAction\",\"target\":[\"https:\\\/\\\/www.yoga-federation.eu\\\/cz\\\/projekt-joga-50-plus\\\/\"]}]},{\"@type\":\"ImageObject\",\"inLanguage\":\"cz-CZ\",\"@id\":\"https:\\\/\\\/www.yoga-federation.eu\\\/cz\\\/projekt-joga-50-plus\\\/#primaryimage\",\"url\":\"https:\\\/\\\/www.yoga-federation.eu\\\/wp-content\\\/uploads\\\/2017\\\/09\\\/Joga-50-plus-1.jpg\",\"contentUrl\":\"https:\\\/\\\/www.yoga-federation.eu\\\/wp-content\\\/uploads\\\/2017\\\/09\\\/Joga-50-plus-1.jpg\",\"width\":1600,\"height\":1328,\"caption\":\"joga 50 plus praha\"},{\"@type\":\"BreadcrumbList\",\"@id\":\"https:\\\/\\\/www.yoga-federation.eu\\\/cz\\\/projekt-joga-50-plus\\\/#breadcrumb\",\"itemListElement\":[{\"@type\":\"ListItem\",\"position\":1,\"name\":\"Home\",\"item\":\"https:\\\/\\\/www.yoga-federation.eu\\\/cz\\\/\"},{\"@type\":\"ListItem\",\"position\":2,\"name\":\"Projekt \u201eJ\u00f3ga \u2013 50 plus\u201c\"}]},{\"@type\":\"WebSite\",\"@id\":\"https:\\\/\\\/www.yoga-federation.eu\\\/#website\",\"url\":\"https:\\\/\\\/www.yoga-federation.eu\\\/\",\"name\":\"Yoga Federation of Europe\",\"description\":\"Yoga in Europe\",\"potentialAction\":[{\"@type\":\"SearchAction\",\"target\":{\"@type\":\"EntryPoint\",\"urlTemplate\":\"https:\\\/\\\/www.yoga-federation.eu\\\/?s={search_term_string}\"},\"query-input\":{\"@type\":\"PropertyValueSpecification\",\"valueRequired\":true,\"valueName\":\"search_term_string\"}}],\"inLanguage\":\"cz-CZ\"},{\"@type\":\"Person\",\"@id\":\"https:\\\/\\\/www.yoga-federation.eu\\\/#\\\/schema\\\/person\\\/c70b5a8f7323477f70814bd277cc9105\",\"name\":\"YFE\",\"image\":{\"@type\":\"ImageObject\",\"inLanguage\":\"cz-CZ\",\"@id\":\"https:\\\/\\\/secure.gravatar.com\\\/avatar\\\/64f6beecfc59c339d337f0a16c80bfc143a5e623923f6f42beb67b25788f3e50?s=96&d=mm&r=g\",\"url\":\"https:\\\/\\\/secure.gravatar.com\\\/avatar\\\/64f6beecfc59c339d337f0a16c80bfc143a5e623923f6f42beb67b25788f3e50?s=96&d=mm&r=g\",\"contentUrl\":\"https:\\\/\\\/secure.gravatar.com\\\/avatar\\\/64f6beecfc59c339d337f0a16c80bfc143a5e623923f6f42beb67b25788f3e50?s=96&d=mm&r=g\",\"caption\":\"YFE\"},\"url\":\"https:\\\/\\\/www.yoga-federation.eu\\\/cz\\\/author\\\/ana\\\/\"}]}<\/script>\n<!-- \/ Yoast SEO plugin. -->","yoast_head_json":{"title":"Projekt \u201eJ\u00f3ga \u2013 50 plus\u201c - Yoga Federation of Europe","description":"Evropsk\u00e1 federace j\u00f3gy zahajuje ve spolupr\u00e1ci se St\u0159ediskem soci\u00e1ln\u00edch slu\u017eeb Praha 1 a M\u010c Praha 1 projekt \u201eJ\u00f3ga \u2013 50 plus\u201c zam\u011b\u0159en\u00fd na zdrav\u00e9 st\u00e1rnut\u00ed","robots":{"index":"index","follow":"follow","max-snippet":"max-snippet:-1","max-image-preview":"max-image-preview:large","max-video-preview":"max-video-preview:-1"},"canonical":"https:\/\/www.yoga-federation.eu\/cz\/projekt-joga-50-plus\/","og_locale":"en_US","og_type":"article","og_title":"Projekt \u201eJ\u00f3ga \u2013 50 plus\u201c - Yoga Federation of Europe","og_description":"Evropsk\u00e1 federace j\u00f3gy zahajuje ve spolupr\u00e1ci se St\u0159ediskem soci\u00e1ln\u00edch slu\u017eeb Praha 1 a M\u010c Praha 1 projekt \u201eJ\u00f3ga \u2013 50 plus\u201c zam\u011b\u0159en\u00fd na zdrav\u00e9 st\u00e1rnut\u00ed","og_url":"https:\/\/www.yoga-federation.eu\/cz\/projekt-joga-50-plus\/","og_site_name":"Yoga Federation of Europe","article_published_time":"2017-09-19T21:38:36+00:00","article_modified_time":"2019-01-19T10:56:44+00:00","og_image":[{"width":1600,"height":1328,"url":"https:\/\/www.yoga-federation.eu\/wp-content\/uploads\/2017\/09\/Joga-50-plus-1.jpg","type":"image\/jpeg"}],"author":"YFE","twitter_card":"summary_large_image","twitter_misc":{"Written by":"YFE","Est. reading time":"2 minutes"},"schema":{"@context":"https:\/\/schema.org","@graph":[{"@type":"Article","@id":"https:\/\/www.yoga-federation.eu\/cz\/projekt-joga-50-plus\/#article","isPartOf":{"@id":"https:\/\/www.yoga-federation.eu\/cz\/projekt-joga-50-plus\/"},"author":{"name":"YFE","@id":"https:\/\/www.yoga-federation.eu\/#\/schema\/person\/c70b5a8f7323477f70814bd277cc9105"},"headline":"Projekt \u201eJ\u00f3ga \u2013 50 plus\u201c","datePublished":"2017-09-19T21:38:36+00:00","dateModified":"2019-01-19T10:56:44+00:00","mainEntityOfPage":{"@id":"https:\/\/www.yoga-federation.eu\/cz\/projekt-joga-50-plus\/"},"wordCount":444,"image":{"@id":"https:\/\/www.yoga-federation.eu\/cz\/projekt-joga-50-plus\/#primaryimage"},"thumbnailUrl":"https:\/\/www.yoga-federation.eu\/wp-content\/uploads\/2017\/09\/Joga-50-plus-1.jpg","articleSection":["Activity","Aktivity v roce 2017","J\u00f3ga - 50 plus","Projekty"],"inLanguage":"cz-CZ"},{"@type":"WebPage","@id":"https:\/\/www.yoga-federation.eu\/cz\/projekt-joga-50-plus\/","url":"https:\/\/www.yoga-federation.eu\/cz\/projekt-joga-50-plus\/","name":"Projekt \u201eJ\u00f3ga \u2013 50 plus\u201c - Yoga Federation of Europe","isPartOf":{"@id":"https:\/\/www.yoga-federation.eu\/#website"},"primaryImageOfPage":{"@id":"https:\/\/www.yoga-federation.eu\/cz\/projekt-joga-50-plus\/#primaryimage"},"image":{"@id":"https:\/\/www.yoga-federation.eu\/cz\/projekt-joga-50-plus\/#primaryimage"},"thumbnailUrl":"https:\/\/www.yoga-federation.eu\/wp-content\/uploads\/2017\/09\/Joga-50-plus-1.jpg","datePublished":"2017-09-19T21:38:36+00:00","dateModified":"2019-01-19T10:56:44+00:00","author":{"@id":"https:\/\/www.yoga-federation.eu\/#\/schema\/person\/c70b5a8f7323477f70814bd277cc9105"},"description":"Evropsk\u00e1 federace j\u00f3gy zahajuje ve spolupr\u00e1ci se St\u0159ediskem soci\u00e1ln\u00edch slu\u017eeb Praha 1 a M\u010c Praha 1 projekt \u201eJ\u00f3ga \u2013 50 plus\u201c zam\u011b\u0159en\u00fd na zdrav\u00e9 st\u00e1rnut\u00ed","breadcrumb":{"@id":"https:\/\/www.yoga-federation.eu\/cz\/projekt-joga-50-plus\/#breadcrumb"},"inLanguage":"cz-CZ","potentialAction":[{"@type":"ReadAction","target":["https:\/\/www.yoga-federation.eu\/cz\/projekt-joga-50-plus\/"]}]},{"@type":"ImageObject","inLanguage":"cz-CZ","@id":"https:\/\/www.yoga-federation.eu\/cz\/projekt-joga-50-plus\/#primaryimage","url":"https:\/\/www.yoga-federation.eu\/wp-content\/uploads\/2017\/09\/Joga-50-plus-1.jpg","contentUrl":"https:\/\/www.yoga-federation.eu\/wp-content\/uploads\/2017\/09\/Joga-50-plus-1.jpg","width":1600,"height":1328,"caption":"joga 50 plus praha"},{"@type":"BreadcrumbList","@id":"https:\/\/www.yoga-federation.eu\/cz\/projekt-joga-50-plus\/#breadcrumb","itemListElement":[{"@type":"ListItem","position":1,"name":"Home","item":"https:\/\/www.yoga-federation.eu\/cz\/"},{"@type":"ListItem","position":2,"name":"Projekt \u201eJ\u00f3ga \u2013 50 plus\u201c"}]},{"@type":"WebSite","@id":"https:\/\/www.yoga-federation.eu\/#website","url":"https:\/\/www.yoga-federation.eu\/","name":"Yoga Federation of Europe","description":"Yoga in Europe","potentialAction":[{"@type":"SearchAction","target":{"@type":"EntryPoint","urlTemplate":"https:\/\/www.yoga-federation.eu\/?s={search_term_string}"},"query-input":{"@type":"PropertyValueSpecification","valueRequired":true,"valueName":"search_term_string"}}],"inLanguage":"cz-CZ"},{"@type":"Person","@id":"https:\/\/www.yoga-federation.eu\/#\/schema\/person\/c70b5a8f7323477f70814bd277cc9105","name":"YFE","image":{"@type":"ImageObject","inLanguage":"cz-CZ","@id":"https:\/\/secure.gravatar.com\/avatar\/64f6beecfc59c339d337f0a16c80bfc143a5e623923f6f42beb67b25788f3e50?s=96&d=mm&r=g","url":"https:\/\/secure.gravatar.com\/avatar\/64f6beecfc59c339d337f0a16c80bfc143a5e623923f6f42beb67b25788f3e50?s=96&d=mm&r=g","contentUrl":"https:\/\/secure.gravatar.com\/avatar\/64f6beecfc59c339d337f0a16c80bfc143a5e623923f6f42beb67b25788f3e50?s=96&d=mm&r=g","caption":"YFE"},"url":"https:\/\/www.yoga-federation.eu\/cz\/author\/ana\/"}]}},"_links":{"self":[{"href":"https:\/\/www.yoga-federation.eu\/cz\/wp-json\/wp\/v2\/posts\/2359","targetHints":{"allow":["GET"]}}],"collection":[{"href":"https:\/\/www.yoga-federation.eu\/cz\/wp-json\/wp\/v2\/posts"}],"about":[{"href":"https:\/\/www.yoga-federation.eu\/cz\/wp-json\/wp\/v2\/types\/post"}],"author":[{"embeddable":true,"href":"https:\/\/www.yoga-federation.eu\/cz\/wp-json\/wp\/v2\/users\/6"}],"replies":[{"embeddable":true,"href":"https:\/\/www.yoga-federation.eu\/cz\/wp-json\/wp\/v2\/comments?post=2359"}],"version-history":[{"count":0,"href":"https:\/\/www.yoga-federation.eu\/cz\/wp-json\/wp\/v2\/posts\/2359\/revisions"}],"wp:featuredmedia":[{"embeddable":true,"href":"https:\/\/www.yoga-federation.eu\/cz\/wp-json\/wp\/v2\/media\/2382"}],"wp:attachment":[{"href":"https:\/\/www.yoga-federation.eu\/cz\/wp-json\/wp\/v2\/media?parent=2359"}],"wp:term":[{"taxonomy":"category","embeddable":true,"href":"https:\/\/www.yoga-federation.eu\/cz\/wp-json\/wp\/v2\/categories?post=2359"},{"taxonomy":"post_tag","embeddable":true,"href":"https:\/\/www.yoga-federation.eu\/cz\/wp-json\/wp\/v2\/tags?post=2359"}],"curies":[{"name":"wp","href":"https:\/\/api.w.org\/{rel}","templated":true}]}}