{"id":1934,"date":"2017-05-24T23:03:58","date_gmt":"2017-05-24T23:03:58","guid":{"rendered":"https:\/\/www.yoga-federation.eu\/cz\/?p=1934"},"modified":"2018-10-16T15:15:35","modified_gmt":"2018-10-16T15:15:35","slug":"cvicte-jogu-s-nami-v-parku-na-kampe-2017","status":"publish","type":"post","link":"https:\/\/www.yoga-federation.eu\/cz\/cvicte-jogu-s-nami-v-parku-na-kampe-2017\/","title":{"rendered":"Cvi\u010dte j\u00f3gu s n\u00e1mi v Parku na Kamp\u011b &#8211; 2017"},"content":{"rendered":"<div class=\"fusion-fullwidth fullwidth-box fusion-builder-row-1 hundred-percent-fullwidth non-hundred-percent-height-scrolling\" style=\"background-color: rgba(255,255,255,0);background-position: center center;background-repeat: no-repeat;padding-top:0px;padding-right:0px;padding-bottom:0px;padding-left:0px;margin-bottom: 0px;margin-top: 0px;border-width: 0px 0px 0px 0px;border-color:#eae9e9;border-style:solid;\" ><div class=\"fusion-builder-row fusion-row\"><div class=\"fusion-layout-column fusion_builder_column fusion-builder-column-0 fusion_builder_column_2_3 2_3 fusion-two-third fusion-column-first\" style=\"width:65.3333%; margin-right: 4%;margin-top:0px;margin-bottom:20px;\"><div class=\"fusion-column-wrapper fusion-flex-column-wrapper-legacy\" style=\"background-position:left top;background-repeat:no-repeat;-webkit-background-size:cover;-moz-background-size:cover;-o-background-size:cover;background-size:cover;padding: 0px 0px 0px 0px;\"><div class=\"fusion-text fusion-text-1\"><h3 style=\"text-align: center;\"><span style=\"color: #0000ff;\">EVROPSK\u00c1 FEDERACE J\u00d3GY V\u00c1S ZVE K \u00da\u010cASTI <\/span><\/h3>\n<h3 style=\"text-align: center;\"><span style=\"color: #0000ff;\">NA BEZPLATN\u00c9 HODINY J\u00d3GY V\u00a0P\u0158\u00cdROD\u011a<\/span><\/h3>\n<h3 class=\"entry-title\" style=\"text-align: center;\" data-fontsize=\"18\" data-lineheight=\"27\"><span style=\"color: #0000ff;\">Cvi\u010dte j\u00f3gu s n\u00e1mi v Parku na Kamp\u011b,<\/span><span style=\"color: #0000ff;\">\u00a0Praha 1<\/span><\/h3>\n<h3 style=\"text-align: center;\"><span style=\"color: #0000ff;\">11.6. &#8211; 3.9.2017<\/span><\/h3>\n<p>&nbsp;<\/p>\n<p style=\"text-align: justify;\">Evropsk\u00e1 federace j\u00f3gy pokra\u010duje ve sv\u00e9m v\u00edcelet\u00e9m programu podpo\u0159y a afirmace zdrav\u00e9ho \u017eivotn\u00edho stylu mezi ob\u010dany Prahy a v propagaci j\u00f3gy jako sportu pro v\u0161echny. V obdob\u00ed od 11. \u010dervna do 3. z\u00e1\u0159\u00ed 2017, budou prob\u00edhat bezplatn\u00e9 lekce j\u00f3gy ka\u017edou ned\u011bl\u00ed od 16:00 do 17:30, a to na stejn\u00e9m m\u00edst\u011b, v parku na Kamp\u011b, Praha 1.<\/p>\n<p style=\"text-align: justify;\">Ve\u0159ejn\u00e9 lekce j\u00f3gy budou prob\u00edhat podle <a href=\"https:\/\/www.yoga-federation.eu\/cz\/vzdelavaci-program-instruktor-jogy-zapis-probyha\/\" target=\"_blank\" rel=\"noopener\">akreditovan\u00e9ho programu Evropsk\u00e9 federace j\u00f3gy<\/a> a budou vedeny certifikov\u00e1n\u00fdmi instruktory s dlouholet\u00fdmi zku\u0161enostmi.<\/p>\n<p style=\"text-align: justify;\">Vstup na akci je <em>zdarma<\/em>! Bezplatn\u00e9 lekce j\u00f3gy jsou ur\u010den\u00e9 v\u0161em z\u00e1jemc\u016fm, bez ohledu na jejich v\u011bk \u010di pohlav\u00ed.<\/p>\n<p style=\"text-align: justify;\">T\u00edmto zp\u016fsobem se mu\u017e\u016fm, \u017een\u00e1m i d\u011btem, mlad\u00fdm i star\u0161\u00edm poskytuje mo\u017enost, jak do sv\u00e9ho denn\u00edho a t\u00fddenn\u00edho rozvrhu aktivit za\u010dlenit lekce j\u00f3gy, aby ji cvi\u010d\u00edc\u00ed vn\u00edmali jako druh rekrea\u010dn\u00edho sportu, kter\u00fd m\u016f\u017eou snadno cvi\u010dit dokonce i \u00fapln\u00ed za\u010d\u00e1te\u010dn\u00edci.<\/p>\n<p>Spolupo\u0159adatelem projektu je <a href=\"http:\/\/www.praha1.cz\/cps\/odbory-a-oddeleni-68570.html\" target=\"_blank\" rel=\"noopener\">MC Praha 1.<\/a><\/p>\n<p>Z\u00e1\u0161titu nad akc\u00ed poskytla <a href=\"https:\/\/www.yoga-federation.eu\/wp-content\/uploads\/2017\/08\/Cvicte-jogu-s-nami-zastita-primatorky-hm-praha.pdf\" target=\"_blank\" rel=\"noopener\">prim\u00e1torka hlavn\u00edho m\u011bsta Prahy<\/a>.<\/p>\n<\/div><div class=\"fusion-clearfix\"><\/div><\/div><\/div><div class=\"fusion-layout-column fusion_builder_column fusion-builder-column-1 fusion_builder_column_1_3 1_3 fusion-one-third fusion-column-last\" style=\"width:30.6666%;margin-top:0px;margin-bottom:20px;\"><div class=\"fusion-column-wrapper fusion-flex-column-wrapper-legacy\" style=\"background-position:left top;background-repeat:no-repeat;-webkit-background-size:cover;-moz-background-size:cover;-o-background-size:cover;background-size:cover;padding: 0px 0px 0px 0px;\"><div class=\"fusion-text fusion-text-2\"><p style=\"text-align: center;\"><a href=\"https:\/\/www.yoga-federation.eu\/wp-content\/uploads\/2017\/05\/Cvicte-jogu-s-nami-v-Parku-na-Kampe-Praha-1-2017.jpg\"><img loading=\"lazy\" decoding=\"async\" class=\"lazyload alignnone size-large wp-image-1951\" src=\"https:\/\/www.yoga-federation.eu\/wp-content\/uploads\/2017\/05\/Cvicte-jogu-s-nami-v-Parku-na-Kampe-Praha-1-2017-410x1024.jpg\" data-orig-src=\"https:\/\/www.yoga-federation.eu\/wp-content\/uploads\/2017\/05\/Cvicte-jogu-s-nami-v-Parku-na-Kampe-Praha-1-2017-410x1024.jpg\" alt=\"Cvicte jogu s nami v Parku na Kampe, Praha 1 - 2017\" width=\"410\" height=\"1024\" srcset=\"data:image\/svg+xml,%3Csvg%20xmlns%3D%27http%3A%2F%2Fwww.w3.org%2F2000%2Fsvg%27%20width%3D%27410%27%20height%3D%271024%27%20viewBox%3D%270%200%20410%201024%27%3E%3Crect%20width%3D%27410%27%20height%3D%2731024%27%20fill-opacity%3D%220%22%2F%3E%3C%2Fsvg%3E\" data-srcset=\"https:\/\/www.yoga-federation.eu\/wp-content\/uploads\/2017\/05\/Cvicte-jogu-s-nami-v-Parku-na-Kampe-Praha-1-2017-120x300.jpg 120w, https:\/\/www.yoga-federation.eu\/wp-content\/uploads\/2017\/05\/Cvicte-jogu-s-nami-v-Parku-na-Kampe-Praha-1-2017-200x500.jpg 200w, https:\/\/www.yoga-federation.eu\/wp-content\/uploads\/2017\/05\/Cvicte-jogu-s-nami-v-Parku-na-Kampe-Praha-1-2017-400x1000.jpg 400w, https:\/\/www.yoga-federation.eu\/wp-content\/uploads\/2017\/05\/Cvicte-jogu-s-nami-v-Parku-na-Kampe-Praha-1-2017-410x1024.jpg 410w, https:\/\/www.yoga-federation.eu\/wp-content\/uploads\/2017\/05\/Cvicte-jogu-s-nami-v-Parku-na-Kampe-Praha-1-2017-600x1500.jpg 600w, https:\/\/www.yoga-federation.eu\/wp-content\/uploads\/2017\/05\/Cvicte-jogu-s-nami-v-Parku-na-Kampe-Praha-1-2017.jpg 640w\" data-sizes=\"auto\" data-orig-sizes=\"auto, (max-width: 410px) 100vw, 410px\" \/><\/a><\/p>\n<\/div><div class=\"fusion-text fusion-text-3\"><p style=\"text-align: center;\"><a href=\"https:\/\/www.yoga-federation.eu\/wp-content\/uploads\/2017\/06\/praha.png\"><img loading=\"lazy\" decoding=\"async\" class=\"lazyload alignnone wp-image-2237\" src=\"https:\/\/www.yoga-federation.eu\/wp-content\/uploads\/2017\/06\/praha.png\" data-orig-src=\"https:\/\/www.yoga-federation.eu\/wp-content\/uploads\/2017\/06\/praha.png\" alt=\"praha\" width=\"50\" height=\"50\" srcset=\"data:image\/svg+xml,%3Csvg%20xmlns%3D%27http%3A%2F%2Fwww.w3.org%2F2000%2Fsvg%27%20width%3D%2750%27%20height%3D%2750%27%20viewBox%3D%270%200%2050%2050%27%3E%3Crect%20width%3D%2750%27%20height%3D%27350%27%20fill-opacity%3D%220%22%2F%3E%3C%2Fsvg%3E\" data-srcset=\"https:\/\/www.yoga-federation.eu\/wp-content\/uploads\/2017\/06\/praha-66x66.png 66w, https:\/\/www.yoga-federation.eu\/wp-content\/uploads\/2017\/06\/praha-150x150.png 150w, https:\/\/www.yoga-federation.eu\/wp-content\/uploads\/2017\/06\/praha-200x200.png 200w, https:\/\/www.yoga-federation.eu\/wp-content\/uploads\/2017\/06\/praha-300x300.png 300w, https:\/\/www.yoga-federation.eu\/wp-content\/uploads\/2017\/06\/praha.png 400w\" data-sizes=\"auto\" data-orig-sizes=\"auto, (max-width: 50px) 100vw, 50px\" \/><\/a><\/p>\n<\/div><div class=\"fusion-text fusion-text-4\"><p><a href=\"http:\/\/www.kudyznudy.cz\/aktivity-a-akce\/akce\/joga-dny-v-praze.aspx\" target=\"_blank\" rel=\"noopener\"><img loading=\"lazy\" decoding=\"async\" class=\"lazyload aligncenter wp-image-2009\" src=\"https:\/\/www.yoga-federation.eu\/wp-content\/uploads\/2017\/05\/kudyznudy-RGB-300x50.jpg\" data-orig-src=\"https:\/\/www.yoga-federation.eu\/wp-content\/uploads\/2017\/05\/kudyznudy-RGB-300x50.jpg\" alt=\"kudyznudy-RGB\" width=\"100\" height=\"17\" srcset=\"data:image\/svg+xml,%3Csvg%20xmlns%3D%27http%3A%2F%2Fwww.w3.org%2F2000%2Fsvg%27%20width%3D%27100%27%20height%3D%2717%27%20viewBox%3D%270%200%20100%2017%27%3E%3Crect%20width%3D%27100%27%20height%3D%27317%27%20fill-opacity%3D%220%22%2F%3E%3C%2Fsvg%3E\" data-srcset=\"https:\/\/www.yoga-federation.eu\/wp-content\/uploads\/2017\/05\/kudyznudy-RGB-200x33.jpg 200w, https:\/\/www.yoga-federation.eu\/wp-content\/uploads\/2017\/05\/kudyznudy-RGB-300x50.jpg 300w, https:\/\/www.yoga-federation.eu\/wp-content\/uploads\/2017\/05\/kudyznudy-RGB-400x67.jpg 400w, https:\/\/www.yoga-federation.eu\/wp-content\/uploads\/2017\/05\/kudyznudy-RGB-460x80.jpg 460w, https:\/\/www.yoga-federation.eu\/wp-content\/uploads\/2017\/05\/kudyznudy-RGB.jpg 478w\" data-sizes=\"auto\" data-orig-sizes=\"auto, (max-width: 100px) 100vw, 100px\" \/><\/a><\/p>\n<\/div><div class=\"fusion-clearfix\"><\/div><\/div><\/div><div class=\"fusion-layout-column fusion_builder_column fusion-builder-column-2 fusion_builder_column_1_1 1_1 fusion-one-full fusion-column-first fusion-column-last\" style=\"margin-top:0px;margin-bottom:20px;\"><div class=\"fusion-column-wrapper fusion-flex-column-wrapper-legacy\" style=\"background-position:left top;background-repeat:no-repeat;-webkit-background-size:cover;-moz-background-size:cover;-o-background-size:cover;background-size:cover;padding: 0px 0px 0px 0px;\"><div class=\"fusion-text fusion-text-5\"><p><a href=\"https:\/\/www.facebook.com\/pg\/yoga.federation.eu\/photos\/?tab=album&amp;album_id=824867114343521\" target=\"_blank\" rel=\"noopener\">Fotogalerie\u00a01 (Klikn\u011bte zde)<\/a><br \/>\n<a href=\"https:\/\/www.facebook.com\/pg\/yoga.federation.eu\/photos\/?tab=album&amp;album_id=828994880597411\" target=\"_blank\" rel=\"noopener\">Fotogalerie 2 (Klikn\u011bte zde)<\/a><br \/>\n<a href=\"https:\/\/www.facebook.com\/308279176002320\/photos\/?tab=album&amp;album_id=833566206806945\" target=\"_blank\" rel=\"noopener\">Fotogalerie 3 (Klikn\u011bte zde)<\/a><br \/>\n<a href=\"https:\/\/www.facebook.com\/308279176002320\/photos\/?tab=album&amp;album_id=838381519658747\" target=\"_blank\" rel=\"noopener\">Fotogalerie 4 (Klikn\u011bte zde)<\/a><br \/>\n<a href=\"https:\/\/www.facebook.com\/pg\/yoga.federation.eu\/photos\/?tab=album&amp;album_id=842463885917177\" target=\"_blank\" rel=\"noopener\">Fotogalerie 5 (Klikn\u011bte zde)<\/a><br \/>\n<a href=\"https:\/\/www.facebook.com\/pg\/yoga.federation.eu\/photos\/?tab=album&amp;album_id=846624785501087\" target=\"_blank\" rel=\"noopener\">Fotogalerie 6 (Klikn\u011bte zde)<\/a><br \/>\n<a href=\"https:\/\/www.facebook.com\/pg\/yoga.federation.eu\/photos\/?tab=album&amp;album_id=854597608037138\" target=\"_blank\" rel=\"noopener\">Fotogalerie 7 (Klikn\u011bte zde)<\/a><br \/>\n<a href=\"https:\/\/www.facebook.com\/pg\/yoga.federation.eu\/photos\/?tab=album&amp;album_id=857939367702962\" target=\"_blank\" rel=\"noopener\">Fotogalerie 8 (Klikn\u011bte zde)<\/a><br \/>\n<a href=\"https:\/\/www.facebook.com\/pg\/yoga.federation.eu\/photos\/?tab=album&amp;album_id=860377047459194\" target=\"_blank\" rel=\"noopener\">Fotogalerie 9 (Klikn\u011bte zde)<\/a><br \/>\n<a href=\"https:\/\/www.facebook.com\/pg\/yoga.federation.eu\/photos\/?tab=album&amp;album_id=861650747331824\" target=\"_blank\" rel=\"noopener\">Fotogalerie 10 (Klikn\u011bte zde)<\/a><br \/>\n<a href=\"https:\/\/www.facebook.com\/pg\/yoga.federation.eu\/photos\/?tab=album&amp;album_id=865453206951578\" target=\"_blank\" rel=\"noopener\">Fotogalerie 11 (Klikn\u011bte zde)<\/a><\/p>\n\n\t\t<style type=\"text\/css\">\n\t\t\t#gallery-1 {\n\t\t\t\tmargin: auto;\n\t\t\t}\n\t\t\t#gallery-1 .gallery-item {\n\t\t\t\tfloat: left;\n\t\t\t\tmargin-top: 10px;\n\t\t\t\ttext-align: center;\n\t\t\t\twidth: 16%;\n\t\t\t}\n\t\t\t#gallery-1 img {\n\t\t\t\tborder: 2px solid #cfcfcf;\n\t\t\t}\n\t\t\t#gallery-1 .gallery-caption {\n\t\t\t\tmargin-left: 0;\n\t\t\t}\n\t\t\t\/* see gallery_shortcode() in wp-includes\/media.php *\/\n\t\t<\/style>\n\t\t<div id='gallery-1' class='gallery galleryid-1934 gallery-columns-6 gallery-size-thumbnail'><dl class='gallery-item'>\n\t\t\t<dt class='gallery-icon landscape'>\n\t\t\t\t<a data-rel=\"iLightbox[postimages]\" data-title=\"Cvicte-jogu-s-nami-v-Parku-na-Kampe-11-6-2017-1\" data-caption=\"\" href='https:\/\/www.yoga-federation.eu\/wp-content\/uploads\/2017\/05\/Cvicte-jogu-s-nami-v-Parku-na-Kampe-11-6-2017-1.jpg'><img loading=\"lazy\" decoding=\"async\" width=\"150\" height=\"150\" src=\"https:\/\/www.yoga-federation.eu\/wp-content\/uploads\/2017\/05\/Cvicte-jogu-s-nami-v-Parku-na-Kampe-11-6-2017-1-150x150.jpg\" class=\"attachment-thumbnail size-thumbnail lazyload\" alt=\"Cvicte jogu s nami v Parku na Kampe 2017\" srcset=\"data:image\/svg+xml,%3Csvg%20xmlns%3D%27http%3A%2F%2Fwww.w3.org%2F2000%2Fsvg%27%20width%3D%271537%27%20height%3D%27881%27%20viewBox%3D%270%200%201537%20881%27%3E%3Crect%20width%3D%271537%27%20height%3D%273881%27%20fill-opacity%3D%220%22%2F%3E%3C%2Fsvg%3E\" data-orig-src=\"https:\/\/www.yoga-federation.eu\/wp-content\/uploads\/2017\/05\/Cvicte-jogu-s-nami-v-Parku-na-Kampe-11-6-2017-1-150x150.jpg\" data-srcset=\"https:\/\/www.yoga-federation.eu\/wp-content\/uploads\/2017\/05\/Cvicte-jogu-s-nami-v-Parku-na-Kampe-11-6-2017-1-66x66.jpg 66w, https:\/\/www.yoga-federation.eu\/wp-content\/uploads\/2017\/05\/Cvicte-jogu-s-nami-v-Parku-na-Kampe-11-6-2017-1-150x150.jpg 150w\" data-sizes=\"auto\" \/><\/a>\n\t\t\t<\/dt><\/dl><dl class='gallery-item'>\n\t\t\t<dt class='gallery-icon landscape'>\n\t\t\t\t<a data-rel=\"iLightbox[postimages]\" data-title=\"Cvicte-jogu-s-nami-v-Parku-na-Kampe-11-6-2017-2\" data-caption=\"\" href='https:\/\/www.yoga-federation.eu\/wp-content\/uploads\/2017\/05\/Cvicte-jogu-s-nami-v-Parku-na-Kampe-11-6-2017-2.jpg'><img loading=\"lazy\" decoding=\"async\" width=\"150\" height=\"150\" src=\"https:\/\/www.yoga-federation.eu\/wp-content\/uploads\/2017\/05\/Cvicte-jogu-s-nami-v-Parku-na-Kampe-11-6-2017-2-150x150.jpg\" class=\"attachment-thumbnail size-thumbnail lazyload\" alt=\"Cvicte jogu s nami v Parku na Kampe 2017\" srcset=\"data:image\/svg+xml,%3Csvg%20xmlns%3D%27http%3A%2F%2Fwww.w3.org%2F2000%2Fsvg%27%20width%3D%271555%27%20height%3D%27520%27%20viewBox%3D%270%200%201555%20520%27%3E%3Crect%20width%3D%271555%27%20height%3D%273520%27%20fill-opacity%3D%220%22%2F%3E%3C%2Fsvg%3E\" data-orig-src=\"https:\/\/www.yoga-federation.eu\/wp-content\/uploads\/2017\/05\/Cvicte-jogu-s-nami-v-Parku-na-Kampe-11-6-2017-2-150x150.jpg\" data-srcset=\"https:\/\/www.yoga-federation.eu\/wp-content\/uploads\/2017\/05\/Cvicte-jogu-s-nami-v-Parku-na-Kampe-11-6-2017-2-66x66.jpg 66w, https:\/\/www.yoga-federation.eu\/wp-content\/uploads\/2017\/05\/Cvicte-jogu-s-nami-v-Parku-na-Kampe-11-6-2017-2-150x150.jpg 150w\" data-sizes=\"auto\" \/><\/a>\n\t\t\t<\/dt><\/dl><dl class='gallery-item'>\n\t\t\t<dt class='gallery-icon landscape'>\n\t\t\t\t<a data-rel=\"iLightbox[postimages]\" data-title=\"Cvicte-jogu-s-nami-v-Parku-na-Kampe-11-6-2017-4\" data-caption=\"\" href='https:\/\/www.yoga-federation.eu\/wp-content\/uploads\/2017\/05\/Cvicte-jogu-s-nami-v-Parku-na-Kampe-11-6-2017-4.jpg'><img loading=\"lazy\" decoding=\"async\" width=\"150\" height=\"150\" src=\"https:\/\/www.yoga-federation.eu\/wp-content\/uploads\/2017\/05\/Cvicte-jogu-s-nami-v-Parku-na-Kampe-11-6-2017-4-150x150.jpg\" class=\"attachment-thumbnail size-thumbnail lazyload\" alt=\"Cvicte jogu s nami v Parku na Kampe 2017\" srcset=\"data:image\/svg+xml,%3Csvg%20xmlns%3D%27http%3A%2F%2Fwww.w3.org%2F2000%2Fsvg%27%20width%3D%271600%27%20height%3D%271077%27%20viewBox%3D%270%200%201600%201077%27%3E%3Crect%20width%3D%271600%27%20height%3D%2731077%27%20fill-opacity%3D%220%22%2F%3E%3C%2Fsvg%3E\" data-orig-src=\"https:\/\/www.yoga-federation.eu\/wp-content\/uploads\/2017\/05\/Cvicte-jogu-s-nami-v-Parku-na-Kampe-11-6-2017-4-150x150.jpg\" data-srcset=\"https:\/\/www.yoga-federation.eu\/wp-content\/uploads\/2017\/05\/Cvicte-jogu-s-nami-v-Parku-na-Kampe-11-6-2017-4-66x66.jpg 66w, https:\/\/www.yoga-federation.eu\/wp-content\/uploads\/2017\/05\/Cvicte-jogu-s-nami-v-Parku-na-Kampe-11-6-2017-4-150x150.jpg 150w\" data-sizes=\"auto\" \/><\/a>\n\t\t\t<\/dt><\/dl><dl class='gallery-item'>\n\t\t\t<dt class='gallery-icon portrait'>\n\t\t\t\t<a data-rel=\"iLightbox[postimages]\" data-title=\"Cvicte-jogu-s-nami-v-Parku-na-Kampe-11-6-2017-3\" data-caption=\"\" href='https:\/\/www.yoga-federation.eu\/wp-content\/uploads\/2017\/05\/Cvicte-jogu-s-nami-v-Parku-na-Kampe-11-6-2017-3.jpg'><img loading=\"lazy\" decoding=\"async\" width=\"150\" height=\"150\" src=\"https:\/\/www.yoga-federation.eu\/wp-content\/uploads\/2017\/05\/Cvicte-jogu-s-nami-v-Parku-na-Kampe-11-6-2017-3-150x150.jpg\" class=\"attachment-thumbnail size-thumbnail lazyload\" alt=\"Cvicte jogu s nami v Parku na Kampe 2017\" srcset=\"data:image\/svg+xml,%3Csvg%20xmlns%3D%27http%3A%2F%2Fwww.w3.org%2F2000%2Fsvg%27%20width%3D%27928%27%20height%3D%271463%27%20viewBox%3D%270%200%20928%201463%27%3E%3Crect%20width%3D%27928%27%20height%3D%2731463%27%20fill-opacity%3D%220%22%2F%3E%3C%2Fsvg%3E\" data-orig-src=\"https:\/\/www.yoga-federation.eu\/wp-content\/uploads\/2017\/05\/Cvicte-jogu-s-nami-v-Parku-na-Kampe-11-6-2017-3-150x150.jpg\" data-srcset=\"https:\/\/www.yoga-federation.eu\/wp-content\/uploads\/2017\/05\/Cvicte-jogu-s-nami-v-Parku-na-Kampe-11-6-2017-3-66x66.jpg 66w, https:\/\/www.yoga-federation.eu\/wp-content\/uploads\/2017\/05\/Cvicte-jogu-s-nami-v-Parku-na-Kampe-11-6-2017-3-150x150.jpg 150w\" data-sizes=\"auto\" \/><\/a>\n\t\t\t<\/dt><\/dl><dl class='gallery-item'>\n\t\t\t<dt class='gallery-icon portrait'>\n\t\t\t\t<a data-rel=\"iLightbox[postimages]\" data-title=\"Cvicte-jogu-s-nami-v-Parku-na-Kampe-11-6-2017-5\" data-caption=\"\" href='https:\/\/www.yoga-federation.eu\/wp-content\/uploads\/2017\/05\/Cvicte-jogu-s-nami-v-Parku-na-Kampe-11-6-2017-5.jpg'><img loading=\"lazy\" decoding=\"async\" width=\"150\" height=\"150\" src=\"https:\/\/www.yoga-federation.eu\/wp-content\/uploads\/2017\/05\/Cvicte-jogu-s-nami-v-Parku-na-Kampe-11-6-2017-5-150x150.jpg\" class=\"attachment-thumbnail size-thumbnail lazyload\" alt=\"Cvicte jogu s nami v Parku na Kampe 2017\" srcset=\"data:image\/svg+xml,%3Csvg%20xmlns%3D%27http%3A%2F%2Fwww.w3.org%2F2000%2Fsvg%27%20width%3D%271173%27%20height%3D%271600%27%20viewBox%3D%270%200%201173%201600%27%3E%3Crect%20width%3D%271173%27%20height%3D%2731600%27%20fill-opacity%3D%220%22%2F%3E%3C%2Fsvg%3E\" data-orig-src=\"https:\/\/www.yoga-federation.eu\/wp-content\/uploads\/2017\/05\/Cvicte-jogu-s-nami-v-Parku-na-Kampe-11-6-2017-5-150x150.jpg\" data-srcset=\"https:\/\/www.yoga-federation.eu\/wp-content\/uploads\/2017\/05\/Cvicte-jogu-s-nami-v-Parku-na-Kampe-11-6-2017-5-66x66.jpg 66w, https:\/\/www.yoga-federation.eu\/wp-content\/uploads\/2017\/05\/Cvicte-jogu-s-nami-v-Parku-na-Kampe-11-6-2017-5-150x150.jpg 150w\" data-sizes=\"auto\" \/><\/a>\n\t\t\t<\/dt><\/dl><dl class='gallery-item'>\n\t\t\t<dt class='gallery-icon landscape'>\n\t\t\t\t<a data-rel=\"iLightbox[postimages]\" data-title=\"Cvicte-jogu-s-nami-v-Parku-na-Kampe-11-6-2017-6\" data-caption=\"\" href='https:\/\/www.yoga-federation.eu\/wp-content\/uploads\/2017\/05\/Cvicte-jogu-s-nami-v-Parku-na-Kampe-11-6-2017-6.jpg'><img loading=\"lazy\" decoding=\"async\" width=\"150\" height=\"150\" src=\"https:\/\/www.yoga-federation.eu\/wp-content\/uploads\/2017\/05\/Cvicte-jogu-s-nami-v-Parku-na-Kampe-11-6-2017-6-150x150.jpg\" class=\"attachment-thumbnail size-thumbnail lazyload\" alt=\"Cvicte jogu s nami v Parku na Kampe 2017\" srcset=\"data:image\/svg+xml,%3Csvg%20xmlns%3D%27http%3A%2F%2Fwww.w3.org%2F2000%2Fsvg%27%20width%3D%271555%27%20height%3D%27711%27%20viewBox%3D%270%200%201555%20711%27%3E%3Crect%20width%3D%271555%27%20height%3D%273711%27%20fill-opacity%3D%220%22%2F%3E%3C%2Fsvg%3E\" data-orig-src=\"https:\/\/www.yoga-federation.eu\/wp-content\/uploads\/2017\/05\/Cvicte-jogu-s-nami-v-Parku-na-Kampe-11-6-2017-6-150x150.jpg\" data-srcset=\"https:\/\/www.yoga-federation.eu\/wp-content\/uploads\/2017\/05\/Cvicte-jogu-s-nami-v-Parku-na-Kampe-11-6-2017-6-66x66.jpg 66w, https:\/\/www.yoga-federation.eu\/wp-content\/uploads\/2017\/05\/Cvicte-jogu-s-nami-v-Parku-na-Kampe-11-6-2017-6-150x150.jpg 150w\" data-sizes=\"auto\" \/><\/a>\n\t\t\t<\/dt><\/dl><br style=\"clear: both\" \/>\n\t\t<\/div>\n\n<\/div><div class=\"fusion-text fusion-text-6\"><p>Obdob\u00ed: 11.6. &#8211; 3.9.2017<\/p>\n<p>\u010cas: ka\u017edou ned\u011bli od 16:00-17:30<\/p>\n<p>Z\u00e1jemci by m\u011bli m\u00edt pohodln\u00e9 oble\u010den\u00ed, vodu a p\u0159in\u00e9st si ru\u010dn\u00edk nebo podlo\u017eku na cvi\u010den\u00ed. V p\u0159\u00edpad\u011b nep\u0159\u00edzniv\u00e9ho po\u010das\u00ed bude hodina j\u00f3gy posunuta na n\u00e1sleduj\u00edc\u00ed t\u00fdden na stejnou dobu.<\/p>\n<p>Pro ve\u0161ker\u00e9 dal\u0161\u00ed informace n\u00e1s kontaktujte na e-mailu: yoga.federation.of.europe@gmai<wbr \/>l.com<\/p>\n\n\t\t<style type=\"text\/css\">\n\t\t\t#gallery-2 {\n\t\t\t\tmargin: auto;\n\t\t\t}\n\t\t\t#gallery-2 .gallery-item {\n\t\t\t\tfloat: left;\n\t\t\t\tmargin-top: 10px;\n\t\t\t\ttext-align: center;\n\t\t\t\twidth: 16%;\n\t\t\t}\n\t\t\t#gallery-2 img {\n\t\t\t\tborder: 2px solid #cfcfcf;\n\t\t\t}\n\t\t\t#gallery-2 .gallery-caption {\n\t\t\t\tmargin-left: 0;\n\t\t\t}\n\t\t\t\/* see gallery_shortcode() in wp-includes\/media.php *\/\n\t\t<\/style>\n\t\t<div id='gallery-2' class='gallery galleryid-1934 gallery-columns-6 gallery-size-thumbnail'><dl class='gallery-item'>\n\t\t\t<dt class='gallery-icon landscape'>\n\t\t\t\t<a data-rel=\"iLightbox[postimages]\" data-title=\"Cvicte jogu s nami v Parku na Kampe yfe- 3\" data-caption=\"\" href='https:\/\/www.yoga-federation.eu\/wp-content\/uploads\/2017\/05\/Cvicte-jogu-s-nami-v-Parku-na-Kampe-yfe-3.jpg'><img loading=\"lazy\" decoding=\"async\" width=\"150\" height=\"150\" src=\"https:\/\/www.yoga-federation.eu\/wp-content\/uploads\/2017\/05\/Cvicte-jogu-s-nami-v-Parku-na-Kampe-yfe-3-150x150.jpg\" class=\"attachment-thumbnail size-thumbnail lazyload\" alt=\"Bezplatn\u00e9 lekce j\u00f3gy- Cvicte jogu s nami v Parku na Kampe Evropska federace jogy\" srcset=\"data:image\/svg+xml,%3Csvg%20xmlns%3D%27http%3A%2F%2Fwww.w3.org%2F2000%2Fsvg%27%20width%3D%271296%27%20height%3D%27864%27%20viewBox%3D%270%200%201296%20864%27%3E%3Crect%20width%3D%271296%27%20height%3D%273864%27%20fill-opacity%3D%220%22%2F%3E%3C%2Fsvg%3E\" data-orig-src=\"https:\/\/www.yoga-federation.eu\/wp-content\/uploads\/2017\/05\/Cvicte-jogu-s-nami-v-Parku-na-Kampe-yfe-3-150x150.jpg\" data-srcset=\"https:\/\/www.yoga-federation.eu\/wp-content\/uploads\/2017\/05\/Cvicte-jogu-s-nami-v-Parku-na-Kampe-yfe-3-66x66.jpg 66w, https:\/\/www.yoga-federation.eu\/wp-content\/uploads\/2017\/05\/Cvicte-jogu-s-nami-v-Parku-na-Kampe-yfe-3-150x150.jpg 150w\" data-sizes=\"auto\" \/><\/a>\n\t\t\t<\/dt><\/dl><dl class='gallery-item'>\n\t\t\t<dt class='gallery-icon landscape'>\n\t\t\t\t<a data-rel=\"iLightbox[postimages]\" data-title=\"Cvicte jogu s nami v Parku na Kampe yfe\" data-caption=\"\" href='https:\/\/www.yoga-federation.eu\/wp-content\/uploads\/2017\/05\/Cvicte-jogu-s-nami-v-Parku-na-Kampe-yfe.jpg'><img loading=\"lazy\" decoding=\"async\" width=\"150\" height=\"150\" src=\"https:\/\/www.yoga-federation.eu\/wp-content\/uploads\/2017\/05\/Cvicte-jogu-s-nami-v-Parku-na-Kampe-yfe-150x150.jpg\" class=\"attachment-thumbnail size-thumbnail lazyload\" alt=\"Bezplatn\u00e9 lekce j\u00f3gy - Cvicte jogu s nami v Parku na Kampe yfe\" srcset=\"data:image\/svg+xml,%3Csvg%20xmlns%3D%27http%3A%2F%2Fwww.w3.org%2F2000%2Fsvg%27%20width%3D%271600%27%20height%3D%271067%27%20viewBox%3D%270%200%201600%201067%27%3E%3Crect%20width%3D%271600%27%20height%3D%2731067%27%20fill-opacity%3D%220%22%2F%3E%3C%2Fsvg%3E\" data-orig-src=\"https:\/\/www.yoga-federation.eu\/wp-content\/uploads\/2017\/05\/Cvicte-jogu-s-nami-v-Parku-na-Kampe-yfe-150x150.jpg\" data-srcset=\"https:\/\/www.yoga-federation.eu\/wp-content\/uploads\/2017\/05\/Cvicte-jogu-s-nami-v-Parku-na-Kampe-yfe-66x66.jpg 66w, https:\/\/www.yoga-federation.eu\/wp-content\/uploads\/2017\/05\/Cvicte-jogu-s-nami-v-Parku-na-Kampe-yfe-150x150.jpg 150w\" data-sizes=\"auto\" \/><\/a>\n\t\t\t<\/dt><\/dl><dl class='gallery-item'>\n\t\t\t<dt class='gallery-icon landscape'>\n\t\t\t\t<a data-rel=\"iLightbox[postimages]\" data-title=\"Mezinarodni den jogy v Praze, 2016\" data-caption=\"\" href='https:\/\/www.yoga-federation.eu\/wp-content\/uploads\/2016\/06\/Mezin\u00e1rodn\u00ed-den-j\u00f3gy-v-Praze-2016.jpg'><img loading=\"lazy\" decoding=\"async\" width=\"150\" height=\"150\" src=\"https:\/\/www.yoga-federation.eu\/wp-content\/uploads\/2016\/06\/Mezin\u00e1rodn\u00ed-den-j\u00f3gy-v-Praze-2016-150x150.jpg\" class=\"attachment-thumbnail size-thumbnail lazyload\" alt=\"Mezinarodni den jogy v Praze, 2016\" srcset=\"data:image\/svg+xml,%3Csvg%20xmlns%3D%27http%3A%2F%2Fwww.w3.org%2F2000%2Fsvg%27%20width%3D%271024%27%20height%3D%27683%27%20viewBox%3D%270%200%201024%20683%27%3E%3Crect%20width%3D%271024%27%20height%3D%273683%27%20fill-opacity%3D%220%22%2F%3E%3C%2Fsvg%3E\" data-orig-src=\"https:\/\/www.yoga-federation.eu\/wp-content\/uploads\/2016\/06\/Mezin\u00e1rodn\u00ed-den-j\u00f3gy-v-Praze-2016-150x150.jpg\" data-srcset=\"https:\/\/www.yoga-federation.eu\/wp-content\/uploads\/2016\/06\/Mezin\u00e1rodn\u00ed-den-j\u00f3gy-v-Praze-2016-66x66.jpg 66w, https:\/\/www.yoga-federation.eu\/wp-content\/uploads\/2016\/06\/Mezin\u00e1rodn\u00ed-den-j\u00f3gy-v-Praze-2016-150x150.jpg 150w\" data-sizes=\"auto\" \/><\/a>\n\t\t\t<\/dt><\/dl><dl class='gallery-item'>\n\t\t\t<dt class='gallery-icon landscape'>\n\t\t\t\t<a data-rel=\"iLightbox[postimages]\" data-title=\"Cvicte jogu s nami v Parku na Kampe yfe- 1\" data-caption=\"\" href='https:\/\/www.yoga-federation.eu\/wp-content\/uploads\/2017\/05\/Cvicte-jogu-s-nami-v-Parku-na-Kampe-yfe-1.jpg'><img loading=\"lazy\" decoding=\"async\" width=\"150\" height=\"150\" src=\"https:\/\/www.yoga-federation.eu\/wp-content\/uploads\/2017\/05\/Cvicte-jogu-s-nami-v-Parku-na-Kampe-yfe-1-150x150.jpg\" class=\"attachment-thumbnail size-thumbnail lazyload\" alt=\"Bezplatn\u00e9 lekce j\u00f3gy - Cvicte jogu s nami v Parku na Kampe Evropska federace jogy\" srcset=\"data:image\/svg+xml,%3Csvg%20xmlns%3D%27http%3A%2F%2Fwww.w3.org%2F2000%2Fsvg%27%20width%3D%271555%27%20height%3D%271037%27%20viewBox%3D%270%200%201555%201037%27%3E%3Crect%20width%3D%271555%27%20height%3D%2731037%27%20fill-opacity%3D%220%22%2F%3E%3C%2Fsvg%3E\" data-orig-src=\"https:\/\/www.yoga-federation.eu\/wp-content\/uploads\/2017\/05\/Cvicte-jogu-s-nami-v-Parku-na-Kampe-yfe-1-150x150.jpg\" data-srcset=\"https:\/\/www.yoga-federation.eu\/wp-content\/uploads\/2017\/05\/Cvicte-jogu-s-nami-v-Parku-na-Kampe-yfe-1-66x66.jpg 66w, https:\/\/www.yoga-federation.eu\/wp-content\/uploads\/2017\/05\/Cvicte-jogu-s-nami-v-Parku-na-Kampe-yfe-1-150x150.jpg 150w\" data-sizes=\"auto\" \/><\/a>\n\t\t\t<\/dt><\/dl><dl class='gallery-item'>\n\t\t\t<dt class='gallery-icon landscape'>\n\t\t\t\t<a data-rel=\"iLightbox[postimages]\" data-title=\"Cvicte jogu s nami v Parku na Kampe yfe- 2\" data-caption=\"\" href='https:\/\/www.yoga-federation.eu\/wp-content\/uploads\/2017\/05\/Cvicte-jogu-s-nami-v-Parku-na-Kampe-yfe-2.jpg'><img loading=\"lazy\" decoding=\"async\" width=\"150\" height=\"150\" src=\"https:\/\/www.yoga-federation.eu\/wp-content\/uploads\/2017\/05\/Cvicte-jogu-s-nami-v-Parku-na-Kampe-yfe-2-150x150.jpg\" class=\"attachment-thumbnail size-thumbnail lazyload\" alt=\"Bezplatn\u00e9 lekce j\u00f3gy - Cvicte jogu s nami v Parku na Kampe Evropska federace jogy\" srcset=\"data:image\/svg+xml,%3Csvg%20xmlns%3D%27http%3A%2F%2Fwww.w3.org%2F2000%2Fsvg%27%20width%3D%271555%27%20height%3D%271037%27%20viewBox%3D%270%200%201555%201037%27%3E%3Crect%20width%3D%271555%27%20height%3D%2731037%27%20fill-opacity%3D%220%22%2F%3E%3C%2Fsvg%3E\" data-orig-src=\"https:\/\/www.yoga-federation.eu\/wp-content\/uploads\/2017\/05\/Cvicte-jogu-s-nami-v-Parku-na-Kampe-yfe-2-150x150.jpg\" data-srcset=\"https:\/\/www.yoga-federation.eu\/wp-content\/uploads\/2017\/05\/Cvicte-jogu-s-nami-v-Parku-na-Kampe-yfe-2-66x66.jpg 66w, https:\/\/www.yoga-federation.eu\/wp-content\/uploads\/2017\/05\/Cvicte-jogu-s-nami-v-Parku-na-Kampe-yfe-2-150x150.jpg 150w\" data-sizes=\"auto\" \/><\/a>\n\t\t\t<\/dt><\/dl><dl class='gallery-item'>\n\t\t\t<dt class='gallery-icon portrait'>\n\t\t\t\t<a data-rel=\"iLightbox[postimages]\" data-title=\"Cvicte jogu s nami v Parku na Kampe, Praha 1 &#8211; 2017\" data-caption=\"\" href='https:\/\/www.yoga-federation.eu\/wp-content\/uploads\/2017\/05\/Cvicte-jogu-s-nami-v-Parku-na-Kampe-Praha-1-2017.jpg'><img loading=\"lazy\" decoding=\"async\" width=\"150\" height=\"150\" src=\"https:\/\/www.yoga-federation.eu\/wp-content\/uploads\/2017\/05\/Cvicte-jogu-s-nami-v-Parku-na-Kampe-Praha-1-2017-150x150.jpg\" class=\"attachment-thumbnail size-thumbnail lazyload\" alt=\"Bezplatn\u00e9 lekce j\u00f3gy - Cvicte jogu s nami v Parku na Kampe, Praha 1 - 2017\" srcset=\"data:image\/svg+xml,%3Csvg%20xmlns%3D%27http%3A%2F%2Fwww.w3.org%2F2000%2Fsvg%27%20width%3D%27640%27%20height%3D%271600%27%20viewBox%3D%270%200%20640%201600%27%3E%3Crect%20width%3D%27640%27%20height%3D%2731600%27%20fill-opacity%3D%220%22%2F%3E%3C%2Fsvg%3E\" data-orig-src=\"https:\/\/www.yoga-federation.eu\/wp-content\/uploads\/2017\/05\/Cvicte-jogu-s-nami-v-Parku-na-Kampe-Praha-1-2017-150x150.jpg\" data-srcset=\"https:\/\/www.yoga-federation.eu\/wp-content\/uploads\/2017\/05\/Cvicte-jogu-s-nami-v-Parku-na-Kampe-Praha-1-2017-66x66.jpg 66w, https:\/\/www.yoga-federation.eu\/wp-content\/uploads\/2017\/05\/Cvicte-jogu-s-nami-v-Parku-na-Kampe-Praha-1-2017-150x150.jpg 150w\" data-sizes=\"auto\" \/><\/a>\n\t\t\t<\/dt><\/dl><br style=\"clear: both\" \/>\n\t\t<\/div>\n\n<p>Medi\u00e1ln\u00ed podpora:<br \/>\n<a href=\"http:\/\/www.kudyznudy.cz\/aktivity-a-akce\/akce\/joga-dny-v-praze.aspx\" target=\"_blank\" rel=\"noopener\">Kudyznudy.cz<\/a><br \/>\n<a href=\"http:\/\/www.denik.cz\/regiony\/v-parku-na-kampe-zacinaji-nedelni-cviceni-jogy-20170611.html\" target=\"_blank\" rel=\"noopener\">Den\u00edk.cz<\/a><br \/>\n<a href=\"http:\/\/www.prazskypatriot.cz\/cvicte-jogu-v-parku-na-kampe-zdarma\/\" target=\"_blank\" rel=\"noopener\">Pra\u017esk\u00fd Patriot<\/a><br \/>\n<a href=\"http:\/\/www.akcuj.cz\/udalosti\/1623003\/cvicte-jogu-s-nami-v-parku-na-kampe\" target=\"_blank\" rel=\"noopener\">Akcuj.cz<\/a><br \/>\n<a href=\"https:\/\/www.praguest.com\/cz\/akce-v-praze\/3081-cvicte-jogu-v-parku-na-kampe.html?date=2017-06-11-16-00\" target=\"_blank\" rel=\"noopener\">Praguest.com<\/a><br \/>\n<a href=\"http:\/\/zpravyextra.cz\/magazin\/cvicte-jogu-s-nami-v-parku-na-kampe-2017\/24152\" target=\"_blank\" rel=\"noopener\">ZpravyExtra.cz<\/a><br \/>\n<a href=\"http:\/\/www.citybee.cz\/sport\/:\/akce\/78589-cvicte-jogu-s-nami-v-parku-na-kampe\/\" target=\"_blank\" rel=\"noopener\">CityBee<\/a><br \/>\n<a href=\"https:\/\/www.youtube.com\/watch?v=hPtn6IgRNTQ&amp;feature=youtu.be\" target=\"_blank\" rel=\"noopener\">\u010cesk\u00fd rozhlas<\/a><\/p>\n<\/div><div class=\"fusion-clearfix\"><\/div><\/div><\/div><div class=\"fusion-layout-column fusion_builder_column fusion-builder-column-3 fusion_builder_column_1_1 1_1 fusion-one-full fusion-column-first fusion-column-last fusion-column-no-min-height\" style=\"margin-top:0px;margin-bottom:0px;\"><div class=\"fusion-column-wrapper fusion-flex-column-wrapper-legacy\" style=\"background-position:left top;background-repeat:no-repeat;-webkit-background-size:cover;-moz-background-size:cover;-o-background-size:cover;background-size:cover;padding: 0px 0px 0px 0px;\"><div class=\"fusion-video fusion-youtube\" style=\"max-width:765px;max-height:460px;\"><div class=\"video-shortcode\"><iframe loading=\"lazy\" title=\"YouTube video player\" src=\"https:\/\/www.youtube.com\/embed\/hPtn6IgRNTQ?wmode=transparent&autoplay=0\" width=\"765\" height=\"460\" allowfullscreen allow=\"autoplay; fullscreen\"><\/iframe><\/div><\/div><div class=\"fusion-sep-clear\"><\/div><div class=\"fusion-separator fusion-has-icon fusion-full-width-sep\" style=\"margin-left: auto;margin-right: auto;width:100%;\"><div class=\"fusion-separator-border sep-shadow\" style=\"background:radial-gradient(ellipse at 50% -50% , #e0dede 0px, rgba(255, 255, 255, 0) 80%) repeat scroll 0 0 rgba(0, 0, 0, 0);background:-webkit-radial-gradient(ellipse at 50% -50% , #e0dede 0px, rgba(255, 255, 255, 0) 80%) repeat scroll 0 0 rgba(0, 0, 0, 0);background:-moz-radial-gradient(ellipse at 50% -50% , #e0dede 0px, rgba(255, 255, 255, 0) 80%) repeat scroll 0 0 rgba(0, 0, 0, 0);background:-o-radial-gradient(ellipse at 50% -50% , #e0dede 0px, rgba(255, 255, 255, 0) 80%) repeat scroll 0 0 rgba(0, 0, 0, 0);\"><\/div><span class=\"icon-wrapper\" style=\"border-color:#e0dede;background-color:rgba(255,255,255,0);font-size:17px;width: 1.75em; height: 1.75em;border-width:1px;padding:1px;\"><i class=\" fa fa-heart\" style=\"font-size: inherit;color:#e0dede;\" aria-hidden=\"true\"><\/i><\/span><div class=\"fusion-separator-border sep-shadow\" style=\"background:radial-gradient(ellipse at 50% -50% , #e0dede 0px, rgba(255, 255, 255, 0) 80%) repeat scroll 0 0 rgba(0, 0, 0, 0);background:-webkit-radial-gradient(ellipse at 50% -50% , #e0dede 0px, rgba(255, 255, 255, 0) 80%) repeat scroll 0 0 rgba(0, 0, 0, 0);background:-moz-radial-gradient(ellipse at 50% -50% , #e0dede 0px, rgba(255, 255, 255, 0) 80%) repeat scroll 0 0 rgba(0, 0, 0, 0);background:-o-radial-gradient(ellipse at 50% -50% , #e0dede 0px, rgba(255, 255, 255, 0) 80%) repeat scroll 0 0 rgba(0, 0, 0, 0);\"><\/div><\/div><div class=\"fusion-sep-clear\"><\/div><div class=\"fusion-clearfix\"><\/div><\/div><\/div><div class=\"fusion-layout-column fusion_builder_column fusion-builder-column-4 fusion_builder_column_1_1 1_1 fusion-one-full fusion-column-first fusion-column-last fusion-column-no-min-height\" style=\"margin-top:0px;margin-bottom:0px;\"><div class=\"fusion-column-wrapper fusion-flex-column-wrapper-legacy\" style=\"background-position:left top;background-repeat:no-repeat;-webkit-background-size:cover;-moz-background-size:cover;-o-background-size:cover;background-size:cover;padding: 0px 0px 0px 0px;\">\t\t\t\t\t<script type=\"text\/javascript\">\n\t\t\t\t\t\tvar map_fusion_map_69eea8a7b9814;\n\t\t\t\t\t\tvar markers = [];\n\t\t\t\t\t\tvar counter = 0;\n\t\t\t\t\t\t\t\t\t\t\t\t\t\t\t\t\t\t\t\tvar fusionMapNonce = '0345f9e05e';\n\t\t\t\t\t\t\t\t\t\t\t\tfunction fusion_run_map_fusion_map_69eea8a7b9814() {\n\t\t\t\t\t\t\tjQuery('#fusion_map_69eea8a7b9814').fusion_maps({\n\t\t\t\t\t\t\t\taddresses: [{\"address\":\"50.083562,14.407510\",\"infobox_content\":\"50.083562,14.407510\",\"coordinates\":false,\"cache\":true,\"latitude\":\"50.08366969999999\",\"longitude\":\"14.407581800000003\"}],\n\t\t\t\t\t\t\t\tanimations: true,\n\t\t\t\t\t\t\t\tinfobox_background_color: '',\n\t\t\t\t\t\t\t\tinfobox_styling: 'default',\n\t\t\t\t\t\t\t\tinfobox_text_color: '',\n\t\t\t\t\t\t\t\tmap_style: 'default',\n\t\t\t\t\t\t\t\tmap_type: 'roadmap',\n\t\t\t\t\t\t\t\tmarker_icon: '',\n\t\t\t\t\t\t\t\toverlay_color: '',\n\t\t\t\t\t\t\t\toverlay_color_hsl: {\"hue\":0,\"sat\":0,\"lum\":100},\n\t\t\t\t\t\t\t\tpan_control: true,\n\t\t\t\t\t\t\t\tshow_address: true,\n\t\t\t\t\t\t\t\tscale_control: true,\n\t\t\t\t\t\t\t\tscrollwheel: true,\n\t\t\t\t\t\t\t\tzoom: 14,\n\t\t\t\t\t\t\t\tzoom_control: true,\n\t\t\t\t\t\t\t});\n\t\t\t\t\t\t}\n\n\t\t\t\t\t\tgoogle.maps.event.addDomListener(window, 'load', fusion_run_map_fusion_map_69eea8a7b9814);\n\t\t\t\t\t<\/script>\n\t\t\t\t\t<div class=\"shortcode-map fusion-google-map fusion-maps-js-type\" id=\"fusion_map_69eea8a7b9814\" style=\"height:300px;width:100%;\"><\/div><div class=\"fusion-clearfix\"><\/div><\/div><\/div><\/div><style type=\"text\/css\">.fusion-fullwidth.fusion-builder-row-1 { overflow:visible; }<\/style><\/div>\n","protected":false},"excerpt":{"rendered":"","protected":false},"author":6,"featured_media":2000,"comment_status":"closed","ping_status":"open","sticky":false,"template":"","format":"standard","meta":{"footnotes":""},"categories":[56,58,87],"tags":[],"class_list":["post-1934","post","type-post","status-publish","format-standard","has-post-thumbnail","hentry","category-activity","category-aktivity-v-roce-2017","category-cvicte-jogu-s-nami"],"yoast_head":"<!-- This site is optimized with the Yoast SEO plugin v27.4 - https:\/\/yoast.com\/product\/yoast-seo-wordpress\/ -->\n<title>Cvi\u010dte j\u00f3gu s n\u00e1mi v Parku na Kamp\u011b - 2017 | Yoga Federation of Europe<\/title>\n<meta name=\"description\" content=\"Evropsk\u00e1 federace j\u00f3gy v\u00e1s zve k \u00fa\u010datsti na bezplatn\u00e9 lekce j\u00f3gy ka\u017edou ned\u011bli od 16:00-17:30 v Parku na Kamp\u011b Cvi\u010dte j\u00f3gu s n\u00e1mi v Parku na Kamp\u011b\" \/>\n<meta name=\"robots\" content=\"index, follow, max-snippet:-1, max-image-preview:large, max-video-preview:-1\" \/>\n<link rel=\"canonical\" href=\"https:\/\/www.yoga-federation.eu\/cz\/cvicte-jogu-s-nami-v-parku-na-kampe-2017\/\" \/>\n<meta property=\"og:locale\" content=\"en_US\" \/>\n<meta property=\"og:type\" content=\"article\" \/>\n<meta property=\"og:title\" content=\"Cvi\u010dte j\u00f3gu s n\u00e1mi v Parku na Kamp\u011b - 2017 | Yoga Federation of Europe\" \/>\n<meta property=\"og:description\" content=\"Evropsk\u00e1 federace j\u00f3gy v\u00e1s zve k \u00fa\u010datsti na bezplatn\u00e9 lekce j\u00f3gy ka\u017edou ned\u011bli od 16:00-17:30 v Parku na Kamp\u011b Cvi\u010dte j\u00f3gu s n\u00e1mi v Parku na Kamp\u011b\" \/>\n<meta property=\"og:url\" content=\"https:\/\/www.yoga-federation.eu\/cz\/cvicte-jogu-s-nami-v-parku-na-kampe-2017\/\" \/>\n<meta property=\"og:site_name\" content=\"Yoga Federation of Europe\" \/>\n<meta property=\"article:published_time\" content=\"2017-05-24T23:03:58+00:00\" \/>\n<meta property=\"article:modified_time\" content=\"2018-10-16T15:15:35+00:00\" \/>\n<meta property=\"og:image\" content=\"https:\/\/www.yoga-federation.eu\/wp-content\/uploads\/2017\/05\/Cvicte-jogu-s-nami-v-Parku-na-Kampe-yfe.jpg\" \/>\n\t<meta property=\"og:image:width\" content=\"1600\" \/>\n\t<meta property=\"og:image:height\" content=\"1067\" \/>\n\t<meta property=\"og:image:type\" content=\"image\/jpeg\" \/>\n<meta name=\"author\" content=\"YFE\" \/>\n<meta name=\"twitter:card\" content=\"summary_large_image\" \/>\n<meta name=\"twitter:label1\" content=\"Written by\" \/>\n\t<meta name=\"twitter:data1\" content=\"YFE\" \/>\n\t<meta name=\"twitter:label2\" content=\"Est. reading time\" \/>\n\t<meta name=\"twitter:data2\" content=\"4 minutes\" \/>\n<script type=\"application\/ld+json\" class=\"yoast-schema-graph\">{\"@context\":\"https:\\\/\\\/schema.org\",\"@graph\":[{\"@type\":\"Article\",\"@id\":\"https:\\\/\\\/www.yoga-federation.eu\\\/cz\\\/cvicte-jogu-s-nami-v-parku-na-kampe-2017\\\/#article\",\"isPartOf\":{\"@id\":\"https:\\\/\\\/www.yoga-federation.eu\\\/cz\\\/cvicte-jogu-s-nami-v-parku-na-kampe-2017\\\/\"},\"author\":{\"name\":\"YFE\",\"@id\":\"https:\\\/\\\/www.yoga-federation.eu\\\/#\\\/schema\\\/person\\\/c70b5a8f7323477f70814bd277cc9105\"},\"headline\":\"Cvi\u010dte j\u00f3gu s n\u00e1mi v Parku na Kamp\u011b &#8211; 2017\",\"datePublished\":\"2017-05-24T23:03:58+00:00\",\"dateModified\":\"2018-10-16T15:15:35+00:00\",\"mainEntityOfPage\":{\"@id\":\"https:\\\/\\\/www.yoga-federation.eu\\\/cz\\\/cvicte-jogu-s-nami-v-parku-na-kampe-2017\\\/\"},\"wordCount\":787,\"image\":{\"@id\":\"https:\\\/\\\/www.yoga-federation.eu\\\/cz\\\/cvicte-jogu-s-nami-v-parku-na-kampe-2017\\\/#primaryimage\"},\"thumbnailUrl\":\"https:\\\/\\\/www.yoga-federation.eu\\\/wp-content\\\/uploads\\\/2017\\\/05\\\/Cvicte-jogu-s-nami-v-Parku-na-Kampe-yfe.jpg\",\"articleSection\":[\"Activity\",\"Aktivity v roce 2017\",\"Cvi\u010dte j\u00f3gu s n\u00e1mi\"],\"inLanguage\":\"cz-CZ\"},{\"@type\":\"WebPage\",\"@id\":\"https:\\\/\\\/www.yoga-federation.eu\\\/cz\\\/cvicte-jogu-s-nami-v-parku-na-kampe-2017\\\/\",\"url\":\"https:\\\/\\\/www.yoga-federation.eu\\\/cz\\\/cvicte-jogu-s-nami-v-parku-na-kampe-2017\\\/\",\"name\":\"Cvi\u010dte j\u00f3gu s n\u00e1mi v Parku na Kamp\u011b - 2017 | Yoga Federation of Europe\",\"isPartOf\":{\"@id\":\"https:\\\/\\\/www.yoga-federation.eu\\\/#website\"},\"primaryImageOfPage\":{\"@id\":\"https:\\\/\\\/www.yoga-federation.eu\\\/cz\\\/cvicte-jogu-s-nami-v-parku-na-kampe-2017\\\/#primaryimage\"},\"image\":{\"@id\":\"https:\\\/\\\/www.yoga-federation.eu\\\/cz\\\/cvicte-jogu-s-nami-v-parku-na-kampe-2017\\\/#primaryimage\"},\"thumbnailUrl\":\"https:\\\/\\\/www.yoga-federation.eu\\\/wp-content\\\/uploads\\\/2017\\\/05\\\/Cvicte-jogu-s-nami-v-Parku-na-Kampe-yfe.jpg\",\"datePublished\":\"2017-05-24T23:03:58+00:00\",\"dateModified\":\"2018-10-16T15:15:35+00:00\",\"author\":{\"@id\":\"https:\\\/\\\/www.yoga-federation.eu\\\/#\\\/schema\\\/person\\\/c70b5a8f7323477f70814bd277cc9105\"},\"description\":\"Evropsk\u00e1 federace j\u00f3gy v\u00e1s zve k \u00fa\u010datsti na bezplatn\u00e9 lekce j\u00f3gy ka\u017edou ned\u011bli od 16:00-17:30 v Parku na Kamp\u011b Cvi\u010dte j\u00f3gu s n\u00e1mi v Parku na Kamp\u011b\",\"breadcrumb\":{\"@id\":\"https:\\\/\\\/www.yoga-federation.eu\\\/cz\\\/cvicte-jogu-s-nami-v-parku-na-kampe-2017\\\/#breadcrumb\"},\"inLanguage\":\"cz-CZ\",\"potentialAction\":[{\"@type\":\"ReadAction\",\"target\":[\"https:\\\/\\\/www.yoga-federation.eu\\\/cz\\\/cvicte-jogu-s-nami-v-parku-na-kampe-2017\\\/\"]}]},{\"@type\":\"ImageObject\",\"inLanguage\":\"cz-CZ\",\"@id\":\"https:\\\/\\\/www.yoga-federation.eu\\\/cz\\\/cvicte-jogu-s-nami-v-parku-na-kampe-2017\\\/#primaryimage\",\"url\":\"https:\\\/\\\/www.yoga-federation.eu\\\/wp-content\\\/uploads\\\/2017\\\/05\\\/Cvicte-jogu-s-nami-v-Parku-na-Kampe-yfe.jpg\",\"contentUrl\":\"https:\\\/\\\/www.yoga-federation.eu\\\/wp-content\\\/uploads\\\/2017\\\/05\\\/Cvicte-jogu-s-nami-v-Parku-na-Kampe-yfe.jpg\",\"width\":1600,\"height\":1067,\"caption\":\"Bezplatn\u00e9 lekce j\u00f3gy - Cvicte jogu s nami v Parku na Kampe yfe\"},{\"@type\":\"BreadcrumbList\",\"@id\":\"https:\\\/\\\/www.yoga-federation.eu\\\/cz\\\/cvicte-jogu-s-nami-v-parku-na-kampe-2017\\\/#breadcrumb\",\"itemListElement\":[{\"@type\":\"ListItem\",\"position\":1,\"name\":\"Home\",\"item\":\"https:\\\/\\\/www.yoga-federation.eu\\\/cz\\\/\"},{\"@type\":\"ListItem\",\"position\":2,\"name\":\"Cvi\u010dte j\u00f3gu s n\u00e1mi v Parku na Kamp\u011b &#8211; 2017\"}]},{\"@type\":\"WebSite\",\"@id\":\"https:\\\/\\\/www.yoga-federation.eu\\\/#website\",\"url\":\"https:\\\/\\\/www.yoga-federation.eu\\\/\",\"name\":\"Yoga Federation of Europe\",\"description\":\"Yoga in Europe\",\"potentialAction\":[{\"@type\":\"SearchAction\",\"target\":{\"@type\":\"EntryPoint\",\"urlTemplate\":\"https:\\\/\\\/www.yoga-federation.eu\\\/?s={search_term_string}\"},\"query-input\":{\"@type\":\"PropertyValueSpecification\",\"valueRequired\":true,\"valueName\":\"search_term_string\"}}],\"inLanguage\":\"cz-CZ\"},{\"@type\":\"Person\",\"@id\":\"https:\\\/\\\/www.yoga-federation.eu\\\/#\\\/schema\\\/person\\\/c70b5a8f7323477f70814bd277cc9105\",\"name\":\"YFE\",\"image\":{\"@type\":\"ImageObject\",\"inLanguage\":\"cz-CZ\",\"@id\":\"https:\\\/\\\/secure.gravatar.com\\\/avatar\\\/64f6beecfc59c339d337f0a16c80bfc143a5e623923f6f42beb67b25788f3e50?s=96&d=mm&r=g\",\"url\":\"https:\\\/\\\/secure.gravatar.com\\\/avatar\\\/64f6beecfc59c339d337f0a16c80bfc143a5e623923f6f42beb67b25788f3e50?s=96&d=mm&r=g\",\"contentUrl\":\"https:\\\/\\\/secure.gravatar.com\\\/avatar\\\/64f6beecfc59c339d337f0a16c80bfc143a5e623923f6f42beb67b25788f3e50?s=96&d=mm&r=g\",\"caption\":\"YFE\"},\"url\":\"https:\\\/\\\/www.yoga-federation.eu\\\/cz\\\/author\\\/ana\\\/\"}]}<\/script>\n<!-- \/ Yoast SEO plugin. -->","yoast_head_json":{"title":"Cvi\u010dte j\u00f3gu s n\u00e1mi v Parku na Kamp\u011b - 2017 | Yoga Federation of Europe","description":"Evropsk\u00e1 federace j\u00f3gy v\u00e1s zve k \u00fa\u010datsti na bezplatn\u00e9 lekce j\u00f3gy ka\u017edou ned\u011bli od 16:00-17:30 v Parku na Kamp\u011b Cvi\u010dte j\u00f3gu s n\u00e1mi v Parku na Kamp\u011b","robots":{"index":"index","follow":"follow","max-snippet":"max-snippet:-1","max-image-preview":"max-image-preview:large","max-video-preview":"max-video-preview:-1"},"canonical":"https:\/\/www.yoga-federation.eu\/cz\/cvicte-jogu-s-nami-v-parku-na-kampe-2017\/","og_locale":"en_US","og_type":"article","og_title":"Cvi\u010dte j\u00f3gu s n\u00e1mi v Parku na Kamp\u011b - 2017 | Yoga Federation of Europe","og_description":"Evropsk\u00e1 federace j\u00f3gy v\u00e1s zve k \u00fa\u010datsti na bezplatn\u00e9 lekce j\u00f3gy ka\u017edou ned\u011bli od 16:00-17:30 v Parku na Kamp\u011b Cvi\u010dte j\u00f3gu s n\u00e1mi v Parku na Kamp\u011b","og_url":"https:\/\/www.yoga-federation.eu\/cz\/cvicte-jogu-s-nami-v-parku-na-kampe-2017\/","og_site_name":"Yoga Federation of Europe","article_published_time":"2017-05-24T23:03:58+00:00","article_modified_time":"2018-10-16T15:15:35+00:00","og_image":[{"width":1600,"height":1067,"url":"https:\/\/www.yoga-federation.eu\/wp-content\/uploads\/2017\/05\/Cvicte-jogu-s-nami-v-Parku-na-Kampe-yfe.jpg","type":"image\/jpeg"}],"author":"YFE","twitter_card":"summary_large_image","twitter_misc":{"Written by":"YFE","Est. reading time":"4 minutes"},"schema":{"@context":"https:\/\/schema.org","@graph":[{"@type":"Article","@id":"https:\/\/www.yoga-federation.eu\/cz\/cvicte-jogu-s-nami-v-parku-na-kampe-2017\/#article","isPartOf":{"@id":"https:\/\/www.yoga-federation.eu\/cz\/cvicte-jogu-s-nami-v-parku-na-kampe-2017\/"},"author":{"name":"YFE","@id":"https:\/\/www.yoga-federation.eu\/#\/schema\/person\/c70b5a8f7323477f70814bd277cc9105"},"headline":"Cvi\u010dte j\u00f3gu s n\u00e1mi v Parku na Kamp\u011b &#8211; 2017","datePublished":"2017-05-24T23:03:58+00:00","dateModified":"2018-10-16T15:15:35+00:00","mainEntityOfPage":{"@id":"https:\/\/www.yoga-federation.eu\/cz\/cvicte-jogu-s-nami-v-parku-na-kampe-2017\/"},"wordCount":787,"image":{"@id":"https:\/\/www.yoga-federation.eu\/cz\/cvicte-jogu-s-nami-v-parku-na-kampe-2017\/#primaryimage"},"thumbnailUrl":"https:\/\/www.yoga-federation.eu\/wp-content\/uploads\/2017\/05\/Cvicte-jogu-s-nami-v-Parku-na-Kampe-yfe.jpg","articleSection":["Activity","Aktivity v roce 2017","Cvi\u010dte j\u00f3gu s n\u00e1mi"],"inLanguage":"cz-CZ"},{"@type":"WebPage","@id":"https:\/\/www.yoga-federation.eu\/cz\/cvicte-jogu-s-nami-v-parku-na-kampe-2017\/","url":"https:\/\/www.yoga-federation.eu\/cz\/cvicte-jogu-s-nami-v-parku-na-kampe-2017\/","name":"Cvi\u010dte j\u00f3gu s n\u00e1mi v Parku na Kamp\u011b - 2017 | Yoga Federation of Europe","isPartOf":{"@id":"https:\/\/www.yoga-federation.eu\/#website"},"primaryImageOfPage":{"@id":"https:\/\/www.yoga-federation.eu\/cz\/cvicte-jogu-s-nami-v-parku-na-kampe-2017\/#primaryimage"},"image":{"@id":"https:\/\/www.yoga-federation.eu\/cz\/cvicte-jogu-s-nami-v-parku-na-kampe-2017\/#primaryimage"},"thumbnailUrl":"https:\/\/www.yoga-federation.eu\/wp-content\/uploads\/2017\/05\/Cvicte-jogu-s-nami-v-Parku-na-Kampe-yfe.jpg","datePublished":"2017-05-24T23:03:58+00:00","dateModified":"2018-10-16T15:15:35+00:00","author":{"@id":"https:\/\/www.yoga-federation.eu\/#\/schema\/person\/c70b5a8f7323477f70814bd277cc9105"},"description":"Evropsk\u00e1 federace j\u00f3gy v\u00e1s zve k \u00fa\u010datsti na bezplatn\u00e9 lekce j\u00f3gy ka\u017edou ned\u011bli od 16:00-17:30 v Parku na Kamp\u011b Cvi\u010dte j\u00f3gu s n\u00e1mi v Parku na Kamp\u011b","breadcrumb":{"@id":"https:\/\/www.yoga-federation.eu\/cz\/cvicte-jogu-s-nami-v-parku-na-kampe-2017\/#breadcrumb"},"inLanguage":"cz-CZ","potentialAction":[{"@type":"ReadAction","target":["https:\/\/www.yoga-federation.eu\/cz\/cvicte-jogu-s-nami-v-parku-na-kampe-2017\/"]}]},{"@type":"ImageObject","inLanguage":"cz-CZ","@id":"https:\/\/www.yoga-federation.eu\/cz\/cvicte-jogu-s-nami-v-parku-na-kampe-2017\/#primaryimage","url":"https:\/\/www.yoga-federation.eu\/wp-content\/uploads\/2017\/05\/Cvicte-jogu-s-nami-v-Parku-na-Kampe-yfe.jpg","contentUrl":"https:\/\/www.yoga-federation.eu\/wp-content\/uploads\/2017\/05\/Cvicte-jogu-s-nami-v-Parku-na-Kampe-yfe.jpg","width":1600,"height":1067,"caption":"Bezplatn\u00e9 lekce j\u00f3gy - Cvicte jogu s nami v Parku na Kampe yfe"},{"@type":"BreadcrumbList","@id":"https:\/\/www.yoga-federation.eu\/cz\/cvicte-jogu-s-nami-v-parku-na-kampe-2017\/#breadcrumb","itemListElement":[{"@type":"ListItem","position":1,"name":"Home","item":"https:\/\/www.yoga-federation.eu\/cz\/"},{"@type":"ListItem","position":2,"name":"Cvi\u010dte j\u00f3gu s n\u00e1mi v Parku na Kamp\u011b &#8211; 2017"}]},{"@type":"WebSite","@id":"https:\/\/www.yoga-federation.eu\/#website","url":"https:\/\/www.yoga-federation.eu\/","name":"Yoga Federation of Europe","description":"Yoga in Europe","potentialAction":[{"@type":"SearchAction","target":{"@type":"EntryPoint","urlTemplate":"https:\/\/www.yoga-federation.eu\/?s={search_term_string}"},"query-input":{"@type":"PropertyValueSpecification","valueRequired":true,"valueName":"search_term_string"}}],"inLanguage":"cz-CZ"},{"@type":"Person","@id":"https:\/\/www.yoga-federation.eu\/#\/schema\/person\/c70b5a8f7323477f70814bd277cc9105","name":"YFE","image":{"@type":"ImageObject","inLanguage":"cz-CZ","@id":"https:\/\/secure.gravatar.com\/avatar\/64f6beecfc59c339d337f0a16c80bfc143a5e623923f6f42beb67b25788f3e50?s=96&d=mm&r=g","url":"https:\/\/secure.gravatar.com\/avatar\/64f6beecfc59c339d337f0a16c80bfc143a5e623923f6f42beb67b25788f3e50?s=96&d=mm&r=g","contentUrl":"https:\/\/secure.gravatar.com\/avatar\/64f6beecfc59c339d337f0a16c80bfc143a5e623923f6f42beb67b25788f3e50?s=96&d=mm&r=g","caption":"YFE"},"url":"https:\/\/www.yoga-federation.eu\/cz\/author\/ana\/"}]}},"_links":{"self":[{"href":"https:\/\/www.yoga-federation.eu\/cz\/wp-json\/wp\/v2\/posts\/1934","targetHints":{"allow":["GET"]}}],"collection":[{"href":"https:\/\/www.yoga-federation.eu\/cz\/wp-json\/wp\/v2\/posts"}],"about":[{"href":"https:\/\/www.yoga-federation.eu\/cz\/wp-json\/wp\/v2\/types\/post"}],"author":[{"embeddable":true,"href":"https:\/\/www.yoga-federation.eu\/cz\/wp-json\/wp\/v2\/users\/6"}],"replies":[{"embeddable":true,"href":"https:\/\/www.yoga-federation.eu\/cz\/wp-json\/wp\/v2\/comments?post=1934"}],"version-history":[{"count":0,"href":"https:\/\/www.yoga-federation.eu\/cz\/wp-json\/wp\/v2\/posts\/1934\/revisions"}],"wp:featuredmedia":[{"embeddable":true,"href":"https:\/\/www.yoga-federation.eu\/cz\/wp-json\/wp\/v2\/media\/2000"}],"wp:attachment":[{"href":"https:\/\/www.yoga-federation.eu\/cz\/wp-json\/wp\/v2\/media?parent=1934"}],"wp:term":[{"taxonomy":"category","embeddable":true,"href":"https:\/\/www.yoga-federation.eu\/cz\/wp-json\/wp\/v2\/categories?post=1934"},{"taxonomy":"post_tag","embeddable":true,"href":"https:\/\/www.yoga-federation.eu\/cz\/wp-json\/wp\/v2\/tags?post=1934"}],"curies":[{"name":"wp","href":"https:\/\/api.w.org\/{rel}","templated":true}]}}