{"id":1927,"date":"2017-04-24T22:43:08","date_gmt":"2017-04-24T22:43:08","guid":{"rendered":"https:\/\/www.yoga-federation.eu\/cz\/?p=1927"},"modified":"2023-12-30T22:39:14","modified_gmt":"2023-12-30T22:39:14","slug":"joga-retreat-v-recku-2017","status":"publish","type":"post","link":"https:\/\/www.yoga-federation.eu\/cz\/joga-retreat-v-recku-2017\/","title":{"rendered":"J\u00f3ga retreat v \u0158ecku 2017"},"content":{"rendered":"<div class=\"fusion-fullwidth fullwidth-box fusion-builder-row-1 hundred-percent-fullwidth non-hundred-percent-height-scrolling\" style=\"background-color: rgba(255,255,255,0);background-position: center center;background-repeat: no-repeat;padding-top:0px;padding-right:0px;padding-bottom:0px;padding-left:0px;margin-bottom: 0px;margin-top: 0px;border-width: 0px 0px 0px 0px;border-color:#eae9e9;border-style:solid;\" ><div class=\"fusion-builder-row fusion-row\"><div class=\"fusion-layout-column fusion_builder_column fusion-builder-column-0 fusion_builder_column_1_1 1_1 fusion-one-full fusion-column-first fusion-column-last\" style=\"margin-top:0px;margin-bottom:20px;\"><div class=\"fusion-column-wrapper fusion-flex-column-wrapper-legacy\" style=\"background-position:left top;background-repeat:no-repeat;-webkit-background-size:cover;-moz-background-size:cover;-o-background-size:cover;background-size:cover;padding: 0px 0px 0px 0px;\"><div class=\"fusion-text fusion-text-1\"><div>\u00a0J\u00f3ga retreat\u00a0v \u0158ecku od 10. do 20. 09. 2017 se bude konat mezin\u00e1rodn\u00ed j\u00f3ga retreat u mo\u0159e, Nea Vrasna, \u0158ecko, kter\u00fd ji\u017e \u010dtvrt\u00fdm rokem po\u0159\u00e1d\u00e1 Evropsk\u00e1 federace j\u00f3gy. Odborn\u00fd j\u00f3ga retreat prob\u011bhne pod veden\u00edm mezin\u00e1rodn\u00edho mistra j\u00f3gy prof. Dr. Predraga Niki\u0107e. J\u00f3ga retreat bude obsahovat intenzivn\u00ed praxi j\u00f3gy a ve\u010der k\u00edrtanov\u00e9 meditace s hudebn\u00ed podporou K\u00edrtan skupiny Samadhi.<\/div>\n<div>Pro rezervace a ve\u0161ker\u00e9 dal\u0161\u00ed informace, kontaktujte n\u00e1s na e-mailu: <a href=\"mailto:yoga.federation.of.europe@gmail.com\" target=\"_blank\" rel=\"noopener\">yoga.federation.of.europe@gmai<wbr \/>l.com<\/a><\/div>\n<div>Po\u010det m\u00edst je omezen.<\/div>\n<div><\/div>\n<div><a href=\"https:\/\/www.facebook.com\/pg\/yoga.federation.eu\/photos\/?tab=album&amp;album_id=671442476352653\" target=\"_blank\" rel=\"noopener\">Fotogalerie<\/a><\/div>\n<h3 style=\"text-align: center;\"><span style=\"color: #0000ff;\">Evropsk\u00e1 federace j\u00f3gy<\/span><\/h3>\n<h3 style=\"text-align: center;\"><span style=\"color: #0000ff;\">V\u00e1s zve na j\u00f3ga retreat v \u0158ecku 2017<\/span><\/h3>\n<h4 style=\"text-align: center;\"><span style=\"color: #0000ff;\">Jog\u00edni a jog\u00ednky z Evropy spole\u010dn\u011b<\/span><\/h4>\n<h4 style=\"text-align: center;\"><span style=\"color: #0000ff;\">Nea Vrasna \u2013 \u0158ecko<\/span><\/h4>\n<h4 style=\"text-align: center;\"><span style=\"color: #0000ff;\">Za\u010d\u00e1tek: 10.09. 2017<\/span><\/h4>\n<h4 style=\"text-align: center;\"><span style=\"color: #0000ff;\">N\u00e1vrat: 20. 09. 2017<\/span><\/h4>\n<h4 style=\"text-align: center;\"><span style=\"color: #0000ff;\">Po\u010det noc\u00ed: 10<\/span><\/h4>\n<div><\/div>\n<div style=\"text-align: center;\"><strong><em>Cestujte s n\u00e1mi na kouzeln\u00e9 \u0159eck\u00e9 pob\u0159e\u017e\u00ed, do o\u00e1zy kr\u00e1sn\u00e9 p\u0159\u00edrody a cvi\u010den\u00ed j\u00f3gy.<\/em><\/strong><\/div>\n<div style=\"text-align: center;\"><\/div>\n<div><\/div>\n<\/div><div class=\"fusion-clearfix\"><\/div><\/div><\/div><div class=\"fusion-layout-column fusion_builder_column fusion-builder-column-1 fusion_builder_column_1_1 1_1 fusion-one-full fusion-column-first fusion-column-last\" style=\"margin-top:0px;margin-bottom:20px;\"><div class=\"fusion-column-wrapper fusion-flex-column-wrapper-legacy\" style=\"background-position:left top;background-repeat:no-repeat;-webkit-background-size:cover;-moz-background-size:cover;-o-background-size:cover;background-size:cover;padding: 0px 0px 0px 0px;\"><div class=\"fusion-text fusion-text-2\">\n\t\t<style type=\"text\/css\">\n\t\t\t#gallery-1 {\n\t\t\t\tmargin: auto;\n\t\t\t}\n\t\t\t#gallery-1 .gallery-item {\n\t\t\t\tfloat: left;\n\t\t\t\tmargin-top: 10px;\n\t\t\t\ttext-align: center;\n\t\t\t\twidth: 20%;\n\t\t\t}\n\t\t\t#gallery-1 img {\n\t\t\t\tborder: 2px solid #cfcfcf;\n\t\t\t}\n\t\t\t#gallery-1 .gallery-caption {\n\t\t\t\tmargin-left: 0;\n\t\t\t}\n\t\t\t\/* see gallery_shortcode() in wp-includes\/media.php *\/\n\t\t<\/style>\n\t\t<div id='gallery-1' class='gallery galleryid-1927 gallery-columns-5 gallery-size-thumbnail'><dl class='gallery-item'>\n\t\t\t<dt class='gallery-icon landscape'>\n\t\t\t\t<a data-rel=\"iLightbox[postimages]\" data-title=\"joga-retreat-na-kanarske-ostrovy\" data-caption=\"\" href='https:\/\/www.yoga-federation.eu\/wp-content\/uploads\/2016\/11\/Joga-Retreat-na-Kanarske-ostrovy.jpg'><img loading=\"lazy\" decoding=\"async\" width=\"150\" height=\"150\" src=\"https:\/\/www.yoga-federation.eu\/wp-content\/uploads\/2016\/11\/Joga-Retreat-na-Kanarske-ostrovy-150x150.jpg\" class=\"attachment-thumbnail size-thumbnail lazyload\" alt=\"joga-retreat na kanarske ostrovy 2017\" srcset=\"data:image\/svg+xml,%3Csvg%20xmlns%3D%27http%3A%2F%2Fwww.w3.org%2F2000%2Fsvg%27%20width%3D%27887%27%20height%3D%27667%27%20viewBox%3D%270%200%20887%20667%27%3E%3Crect%20width%3D%27887%27%20height%3D%273667%27%20fill-opacity%3D%220%22%2F%3E%3C%2Fsvg%3E\" data-orig-src=\"https:\/\/www.yoga-federation.eu\/wp-content\/uploads\/2016\/11\/Joga-Retreat-na-Kanarske-ostrovy-150x150.jpg\" data-srcset=\"https:\/\/www.yoga-federation.eu\/wp-content\/uploads\/2016\/11\/Joga-Retreat-na-Kanarske-ostrovy-66x66.jpg 66w, https:\/\/www.yoga-federation.eu\/wp-content\/uploads\/2016\/11\/Joga-Retreat-na-Kanarske-ostrovy-150x150.jpg 150w\" data-sizes=\"auto\" \/><\/a>\n\t\t\t<\/dt><\/dl><dl class='gallery-item'>\n\t\t\t<dt class='gallery-icon portrait'>\n\t\t\t\t<a data-rel=\"iLightbox[postimages]\" data-title=\"joga retreat u more 2\" data-caption=\"\" href='https:\/\/www.yoga-federation.eu\/wp-content\/uploads\/2015\/09\/Yoga-retreat-2.jpg'><img loading=\"lazy\" decoding=\"async\" width=\"150\" height=\"150\" src=\"https:\/\/www.yoga-federation.eu\/wp-content\/uploads\/2015\/09\/Yoga-retreat-2-150x150.jpg\" class=\"attachment-thumbnail size-thumbnail lazyload\" alt=\"joga retreat u more\" srcset=\"data:image\/svg+xml,%3Csvg%20xmlns%3D%27http%3A%2F%2Fwww.w3.org%2F2000%2Fsvg%27%20width%3D%27636%27%20height%3D%27960%27%20viewBox%3D%270%200%20636%20960%27%3E%3Crect%20width%3D%27636%27%20height%3D%273960%27%20fill-opacity%3D%220%22%2F%3E%3C%2Fsvg%3E\" data-orig-src=\"https:\/\/www.yoga-federation.eu\/wp-content\/uploads\/2015\/09\/Yoga-retreat-2-150x150.jpg\" data-srcset=\"https:\/\/www.yoga-federation.eu\/wp-content\/uploads\/2015\/09\/Yoga-retreat-2-66x66.jpg 66w, https:\/\/www.yoga-federation.eu\/wp-content\/uploads\/2015\/09\/Yoga-retreat-2-150x150.jpg 150w\" data-sizes=\"auto\" \/><\/a>\n\t\t\t<\/dt><\/dl><dl class='gallery-item'>\n\t\t\t<dt class='gallery-icon landscape'>\n\t\t\t\t<a data-rel=\"iLightbox[postimages]\" data-title=\"joga retreat u more 1\" data-caption=\"\" href='https:\/\/www.yoga-federation.eu\/wp-content\/uploads\/2015\/09\/Yoga-retreat-1.jpg'><img loading=\"lazy\" decoding=\"async\" width=\"150\" height=\"150\" src=\"https:\/\/www.yoga-federation.eu\/wp-content\/uploads\/2015\/09\/Yoga-retreat-1-150x150.jpg\" class=\"attachment-thumbnail size-thumbnail lazyload\" alt=\"joga retreat u more\" srcset=\"data:image\/svg+xml,%3Csvg%20xmlns%3D%27http%3A%2F%2Fwww.w3.org%2F2000%2Fsvg%27%20width%3D%27960%27%20height%3D%27640%27%20viewBox%3D%270%200%20960%20640%27%3E%3Crect%20width%3D%27960%27%20height%3D%273640%27%20fill-opacity%3D%220%22%2F%3E%3C%2Fsvg%3E\" data-orig-src=\"https:\/\/www.yoga-federation.eu\/wp-content\/uploads\/2015\/09\/Yoga-retreat-1-150x150.jpg\" data-srcset=\"https:\/\/www.yoga-federation.eu\/wp-content\/uploads\/2015\/09\/Yoga-retreat-1-66x66.jpg 66w, https:\/\/www.yoga-federation.eu\/wp-content\/uploads\/2015\/09\/Yoga-retreat-1-150x150.jpg 150w\" data-sizes=\"auto\" \/><\/a>\n\t\t\t<\/dt><\/dl><dl class='gallery-item'>\n\t\t\t<dt class='gallery-icon landscape'>\n\t\t\t\t<a data-rel=\"iLightbox[postimages]\" data-title=\"joga retreat u more 11\" data-caption=\"\" href='https:\/\/www.yoga-federation.eu\/wp-content\/uploads\/2015\/09\/Yoga-retreat-11.jpg'><img loading=\"lazy\" decoding=\"async\" width=\"150\" height=\"150\" src=\"https:\/\/www.yoga-federation.eu\/wp-content\/uploads\/2015\/09\/Yoga-retreat-11-150x150.jpg\" class=\"attachment-thumbnail size-thumbnail lazyload\" alt=\"joga retreat u more\" srcset=\"data:image\/svg+xml,%3Csvg%20xmlns%3D%27http%3A%2F%2Fwww.w3.org%2F2000%2Fsvg%27%20width%3D%27960%27%20height%3D%27636%27%20viewBox%3D%270%200%20960%20636%27%3E%3Crect%20width%3D%27960%27%20height%3D%273636%27%20fill-opacity%3D%220%22%2F%3E%3C%2Fsvg%3E\" data-orig-src=\"https:\/\/www.yoga-federation.eu\/wp-content\/uploads\/2015\/09\/Yoga-retreat-11-150x150.jpg\" data-srcset=\"https:\/\/www.yoga-federation.eu\/wp-content\/uploads\/2015\/09\/Yoga-retreat-11-66x66.jpg 66w, https:\/\/www.yoga-federation.eu\/wp-content\/uploads\/2015\/09\/Yoga-retreat-11-150x150.jpg 150w\" data-sizes=\"auto\" \/><\/a>\n\t\t\t<\/dt><\/dl><dl class='gallery-item'>\n\t\t\t<dt class='gallery-icon landscape'>\n\t\t\t\t<a data-rel=\"iLightbox[postimages]\" data-title=\"Greece\" data-caption=\"\" href='https:\/\/www.yoga-federation.eu\/wp-content\/uploads\/2013\/10\/Greece.jpg'><img loading=\"lazy\" decoding=\"async\" width=\"150\" height=\"150\" src=\"https:\/\/www.yoga-federation.eu\/wp-content\/uploads\/2013\/10\/Greece-150x150.jpg\" class=\"attachment-thumbnail size-thumbnail lazyload\" alt=\"yoga retreat\" srcset=\"data:image\/svg+xml,%3Csvg%20xmlns%3D%27http%3A%2F%2Fwww.w3.org%2F2000%2Fsvg%27%20width%3D%27915%27%20height%3D%27538%27%20viewBox%3D%270%200%20915%20538%27%3E%3Crect%20width%3D%27915%27%20height%3D%273538%27%20fill-opacity%3D%220%22%2F%3E%3C%2Fsvg%3E\" data-orig-src=\"https:\/\/www.yoga-federation.eu\/wp-content\/uploads\/2013\/10\/Greece-150x150.jpg\" data-srcset=\"https:\/\/www.yoga-federation.eu\/wp-content\/uploads\/2013\/10\/Greece-66x66.jpg 66w, https:\/\/www.yoga-federation.eu\/wp-content\/uploads\/2013\/10\/Greece-150x150.jpg 150w\" data-sizes=\"auto\" \/><\/a>\n\t\t\t<\/dt><\/dl><br style=\"clear: both\" \/>\n\t\t<\/div>\n\n<\/div><div class=\"fusion-clearfix\"><\/div><\/div><\/div><\/div><style type=\"text\/css\">.fusion-fullwidth.fusion-builder-row-1 { overflow:visible; }<\/style><\/div>\n","protected":false},"excerpt":{"rendered":"","protected":false},"author":6,"featured_media":1273,"comment_status":"closed","ping_status":"open","sticky":false,"template":"","format":"standard","meta":{"footnotes":""},"categories":[58,120,50],"tags":[],"class_list":["post-1927","post","type-post","status-publish","format-standard","has-post-thumbnail","hentry","category-aktivity-v-roce-2017","category-joga-tabor","category-joga-retreat-u-more"],"yoast_head":"<!-- This site is optimized with the Yoast SEO plugin v27.4 - https:\/\/yoast.com\/product\/yoast-seo-wordpress\/ -->\n<title>J\u00f3ga retreat v \u0158ecku 2017 - Yoga Federation of Europe<\/title>\n<meta name=\"description\" content=\"J\u00f3ga retreat\u00a0v \u0158ecku od 10. do 20. 09. 2017 se bude konat mezin\u00e1rodn\u00ed j\u00f3ga retreat u mo\u0159e, Nea Vrasna, \u0158ecko, kter\u00fd ji\u017e \u010dtvrt\u00fdm r\" \/>\n<meta name=\"robots\" content=\"index, follow, max-snippet:-1, max-image-preview:large, max-video-preview:-1\" \/>\n<link rel=\"canonical\" href=\"https:\/\/www.yoga-federation.eu\/cz\/joga-retreat-v-recku-2017\/\" \/>\n<meta property=\"og:locale\" content=\"en_US\" \/>\n<meta property=\"og:type\" content=\"article\" \/>\n<meta property=\"og:title\" content=\"J\u00f3ga retreat v \u0158ecku 2017 - Yoga Federation of Europe\" \/>\n<meta property=\"og:description\" content=\"J\u00f3ga retreat\u00a0v \u0158ecku od 10. do 20. 09. 2017 se bude konat mezin\u00e1rodn\u00ed j\u00f3ga retreat u mo\u0159e, Nea Vrasna, \u0158ecko, kter\u00fd ji\u017e \u010dtvrt\u00fdm r\" \/>\n<meta property=\"og:url\" content=\"https:\/\/www.yoga-federation.eu\/cz\/joga-retreat-v-recku-2017\/\" \/>\n<meta property=\"og:site_name\" content=\"Yoga Federation of Europe\" \/>\n<meta property=\"article:published_time\" content=\"2017-04-24T22:43:08+00:00\" \/>\n<meta property=\"article:modified_time\" content=\"2023-12-30T22:39:14+00:00\" \/>\n<meta property=\"og:image\" content=\"http:\/\/www.yoga-federation.eu\/wp-content\/uploads\/2016\/08\/joga-retreat-u-more-2015.jpg\" \/>\n\t<meta property=\"og:image:width\" content=\"960\" \/>\n\t<meta property=\"og:image:height\" content=\"636\" \/>\n\t<meta property=\"og:image:type\" content=\"image\/jpeg\" \/>\n<meta name=\"author\" content=\"YFE\" \/>\n<meta name=\"twitter:card\" content=\"summary_large_image\" \/>\n<meta name=\"twitter:label1\" content=\"Written by\" \/>\n\t<meta name=\"twitter:data1\" content=\"YFE\" \/>\n\t<meta name=\"twitter:label2\" content=\"Est. reading time\" \/>\n\t<meta name=\"twitter:data2\" content=\"2 minutes\" \/>\n<script type=\"application\/ld+json\" class=\"yoast-schema-graph\">{\"@context\":\"https:\\\/\\\/schema.org\",\"@graph\":[{\"@type\":\"Article\",\"@id\":\"https:\\\/\\\/www.yoga-federation.eu\\\/cz\\\/joga-retreat-v-recku-2017\\\/#article\",\"isPartOf\":{\"@id\":\"https:\\\/\\\/www.yoga-federation.eu\\\/cz\\\/joga-retreat-v-recku-2017\\\/\"},\"author\":{\"name\":\"YFE\",\"@id\":\"https:\\\/\\\/www.yoga-federation.eu\\\/#\\\/schema\\\/person\\\/c70b5a8f7323477f70814bd277cc9105\"},\"headline\":\"J\u00f3ga retreat v \u0158ecku 2017\",\"datePublished\":\"2017-04-24T22:43:08+00:00\",\"dateModified\":\"2023-12-30T22:39:14+00:00\",\"mainEntityOfPage\":{\"@id\":\"https:\\\/\\\/www.yoga-federation.eu\\\/cz\\\/joga-retreat-v-recku-2017\\\/\"},\"wordCount\":372,\"image\":{\"@id\":\"https:\\\/\\\/www.yoga-federation.eu\\\/cz\\\/joga-retreat-v-recku-2017\\\/#primaryimage\"},\"thumbnailUrl\":\"https:\\\/\\\/www.yoga-federation.eu\\\/wp-content\\\/uploads\\\/2016\\\/08\\\/joga-retreat-u-more-2015.jpg\",\"articleSection\":[\"Aktivity v roce 2017\",\"j\u00f3ga t\u00e1bor\",\"Yoga retreat\"],\"inLanguage\":\"cz-CZ\"},{\"@type\":\"WebPage\",\"@id\":\"https:\\\/\\\/www.yoga-federation.eu\\\/cz\\\/joga-retreat-v-recku-2017\\\/\",\"url\":\"https:\\\/\\\/www.yoga-federation.eu\\\/cz\\\/joga-retreat-v-recku-2017\\\/\",\"name\":\"J\u00f3ga retreat v \u0158ecku 2017 - Yoga Federation of Europe\",\"isPartOf\":{\"@id\":\"https:\\\/\\\/www.yoga-federation.eu\\\/#website\"},\"primaryImageOfPage\":{\"@id\":\"https:\\\/\\\/www.yoga-federation.eu\\\/cz\\\/joga-retreat-v-recku-2017\\\/#primaryimage\"},\"image\":{\"@id\":\"https:\\\/\\\/www.yoga-federation.eu\\\/cz\\\/joga-retreat-v-recku-2017\\\/#primaryimage\"},\"thumbnailUrl\":\"https:\\\/\\\/www.yoga-federation.eu\\\/wp-content\\\/uploads\\\/2016\\\/08\\\/joga-retreat-u-more-2015.jpg\",\"datePublished\":\"2017-04-24T22:43:08+00:00\",\"dateModified\":\"2023-12-30T22:39:14+00:00\",\"author\":{\"@id\":\"https:\\\/\\\/www.yoga-federation.eu\\\/#\\\/schema\\\/person\\\/c70b5a8f7323477f70814bd277cc9105\"},\"description\":\"J\u00f3ga retreat\u00a0v \u0158ecku od 10. do 20. 09. 2017 se bude konat mezin\u00e1rodn\u00ed j\u00f3ga retreat u mo\u0159e, Nea Vrasna, \u0158ecko, kter\u00fd ji\u017e \u010dtvrt\u00fdm r\",\"breadcrumb\":{\"@id\":\"https:\\\/\\\/www.yoga-federation.eu\\\/cz\\\/joga-retreat-v-recku-2017\\\/#breadcrumb\"},\"inLanguage\":\"cz-CZ\",\"potentialAction\":[{\"@type\":\"ReadAction\",\"target\":[\"https:\\\/\\\/www.yoga-federation.eu\\\/cz\\\/joga-retreat-v-recku-2017\\\/\"]}]},{\"@type\":\"ImageObject\",\"inLanguage\":\"cz-CZ\",\"@id\":\"https:\\\/\\\/www.yoga-federation.eu\\\/cz\\\/joga-retreat-v-recku-2017\\\/#primaryimage\",\"url\":\"https:\\\/\\\/www.yoga-federation.eu\\\/wp-content\\\/uploads\\\/2016\\\/08\\\/joga-retreat-u-more-2015.jpg\",\"contentUrl\":\"https:\\\/\\\/www.yoga-federation.eu\\\/wp-content\\\/uploads\\\/2016\\\/08\\\/joga-retreat-u-more-2015.jpg\",\"width\":960,\"height\":636,\"caption\":\"joga retreat u more 2015, Nikiti\"},{\"@type\":\"BreadcrumbList\",\"@id\":\"https:\\\/\\\/www.yoga-federation.eu\\\/cz\\\/joga-retreat-v-recku-2017\\\/#breadcrumb\",\"itemListElement\":[{\"@type\":\"ListItem\",\"position\":1,\"name\":\"Home\",\"item\":\"https:\\\/\\\/www.yoga-federation.eu\\\/cz\\\/\"},{\"@type\":\"ListItem\",\"position\":2,\"name\":\"J\u00f3ga retreat v \u0158ecku 2017\"}]},{\"@type\":\"WebSite\",\"@id\":\"https:\\\/\\\/www.yoga-federation.eu\\\/#website\",\"url\":\"https:\\\/\\\/www.yoga-federation.eu\\\/\",\"name\":\"Yoga Federation of Europe\",\"description\":\"Yoga in Europe\",\"potentialAction\":[{\"@type\":\"SearchAction\",\"target\":{\"@type\":\"EntryPoint\",\"urlTemplate\":\"https:\\\/\\\/www.yoga-federation.eu\\\/?s={search_term_string}\"},\"query-input\":{\"@type\":\"PropertyValueSpecification\",\"valueRequired\":true,\"valueName\":\"search_term_string\"}}],\"inLanguage\":\"cz-CZ\"},{\"@type\":\"Person\",\"@id\":\"https:\\\/\\\/www.yoga-federation.eu\\\/#\\\/schema\\\/person\\\/c70b5a8f7323477f70814bd277cc9105\",\"name\":\"YFE\",\"image\":{\"@type\":\"ImageObject\",\"inLanguage\":\"cz-CZ\",\"@id\":\"https:\\\/\\\/secure.gravatar.com\\\/avatar\\\/64f6beecfc59c339d337f0a16c80bfc143a5e623923f6f42beb67b25788f3e50?s=96&d=mm&r=g\",\"url\":\"https:\\\/\\\/secure.gravatar.com\\\/avatar\\\/64f6beecfc59c339d337f0a16c80bfc143a5e623923f6f42beb67b25788f3e50?s=96&d=mm&r=g\",\"contentUrl\":\"https:\\\/\\\/secure.gravatar.com\\\/avatar\\\/64f6beecfc59c339d337f0a16c80bfc143a5e623923f6f42beb67b25788f3e50?s=96&d=mm&r=g\",\"caption\":\"YFE\"},\"url\":\"https:\\\/\\\/www.yoga-federation.eu\\\/cz\\\/author\\\/ana\\\/\"}]}<\/script>\n<!-- \/ Yoast SEO plugin. -->","yoast_head_json":{"title":"J\u00f3ga retreat v \u0158ecku 2017 - Yoga Federation of Europe","description":"J\u00f3ga retreat\u00a0v \u0158ecku od 10. do 20. 09. 2017 se bude konat mezin\u00e1rodn\u00ed j\u00f3ga retreat u mo\u0159e, Nea Vrasna, \u0158ecko, kter\u00fd ji\u017e \u010dtvrt\u00fdm r","robots":{"index":"index","follow":"follow","max-snippet":"max-snippet:-1","max-image-preview":"max-image-preview:large","max-video-preview":"max-video-preview:-1"},"canonical":"https:\/\/www.yoga-federation.eu\/cz\/joga-retreat-v-recku-2017\/","og_locale":"en_US","og_type":"article","og_title":"J\u00f3ga retreat v \u0158ecku 2017 - Yoga Federation of Europe","og_description":"J\u00f3ga retreat\u00a0v \u0158ecku od 10. do 20. 09. 2017 se bude konat mezin\u00e1rodn\u00ed j\u00f3ga retreat u mo\u0159e, Nea Vrasna, \u0158ecko, kter\u00fd ji\u017e \u010dtvrt\u00fdm r","og_url":"https:\/\/www.yoga-federation.eu\/cz\/joga-retreat-v-recku-2017\/","og_site_name":"Yoga Federation of Europe","article_published_time":"2017-04-24T22:43:08+00:00","article_modified_time":"2023-12-30T22:39:14+00:00","og_image":[{"width":960,"height":636,"url":"http:\/\/www.yoga-federation.eu\/wp-content\/uploads\/2016\/08\/joga-retreat-u-more-2015.jpg","type":"image\/jpeg"}],"author":"YFE","twitter_card":"summary_large_image","twitter_misc":{"Written by":"YFE","Est. reading time":"2 minutes"},"schema":{"@context":"https:\/\/schema.org","@graph":[{"@type":"Article","@id":"https:\/\/www.yoga-federation.eu\/cz\/joga-retreat-v-recku-2017\/#article","isPartOf":{"@id":"https:\/\/www.yoga-federation.eu\/cz\/joga-retreat-v-recku-2017\/"},"author":{"name":"YFE","@id":"https:\/\/www.yoga-federation.eu\/#\/schema\/person\/c70b5a8f7323477f70814bd277cc9105"},"headline":"J\u00f3ga retreat v \u0158ecku 2017","datePublished":"2017-04-24T22:43:08+00:00","dateModified":"2023-12-30T22:39:14+00:00","mainEntityOfPage":{"@id":"https:\/\/www.yoga-federation.eu\/cz\/joga-retreat-v-recku-2017\/"},"wordCount":372,"image":{"@id":"https:\/\/www.yoga-federation.eu\/cz\/joga-retreat-v-recku-2017\/#primaryimage"},"thumbnailUrl":"https:\/\/www.yoga-federation.eu\/wp-content\/uploads\/2016\/08\/joga-retreat-u-more-2015.jpg","articleSection":["Aktivity v roce 2017","j\u00f3ga t\u00e1bor","Yoga retreat"],"inLanguage":"cz-CZ"},{"@type":"WebPage","@id":"https:\/\/www.yoga-federation.eu\/cz\/joga-retreat-v-recku-2017\/","url":"https:\/\/www.yoga-federation.eu\/cz\/joga-retreat-v-recku-2017\/","name":"J\u00f3ga retreat v \u0158ecku 2017 - Yoga Federation of Europe","isPartOf":{"@id":"https:\/\/www.yoga-federation.eu\/#website"},"primaryImageOfPage":{"@id":"https:\/\/www.yoga-federation.eu\/cz\/joga-retreat-v-recku-2017\/#primaryimage"},"image":{"@id":"https:\/\/www.yoga-federation.eu\/cz\/joga-retreat-v-recku-2017\/#primaryimage"},"thumbnailUrl":"https:\/\/www.yoga-federation.eu\/wp-content\/uploads\/2016\/08\/joga-retreat-u-more-2015.jpg","datePublished":"2017-04-24T22:43:08+00:00","dateModified":"2023-12-30T22:39:14+00:00","author":{"@id":"https:\/\/www.yoga-federation.eu\/#\/schema\/person\/c70b5a8f7323477f70814bd277cc9105"},"description":"J\u00f3ga retreat\u00a0v \u0158ecku od 10. do 20. 09. 2017 se bude konat mezin\u00e1rodn\u00ed j\u00f3ga retreat u mo\u0159e, Nea Vrasna, \u0158ecko, kter\u00fd ji\u017e \u010dtvrt\u00fdm r","breadcrumb":{"@id":"https:\/\/www.yoga-federation.eu\/cz\/joga-retreat-v-recku-2017\/#breadcrumb"},"inLanguage":"cz-CZ","potentialAction":[{"@type":"ReadAction","target":["https:\/\/www.yoga-federation.eu\/cz\/joga-retreat-v-recku-2017\/"]}]},{"@type":"ImageObject","inLanguage":"cz-CZ","@id":"https:\/\/www.yoga-federation.eu\/cz\/joga-retreat-v-recku-2017\/#primaryimage","url":"https:\/\/www.yoga-federation.eu\/wp-content\/uploads\/2016\/08\/joga-retreat-u-more-2015.jpg","contentUrl":"https:\/\/www.yoga-federation.eu\/wp-content\/uploads\/2016\/08\/joga-retreat-u-more-2015.jpg","width":960,"height":636,"caption":"joga retreat u more 2015, Nikiti"},{"@type":"BreadcrumbList","@id":"https:\/\/www.yoga-federation.eu\/cz\/joga-retreat-v-recku-2017\/#breadcrumb","itemListElement":[{"@type":"ListItem","position":1,"name":"Home","item":"https:\/\/www.yoga-federation.eu\/cz\/"},{"@type":"ListItem","position":2,"name":"J\u00f3ga retreat v \u0158ecku 2017"}]},{"@type":"WebSite","@id":"https:\/\/www.yoga-federation.eu\/#website","url":"https:\/\/www.yoga-federation.eu\/","name":"Yoga Federation of Europe","description":"Yoga in Europe","potentialAction":[{"@type":"SearchAction","target":{"@type":"EntryPoint","urlTemplate":"https:\/\/www.yoga-federation.eu\/?s={search_term_string}"},"query-input":{"@type":"PropertyValueSpecification","valueRequired":true,"valueName":"search_term_string"}}],"inLanguage":"cz-CZ"},{"@type":"Person","@id":"https:\/\/www.yoga-federation.eu\/#\/schema\/person\/c70b5a8f7323477f70814bd277cc9105","name":"YFE","image":{"@type":"ImageObject","inLanguage":"cz-CZ","@id":"https:\/\/secure.gravatar.com\/avatar\/64f6beecfc59c339d337f0a16c80bfc143a5e623923f6f42beb67b25788f3e50?s=96&d=mm&r=g","url":"https:\/\/secure.gravatar.com\/avatar\/64f6beecfc59c339d337f0a16c80bfc143a5e623923f6f42beb67b25788f3e50?s=96&d=mm&r=g","contentUrl":"https:\/\/secure.gravatar.com\/avatar\/64f6beecfc59c339d337f0a16c80bfc143a5e623923f6f42beb67b25788f3e50?s=96&d=mm&r=g","caption":"YFE"},"url":"https:\/\/www.yoga-federation.eu\/cz\/author\/ana\/"}]}},"_links":{"self":[{"href":"https:\/\/www.yoga-federation.eu\/cz\/wp-json\/wp\/v2\/posts\/1927","targetHints":{"allow":["GET"]}}],"collection":[{"href":"https:\/\/www.yoga-federation.eu\/cz\/wp-json\/wp\/v2\/posts"}],"about":[{"href":"https:\/\/www.yoga-federation.eu\/cz\/wp-json\/wp\/v2\/types\/post"}],"author":[{"embeddable":true,"href":"https:\/\/www.yoga-federation.eu\/cz\/wp-json\/wp\/v2\/users\/6"}],"replies":[{"embeddable":true,"href":"https:\/\/www.yoga-federation.eu\/cz\/wp-json\/wp\/v2\/comments?post=1927"}],"version-history":[{"count":0,"href":"https:\/\/www.yoga-federation.eu\/cz\/wp-json\/wp\/v2\/posts\/1927\/revisions"}],"wp:featuredmedia":[{"embeddable":true,"href":"https:\/\/www.yoga-federation.eu\/cz\/wp-json\/wp\/v2\/media\/1273"}],"wp:attachment":[{"href":"https:\/\/www.yoga-federation.eu\/cz\/wp-json\/wp\/v2\/media?parent=1927"}],"wp:term":[{"taxonomy":"category","embeddable":true,"href":"https:\/\/www.yoga-federation.eu\/cz\/wp-json\/wp\/v2\/categories?post=1927"},{"taxonomy":"post_tag","embeddable":true,"href":"https:\/\/www.yoga-federation.eu\/cz\/wp-json\/wp\/v2\/tags?post=1927"}],"curies":[{"name":"wp","href":"https:\/\/api.w.org\/{rel}","templated":true}]}}