{"id":1592,"date":"2021-08-01T13:17:40","date_gmt":"2021-08-01T13:17:40","guid":{"rendered":"https:\/\/www.yoga-federation.eu\/cz\/?p=1592"},"modified":"2024-09-26T10:48:52","modified_gmt":"2024-09-26T10:48:52","slug":"rekvalifikacni-kurz-instruktor-jogy","status":"publish","type":"post","link":"https:\/\/www.yoga-federation.eu\/cz\/rekvalifikacni-kurz-instruktor-jogy\/","title":{"rendered":"Rekvalifika\u010dn\u00ed kurz Instruktor j\u00f3gy"},"content":{"rendered":"<div class=\"fusion-fullwidth fullwidth-box fusion-builder-row-1 hundred-percent-fullwidth non-hundred-percent-height-scrolling\" style=\"background-color: rgba(255,255,255,0);background-position: center center;background-repeat: no-repeat;padding-top:0px;padding-right:0px;padding-bottom:0px;padding-left:0px;margin-bottom: 0px;margin-top: 0px;border-width: 0px 0px 0px 0px;border-color:#eae9e9;border-style:solid;\" ><div class=\"fusion-builder-row fusion-row\"><div class=\"fusion-layout-column fusion_builder_column fusion-builder-column-0 fusion_builder_column_1_1 1_1 fusion-one-full fusion-column-first fusion-column-last\" style=\"margin-top:0px;margin-bottom:20px;\"><div class=\"fusion-column-wrapper fusion-flex-column-wrapper-legacy\" style=\"background-position:left top;background-repeat:no-repeat;-webkit-background-size:cover;-moz-background-size:cover;-o-background-size:cover;background-size:cover;padding: 0px 0px 0px 0px;\"><div class=\"fusion-text fusion-text-1\"><p>Akreditovan\u00fd rekvalifika\u010dn\u00ed kurz Instruktor j\u00f3gy (Vzd\u011bl\u00e1vac\u00ed program Instruktor j\u00f3gy) zahrnuje 200 hodin a trv\u00e1 4 m\u011bs\u00edce.<\/p>\n<p><strong>Term\u00edn nejbli\u017e\u0161\u00edho kurzu: \u0159\u00edjen 2024, b\u0159ezen 2025<\/strong><\/p>\n<p><a href=\"https:\/\/www.yoga-federation.eu\/wp-content\/uploads\/2019\/02\/KURZ-INSTRUKTOR-JOGY-2019-PRAHA-4.jpg\" data-caption=\"\"><img loading=\"lazy\" decoding=\"async\" class=\"lazyload wp-image-4330 size-400 aligncenter\" src=\"https:\/\/www.yoga-federation.eu\/wp-content\/uploads\/2019\/02\/KURZ-INSTRUKTOR-JOGY-2019-PRAHA-4-400x400.jpg\" data-orig-src=\"https:\/\/www.yoga-federation.eu\/wp-content\/uploads\/2019\/02\/KURZ-INSTRUKTOR-JOGY-2019-PRAHA-4-400x400.jpg\" alt=\"Kurz instruktor jogy Praha\" width=\"400\" height=\"400\" srcset=\"data:image\/svg+xml,%3Csvg%20xmlns%3D%27http%3A%2F%2Fwww.w3.org%2F2000%2Fsvg%27%20width%3D%27400%27%20height%3D%27400%27%20viewBox%3D%270%200%20400%20400%27%3E%3Crect%20width%3D%27400%27%20height%3D%273400%27%20fill-opacity%3D%220%22%2F%3E%3C%2Fsvg%3E\" data-srcset=\"https:\/\/www.yoga-federation.eu\/wp-content\/uploads\/2019\/02\/KURZ-INSTRUKTOR-JOGY-2019-PRAHA-4-66x66.jpg 66w, https:\/\/www.yoga-federation.eu\/wp-content\/uploads\/2019\/02\/KURZ-INSTRUKTOR-JOGY-2019-PRAHA-4-150x150.jpg 150w, https:\/\/www.yoga-federation.eu\/wp-content\/uploads\/2019\/02\/KURZ-INSTRUKTOR-JOGY-2019-PRAHA-4-200x200.jpg 200w, https:\/\/www.yoga-federation.eu\/wp-content\/uploads\/2019\/02\/KURZ-INSTRUKTOR-JOGY-2019-PRAHA-4-300x300.jpg 300w, https:\/\/www.yoga-federation.eu\/wp-content\/uploads\/2019\/02\/KURZ-INSTRUKTOR-JOGY-2019-PRAHA-4-400x400.jpg 400w, https:\/\/www.yoga-federation.eu\/wp-content\/uploads\/2019\/02\/KURZ-INSTRUKTOR-JOGY-2019-PRAHA-4-600x600.jpg 600w, https:\/\/www.yoga-federation.eu\/wp-content\/uploads\/2019\/02\/KURZ-INSTRUKTOR-JOGY-2019-PRAHA-4-768x768.jpg 768w, https:\/\/www.yoga-federation.eu\/wp-content\/uploads\/2019\/02\/KURZ-INSTRUKTOR-JOGY-2019-PRAHA-4-800x800.jpg 800w, https:\/\/www.yoga-federation.eu\/wp-content\/uploads\/2019\/02\/KURZ-INSTRUKTOR-JOGY-2019-PRAHA-4-1024x1024.jpg 1024w, https:\/\/www.yoga-federation.eu\/wp-content\/uploads\/2019\/02\/KURZ-INSTRUKTOR-JOGY-2019-PRAHA-4.jpg 1080w\" data-sizes=\"auto\" data-orig-sizes=\"auto, (max-width: 400px) 100vw, 400px\" \/><\/a><\/p>\n<h3 class=\"\" style=\"--fontsize: 16; line-height: 1.5; --minfontsize: 16;\" data-fontsize=\"16\" data-lineheight=\"24px\"><strong>Proplacen\u00ed rekvalifika\u010dn\u00edho kurzu p\u0159\u00edslu\u0161n\u00fdm \u00da\u0159adem pr\u00e1ce<\/strong><\/h3>\n<p><a href=\"https:\/\/www.educity.cz\/kurzy\/praha\/akreditovany-kurz-instruktor-jogy-200-hodin-s3844919\" target=\"_blank\" rel=\"noopener noreferrer\">Rekvalifika\u010dn\u00ed kurz Instruktor j\u00f3gy<\/a> (vzd\u011bl\u00e1vac\u00ed program Instruktor j\u00f3gy) V\u00e1m m\u016f\u017ee v pln\u00e9 v\u00fd\u0161i uhradit p\u0159\u00edslu\u0161n\u00fd \u00fa\u0159ad pr\u00e1ce, u kter\u00e9ho jste registrov\u00e1n\/a jako uchaze\u010d o zam\u011bstn\u00e1n\u00ed.<\/p>\n<p>Uchaze\u010d z \u00da\u0159adu pr\u00e1ce nejd\u0159\u00edve zaplat\u00ed plnou cenu kurzu v takov\u00e9 v\u00fd\u0161i, jako kdyby nebyl uchaze\u010d p\u0159es \u00da\u0159ad pr\u00e1ce. Student mus\u00ed ukon\u010dit rekvalifika\u010dn\u00ed kurz \u0159\u00e1dn\u00fdmi zkou\u0161kami v 1. \u0159\u00e1dn\u00e9m term\u00ednu. Jakmila \u00da\u0159ad pr\u00e1ce na\u0161emu vzd\u011bl\u00e1vac\u00edmu st\u0159edisku zaplat\u00ed za rekvalifika\u010dn\u00ed kurz, obratem vrac\u00edme pen\u00edze, kter\u00e9 student zaplatil.<br \/>\nPokud neukon\u010d\u00ed kurz uchaze\u010d z \u00da\u0159adu pr\u00e1ce, pak \u00da\u0159ad pr\u00e1ce kurz neproplat\u00ed a z\u00e1loha v pln\u00e9 v\u00fd\u0161i propad\u00e1, nedostanete pen\u00edze zp\u011bt.<\/p>\n<p>V p\u0159\u00edpad\u011b, \u017ee m\u00e1te z\u00e1jem si u n\u00e1s ud\u011blat rekvalifika\u010dn\u00ed kurz Instruktor j\u00f3gy, r\u00e1di V\u00e1m v tomto sm\u011bru porad\u00edme, jak postupovat ve vy\u0159\u00edzen\u00ed rekvalifikace. Kontaktujte n\u00e1s na telefonn\u00ed \u010d\u00edslo +420 608 212 949 nebo e-mailem: yoga.yfe@gmail.com<\/p>\n<p><a href=\"https:\/\/www.yoga-federation.eu\/wp-content\/uploads\/2018\/10\/kurz-instruktor-jogy-1.jpg\" data-caption=\"\"><img loading=\"lazy\" decoding=\"async\" class=\"lazyload aligncenter wp-image-4155 size-600\" src=\"https:\/\/www.yoga-federation.eu\/wp-content\/uploads\/2018\/10\/kurz-instruktor-jogy-1-600x450.jpg\" data-orig-src=\"https:\/\/www.yoga-federation.eu\/wp-content\/uploads\/2018\/10\/kurz-instruktor-jogy-1-600x450.jpg\" alt=\"kurz instruktor jogy\" width=\"600\" height=\"450\" srcset=\"data:image\/svg+xml,%3Csvg%20xmlns%3D%27http%3A%2F%2Fwww.w3.org%2F2000%2Fsvg%27%20width%3D%27600%27%20height%3D%27450%27%20viewBox%3D%270%200%20600%20450%27%3E%3Crect%20width%3D%27600%27%20height%3D%273450%27%20fill-opacity%3D%220%22%2F%3E%3C%2Fsvg%3E\" data-srcset=\"https:\/\/www.yoga-federation.eu\/wp-content\/uploads\/2018\/10\/kurz-instruktor-jogy-1-200x150.jpg 200w, https:\/\/www.yoga-federation.eu\/wp-content\/uploads\/2018\/10\/kurz-instruktor-jogy-1-300x225.jpg 300w, https:\/\/www.yoga-federation.eu\/wp-content\/uploads\/2018\/10\/kurz-instruktor-jogy-1-400x300.jpg 400w, https:\/\/www.yoga-federation.eu\/wp-content\/uploads\/2018\/10\/kurz-instruktor-jogy-1-600x450.jpg 600w, https:\/\/www.yoga-federation.eu\/wp-content\/uploads\/2018\/10\/kurz-instruktor-jogy-1-768x576.jpg 768w, https:\/\/www.yoga-federation.eu\/wp-content\/uploads\/2018\/10\/kurz-instruktor-jogy-1-800x600.jpg 800w, https:\/\/www.yoga-federation.eu\/wp-content\/uploads\/2018\/10\/kurz-instruktor-jogy-1-1024x768.jpg 1024w, https:\/\/www.yoga-federation.eu\/wp-content\/uploads\/2018\/10\/kurz-instruktor-jogy-1-1200x900.jpg 1200w, https:\/\/www.yoga-federation.eu\/wp-content\/uploads\/2018\/10\/kurz-instruktor-jogy-1.jpg 1600w\" data-sizes=\"auto\" data-orig-sizes=\"auto, (max-width: 600px) 100vw, 600px\" \/><\/a><\/p>\n<h3 class=\"\" style=\"--fontsize: 16; line-height: 1.5; --minfontsize: 16;\" data-fontsize=\"16\" data-lineheight=\"24px\"><strong>Pro koho je Rekvalifika\u010dn\u00ed kurz Instruktor j\u00f3gy ur\u010den<\/strong><\/h3>\n<p>M\u00e1te r\u00e1di j\u00f3gu a chcete, aby Va\u0161e pr\u00e1ce byla z\u00e1rove\u0148 Va\u0161im kon\u00ed\u010dkem? Vyu\u017eijte t\u00e9to jedine\u010dn\u00e9 p\u0159\u00edle\u017eitosti a sta\u0148te se Instruktorem j\u00f3gy. Nab\u00edz\u00edme V\u00e1m profesion\u00e1ln\u00ed kurz &#8211; Vzd\u011bl\u00e1vac\u00ed program Instruktor j\u00f3gy, kter\u00fd je akreditov\u00e1n (rozhodnut\u00ed \u010d. 28912\/2022-2), v celkov\u00e9m rozsahu 200 v\u00fdukov\u00fdch hodin. Program realizuje <a href=\"http:\/\/www.yoga-ac.eu\/\" target=\"_blank\" rel=\"noopener noreferrer\">International Yoga Academy<\/a>. Po absolvov\u00e1n\u00ed vzd\u011bl\u00e1vac\u00edho programu obdr\u017e\u00ed student Certifik\u00e1t 200 hodin &#8211; Osv\u011bd\u010den\u00ed o zkou\u0161ce (rekvalifikaci) akreditovan\u00e9ho vzd\u011bl\u00e1vac\u00edho programu.<\/p>\n<p>Profesion\u00e1ln\u00ed kurz \u201eInstruktor j\u00f3gy\u201d je ur\u010den pro z\u00e1jemce s c\u00edlem st\u00e1t se profesion\u00e1ln\u00edm instruktorem j\u00f3gy nebo j\u00f3gov\u00e9 nad\u0161ence, kte\u0159\u00ed vyu\u017eij\u00ed z\u00edskan\u00e9 informace a dovednosti pro vlastn\u00ed p\u0159\u00edpravu a zlep\u0161en\u00ed zdravotn\u00edho stavu. Kurz m\u016f\u017eou absolvovat osoby star\u0161\u00ed 18 let.<\/p>\n<p>Absolventi kurzu jsou p\u0159ipraveni pracovat ve studiu j\u00f3gy, wellness centru a hotelov\u00fdch \u010di l\u00e1ze\u0148sk\u00fdch centrech.<\/p>\n<h3 class=\"\" style=\"--fontsize: 16; line-height: 1.5; --minfontsize: 16;\" data-fontsize=\"16\" data-lineheight=\"24px\"><strong>R\u00e1mcov\u00fd obsah kurzu<\/strong><\/h3>\n<p>V\u00fduka student\u016f zahrnuje v\u0161eobecn\u00e9 p\u0159edm\u011bty (obecn\u00e1 \u010d\u00e1st) a \u00fazce specializovan\u00e9 p\u0159edm\u011bty a p\u0159edn\u00e1\u0161ky o filozofii j\u00f3gy, psychologii j\u00f3gy, metodice v\u00fduky j\u00f3gy, teorii j\u00f3gy a praxi j\u00f3gy. Program v\u00fduky pro instruktory j\u00f3gy (Vzd\u011bl\u00e1vac\u00ed program Instruktor j\u00f3gy) prob\u00edh\u00e1 v souladu s mezin\u00e1rodn\u00edmi standardy. Program v\u00fduky pro instruktory j\u00f3gy byl schv\u00e1len p\u0159\u00edslu\u0161n\u00fdm ministerstvem (rozhodnut\u00ed \u010d. 28912\/2022-2).<\/p>\n<\/div><div class=\"fusion-clearfix\"><\/div><\/div><\/div><div class=\"fusion-layout-column fusion_builder_column fusion-builder-column-1 fusion_builder_column_1_1 1_1 fusion-one-full fusion-column-first fusion-column-last fusion-column-no-min-height\" style=\"margin-top:0px;margin-bottom:0px;\"><div class=\"fusion-column-wrapper fusion-flex-column-wrapper-legacy\" style=\"background-position:left top;background-repeat:no-repeat;-webkit-background-size:cover;-moz-background-size:cover;-o-background-size:cover;background-size:cover;padding: 0px 0px 0px 0px;\"><div class=\"fusion-text fusion-text-2\"><h3><strong>Co po \u00fasp\u011b\u0161n\u00e9m absolvov\u00e1n\u00ed rekvalifika\u010dn\u00edho kurzu?<\/strong><\/h3>\n<p>Po \u00fasp\u011b\u0161n\u00e9m ukon\u010den\u00ed vzd\u011bl\u00e1vac\u00edho programu Instruktor j\u00f3gy se z\u00edsk\u00e1v\u00e1 certifik\u00e1t \u2013 osv\u011bd\u010den\u00ed s celost\u00e1tn\u00ed platnost\u00ed, kter\u00e9 je podkladem pro z\u00edsk\u00e1n\u00ed \u017eivnostensk\u00e9ho listu na provozov\u00e1n\u00ed \u010dinnosti instruktora j\u00f3gy.<\/p>\n<p>Po absolvov\u00e1n\u00ed kurzu m\u016f\u017eete z\u00edskat krom\u011b certifik\u00e1tu v \u010de\u0161tin\u011b tak\u00e9 certifik\u00e1t v ciz\u00edm jazyce (cizojazy\u010dn\u00e9 certifik\u00e1ty jsou za p\u0159\u00edplatek).<\/p>\n<p>Instrukto\u0159i j\u00f3gy maj\u00ed mo\u017enost z\u00fa\u010dastnit se p\u0159edstaven\u00ed j\u00f3gy, st\u00e1t se \u010dleny Mezin\u00e1rodn\u00ed spole\u010dnosti pro mezidisciplin\u00e1rn\u00ed v\u00fdzkum v oblasti j\u00f3gy, stejn\u011b jako mo\u017enost st\u00e1t se \u010dleny \u010cesk\u00e9 federace j\u00f3gy a YFE. J\u00f3ga kempy se organizuj\u00ed ka\u017ed\u00fd rok jako forma kontinu\u00e1ln\u00ed v\u00fduky pro instruktory j\u00f3gy.\u00a0Na\u0161i instrukto\u0159i j\u00f3gy obdr\u017e\u00ed \u00fa\u010dast na j\u00f3gov\u00e9m t\u00e1bo\u0159e za zv\u00fdhodn\u011bnou cenu.<\/p>\n<p>Pro v\u0161echny na\u0161e instruktory j\u00f3gy je k dispozici bezplatn\u00e1 poradensk\u00e1 slu\u017eba pro mezin\u00e1rodn\u00ed uzn\u00e1n\u00ed z\u00edskan\u00e9ho certifik\u00e1tu. V\u0161ichni, kte\u0159\u00ed pl\u00e1nuj\u00ed pracovat v jin\u00e9 zemi, by se m\u011bli obr\u00e1tit na na\u0161i slu\u017ebu.<\/p>\n<p>Akademick\u00fd p\u0159\u00edstup j\u00f3ze se op\u00edr\u00e1 o p\u016fvodn\u00ed spisy velk\u00fdch autorit: J\u00f3ga s\u00fatra od Patanjdaliho, Upani\u0161ady, Hatha j\u00f3ga Prad\u00edpik\u00e1, Gheranda Samhita, kte\u0159\u00ed pohl\u00ed\u017eej\u00ed na j\u00f3gu jako na discipl\u00ednu vlastn\u00edho rozvoje. Bereme v \u00favahu a rozv\u00edj\u00edme r\u016fznorodost, a proto m\u00e1me studenty r\u016fzn\u00fdch ras, n\u00e1bo\u017eenstv\u00ed a st\u00e1\u0159\u00ed. Teorie j\u00f3gy a praxe j\u00f3gy se studuj\u00ed podrobn\u011b od sam\u00e9ho po\u010d\u00e1tku, tak\u017ee p\u0159edchoz\u00ed znalosti nejsou nutn\u00e9. Studenti se u\u010d\u00ed, jak d\u00e1t obsah sv\u00e9mu \u017eivotu, jak ho obohatit. U\u010d\u00ed se o konceptu Jivamukti, jak integrovat svobodu a osvobodit se od v\u0161ech v\u00e1zanost\u00ed a p\u0159ibl\u00ed\u017eit se konceptu: \u201e\u017dij v l\u00e1sce a \u010di\u0148 dobr\u00e9 skutky\u201d.<\/p>\n<p>Cena zahrnuje: \u0161koln\u00e9 (teoretick\u00e1 a praktick\u00e1 v\u00fduka), studijn\u00ed materi\u00e1ly (video a textov\u00e9 materi\u00e1ly, literatura) a Osv\u011bd\u010den\u00ed (certifik\u00e1t).<\/p>\n<p>Pro dal\u0161\u00ed informace n\u00e1s, pros\u00edm, kontaktujte prost\u0159ednictv\u00edm e-mailu: yoga.yfe@gmail.com<\/p>\n<\/div><span class=\" fusion-imageframe imageframe-none imageframe-1 hover-type-none\"><img decoding=\"async\" width=\"960\" image_height=\"442\" image_id=\"4150\" alt=\"kurz instruktor jogy praha\" title=\"kurz-instruktor-jogy-praha\" src=\"https:\/\/www.yoga-federation.eu\/wp-content\/uploads\/2018\/10\/kurz-instruktor-jogy-praha.jpg\" data-orig-src=\"https:\/\/www.yoga-federation.eu\/wp-content\/uploads\/2018\/10\/kurz-instruktor-jogy-praha.jpg\" class=\"lazyload img-responsive wp-image-4150\" srcset=\"data:image\/svg+xml,%3Csvg%20xmlns%3D%27http%3A%2F%2Fwww.w3.org%2F2000%2Fsvg%27%20width%3D%27960%27%20height%3D%27442%27%20viewBox%3D%270%200%20960%20442%27%3E%3Crect%20width%3D%27960%27%20height%3D%273442%27%20fill-opacity%3D%220%22%2F%3E%3C%2Fsvg%3E\" data-srcset=\"https:\/\/www.yoga-federation.eu\/wp-content\/uploads\/2018\/10\/kurz-instruktor-jogy-praha-200x92.jpg 200w, https:\/\/www.yoga-federation.eu\/wp-content\/uploads\/2018\/10\/kurz-instruktor-jogy-praha-400x184.jpg 400w, https:\/\/www.yoga-federation.eu\/wp-content\/uploads\/2018\/10\/kurz-instruktor-jogy-praha-600x276.jpg 600w, https:\/\/www.yoga-federation.eu\/wp-content\/uploads\/2018\/10\/kurz-instruktor-jogy-praha-800x368.jpg 800w, https:\/\/www.yoga-federation.eu\/wp-content\/uploads\/2018\/10\/kurz-instruktor-jogy-praha.jpg 960w\" data-sizes=\"auto\" data-orig-sizes=\"(max-width: 800px) 100vw, 960px\" \/><\/span><div class=\"fusion-clearfix\"><\/div><\/div><\/div><\/div><style type=\"text\/css\">.fusion-fullwidth.fusion-builder-row-1 { overflow:visible; }<\/style><\/div>\n","protected":false},"excerpt":{"rendered":"","protected":false},"author":6,"featured_media":1984,"comment_status":"closed","ping_status":"open","sticky":false,"template":"","format":"standard","meta":{"footnotes":""},"categories":[90,40,48],"tags":[],"class_list":["post-1592","post","type-post","status-publish","format-standard","has-post-thumbnail","hentry","category-aktivity-v-roce-2019","category-uncategorized-cz","category-vzdelavani"],"yoast_head":"<!-- This site is optimized with the Yoast SEO plugin v27.4 - https:\/\/yoast.com\/product\/yoast-seo-wordpress\/ -->\n<title>Rekvalifika\u010dn\u00ed kurz Instruktor j\u00f3gy - Yoga Federation of Europe<\/title>\n<meta name=\"description\" content=\"Rekvalifika\u010dn\u00ed kurz Instruktor j\u00f3gy (Vzd\u011bl\u00e1vac\u00ed program Instruktor j\u00f3gy) zahrnuje 200 hodin. Kurz V\u00e1m m\u016f\u017ee v pln\u00e9 v\u00fd\u0161i uhradit p\u0159\u00edslu\u0161n\u00fd \u00da\u0159ad pr\u00e1ce.\" \/>\n<meta name=\"robots\" content=\"index, follow, max-snippet:-1, max-image-preview:large, max-video-preview:-1\" \/>\n<link rel=\"canonical\" href=\"https:\/\/www.yoga-federation.eu\/cz\/rekvalifikacni-kurz-instruktor-jogy\/\" \/>\n<meta property=\"og:locale\" content=\"en_US\" \/>\n<meta property=\"og:type\" content=\"article\" \/>\n<meta property=\"og:title\" content=\"Rekvalifika\u010dn\u00ed kurz Instruktor j\u00f3gy - Yoga Federation of Europe\" \/>\n<meta property=\"og:description\" content=\"Rekvalifika\u010dn\u00ed kurz Instruktor j\u00f3gy (Vzd\u011bl\u00e1vac\u00ed program Instruktor j\u00f3gy) zahrnuje 200 hodin. Kurz V\u00e1m m\u016f\u017ee v pln\u00e9 v\u00fd\u0161i uhradit p\u0159\u00edslu\u0161n\u00fd \u00da\u0159ad pr\u00e1ce.\" \/>\n<meta property=\"og:url\" content=\"https:\/\/www.yoga-federation.eu\/cz\/rekvalifikacni-kurz-instruktor-jogy\/\" \/>\n<meta property=\"og:site_name\" content=\"Yoga Federation of Europe\" \/>\n<meta property=\"article:published_time\" content=\"2021-08-01T13:17:40+00:00\" \/>\n<meta property=\"article:modified_time\" content=\"2024-09-26T10:48:52+00:00\" \/>\n<meta property=\"og:image\" content=\"http:\/\/www.yoga-federation.eu\/wp-content\/uploads\/2016\/11\/kurz-instruktor-jogy-yfe-2.jpg\" \/>\n\t<meta property=\"og:image:width\" content=\"1406\" \/>\n\t<meta property=\"og:image:height\" content=\"903\" \/>\n\t<meta property=\"og:image:type\" content=\"image\/jpeg\" \/>\n<meta name=\"author\" content=\"YFE\" \/>\n<meta name=\"twitter:card\" content=\"summary_large_image\" \/>\n<meta name=\"twitter:label1\" content=\"Written by\" \/>\n\t<meta name=\"twitter:data1\" content=\"YFE\" \/>\n\t<meta name=\"twitter:label2\" content=\"Est. reading time\" \/>\n\t<meta name=\"twitter:data2\" content=\"4 minutes\" \/>\n<script type=\"application\/ld+json\" class=\"yoast-schema-graph\">{\"@context\":\"https:\\\/\\\/schema.org\",\"@graph\":[{\"@type\":\"Article\",\"@id\":\"https:\\\/\\\/www.yoga-federation.eu\\\/cz\\\/rekvalifikacni-kurz-instruktor-jogy\\\/#article\",\"isPartOf\":{\"@id\":\"https:\\\/\\\/www.yoga-federation.eu\\\/cz\\\/rekvalifikacni-kurz-instruktor-jogy\\\/\"},\"author\":{\"name\":\"YFE\",\"@id\":\"https:\\\/\\\/www.yoga-federation.eu\\\/#\\\/schema\\\/person\\\/c70b5a8f7323477f70814bd277cc9105\"},\"headline\":\"Rekvalifika\u010dn\u00ed kurz Instruktor j\u00f3gy\",\"datePublished\":\"2021-08-01T13:17:40+00:00\",\"dateModified\":\"2024-09-26T10:48:52+00:00\",\"mainEntityOfPage\":{\"@id\":\"https:\\\/\\\/www.yoga-federation.eu\\\/cz\\\/rekvalifikacni-kurz-instruktor-jogy\\\/\"},\"wordCount\":1242,\"image\":{\"@id\":\"https:\\\/\\\/www.yoga-federation.eu\\\/cz\\\/rekvalifikacni-kurz-instruktor-jogy\\\/#primaryimage\"},\"thumbnailUrl\":\"https:\\\/\\\/www.yoga-federation.eu\\\/wp-content\\\/uploads\\\/2016\\\/11\\\/kurz-instruktor-jogy-yfe-2.jpg\",\"articleSection\":{\"0\":\"Aktivity v roce 2019\",\"2\":\"Vzd\u011bl\u00e1v\u00e1n\u00ed\"},\"inLanguage\":\"cz-CZ\"},{\"@type\":\"WebPage\",\"@id\":\"https:\\\/\\\/www.yoga-federation.eu\\\/cz\\\/rekvalifikacni-kurz-instruktor-jogy\\\/\",\"url\":\"https:\\\/\\\/www.yoga-federation.eu\\\/cz\\\/rekvalifikacni-kurz-instruktor-jogy\\\/\",\"name\":\"Rekvalifika\u010dn\u00ed kurz Instruktor j\u00f3gy - Yoga Federation of Europe\",\"isPartOf\":{\"@id\":\"https:\\\/\\\/www.yoga-federation.eu\\\/#website\"},\"primaryImageOfPage\":{\"@id\":\"https:\\\/\\\/www.yoga-federation.eu\\\/cz\\\/rekvalifikacni-kurz-instruktor-jogy\\\/#primaryimage\"},\"image\":{\"@id\":\"https:\\\/\\\/www.yoga-federation.eu\\\/cz\\\/rekvalifikacni-kurz-instruktor-jogy\\\/#primaryimage\"},\"thumbnailUrl\":\"https:\\\/\\\/www.yoga-federation.eu\\\/wp-content\\\/uploads\\\/2016\\\/11\\\/kurz-instruktor-jogy-yfe-2.jpg\",\"datePublished\":\"2021-08-01T13:17:40+00:00\",\"dateModified\":\"2024-09-26T10:48:52+00:00\",\"author\":{\"@id\":\"https:\\\/\\\/www.yoga-federation.eu\\\/#\\\/schema\\\/person\\\/c70b5a8f7323477f70814bd277cc9105\"},\"description\":\"Rekvalifika\u010dn\u00ed kurz Instruktor j\u00f3gy (Vzd\u011bl\u00e1vac\u00ed program Instruktor j\u00f3gy) zahrnuje 200 hodin. Kurz V\u00e1m m\u016f\u017ee v pln\u00e9 v\u00fd\u0161i uhradit p\u0159\u00edslu\u0161n\u00fd \u00da\u0159ad pr\u00e1ce.\",\"breadcrumb\":{\"@id\":\"https:\\\/\\\/www.yoga-federation.eu\\\/cz\\\/rekvalifikacni-kurz-instruktor-jogy\\\/#breadcrumb\"},\"inLanguage\":\"cz-CZ\",\"potentialAction\":[{\"@type\":\"ReadAction\",\"target\":[\"https:\\\/\\\/www.yoga-federation.eu\\\/cz\\\/rekvalifikacni-kurz-instruktor-jogy\\\/\"]}]},{\"@type\":\"ImageObject\",\"inLanguage\":\"cz-CZ\",\"@id\":\"https:\\\/\\\/www.yoga-federation.eu\\\/cz\\\/rekvalifikacni-kurz-instruktor-jogy\\\/#primaryimage\",\"url\":\"https:\\\/\\\/www.yoga-federation.eu\\\/wp-content\\\/uploads\\\/2016\\\/11\\\/kurz-instruktor-jogy-yfe-2.jpg\",\"contentUrl\":\"https:\\\/\\\/www.yoga-federation.eu\\\/wp-content\\\/uploads\\\/2016\\\/11\\\/kurz-instruktor-jogy-yfe-2.jpg\",\"width\":1406,\"height\":903,\"caption\":\"kurz instruktor jogy yfe\"},{\"@type\":\"BreadcrumbList\",\"@id\":\"https:\\\/\\\/www.yoga-federation.eu\\\/cz\\\/rekvalifikacni-kurz-instruktor-jogy\\\/#breadcrumb\",\"itemListElement\":[{\"@type\":\"ListItem\",\"position\":1,\"name\":\"Home\",\"item\":\"https:\\\/\\\/www.yoga-federation.eu\\\/cz\\\/\"},{\"@type\":\"ListItem\",\"position\":2,\"name\":\"Rekvalifika\u010dn\u00ed kurz Instruktor j\u00f3gy\"}]},{\"@type\":\"WebSite\",\"@id\":\"https:\\\/\\\/www.yoga-federation.eu\\\/#website\",\"url\":\"https:\\\/\\\/www.yoga-federation.eu\\\/\",\"name\":\"Yoga Federation of Europe\",\"description\":\"Yoga in Europe\",\"potentialAction\":[{\"@type\":\"SearchAction\",\"target\":{\"@type\":\"EntryPoint\",\"urlTemplate\":\"https:\\\/\\\/www.yoga-federation.eu\\\/?s={search_term_string}\"},\"query-input\":{\"@type\":\"PropertyValueSpecification\",\"valueRequired\":true,\"valueName\":\"search_term_string\"}}],\"inLanguage\":\"cz-CZ\"},{\"@type\":\"Person\",\"@id\":\"https:\\\/\\\/www.yoga-federation.eu\\\/#\\\/schema\\\/person\\\/c70b5a8f7323477f70814bd277cc9105\",\"name\":\"YFE\",\"image\":{\"@type\":\"ImageObject\",\"inLanguage\":\"cz-CZ\",\"@id\":\"https:\\\/\\\/secure.gravatar.com\\\/avatar\\\/64f6beecfc59c339d337f0a16c80bfc143a5e623923f6f42beb67b25788f3e50?s=96&d=mm&r=g\",\"url\":\"https:\\\/\\\/secure.gravatar.com\\\/avatar\\\/64f6beecfc59c339d337f0a16c80bfc143a5e623923f6f42beb67b25788f3e50?s=96&d=mm&r=g\",\"contentUrl\":\"https:\\\/\\\/secure.gravatar.com\\\/avatar\\\/64f6beecfc59c339d337f0a16c80bfc143a5e623923f6f42beb67b25788f3e50?s=96&d=mm&r=g\",\"caption\":\"YFE\"},\"url\":\"https:\\\/\\\/www.yoga-federation.eu\\\/cz\\\/author\\\/ana\\\/\"}]}<\/script>\n<!-- \/ Yoast SEO plugin. -->","yoast_head_json":{"title":"Rekvalifika\u010dn\u00ed kurz Instruktor j\u00f3gy - Yoga Federation of Europe","description":"Rekvalifika\u010dn\u00ed kurz Instruktor j\u00f3gy (Vzd\u011bl\u00e1vac\u00ed program Instruktor j\u00f3gy) zahrnuje 200 hodin. Kurz V\u00e1m m\u016f\u017ee v pln\u00e9 v\u00fd\u0161i uhradit p\u0159\u00edslu\u0161n\u00fd \u00da\u0159ad pr\u00e1ce.","robots":{"index":"index","follow":"follow","max-snippet":"max-snippet:-1","max-image-preview":"max-image-preview:large","max-video-preview":"max-video-preview:-1"},"canonical":"https:\/\/www.yoga-federation.eu\/cz\/rekvalifikacni-kurz-instruktor-jogy\/","og_locale":"en_US","og_type":"article","og_title":"Rekvalifika\u010dn\u00ed kurz Instruktor j\u00f3gy - Yoga Federation of Europe","og_description":"Rekvalifika\u010dn\u00ed kurz Instruktor j\u00f3gy (Vzd\u011bl\u00e1vac\u00ed program Instruktor j\u00f3gy) zahrnuje 200 hodin. Kurz V\u00e1m m\u016f\u017ee v pln\u00e9 v\u00fd\u0161i uhradit p\u0159\u00edslu\u0161n\u00fd \u00da\u0159ad pr\u00e1ce.","og_url":"https:\/\/www.yoga-federation.eu\/cz\/rekvalifikacni-kurz-instruktor-jogy\/","og_site_name":"Yoga Federation of Europe","article_published_time":"2021-08-01T13:17:40+00:00","article_modified_time":"2024-09-26T10:48:52+00:00","og_image":[{"width":1406,"height":903,"url":"http:\/\/www.yoga-federation.eu\/wp-content\/uploads\/2016\/11\/kurz-instruktor-jogy-yfe-2.jpg","type":"image\/jpeg"}],"author":"YFE","twitter_card":"summary_large_image","twitter_misc":{"Written by":"YFE","Est. reading time":"4 minutes"},"schema":{"@context":"https:\/\/schema.org","@graph":[{"@type":"Article","@id":"https:\/\/www.yoga-federation.eu\/cz\/rekvalifikacni-kurz-instruktor-jogy\/#article","isPartOf":{"@id":"https:\/\/www.yoga-federation.eu\/cz\/rekvalifikacni-kurz-instruktor-jogy\/"},"author":{"name":"YFE","@id":"https:\/\/www.yoga-federation.eu\/#\/schema\/person\/c70b5a8f7323477f70814bd277cc9105"},"headline":"Rekvalifika\u010dn\u00ed kurz Instruktor j\u00f3gy","datePublished":"2021-08-01T13:17:40+00:00","dateModified":"2024-09-26T10:48:52+00:00","mainEntityOfPage":{"@id":"https:\/\/www.yoga-federation.eu\/cz\/rekvalifikacni-kurz-instruktor-jogy\/"},"wordCount":1242,"image":{"@id":"https:\/\/www.yoga-federation.eu\/cz\/rekvalifikacni-kurz-instruktor-jogy\/#primaryimage"},"thumbnailUrl":"https:\/\/www.yoga-federation.eu\/wp-content\/uploads\/2016\/11\/kurz-instruktor-jogy-yfe-2.jpg","articleSection":{"0":"Aktivity v roce 2019","2":"Vzd\u011bl\u00e1v\u00e1n\u00ed"},"inLanguage":"cz-CZ"},{"@type":"WebPage","@id":"https:\/\/www.yoga-federation.eu\/cz\/rekvalifikacni-kurz-instruktor-jogy\/","url":"https:\/\/www.yoga-federation.eu\/cz\/rekvalifikacni-kurz-instruktor-jogy\/","name":"Rekvalifika\u010dn\u00ed kurz Instruktor j\u00f3gy - Yoga Federation of Europe","isPartOf":{"@id":"https:\/\/www.yoga-federation.eu\/#website"},"primaryImageOfPage":{"@id":"https:\/\/www.yoga-federation.eu\/cz\/rekvalifikacni-kurz-instruktor-jogy\/#primaryimage"},"image":{"@id":"https:\/\/www.yoga-federation.eu\/cz\/rekvalifikacni-kurz-instruktor-jogy\/#primaryimage"},"thumbnailUrl":"https:\/\/www.yoga-federation.eu\/wp-content\/uploads\/2016\/11\/kurz-instruktor-jogy-yfe-2.jpg","datePublished":"2021-08-01T13:17:40+00:00","dateModified":"2024-09-26T10:48:52+00:00","author":{"@id":"https:\/\/www.yoga-federation.eu\/#\/schema\/person\/c70b5a8f7323477f70814bd277cc9105"},"description":"Rekvalifika\u010dn\u00ed kurz Instruktor j\u00f3gy (Vzd\u011bl\u00e1vac\u00ed program Instruktor j\u00f3gy) zahrnuje 200 hodin. Kurz V\u00e1m m\u016f\u017ee v pln\u00e9 v\u00fd\u0161i uhradit p\u0159\u00edslu\u0161n\u00fd \u00da\u0159ad pr\u00e1ce.","breadcrumb":{"@id":"https:\/\/www.yoga-federation.eu\/cz\/rekvalifikacni-kurz-instruktor-jogy\/#breadcrumb"},"inLanguage":"cz-CZ","potentialAction":[{"@type":"ReadAction","target":["https:\/\/www.yoga-federation.eu\/cz\/rekvalifikacni-kurz-instruktor-jogy\/"]}]},{"@type":"ImageObject","inLanguage":"cz-CZ","@id":"https:\/\/www.yoga-federation.eu\/cz\/rekvalifikacni-kurz-instruktor-jogy\/#primaryimage","url":"https:\/\/www.yoga-federation.eu\/wp-content\/uploads\/2016\/11\/kurz-instruktor-jogy-yfe-2.jpg","contentUrl":"https:\/\/www.yoga-federation.eu\/wp-content\/uploads\/2016\/11\/kurz-instruktor-jogy-yfe-2.jpg","width":1406,"height":903,"caption":"kurz instruktor jogy yfe"},{"@type":"BreadcrumbList","@id":"https:\/\/www.yoga-federation.eu\/cz\/rekvalifikacni-kurz-instruktor-jogy\/#breadcrumb","itemListElement":[{"@type":"ListItem","position":1,"name":"Home","item":"https:\/\/www.yoga-federation.eu\/cz\/"},{"@type":"ListItem","position":2,"name":"Rekvalifika\u010dn\u00ed kurz Instruktor j\u00f3gy"}]},{"@type":"WebSite","@id":"https:\/\/www.yoga-federation.eu\/#website","url":"https:\/\/www.yoga-federation.eu\/","name":"Yoga Federation of Europe","description":"Yoga in Europe","potentialAction":[{"@type":"SearchAction","target":{"@type":"EntryPoint","urlTemplate":"https:\/\/www.yoga-federation.eu\/?s={search_term_string}"},"query-input":{"@type":"PropertyValueSpecification","valueRequired":true,"valueName":"search_term_string"}}],"inLanguage":"cz-CZ"},{"@type":"Person","@id":"https:\/\/www.yoga-federation.eu\/#\/schema\/person\/c70b5a8f7323477f70814bd277cc9105","name":"YFE","image":{"@type":"ImageObject","inLanguage":"cz-CZ","@id":"https:\/\/secure.gravatar.com\/avatar\/64f6beecfc59c339d337f0a16c80bfc143a5e623923f6f42beb67b25788f3e50?s=96&d=mm&r=g","url":"https:\/\/secure.gravatar.com\/avatar\/64f6beecfc59c339d337f0a16c80bfc143a5e623923f6f42beb67b25788f3e50?s=96&d=mm&r=g","contentUrl":"https:\/\/secure.gravatar.com\/avatar\/64f6beecfc59c339d337f0a16c80bfc143a5e623923f6f42beb67b25788f3e50?s=96&d=mm&r=g","caption":"YFE"},"url":"https:\/\/www.yoga-federation.eu\/cz\/author\/ana\/"}]}},"_links":{"self":[{"href":"https:\/\/www.yoga-federation.eu\/cz\/wp-json\/wp\/v2\/posts\/1592","targetHints":{"allow":["GET"]}}],"collection":[{"href":"https:\/\/www.yoga-federation.eu\/cz\/wp-json\/wp\/v2\/posts"}],"about":[{"href":"https:\/\/www.yoga-federation.eu\/cz\/wp-json\/wp\/v2\/types\/post"}],"author":[{"embeddable":true,"href":"https:\/\/www.yoga-federation.eu\/cz\/wp-json\/wp\/v2\/users\/6"}],"replies":[{"embeddable":true,"href":"https:\/\/www.yoga-federation.eu\/cz\/wp-json\/wp\/v2\/comments?post=1592"}],"version-history":[{"count":2,"href":"https:\/\/www.yoga-federation.eu\/cz\/wp-json\/wp\/v2\/posts\/1592\/revisions"}],"predecessor-version":[{"id":7150,"href":"https:\/\/www.yoga-federation.eu\/cz\/wp-json\/wp\/v2\/posts\/1592\/revisions\/7150"}],"wp:featuredmedia":[{"embeddable":true,"href":"https:\/\/www.yoga-federation.eu\/cz\/wp-json\/wp\/v2\/media\/1984"}],"wp:attachment":[{"href":"https:\/\/www.yoga-federation.eu\/cz\/wp-json\/wp\/v2\/media?parent=1592"}],"wp:term":[{"taxonomy":"category","embeddable":true,"href":"https:\/\/www.yoga-federation.eu\/cz\/wp-json\/wp\/v2\/categories?post=1592"},{"taxonomy":"post_tag","embeddable":true,"href":"https:\/\/www.yoga-federation.eu\/cz\/wp-json\/wp\/v2\/tags?post=1592"}],"curies":[{"name":"wp","href":"https:\/\/api.w.org\/{rel}","templated":true}]}}