{"id":1271,"date":"2015-09-27T21:44:28","date_gmt":"2015-09-27T21:44:28","guid":{"rendered":"https:\/\/www.yoga-federation.eu\/cz\/?p=1271"},"modified":"2023-12-30T22:40:01","modified_gmt":"2023-12-30T22:40:01","slug":"joga-retreat-v-recku-2015","status":"publish","type":"post","link":"https:\/\/www.yoga-federation.eu\/cz\/joga-retreat-v-recku-2015\/","title":{"rendered":"J\u00f3ga retreat v \u0158ecku 2015"},"content":{"rendered":"<div class=\"fusion-fullwidth fullwidth-box fusion-builder-row-1 hundred-percent-fullwidth non-hundred-percent-height-scrolling\" style=\"background-color: rgba(255,255,255,0);background-position: center center;background-repeat: no-repeat;padding-top:0px;padding-right:0px;padding-bottom:0px;padding-left:0px;margin-bottom: 0px;margin-top: 0px;border-width: 0px 0px 0px 0px;border-color:#eae9e9;border-style:solid;\" ><div class=\"fusion-builder-row fusion-row\"><div class=\"fusion-layout-column fusion_builder_column fusion-builder-column-0 fusion_builder_column_1_1 1_1 fusion-one-full fusion-column-first fusion-column-last\" style=\"margin-top:0px;margin-bottom:20px;\"><div class=\"fusion-column-wrapper fusion-flex-column-wrapper-legacy\" style=\"background-position:left top;background-repeat:no-repeat;-webkit-background-size:cover;-moz-background-size:cover;-o-background-size:cover;background-size:cover;padding: 0px 0px 0px 0px;\"><div class=\"fusion-text fusion-text-1\"><p style=\"text-align: justify;\">Od 13. do 21. z\u00e1\u0159\u00ed 2015 se konal mezin\u00e1rodn\u00ed semin\u00e1\u0159 j\u00f3gy u mo\u0159e, Nikiti, Sithonia, \u0158ecko, kter\u00fd ji\u017e druh\u00fdm rokem po\u0159\u00e1dala Evropsk\u00e1 federace j\u00f3gy. Odborn\u00fd semin\u00e1\u0159 prob\u011bhl pod veden\u00edm mezin\u00e1rodn\u00edho mistra j\u00f3gy prof. Dr. Predraga Niki\u0107e. Program t\u00e1bora obsahoval intenzivn\u00ed praxi j\u00f3gy a ve\u010der k\u00edrtanov\u00e9 meditace s hudebn\u00ed podporou K\u00edrtan skupiny Samadhi.<\/p>\n<p><a href=\"https:\/\/www.facebook.com\/yoga.federation.eu\/photos\/?tab=album&amp;album_id=523310837832485\" target=\"_blank\" rel=\"noopener\">Fotogalerie<\/a><\/p>\n<\/div><div class=\"fusion-clearfix\"><\/div><\/div><\/div><div class=\"fusion-layout-column fusion_builder_column fusion-builder-column-1 fusion_builder_column_1_1 1_1 fusion-one-full fusion-column-first fusion-column-last\" style=\"margin-top:0px;margin-bottom:20px;\"><div class=\"fusion-column-wrapper fusion-flex-column-wrapper-legacy\" style=\"background-position:left top;background-repeat:no-repeat;-webkit-background-size:cover;-moz-background-size:cover;-o-background-size:cover;background-size:cover;padding: 0px 0px 0px 0px;\"><div class=\"fusion-text fusion-text-2\">\n\t\t<style type=\"text\/css\">\n\t\t\t#gallery-1 {\n\t\t\t\tmargin: auto;\n\t\t\t}\n\t\t\t#gallery-1 .gallery-item {\n\t\t\t\tfloat: left;\n\t\t\t\tmargin-top: 10px;\n\t\t\t\ttext-align: center;\n\t\t\t\twidth: 16%;\n\t\t\t}\n\t\t\t#gallery-1 img {\n\t\t\t\tborder: 2px solid #cfcfcf;\n\t\t\t}\n\t\t\t#gallery-1 .gallery-caption {\n\t\t\t\tmargin-left: 0;\n\t\t\t}\n\t\t\t\/* see gallery_shortcode() in wp-includes\/media.php *\/\n\t\t<\/style>\n\t\t<div id='gallery-1' class='gallery galleryid-1271 gallery-columns-6 gallery-size-thumbnail'><dl class='gallery-item'>\n\t\t\t<dt class='gallery-icon landscape'>\n\t\t\t\t<a data-rel=\"iLightbox[postimages]\" data-title=\"joga retreat u more 1\" data-caption=\"\" href='https:\/\/www.yoga-federation.eu\/wp-content\/uploads\/2015\/09\/Yoga-retreat-1.jpg'><img loading=\"lazy\" decoding=\"async\" width=\"150\" height=\"150\" src=\"https:\/\/www.yoga-federation.eu\/wp-content\/uploads\/2015\/09\/Yoga-retreat-1-150x150.jpg\" class=\"attachment-thumbnail size-thumbnail lazyload\" alt=\"joga retreat u more\" srcset=\"data:image\/svg+xml,%3Csvg%20xmlns%3D%27http%3A%2F%2Fwww.w3.org%2F2000%2Fsvg%27%20width%3D%27960%27%20height%3D%27640%27%20viewBox%3D%270%200%20960%20640%27%3E%3Crect%20width%3D%27960%27%20height%3D%273640%27%20fill-opacity%3D%220%22%2F%3E%3C%2Fsvg%3E\" data-orig-src=\"https:\/\/www.yoga-federation.eu\/wp-content\/uploads\/2015\/09\/Yoga-retreat-1-150x150.jpg\" data-srcset=\"https:\/\/www.yoga-federation.eu\/wp-content\/uploads\/2015\/09\/Yoga-retreat-1-66x66.jpg 66w, https:\/\/www.yoga-federation.eu\/wp-content\/uploads\/2015\/09\/Yoga-retreat-1-150x150.jpg 150w\" data-sizes=\"auto\" \/><\/a>\n\t\t\t<\/dt><\/dl><dl class='gallery-item'>\n\t\t\t<dt class='gallery-icon portrait'>\n\t\t\t\t<a data-rel=\"iLightbox[postimages]\" data-title=\"joga retreat u more 2\" data-caption=\"\" href='https:\/\/www.yoga-federation.eu\/wp-content\/uploads\/2015\/09\/Yoga-retreat-2.jpg'><img loading=\"lazy\" decoding=\"async\" width=\"150\" height=\"150\" src=\"https:\/\/www.yoga-federation.eu\/wp-content\/uploads\/2015\/09\/Yoga-retreat-2-150x150.jpg\" class=\"attachment-thumbnail size-thumbnail lazyload\" alt=\"joga retreat u more\" srcset=\"data:image\/svg+xml,%3Csvg%20xmlns%3D%27http%3A%2F%2Fwww.w3.org%2F2000%2Fsvg%27%20width%3D%27636%27%20height%3D%27960%27%20viewBox%3D%270%200%20636%20960%27%3E%3Crect%20width%3D%27636%27%20height%3D%273960%27%20fill-opacity%3D%220%22%2F%3E%3C%2Fsvg%3E\" data-orig-src=\"https:\/\/www.yoga-federation.eu\/wp-content\/uploads\/2015\/09\/Yoga-retreat-2-150x150.jpg\" data-srcset=\"https:\/\/www.yoga-federation.eu\/wp-content\/uploads\/2015\/09\/Yoga-retreat-2-66x66.jpg 66w, https:\/\/www.yoga-federation.eu\/wp-content\/uploads\/2015\/09\/Yoga-retreat-2-150x150.jpg 150w\" data-sizes=\"auto\" \/><\/a>\n\t\t\t<\/dt><\/dl><dl class='gallery-item'>\n\t\t\t<dt class='gallery-icon landscape'>\n\t\t\t\t<a data-rel=\"iLightbox[postimages]\" data-title=\"joga retreat u more 3\" data-caption=\"\" href='https:\/\/www.yoga-federation.eu\/wp-content\/uploads\/2015\/09\/Yoga-retreat-3.jpg'><img loading=\"lazy\" decoding=\"async\" width=\"150\" height=\"150\" src=\"https:\/\/www.yoga-federation.eu\/wp-content\/uploads\/2015\/09\/Yoga-retreat-3-150x150.jpg\" class=\"attachment-thumbnail size-thumbnail lazyload\" alt=\"joga retreat u more\" srcset=\"data:image\/svg+xml,%3Csvg%20xmlns%3D%27http%3A%2F%2Fwww.w3.org%2F2000%2Fsvg%27%20width%3D%27960%27%20height%3D%27636%27%20viewBox%3D%270%200%20960%20636%27%3E%3Crect%20width%3D%27960%27%20height%3D%273636%27%20fill-opacity%3D%220%22%2F%3E%3C%2Fsvg%3E\" data-orig-src=\"https:\/\/www.yoga-federation.eu\/wp-content\/uploads\/2015\/09\/Yoga-retreat-3-150x150.jpg\" data-srcset=\"https:\/\/www.yoga-federation.eu\/wp-content\/uploads\/2015\/09\/Yoga-retreat-3-66x66.jpg 66w, https:\/\/www.yoga-federation.eu\/wp-content\/uploads\/2015\/09\/Yoga-retreat-3-150x150.jpg 150w\" data-sizes=\"auto\" \/><\/a>\n\t\t\t<\/dt><\/dl><dl class='gallery-item'>\n\t\t\t<dt class='gallery-icon landscape'>\n\t\t\t\t<a data-rel=\"iLightbox[postimages]\" data-title=\"joga retreat u more 12\" data-caption=\"\" href='https:\/\/www.yoga-federation.eu\/wp-content\/uploads\/2015\/09\/Yoga-retreat-12.jpg'><img loading=\"lazy\" decoding=\"async\" width=\"150\" height=\"150\" src=\"https:\/\/www.yoga-federation.eu\/wp-content\/uploads\/2015\/09\/Yoga-retreat-12-150x150.jpg\" class=\"attachment-thumbnail size-thumbnail lazyload\" alt=\"joga retreat u more\" srcset=\"data:image\/svg+xml,%3Csvg%20xmlns%3D%27http%3A%2F%2Fwww.w3.org%2F2000%2Fsvg%27%20width%3D%27960%27%20height%3D%27688%27%20viewBox%3D%270%200%20960%20688%27%3E%3Crect%20width%3D%27960%27%20height%3D%273688%27%20fill-opacity%3D%220%22%2F%3E%3C%2Fsvg%3E\" data-orig-src=\"https:\/\/www.yoga-federation.eu\/wp-content\/uploads\/2015\/09\/Yoga-retreat-12-150x150.jpg\" data-srcset=\"https:\/\/www.yoga-federation.eu\/wp-content\/uploads\/2015\/09\/Yoga-retreat-12-66x66.jpg 66w, https:\/\/www.yoga-federation.eu\/wp-content\/uploads\/2015\/09\/Yoga-retreat-12-150x150.jpg 150w\" data-sizes=\"auto\" \/><\/a>\n\t\t\t<\/dt><\/dl><dl class='gallery-item'>\n\t\t\t<dt class='gallery-icon landscape'>\n\t\t\t\t<a data-rel=\"iLightbox[postimages]\" data-title=\"joga retreat u more 11\" data-caption=\"\" href='https:\/\/www.yoga-federation.eu\/wp-content\/uploads\/2015\/09\/Yoga-retreat-11.jpg'><img loading=\"lazy\" decoding=\"async\" width=\"150\" height=\"150\" src=\"https:\/\/www.yoga-federation.eu\/wp-content\/uploads\/2015\/09\/Yoga-retreat-11-150x150.jpg\" class=\"attachment-thumbnail size-thumbnail lazyload\" alt=\"joga retreat u more\" srcset=\"data:image\/svg+xml,%3Csvg%20xmlns%3D%27http%3A%2F%2Fwww.w3.org%2F2000%2Fsvg%27%20width%3D%27960%27%20height%3D%27636%27%20viewBox%3D%270%200%20960%20636%27%3E%3Crect%20width%3D%27960%27%20height%3D%273636%27%20fill-opacity%3D%220%22%2F%3E%3C%2Fsvg%3E\" data-orig-src=\"https:\/\/www.yoga-federation.eu\/wp-content\/uploads\/2015\/09\/Yoga-retreat-11-150x150.jpg\" data-srcset=\"https:\/\/www.yoga-federation.eu\/wp-content\/uploads\/2015\/09\/Yoga-retreat-11-66x66.jpg 66w, https:\/\/www.yoga-federation.eu\/wp-content\/uploads\/2015\/09\/Yoga-retreat-11-150x150.jpg 150w\" data-sizes=\"auto\" \/><\/a>\n\t\t\t<\/dt><\/dl><dl class='gallery-item'>\n\t\t\t<dt class='gallery-icon landscape'>\n\t\t\t\t<a data-rel=\"iLightbox[postimages]\" data-title=\"joga retreat u more 10\" data-caption=\"\" href='https:\/\/www.yoga-federation.eu\/wp-content\/uploads\/2015\/09\/Yoga-retreat-10.jpg'><img loading=\"lazy\" decoding=\"async\" width=\"150\" height=\"150\" src=\"https:\/\/www.yoga-federation.eu\/wp-content\/uploads\/2015\/09\/Yoga-retreat-10-150x150.jpg\" class=\"attachment-thumbnail size-thumbnail lazyload\" alt=\"joga retreat u more\" srcset=\"data:image\/svg+xml,%3Csvg%20xmlns%3D%27http%3A%2F%2Fwww.w3.org%2F2000%2Fsvg%27%20width%3D%27960%27%20height%3D%27636%27%20viewBox%3D%270%200%20960%20636%27%3E%3Crect%20width%3D%27960%27%20height%3D%273636%27%20fill-opacity%3D%220%22%2F%3E%3C%2Fsvg%3E\" data-orig-src=\"https:\/\/www.yoga-federation.eu\/wp-content\/uploads\/2015\/09\/Yoga-retreat-10-150x150.jpg\" data-srcset=\"https:\/\/www.yoga-federation.eu\/wp-content\/uploads\/2015\/09\/Yoga-retreat-10-66x66.jpg 66w, https:\/\/www.yoga-federation.eu\/wp-content\/uploads\/2015\/09\/Yoga-retreat-10-150x150.jpg 150w\" data-sizes=\"auto\" \/><\/a>\n\t\t\t<\/dt><\/dl><br style=\"clear: both\" \/><dl class='gallery-item'>\n\t\t\t<dt class='gallery-icon landscape'>\n\t\t\t\t<a data-rel=\"iLightbox[postimages]\" data-title=\"joga retreat u more 9\" data-caption=\"\" href='https:\/\/www.yoga-federation.eu\/wp-content\/uploads\/2015\/09\/Yoga-retreat-9.jpg'><img loading=\"lazy\" decoding=\"async\" width=\"150\" height=\"150\" src=\"https:\/\/www.yoga-federation.eu\/wp-content\/uploads\/2015\/09\/Yoga-retreat-9-150x150.jpg\" class=\"attachment-thumbnail size-thumbnail lazyload\" alt=\"joga retreat u more\" srcset=\"data:image\/svg+xml,%3Csvg%20xmlns%3D%27http%3A%2F%2Fwww.w3.org%2F2000%2Fsvg%27%20width%3D%27960%27%20height%3D%27636%27%20viewBox%3D%270%200%20960%20636%27%3E%3Crect%20width%3D%27960%27%20height%3D%273636%27%20fill-opacity%3D%220%22%2F%3E%3C%2Fsvg%3E\" data-orig-src=\"https:\/\/www.yoga-federation.eu\/wp-content\/uploads\/2015\/09\/Yoga-retreat-9-150x150.jpg\" data-srcset=\"https:\/\/www.yoga-federation.eu\/wp-content\/uploads\/2015\/09\/Yoga-retreat-9-66x66.jpg 66w, https:\/\/www.yoga-federation.eu\/wp-content\/uploads\/2015\/09\/Yoga-retreat-9-150x150.jpg 150w\" data-sizes=\"auto\" \/><\/a>\n\t\t\t<\/dt><\/dl><dl class='gallery-item'>\n\t\t\t<dt class='gallery-icon portrait'>\n\t\t\t\t<a data-rel=\"iLightbox[postimages]\" data-title=\"joga retreat u more 8\" data-caption=\"\" href='https:\/\/www.yoga-federation.eu\/wp-content\/uploads\/2015\/09\/Yoga-retreat-8.jpg'><img loading=\"lazy\" decoding=\"async\" width=\"150\" height=\"150\" src=\"https:\/\/www.yoga-federation.eu\/wp-content\/uploads\/2015\/09\/Yoga-retreat-8-150x150.jpg\" class=\"attachment-thumbnail size-thumbnail lazyload\" alt=\"joga retreat u more\" srcset=\"data:image\/svg+xml,%3Csvg%20xmlns%3D%27http%3A%2F%2Fwww.w3.org%2F2000%2Fsvg%27%20width%3D%27636%27%20height%3D%27960%27%20viewBox%3D%270%200%20636%20960%27%3E%3Crect%20width%3D%27636%27%20height%3D%273960%27%20fill-opacity%3D%220%22%2F%3E%3C%2Fsvg%3E\" data-orig-src=\"https:\/\/www.yoga-federation.eu\/wp-content\/uploads\/2015\/09\/Yoga-retreat-8-150x150.jpg\" data-srcset=\"https:\/\/www.yoga-federation.eu\/wp-content\/uploads\/2015\/09\/Yoga-retreat-8-66x66.jpg 66w, https:\/\/www.yoga-federation.eu\/wp-content\/uploads\/2015\/09\/Yoga-retreat-8-150x150.jpg 150w\" data-sizes=\"auto\" \/><\/a>\n\t\t\t<\/dt><\/dl><dl class='gallery-item'>\n\t\t\t<dt class='gallery-icon landscape'>\n\t\t\t\t<a data-rel=\"iLightbox[postimages]\" data-title=\"joga retreat u more 7\" data-caption=\"\" href='https:\/\/www.yoga-federation.eu\/wp-content\/uploads\/2015\/09\/Yoga-retreat-7.jpg'><img loading=\"lazy\" decoding=\"async\" width=\"150\" height=\"150\" src=\"https:\/\/www.yoga-federation.eu\/wp-content\/uploads\/2015\/09\/Yoga-retreat-7-150x150.jpg\" class=\"attachment-thumbnail size-thumbnail lazyload\" alt=\"joga retreat u more\" srcset=\"data:image\/svg+xml,%3Csvg%20xmlns%3D%27http%3A%2F%2Fwww.w3.org%2F2000%2Fsvg%27%20width%3D%27960%27%20height%3D%27636%27%20viewBox%3D%270%200%20960%20636%27%3E%3Crect%20width%3D%27960%27%20height%3D%273636%27%20fill-opacity%3D%220%22%2F%3E%3C%2Fsvg%3E\" data-orig-src=\"https:\/\/www.yoga-federation.eu\/wp-content\/uploads\/2015\/09\/Yoga-retreat-7-150x150.jpg\" data-srcset=\"https:\/\/www.yoga-federation.eu\/wp-content\/uploads\/2015\/09\/Yoga-retreat-7-66x66.jpg 66w, https:\/\/www.yoga-federation.eu\/wp-content\/uploads\/2015\/09\/Yoga-retreat-7-150x150.jpg 150w\" data-sizes=\"auto\" \/><\/a>\n\t\t\t<\/dt><\/dl><dl class='gallery-item'>\n\t\t\t<dt class='gallery-icon landscape'>\n\t\t\t\t<a data-rel=\"iLightbox[postimages]\" data-title=\"joga retreat u more 6\" data-caption=\"\" href='https:\/\/www.yoga-federation.eu\/wp-content\/uploads\/2015\/09\/Yoga-retreat-6.jpg'><img loading=\"lazy\" decoding=\"async\" width=\"150\" height=\"150\" src=\"https:\/\/www.yoga-federation.eu\/wp-content\/uploads\/2015\/09\/Yoga-retreat-6-150x150.jpg\" class=\"attachment-thumbnail size-thumbnail lazyload\" alt=\"joga retreat u more\" srcset=\"data:image\/svg+xml,%3Csvg%20xmlns%3D%27http%3A%2F%2Fwww.w3.org%2F2000%2Fsvg%27%20width%3D%27960%27%20height%3D%27358%27%20viewBox%3D%270%200%20960%20358%27%3E%3Crect%20width%3D%27960%27%20height%3D%273358%27%20fill-opacity%3D%220%22%2F%3E%3C%2Fsvg%3E\" data-orig-src=\"https:\/\/www.yoga-federation.eu\/wp-content\/uploads\/2015\/09\/Yoga-retreat-6-150x150.jpg\" data-srcset=\"https:\/\/www.yoga-federation.eu\/wp-content\/uploads\/2015\/09\/Yoga-retreat-6-66x66.jpg 66w, https:\/\/www.yoga-federation.eu\/wp-content\/uploads\/2015\/09\/Yoga-retreat-6-150x150.jpg 150w\" data-sizes=\"auto\" \/><\/a>\n\t\t\t<\/dt><\/dl><dl class='gallery-item'>\n\t\t\t<dt class='gallery-icon landscape'>\n\t\t\t\t<a data-rel=\"iLightbox[postimages]\" data-title=\"joga retreat u more 5\" data-caption=\"\" href='https:\/\/www.yoga-federation.eu\/wp-content\/uploads\/2015\/09\/Yoga-retreat-5.jpg'><img loading=\"lazy\" decoding=\"async\" width=\"150\" height=\"150\" src=\"https:\/\/www.yoga-federation.eu\/wp-content\/uploads\/2015\/09\/Yoga-retreat-5-150x150.jpg\" class=\"attachment-thumbnail size-thumbnail lazyload\" alt=\"joga retreat u more\" srcset=\"data:image\/svg+xml,%3Csvg%20xmlns%3D%27http%3A%2F%2Fwww.w3.org%2F2000%2Fsvg%27%20width%3D%27960%27%20height%3D%27640%27%20viewBox%3D%270%200%20960%20640%27%3E%3Crect%20width%3D%27960%27%20height%3D%273640%27%20fill-opacity%3D%220%22%2F%3E%3C%2Fsvg%3E\" data-orig-src=\"https:\/\/www.yoga-federation.eu\/wp-content\/uploads\/2015\/09\/Yoga-retreat-5-150x150.jpg\" data-srcset=\"https:\/\/www.yoga-federation.eu\/wp-content\/uploads\/2015\/09\/Yoga-retreat-5-66x66.jpg 66w, https:\/\/www.yoga-federation.eu\/wp-content\/uploads\/2015\/09\/Yoga-retreat-5-150x150.jpg 150w\" data-sizes=\"auto\" \/><\/a>\n\t\t\t<\/dt><\/dl><dl class='gallery-item'>\n\t\t\t<dt class='gallery-icon landscape'>\n\t\t\t\t<a data-rel=\"iLightbox[postimages]\" data-title=\"joga retreat u more 4\" data-caption=\"\" href='https:\/\/www.yoga-federation.eu\/wp-content\/uploads\/2015\/09\/Yoga-retreat-4.jpg'><img loading=\"lazy\" decoding=\"async\" width=\"150\" height=\"150\" src=\"https:\/\/www.yoga-federation.eu\/wp-content\/uploads\/2015\/09\/Yoga-retreat-4-150x150.jpg\" class=\"attachment-thumbnail size-thumbnail lazyload\" alt=\"joga retreat u more\" srcset=\"data:image\/svg+xml,%3Csvg%20xmlns%3D%27http%3A%2F%2Fwww.w3.org%2F2000%2Fsvg%27%20width%3D%27960%27%20height%3D%27636%27%20viewBox%3D%270%200%20960%20636%27%3E%3Crect%20width%3D%27960%27%20height%3D%273636%27%20fill-opacity%3D%220%22%2F%3E%3C%2Fsvg%3E\" data-orig-src=\"https:\/\/www.yoga-federation.eu\/wp-content\/uploads\/2015\/09\/Yoga-retreat-4-150x150.jpg\" data-srcset=\"https:\/\/www.yoga-federation.eu\/wp-content\/uploads\/2015\/09\/Yoga-retreat-4-66x66.jpg 66w, https:\/\/www.yoga-federation.eu\/wp-content\/uploads\/2015\/09\/Yoga-retreat-4-150x150.jpg 150w\" data-sizes=\"auto\" \/><\/a>\n\t\t\t<\/dt><\/dl><br style=\"clear: both\" \/>\n\t\t<\/div>\n\n<\/div><div class=\"fusion-clearfix\"><\/div><\/div><\/div><\/div><style type=\"text\/css\">.fusion-fullwidth.fusion-builder-row-1 { overflow:visible; }<\/style><\/div>\n","protected":false},"excerpt":{"rendered":"","protected":false},"author":6,"featured_media":1273,"comment_status":"closed","ping_status":"open","sticky":false,"template":"","format":"standard","meta":{"footnotes":""},"categories":[120,40,50],"tags":[],"class_list":["post-1271","post","type-post","status-publish","format-standard","has-post-thumbnail","hentry","category-joga-tabor","category-uncategorized-cz","category-joga-retreat-u-more"],"yoast_head":"<!-- This site is optimized with the Yoast SEO plugin v27.4 - https:\/\/yoast.com\/product\/yoast-seo-wordpress\/ -->\n<title>J\u00f3ga retreat v \u0158ecku 2015 - Yoga Federation of Europe<\/title>\n<meta name=\"robots\" content=\"index, follow, max-snippet:-1, max-image-preview:large, max-video-preview:-1\" \/>\n<link rel=\"canonical\" href=\"https:\/\/www.yoga-federation.eu\/cz\/joga-retreat-v-recku-2015\/\" \/>\n<meta property=\"og:locale\" content=\"en_US\" \/>\n<meta property=\"og:type\" content=\"article\" \/>\n<meta property=\"og:title\" content=\"J\u00f3ga retreat v \u0158ecku 2015 - Yoga Federation of Europe\" \/>\n<meta property=\"og:url\" content=\"https:\/\/www.yoga-federation.eu\/cz\/joga-retreat-v-recku-2015\/\" \/>\n<meta property=\"og:site_name\" content=\"Yoga Federation of Europe\" \/>\n<meta property=\"article:published_time\" content=\"2015-09-27T21:44:28+00:00\" \/>\n<meta property=\"article:modified_time\" content=\"2023-12-30T22:40:01+00:00\" \/>\n<meta property=\"og:image\" content=\"http:\/\/www.yoga-federation.eu\/wp-content\/uploads\/2016\/08\/joga-retreat-u-more-2015.jpg\" \/>\n\t<meta property=\"og:image:width\" content=\"960\" \/>\n\t<meta property=\"og:image:height\" content=\"636\" \/>\n\t<meta property=\"og:image:type\" content=\"image\/jpeg\" \/>\n<meta name=\"author\" content=\"YFE\" \/>\n<meta name=\"twitter:card\" content=\"summary_large_image\" \/>\n<meta name=\"twitter:label1\" content=\"Written by\" \/>\n\t<meta name=\"twitter:data1\" content=\"YFE\" \/>\n\t<meta name=\"twitter:label2\" content=\"Est. reading time\" \/>\n\t<meta name=\"twitter:data2\" content=\"1 minute\" \/>\n<script type=\"application\/ld+json\" class=\"yoast-schema-graph\">{\"@context\":\"https:\\\/\\\/schema.org\",\"@graph\":[{\"@type\":\"Article\",\"@id\":\"https:\\\/\\\/www.yoga-federation.eu\\\/cz\\\/joga-retreat-v-recku-2015\\\/#article\",\"isPartOf\":{\"@id\":\"https:\\\/\\\/www.yoga-federation.eu\\\/cz\\\/joga-retreat-v-recku-2015\\\/\"},\"author\":{\"name\":\"YFE\",\"@id\":\"https:\\\/\\\/www.yoga-federation.eu\\\/#\\\/schema\\\/person\\\/c70b5a8f7323477f70814bd277cc9105\"},\"headline\":\"J\u00f3ga retreat v \u0158ecku 2015\",\"datePublished\":\"2015-09-27T21:44:28+00:00\",\"dateModified\":\"2023-12-30T22:40:01+00:00\",\"mainEntityOfPage\":{\"@id\":\"https:\\\/\\\/www.yoga-federation.eu\\\/cz\\\/joga-retreat-v-recku-2015\\\/\"},\"wordCount\":272,\"image\":{\"@id\":\"https:\\\/\\\/www.yoga-federation.eu\\\/cz\\\/joga-retreat-v-recku-2015\\\/#primaryimage\"},\"thumbnailUrl\":\"https:\\\/\\\/www.yoga-federation.eu\\\/wp-content\\\/uploads\\\/2016\\\/08\\\/joga-retreat-u-more-2015.jpg\",\"articleSection\":{\"0\":\"j\u00f3ga t\u00e1bor\",\"2\":\"Yoga retreat\"},\"inLanguage\":\"cz-CZ\"},{\"@type\":\"WebPage\",\"@id\":\"https:\\\/\\\/www.yoga-federation.eu\\\/cz\\\/joga-retreat-v-recku-2015\\\/\",\"url\":\"https:\\\/\\\/www.yoga-federation.eu\\\/cz\\\/joga-retreat-v-recku-2015\\\/\",\"name\":\"J\u00f3ga retreat v \u0158ecku 2015 - Yoga Federation of Europe\",\"isPartOf\":{\"@id\":\"https:\\\/\\\/www.yoga-federation.eu\\\/#website\"},\"primaryImageOfPage\":{\"@id\":\"https:\\\/\\\/www.yoga-federation.eu\\\/cz\\\/joga-retreat-v-recku-2015\\\/#primaryimage\"},\"image\":{\"@id\":\"https:\\\/\\\/www.yoga-federation.eu\\\/cz\\\/joga-retreat-v-recku-2015\\\/#primaryimage\"},\"thumbnailUrl\":\"https:\\\/\\\/www.yoga-federation.eu\\\/wp-content\\\/uploads\\\/2016\\\/08\\\/joga-retreat-u-more-2015.jpg\",\"datePublished\":\"2015-09-27T21:44:28+00:00\",\"dateModified\":\"2023-12-30T22:40:01+00:00\",\"author\":{\"@id\":\"https:\\\/\\\/www.yoga-federation.eu\\\/#\\\/schema\\\/person\\\/c70b5a8f7323477f70814bd277cc9105\"},\"breadcrumb\":{\"@id\":\"https:\\\/\\\/www.yoga-federation.eu\\\/cz\\\/joga-retreat-v-recku-2015\\\/#breadcrumb\"},\"inLanguage\":\"cz-CZ\",\"potentialAction\":[{\"@type\":\"ReadAction\",\"target\":[\"https:\\\/\\\/www.yoga-federation.eu\\\/cz\\\/joga-retreat-v-recku-2015\\\/\"]}]},{\"@type\":\"ImageObject\",\"inLanguage\":\"cz-CZ\",\"@id\":\"https:\\\/\\\/www.yoga-federation.eu\\\/cz\\\/joga-retreat-v-recku-2015\\\/#primaryimage\",\"url\":\"https:\\\/\\\/www.yoga-federation.eu\\\/wp-content\\\/uploads\\\/2016\\\/08\\\/joga-retreat-u-more-2015.jpg\",\"contentUrl\":\"https:\\\/\\\/www.yoga-federation.eu\\\/wp-content\\\/uploads\\\/2016\\\/08\\\/joga-retreat-u-more-2015.jpg\",\"width\":960,\"height\":636,\"caption\":\"joga retreat u more 2015, Nikiti\"},{\"@type\":\"BreadcrumbList\",\"@id\":\"https:\\\/\\\/www.yoga-federation.eu\\\/cz\\\/joga-retreat-v-recku-2015\\\/#breadcrumb\",\"itemListElement\":[{\"@type\":\"ListItem\",\"position\":1,\"name\":\"Home\",\"item\":\"https:\\\/\\\/www.yoga-federation.eu\\\/cz\\\/\"},{\"@type\":\"ListItem\",\"position\":2,\"name\":\"J\u00f3ga retreat v \u0158ecku 2015\"}]},{\"@type\":\"WebSite\",\"@id\":\"https:\\\/\\\/www.yoga-federation.eu\\\/#website\",\"url\":\"https:\\\/\\\/www.yoga-federation.eu\\\/\",\"name\":\"Yoga Federation of Europe\",\"description\":\"Yoga in Europe\",\"potentialAction\":[{\"@type\":\"SearchAction\",\"target\":{\"@type\":\"EntryPoint\",\"urlTemplate\":\"https:\\\/\\\/www.yoga-federation.eu\\\/?s={search_term_string}\"},\"query-input\":{\"@type\":\"PropertyValueSpecification\",\"valueRequired\":true,\"valueName\":\"search_term_string\"}}],\"inLanguage\":\"cz-CZ\"},{\"@type\":\"Person\",\"@id\":\"https:\\\/\\\/www.yoga-federation.eu\\\/#\\\/schema\\\/person\\\/c70b5a8f7323477f70814bd277cc9105\",\"name\":\"YFE\",\"image\":{\"@type\":\"ImageObject\",\"inLanguage\":\"cz-CZ\",\"@id\":\"https:\\\/\\\/secure.gravatar.com\\\/avatar\\\/64f6beecfc59c339d337f0a16c80bfc143a5e623923f6f42beb67b25788f3e50?s=96&d=mm&r=g\",\"url\":\"https:\\\/\\\/secure.gravatar.com\\\/avatar\\\/64f6beecfc59c339d337f0a16c80bfc143a5e623923f6f42beb67b25788f3e50?s=96&d=mm&r=g\",\"contentUrl\":\"https:\\\/\\\/secure.gravatar.com\\\/avatar\\\/64f6beecfc59c339d337f0a16c80bfc143a5e623923f6f42beb67b25788f3e50?s=96&d=mm&r=g\",\"caption\":\"YFE\"},\"url\":\"https:\\\/\\\/www.yoga-federation.eu\\\/cz\\\/author\\\/ana\\\/\"}]}<\/script>\n<!-- \/ Yoast SEO plugin. -->","yoast_head_json":{"title":"J\u00f3ga retreat v \u0158ecku 2015 - Yoga Federation of Europe","robots":{"index":"index","follow":"follow","max-snippet":"max-snippet:-1","max-image-preview":"max-image-preview:large","max-video-preview":"max-video-preview:-1"},"canonical":"https:\/\/www.yoga-federation.eu\/cz\/joga-retreat-v-recku-2015\/","og_locale":"en_US","og_type":"article","og_title":"J\u00f3ga retreat v \u0158ecku 2015 - Yoga Federation of Europe","og_url":"https:\/\/www.yoga-federation.eu\/cz\/joga-retreat-v-recku-2015\/","og_site_name":"Yoga Federation of Europe","article_published_time":"2015-09-27T21:44:28+00:00","article_modified_time":"2023-12-30T22:40:01+00:00","og_image":[{"width":960,"height":636,"url":"http:\/\/www.yoga-federation.eu\/wp-content\/uploads\/2016\/08\/joga-retreat-u-more-2015.jpg","type":"image\/jpeg"}],"author":"YFE","twitter_card":"summary_large_image","twitter_misc":{"Written by":"YFE","Est. reading time":"1 minute"},"schema":{"@context":"https:\/\/schema.org","@graph":[{"@type":"Article","@id":"https:\/\/www.yoga-federation.eu\/cz\/joga-retreat-v-recku-2015\/#article","isPartOf":{"@id":"https:\/\/www.yoga-federation.eu\/cz\/joga-retreat-v-recku-2015\/"},"author":{"name":"YFE","@id":"https:\/\/www.yoga-federation.eu\/#\/schema\/person\/c70b5a8f7323477f70814bd277cc9105"},"headline":"J\u00f3ga retreat v \u0158ecku 2015","datePublished":"2015-09-27T21:44:28+00:00","dateModified":"2023-12-30T22:40:01+00:00","mainEntityOfPage":{"@id":"https:\/\/www.yoga-federation.eu\/cz\/joga-retreat-v-recku-2015\/"},"wordCount":272,"image":{"@id":"https:\/\/www.yoga-federation.eu\/cz\/joga-retreat-v-recku-2015\/#primaryimage"},"thumbnailUrl":"https:\/\/www.yoga-federation.eu\/wp-content\/uploads\/2016\/08\/joga-retreat-u-more-2015.jpg","articleSection":{"0":"j\u00f3ga t\u00e1bor","2":"Yoga retreat"},"inLanguage":"cz-CZ"},{"@type":"WebPage","@id":"https:\/\/www.yoga-federation.eu\/cz\/joga-retreat-v-recku-2015\/","url":"https:\/\/www.yoga-federation.eu\/cz\/joga-retreat-v-recku-2015\/","name":"J\u00f3ga retreat v \u0158ecku 2015 - Yoga Federation of Europe","isPartOf":{"@id":"https:\/\/www.yoga-federation.eu\/#website"},"primaryImageOfPage":{"@id":"https:\/\/www.yoga-federation.eu\/cz\/joga-retreat-v-recku-2015\/#primaryimage"},"image":{"@id":"https:\/\/www.yoga-federation.eu\/cz\/joga-retreat-v-recku-2015\/#primaryimage"},"thumbnailUrl":"https:\/\/www.yoga-federation.eu\/wp-content\/uploads\/2016\/08\/joga-retreat-u-more-2015.jpg","datePublished":"2015-09-27T21:44:28+00:00","dateModified":"2023-12-30T22:40:01+00:00","author":{"@id":"https:\/\/www.yoga-federation.eu\/#\/schema\/person\/c70b5a8f7323477f70814bd277cc9105"},"breadcrumb":{"@id":"https:\/\/www.yoga-federation.eu\/cz\/joga-retreat-v-recku-2015\/#breadcrumb"},"inLanguage":"cz-CZ","potentialAction":[{"@type":"ReadAction","target":["https:\/\/www.yoga-federation.eu\/cz\/joga-retreat-v-recku-2015\/"]}]},{"@type":"ImageObject","inLanguage":"cz-CZ","@id":"https:\/\/www.yoga-federation.eu\/cz\/joga-retreat-v-recku-2015\/#primaryimage","url":"https:\/\/www.yoga-federation.eu\/wp-content\/uploads\/2016\/08\/joga-retreat-u-more-2015.jpg","contentUrl":"https:\/\/www.yoga-federation.eu\/wp-content\/uploads\/2016\/08\/joga-retreat-u-more-2015.jpg","width":960,"height":636,"caption":"joga retreat u more 2015, Nikiti"},{"@type":"BreadcrumbList","@id":"https:\/\/www.yoga-federation.eu\/cz\/joga-retreat-v-recku-2015\/#breadcrumb","itemListElement":[{"@type":"ListItem","position":1,"name":"Home","item":"https:\/\/www.yoga-federation.eu\/cz\/"},{"@type":"ListItem","position":2,"name":"J\u00f3ga retreat v \u0158ecku 2015"}]},{"@type":"WebSite","@id":"https:\/\/www.yoga-federation.eu\/#website","url":"https:\/\/www.yoga-federation.eu\/","name":"Yoga Federation of Europe","description":"Yoga in Europe","potentialAction":[{"@type":"SearchAction","target":{"@type":"EntryPoint","urlTemplate":"https:\/\/www.yoga-federation.eu\/?s={search_term_string}"},"query-input":{"@type":"PropertyValueSpecification","valueRequired":true,"valueName":"search_term_string"}}],"inLanguage":"cz-CZ"},{"@type":"Person","@id":"https:\/\/www.yoga-federation.eu\/#\/schema\/person\/c70b5a8f7323477f70814bd277cc9105","name":"YFE","image":{"@type":"ImageObject","inLanguage":"cz-CZ","@id":"https:\/\/secure.gravatar.com\/avatar\/64f6beecfc59c339d337f0a16c80bfc143a5e623923f6f42beb67b25788f3e50?s=96&d=mm&r=g","url":"https:\/\/secure.gravatar.com\/avatar\/64f6beecfc59c339d337f0a16c80bfc143a5e623923f6f42beb67b25788f3e50?s=96&d=mm&r=g","contentUrl":"https:\/\/secure.gravatar.com\/avatar\/64f6beecfc59c339d337f0a16c80bfc143a5e623923f6f42beb67b25788f3e50?s=96&d=mm&r=g","caption":"YFE"},"url":"https:\/\/www.yoga-federation.eu\/cz\/author\/ana\/"}]}},"_links":{"self":[{"href":"https:\/\/www.yoga-federation.eu\/cz\/wp-json\/wp\/v2\/posts\/1271","targetHints":{"allow":["GET"]}}],"collection":[{"href":"https:\/\/www.yoga-federation.eu\/cz\/wp-json\/wp\/v2\/posts"}],"about":[{"href":"https:\/\/www.yoga-federation.eu\/cz\/wp-json\/wp\/v2\/types\/post"}],"author":[{"embeddable":true,"href":"https:\/\/www.yoga-federation.eu\/cz\/wp-json\/wp\/v2\/users\/6"}],"replies":[{"embeddable":true,"href":"https:\/\/www.yoga-federation.eu\/cz\/wp-json\/wp\/v2\/comments?post=1271"}],"version-history":[{"count":0,"href":"https:\/\/www.yoga-federation.eu\/cz\/wp-json\/wp\/v2\/posts\/1271\/revisions"}],"wp:featuredmedia":[{"embeddable":true,"href":"https:\/\/www.yoga-federation.eu\/cz\/wp-json\/wp\/v2\/media\/1273"}],"wp:attachment":[{"href":"https:\/\/www.yoga-federation.eu\/cz\/wp-json\/wp\/v2\/media?parent=1271"}],"wp:term":[{"taxonomy":"category","embeddable":true,"href":"https:\/\/www.yoga-federation.eu\/cz\/wp-json\/wp\/v2\/categories?post=1271"},{"taxonomy":"post_tag","embeddable":true,"href":"https:\/\/www.yoga-federation.eu\/cz\/wp-json\/wp\/v2\/tags?post=1271"}],"curies":[{"name":"wp","href":"https:\/\/api.w.org\/{rel}","templated":true}]}}