{"id":1115,"date":"2017-06-24T23:33:44","date_gmt":"2017-06-24T23:33:44","guid":{"rendered":"https:\/\/www.yoga-federation.eu\/cz\/?p=1115"},"modified":"2024-01-07T08:10:53","modified_gmt":"2024-01-07T08:10:53","slug":"vzdelavaci-program-instruktor-jogy-zapis-probyha","status":"publish","type":"post","link":"https:\/\/www.yoga-federation.eu\/cz\/vzdelavaci-program-instruktor-jogy-zapis-probyha\/","title":{"rendered":"Vzd\u011bl\u00e1vac\u00ed program Instruktor j\u00f3gy &#8211; z\u00e1pis prob\u00edh\u00e1"},"content":{"rendered":"<div class=\"fusion-fullwidth fullwidth-box fusion-builder-row-1 hundred-percent-fullwidth non-hundred-percent-height-scrolling\" style=\"background-color: rgba(255,255,255,0);background-position: center center;background-repeat: no-repeat;padding-top:0px;padding-right:0px;padding-bottom:0px;padding-left:0px;margin-bottom: 0px;margin-top: 0px;border-width: 0px 0px 0px 0px;border-color:#eae9e9;border-style:solid;\" ><div class=\"fusion-builder-row fusion-row\"><div class=\"fusion-layout-column fusion_builder_column fusion-builder-column-0 fusion_builder_column_1_1 1_1 fusion-one-full fusion-column-first fusion-column-last fusion-column-no-min-height\" style=\"margin-top:0px;margin-bottom:0px;\"><div class=\"fusion-column-wrapper fusion-flex-column-wrapper-legacy\" style=\"background-position:left top;background-repeat:no-repeat;-webkit-background-size:cover;-moz-background-size:cover;-o-background-size:cover;background-size:cover;padding: 0px 0px 0px 0px;\"><div class=\"fusion-text fusion-text-1\"><p style=\"text-align: justify;\">Akreditovan\u00fd program v\u00fduky pro instruktory j\u00f3gy (Vzd\u011bl\u00e1vac\u00ed program Instruktor j\u00f3gy) zahrnuje 200 hodin a trv\u00e1 4 m\u011bs\u00edc\u016f.<\/p>\n<p>Vzd\u011bl\u00e1vac\u00ed program Instruktor j\u00f3gy je rekvalifika\u010dn\u00ed.<\/p>\n<p><strong>Term\u00edn nejbli\u017e\u0161\u00edho kurzu: \u00fanor 2024<\/strong><\/p>\n<p>Info: yoga.yfe@gmail.com<\/p>\n<\/div><div class=\"fusion-video fusion-youtube\" style=\"max-width:765px;max-height:460px;\"><div class=\"video-shortcode\"><iframe loading=\"lazy\" title=\"YouTube video player\" src=\"https:\/\/www.youtube.com\/embed\/xJLqMO_pW08?wmode=transparent&autoplay=0\" width=\"765\" height=\"460\" allowfullscreen allow=\"autoplay; fullscreen\"><\/iframe><\/div><\/div><div class=\"fusion-text fusion-text-2\"><h3><strong>Obsah kurzu\u00a0Instruktor j\u00f3gy<\/strong><\/h3>\n<p style=\"text-align: justify;\">V\u00fduka student\u016f zahrnuje v\u0161eobecn\u00e9 p\u0159edm\u011bty (obecn\u00e1 \u010d\u00e1st) a \u00fazce specializovan\u00e9 p\u0159edm\u011bty a p\u0159edn\u00e1\u0161ky o filozofii j\u00f3gy, psychologii j\u00f3gy, metodice v\u00fduky j\u00f3gy, teorii j\u00f3gy a praxi j\u00f3gy. Program v\u00fduky pro instruktory j\u00f3gy (Vzd\u011bl\u00e1vac\u00ed program Instruktor j\u00f3gy) prob\u00edh\u00e1 v souladu s mezin\u00e1rodn\u00edmi standardy. Program v\u00fduky pro instruktory j\u00f3gy byl schv\u00e1len p\u0159\u00edslu\u0161n\u00fdm ministerstvem (rozhodnut\u00ed \u010d. 28912\/2022-2). Program realizuje <a href=\"http:\/\/www.yoga-ac.eu\/\" target=\"_blank\" rel=\"noopener noreferrer\">International Yoga Academy<\/a>. Po absolvov\u00e1n\u00ed vzd\u011bl\u00e1vac\u00edho programu, student obdr\u017e\u00ed Certifik\u00e1t o absolvov\u00e1n\u00ed kurzu j\u00f3gy 200 hodin.<\/p>\n<p><a href=\"https:\/\/www.yoga-federation.eu\/wp-content\/uploads\/2017\/06\/kurz-instruktor-jogy-2018.jpg\"><img loading=\"lazy\" decoding=\"async\" class=\"lazyload aligncenter wp-image-3541 size-800\" src=\"https:\/\/www.yoga-federation.eu\/wp-content\/uploads\/2017\/06\/kurz-instruktor-jogy-2018-800x498.jpg\" data-orig-src=\"https:\/\/www.yoga-federation.eu\/wp-content\/uploads\/2017\/06\/kurz-instruktor-jogy-2018-800x498.jpg\" alt=\"kurz instruktor jogy\" width=\"800\" height=\"498\" srcset=\"data:image\/svg+xml,%3Csvg%20xmlns%3D%27http%3A%2F%2Fwww.w3.org%2F2000%2Fsvg%27%20width%3D%27800%27%20height%3D%27498%27%20viewBox%3D%270%200%20800%20498%27%3E%3Crect%20width%3D%27800%27%20height%3D%273498%27%20fill-opacity%3D%220%22%2F%3E%3C%2Fsvg%3E\" data-srcset=\"https:\/\/www.yoga-federation.eu\/wp-content\/uploads\/2017\/06\/kurz-instruktor-jogy-2018-200x125.jpg 200w, https:\/\/www.yoga-federation.eu\/wp-content\/uploads\/2017\/06\/kurz-instruktor-jogy-2018-300x187.jpg 300w, https:\/\/www.yoga-federation.eu\/wp-content\/uploads\/2017\/06\/kurz-instruktor-jogy-2018-400x249.jpg 400w, https:\/\/www.yoga-federation.eu\/wp-content\/uploads\/2017\/06\/kurz-instruktor-jogy-2018-600x374.jpg 600w, https:\/\/www.yoga-federation.eu\/wp-content\/uploads\/2017\/06\/kurz-instruktor-jogy-2018-768x478.jpg 768w, https:\/\/www.yoga-federation.eu\/wp-content\/uploads\/2017\/06\/kurz-instruktor-jogy-2018-800x498.jpg 800w, https:\/\/www.yoga-federation.eu\/wp-content\/uploads\/2017\/06\/kurz-instruktor-jogy-2018-1024x637.jpg 1024w, https:\/\/www.yoga-federation.eu\/wp-content\/uploads\/2017\/06\/kurz-instruktor-jogy-2018-1200x747.jpg 1200w, https:\/\/www.yoga-federation.eu\/wp-content\/uploads\/2017\/06\/kurz-instruktor-jogy-2018.jpg 1600w\" data-sizes=\"auto\" data-orig-sizes=\"auto, (max-width: 800px) 100vw, 800px\" \/><\/a><\/p>\n<h3><strong>Co po \u00fasp\u011b\u0161n\u00e9m ukon\u010den\u00ed vzd\u011bl\u00e1vac\u00edho programu Instruktor j\u00f3gy?<\/strong><\/h3>\n<p style=\"text-align: justify;\">Po ukon\u010den\u00ed programu odborn\u00e9ho v\u00fdcviku instruktora j\u00f3gy se z\u00edsk\u00e1v\u00e1 osv\u011bd\u010den\u00ed a mo\u017enost pracovat jako instruktor j\u00f3gy. S \u00fasp\u011b\u0161n\u011b absolvovan\u00fdm kurzem Evropsk\u00e9 federace j\u00f3gy na\u0161i instrukto\u0159i j\u00f3gy otev\u00edraj\u00ed a \u00fasp\u011b\u0161n\u011b vedou sv\u00e9 j\u00f3gov\u00e9 studia po cel\u00e9 Evrop\u011b a ve sv\u011bt\u011b. Instrukto\u0159i j\u00f3gy maj\u00ed mo\u017enost z\u00fa\u010dastnit se p\u0159edstaven\u00ed j\u00f3gy, st\u00e1t se \u010dleny Mezin\u00e1rodn\u00ed spole\u010dnosti pro mezidisciplin\u00e1rn\u00ed v\u00fdzkum v oblasti j\u00f3gy, stejn\u011b jako mo\u017enost st\u00e1t se \u010dleny \u010cesk\u00e9 federace j\u00f3gy a YFE. J\u00f3ga kempy se organizuj\u00ed ka\u017ed\u00fd rok jako forma kontinu\u00e1ln\u00ed v\u00fduky pro instruktory j\u00f3gy.\u00a0Pro v\u0161ichni na\u0161i instrukto\u0159i j\u00f3gy je k dispozici bezplatn\u00e1 poradensk\u00e1 slu\u017eba pro mezin\u00e1rodn\u00ed uzn\u00e1n\u00ed z\u00edskan\u00e9ho certifik\u00e1tu. V\u0161ichni, kte\u0159\u00ed pl\u00e1nuj\u00ed pracovat v jin\u00e9 zemi, by se m\u011bli obr\u00e1tit na na\u0161i slu\u017ebu.<\/p>\n<p style=\"text-align: justify;\">Akademick\u00fd p\u0159\u00edstup j\u00f3ze se op\u00edr\u00e1 o p\u016fvodn\u00ed spisy velk\u00fdch autorit: J\u00f3ga s\u00fatra od Patanjdaliho, Upani\u0161ady, Hatha j\u00f3ga Prad\u00edpik\u00e1, Gheranda Samhita, kte\u0159\u00ed pohl\u00ed\u017eej\u00ed na j\u00f3gu jako na discipl\u00ednu vlastn\u00edho rozvoje. Bereme v \u00favahu a rozv\u00edj\u00edme r\u016fznorodost, a proto m\u00e1me studenty r\u016fzn\u00fdch ras, n\u00e1bo\u017eenstv\u00ed a st\u00e1\u0159\u00ed. Teorie j\u00f3gy a praxe j\u00f3gy se studuj\u00ed podrobn\u011b od sam\u00e9ho po\u010d\u00e1tku, tak\u017ee p\u0159edchoz\u00ed znalosti nejsou nutn\u00e9. Studenti se u\u010d\u00ed, jak d\u00e1t obsah sv\u00e9mu \u017eivotu, jak ho obohatit. U\u010d\u00ed se o konceptu Jivamukti, jak integrovat svobodu a osvobodit se od v\u0161ech spojen\u00ed a p\u0159ibl\u00ed\u017eit se konceptu: \u201e\u017dij v l\u00e1sce a \u010di\u0148 dobr\u00e9 skutky\u201d.<\/p>\n<p style=\"text-align: justify;\">Cena zahrnuje: \u0161koln\u00e9 (teoretick\u00e1 a praktick\u00e1 v\u00fduka), studijn\u00ed materi\u00e1ly (video- a textov\u00e9 materi\u00e1ly, literatura) a\u00a0Osv\u011bd\u010den\u00ed (certifik\u00e1t). M\u016f\u017eete z\u00edskat, krom\u011b certifik\u00e1tu v \u010de\u0161tin\u011b tak\u00e9 certifik\u00e1t v ciz\u00edm jazyce (cizojazy\u010dn\u00e9 certifik\u00e1ty jsou za p\u0159\u00edplatek).<\/p>\n<p style=\"text-align: justify;\">Pro dal\u0161\u00ed informace n\u00e1s, pros\u00edm, kontaktujte prost\u0159ednictv\u00edm e-mailu yoga.yfe@gmail.com nebo na telefonn\u00ed \u010d\u00edslo 608 212 949.<\/p>\n<p><a href=\"https:\/\/www.yoga-federation.eu\/wp-content\/uploads\/2017\/06\/kurz-instruktor-jogy.jpg\"><img loading=\"lazy\" decoding=\"async\" class=\"lazyload aligncenter wp-image-3544 size-800\" src=\"https:\/\/www.yoga-federation.eu\/wp-content\/uploads\/2017\/06\/kurz-instruktor-jogy-800x512.jpg\" data-orig-src=\"https:\/\/www.yoga-federation.eu\/wp-content\/uploads\/2017\/06\/kurz-instruktor-jogy-800x512.jpg\" alt=\"kurz instruktor jogy\" width=\"800\" height=\"512\" srcset=\"data:image\/svg+xml,%3Csvg%20xmlns%3D%27http%3A%2F%2Fwww.w3.org%2F2000%2Fsvg%27%20width%3D%27800%27%20height%3D%27512%27%20viewBox%3D%270%200%20800%20512%27%3E%3Crect%20width%3D%27800%27%20height%3D%273512%27%20fill-opacity%3D%220%22%2F%3E%3C%2Fsvg%3E\" data-srcset=\"https:\/\/www.yoga-federation.eu\/wp-content\/uploads\/2017\/06\/kurz-instruktor-jogy-200x128.jpg 200w, https:\/\/www.yoga-federation.eu\/wp-content\/uploads\/2017\/06\/kurz-instruktor-jogy-300x192.jpg 300w, https:\/\/www.yoga-federation.eu\/wp-content\/uploads\/2017\/06\/kurz-instruktor-jogy-400x256.jpg 400w, https:\/\/www.yoga-federation.eu\/wp-content\/uploads\/2017\/06\/kurz-instruktor-jogy-460x295.jpg 460w, https:\/\/www.yoga-federation.eu\/wp-content\/uploads\/2017\/06\/kurz-instruktor-jogy-600x384.jpg 600w, https:\/\/www.yoga-federation.eu\/wp-content\/uploads\/2017\/06\/kurz-instruktor-jogy-768x491.jpg 768w, https:\/\/www.yoga-federation.eu\/wp-content\/uploads\/2017\/06\/kurz-instruktor-jogy-800x512.jpg 800w, https:\/\/www.yoga-federation.eu\/wp-content\/uploads\/2017\/06\/kurz-instruktor-jogy.jpg 969w\" data-sizes=\"auto\" data-orig-sizes=\"auto, (max-width: 800px) 100vw, 800px\" \/><\/a><\/p>\n<\/div><div class=\"fusion-video fusion-youtube\" style=\"max-width:765px;max-height:460px;\"><div class=\"video-shortcode\"><iframe loading=\"lazy\" title=\"YouTube video player\" src=\"https:\/\/www.youtube.com\/embed\/7-49s2ojbhw?wmode=transparent&autoplay=0\" width=\"765\" height=\"460\" allowfullscreen allow=\"autoplay; fullscreen\"><\/iframe><\/div><\/div><div class=\"fusion-clearfix\"><\/div><\/div><\/div><\/div><style type=\"text\/css\">.fusion-fullwidth.fusion-builder-row-1 { overflow:visible; }<\/style><\/div>\n","protected":false},"excerpt":{"rendered":"","protected":false},"author":4,"featured_media":1874,"comment_status":"closed","ping_status":"open","sticky":false,"template":"","format":"standard","meta":{"footnotes":""},"categories":[40,48],"tags":[],"class_list":["post-1115","post","type-post","status-publish","format-standard","has-post-thumbnail","hentry","category-uncategorized-cz","category-vzdelavani"],"yoast_head":"<!-- This site is optimized with the Yoast SEO plugin v27.4 - https:\/\/yoast.com\/product\/yoast-seo-wordpress\/ -->\n<title>Vzd\u011bl\u00e1vac\u00ed program Instruktor j\u00f3gy<\/title>\n<meta name=\"description\" content=\"Vzd\u011bl\u00e1vac\u00ed program Instruktor j\u00f3gy prob\u00edh\u00e1 v souladu s mezin\u00e1rodn\u00edmi standardy a pod profesion\u00e1ln\u00edm veden\u00edm prof. dr. Predraga Niki\u0107e mezin\u00e1rodn\u00edho mistra j\u00f3gy\" \/>\n<meta name=\"robots\" content=\"index, follow, max-snippet:-1, max-image-preview:large, max-video-preview:-1\" \/>\n<link rel=\"canonical\" href=\"https:\/\/www.yoga-federation.eu\/cz\/vzdelavaci-program-instruktor-jogy-zapis-probyha\/\" \/>\n<meta property=\"og:locale\" content=\"en_US\" \/>\n<meta property=\"og:type\" content=\"article\" \/>\n<meta property=\"og:title\" content=\"Vzd\u011bl\u00e1vac\u00ed program Instruktor j\u00f3gy\" \/>\n<meta property=\"og:description\" content=\"Vzd\u011bl\u00e1vac\u00ed program Instruktor j\u00f3gy prob\u00edh\u00e1 v souladu s mezin\u00e1rodn\u00edmi standardy a pod profesion\u00e1ln\u00edm veden\u00edm prof. dr. Predraga Niki\u0107e mezin\u00e1rodn\u00edho mistra j\u00f3gy\" \/>\n<meta property=\"og:url\" content=\"https:\/\/www.yoga-federation.eu\/cz\/vzdelavaci-program-instruktor-jogy-zapis-probyha\/\" \/>\n<meta property=\"og:site_name\" content=\"Yoga Federation of Europe\" \/>\n<meta property=\"article:published_time\" content=\"2017-06-24T23:33:44+00:00\" \/>\n<meta property=\"article:modified_time\" content=\"2024-01-07T08:10:53+00:00\" \/>\n<meta property=\"og:image\" content=\"http:\/\/www.yoga-federation.eu\/wp-content\/uploads\/2016\/08\/Vzdelavaci-program-Instruktor-jogy-\u2013-zapis-prob\u00edha.jpg\" \/>\n\t<meta property=\"og:image:width\" content=\"1600\" \/>\n\t<meta property=\"og:image:height\" content=\"844\" \/>\n\t<meta property=\"og:image:type\" content=\"image\/jpeg\" \/>\n<meta name=\"author\" content=\"YFE\" \/>\n<meta name=\"twitter:card\" content=\"summary_large_image\" \/>\n<meta name=\"twitter:label1\" content=\"Written by\" \/>\n\t<meta name=\"twitter:data1\" content=\"YFE\" \/>\n\t<meta name=\"twitter:label2\" content=\"Est. reading time\" \/>\n\t<meta name=\"twitter:data2\" content=\"3 minutes\" \/>\n<script type=\"application\/ld+json\" class=\"yoast-schema-graph\">{\"@context\":\"https:\\\/\\\/schema.org\",\"@graph\":[{\"@type\":\"Article\",\"@id\":\"https:\\\/\\\/www.yoga-federation.eu\\\/cz\\\/vzdelavaci-program-instruktor-jogy-zapis-probyha\\\/#article\",\"isPartOf\":{\"@id\":\"https:\\\/\\\/www.yoga-federation.eu\\\/cz\\\/vzdelavaci-program-instruktor-jogy-zapis-probyha\\\/\"},\"author\":{\"name\":\"YFE\",\"@id\":\"https:\\\/\\\/www.yoga-federation.eu\\\/#\\\/schema\\\/person\\\/e372983a06709c6692f084a24f39ebbf\"},\"headline\":\"Vzd\u011bl\u00e1vac\u00ed program Instruktor j\u00f3gy &#8211; z\u00e1pis prob\u00edh\u00e1\",\"datePublished\":\"2017-06-24T23:33:44+00:00\",\"dateModified\":\"2024-01-07T08:10:53+00:00\",\"mainEntityOfPage\":{\"@id\":\"https:\\\/\\\/www.yoga-federation.eu\\\/cz\\\/vzdelavaci-program-instruktor-jogy-zapis-probyha\\\/\"},\"wordCount\":809,\"image\":{\"@id\":\"https:\\\/\\\/www.yoga-federation.eu\\\/cz\\\/vzdelavaci-program-instruktor-jogy-zapis-probyha\\\/#primaryimage\"},\"thumbnailUrl\":\"https:\\\/\\\/www.yoga-federation.eu\\\/wp-content\\\/uploads\\\/2016\\\/08\\\/Vzdelavaci-program-Instruktor-jogy-\u2013-zapis-prob\u00edha.jpg\",\"articleSection\":{\"1\":\"Vzd\u011bl\u00e1v\u00e1n\u00ed\"},\"inLanguage\":\"cz-CZ\"},{\"@type\":\"WebPage\",\"@id\":\"https:\\\/\\\/www.yoga-federation.eu\\\/cz\\\/vzdelavaci-program-instruktor-jogy-zapis-probyha\\\/\",\"url\":\"https:\\\/\\\/www.yoga-federation.eu\\\/cz\\\/vzdelavaci-program-instruktor-jogy-zapis-probyha\\\/\",\"name\":\"Vzd\u011bl\u00e1vac\u00ed program Instruktor j\u00f3gy\",\"isPartOf\":{\"@id\":\"https:\\\/\\\/www.yoga-federation.eu\\\/#website\"},\"primaryImageOfPage\":{\"@id\":\"https:\\\/\\\/www.yoga-federation.eu\\\/cz\\\/vzdelavaci-program-instruktor-jogy-zapis-probyha\\\/#primaryimage\"},\"image\":{\"@id\":\"https:\\\/\\\/www.yoga-federation.eu\\\/cz\\\/vzdelavaci-program-instruktor-jogy-zapis-probyha\\\/#primaryimage\"},\"thumbnailUrl\":\"https:\\\/\\\/www.yoga-federation.eu\\\/wp-content\\\/uploads\\\/2016\\\/08\\\/Vzdelavaci-program-Instruktor-jogy-\u2013-zapis-prob\u00edha.jpg\",\"datePublished\":\"2017-06-24T23:33:44+00:00\",\"dateModified\":\"2024-01-07T08:10:53+00:00\",\"author\":{\"@id\":\"https:\\\/\\\/www.yoga-federation.eu\\\/#\\\/schema\\\/person\\\/e372983a06709c6692f084a24f39ebbf\"},\"description\":\"Vzd\u011bl\u00e1vac\u00ed program Instruktor j\u00f3gy prob\u00edh\u00e1 v souladu s mezin\u00e1rodn\u00edmi standardy a pod profesion\u00e1ln\u00edm veden\u00edm prof. dr. Predraga Niki\u0107e mezin\u00e1rodn\u00edho mistra j\u00f3gy\",\"breadcrumb\":{\"@id\":\"https:\\\/\\\/www.yoga-federation.eu\\\/cz\\\/vzdelavaci-program-instruktor-jogy-zapis-probyha\\\/#breadcrumb\"},\"inLanguage\":\"cz-CZ\",\"potentialAction\":[{\"@type\":\"ReadAction\",\"target\":[\"https:\\\/\\\/www.yoga-federation.eu\\\/cz\\\/vzdelavaci-program-instruktor-jogy-zapis-probyha\\\/\"]}]},{\"@type\":\"ImageObject\",\"inLanguage\":\"cz-CZ\",\"@id\":\"https:\\\/\\\/www.yoga-federation.eu\\\/cz\\\/vzdelavaci-program-instruktor-jogy-zapis-probyha\\\/#primaryimage\",\"url\":\"https:\\\/\\\/www.yoga-federation.eu\\\/wp-content\\\/uploads\\\/2016\\\/08\\\/Vzdelavaci-program-Instruktor-jogy-\u2013-zapis-prob\u00edha.jpg\",\"contentUrl\":\"https:\\\/\\\/www.yoga-federation.eu\\\/wp-content\\\/uploads\\\/2016\\\/08\\\/Vzdelavaci-program-Instruktor-jogy-\u2013-zapis-prob\u00edha.jpg\",\"width\":1600,\"height\":844,\"caption\":\"Vzdelavaci program Instruktor jogy\"},{\"@type\":\"BreadcrumbList\",\"@id\":\"https:\\\/\\\/www.yoga-federation.eu\\\/cz\\\/vzdelavaci-program-instruktor-jogy-zapis-probyha\\\/#breadcrumb\",\"itemListElement\":[{\"@type\":\"ListItem\",\"position\":1,\"name\":\"Home\",\"item\":\"https:\\\/\\\/www.yoga-federation.eu\\\/cz\\\/\"},{\"@type\":\"ListItem\",\"position\":2,\"name\":\"Vzd\u011bl\u00e1vac\u00ed program Instruktor j\u00f3gy &#8211; z\u00e1pis prob\u00edh\u00e1\"}]},{\"@type\":\"WebSite\",\"@id\":\"https:\\\/\\\/www.yoga-federation.eu\\\/#website\",\"url\":\"https:\\\/\\\/www.yoga-federation.eu\\\/\",\"name\":\"Yoga Federation of Europe\",\"description\":\"Yoga in Europe\",\"potentialAction\":[{\"@type\":\"SearchAction\",\"target\":{\"@type\":\"EntryPoint\",\"urlTemplate\":\"https:\\\/\\\/www.yoga-federation.eu\\\/?s={search_term_string}\"},\"query-input\":{\"@type\":\"PropertyValueSpecification\",\"valueRequired\":true,\"valueName\":\"search_term_string\"}}],\"inLanguage\":\"cz-CZ\"},{\"@type\":\"Person\",\"@id\":\"https:\\\/\\\/www.yoga-federation.eu\\\/#\\\/schema\\\/person\\\/e372983a06709c6692f084a24f39ebbf\",\"name\":\"YFE\",\"image\":{\"@type\":\"ImageObject\",\"inLanguage\":\"cz-CZ\",\"@id\":\"https:\\\/\\\/secure.gravatar.com\\\/avatar\\\/6b6a148860276be2efac40913189ce2b156d83df6c1aba6e3f88e23bd5dce741?s=96&d=mm&r=g\",\"url\":\"https:\\\/\\\/secure.gravatar.com\\\/avatar\\\/6b6a148860276be2efac40913189ce2b156d83df6c1aba6e3f88e23bd5dce741?s=96&d=mm&r=g\",\"contentUrl\":\"https:\\\/\\\/secure.gravatar.com\\\/avatar\\\/6b6a148860276be2efac40913189ce2b156d83df6c1aba6e3f88e23bd5dce741?s=96&d=mm&r=g\",\"caption\":\"YFE\"},\"url\":\"https:\\\/\\\/www.yoga-federation.eu\\\/cz\\\/author\\\/ivan\\\/\"}]}<\/script>\n<!-- \/ Yoast SEO plugin. -->","yoast_head_json":{"title":"Vzd\u011bl\u00e1vac\u00ed program Instruktor j\u00f3gy","description":"Vzd\u011bl\u00e1vac\u00ed program Instruktor j\u00f3gy prob\u00edh\u00e1 v souladu s mezin\u00e1rodn\u00edmi standardy a pod profesion\u00e1ln\u00edm veden\u00edm prof. dr. Predraga Niki\u0107e mezin\u00e1rodn\u00edho mistra j\u00f3gy","robots":{"index":"index","follow":"follow","max-snippet":"max-snippet:-1","max-image-preview":"max-image-preview:large","max-video-preview":"max-video-preview:-1"},"canonical":"https:\/\/www.yoga-federation.eu\/cz\/vzdelavaci-program-instruktor-jogy-zapis-probyha\/","og_locale":"en_US","og_type":"article","og_title":"Vzd\u011bl\u00e1vac\u00ed program Instruktor j\u00f3gy","og_description":"Vzd\u011bl\u00e1vac\u00ed program Instruktor j\u00f3gy prob\u00edh\u00e1 v souladu s mezin\u00e1rodn\u00edmi standardy a pod profesion\u00e1ln\u00edm veden\u00edm prof. dr. Predraga Niki\u0107e mezin\u00e1rodn\u00edho mistra j\u00f3gy","og_url":"https:\/\/www.yoga-federation.eu\/cz\/vzdelavaci-program-instruktor-jogy-zapis-probyha\/","og_site_name":"Yoga Federation of Europe","article_published_time":"2017-06-24T23:33:44+00:00","article_modified_time":"2024-01-07T08:10:53+00:00","og_image":[{"width":1600,"height":844,"url":"http:\/\/www.yoga-federation.eu\/wp-content\/uploads\/2016\/08\/Vzdelavaci-program-Instruktor-jogy-\u2013-zapis-prob\u00edha.jpg","type":"image\/jpeg"}],"author":"YFE","twitter_card":"summary_large_image","twitter_misc":{"Written by":"YFE","Est. reading time":"3 minutes"},"schema":{"@context":"https:\/\/schema.org","@graph":[{"@type":"Article","@id":"https:\/\/www.yoga-federation.eu\/cz\/vzdelavaci-program-instruktor-jogy-zapis-probyha\/#article","isPartOf":{"@id":"https:\/\/www.yoga-federation.eu\/cz\/vzdelavaci-program-instruktor-jogy-zapis-probyha\/"},"author":{"name":"YFE","@id":"https:\/\/www.yoga-federation.eu\/#\/schema\/person\/e372983a06709c6692f084a24f39ebbf"},"headline":"Vzd\u011bl\u00e1vac\u00ed program Instruktor j\u00f3gy &#8211; z\u00e1pis prob\u00edh\u00e1","datePublished":"2017-06-24T23:33:44+00:00","dateModified":"2024-01-07T08:10:53+00:00","mainEntityOfPage":{"@id":"https:\/\/www.yoga-federation.eu\/cz\/vzdelavaci-program-instruktor-jogy-zapis-probyha\/"},"wordCount":809,"image":{"@id":"https:\/\/www.yoga-federation.eu\/cz\/vzdelavaci-program-instruktor-jogy-zapis-probyha\/#primaryimage"},"thumbnailUrl":"https:\/\/www.yoga-federation.eu\/wp-content\/uploads\/2016\/08\/Vzdelavaci-program-Instruktor-jogy-\u2013-zapis-prob\u00edha.jpg","articleSection":{"1":"Vzd\u011bl\u00e1v\u00e1n\u00ed"},"inLanguage":"cz-CZ"},{"@type":"WebPage","@id":"https:\/\/www.yoga-federation.eu\/cz\/vzdelavaci-program-instruktor-jogy-zapis-probyha\/","url":"https:\/\/www.yoga-federation.eu\/cz\/vzdelavaci-program-instruktor-jogy-zapis-probyha\/","name":"Vzd\u011bl\u00e1vac\u00ed program Instruktor j\u00f3gy","isPartOf":{"@id":"https:\/\/www.yoga-federation.eu\/#website"},"primaryImageOfPage":{"@id":"https:\/\/www.yoga-federation.eu\/cz\/vzdelavaci-program-instruktor-jogy-zapis-probyha\/#primaryimage"},"image":{"@id":"https:\/\/www.yoga-federation.eu\/cz\/vzdelavaci-program-instruktor-jogy-zapis-probyha\/#primaryimage"},"thumbnailUrl":"https:\/\/www.yoga-federation.eu\/wp-content\/uploads\/2016\/08\/Vzdelavaci-program-Instruktor-jogy-\u2013-zapis-prob\u00edha.jpg","datePublished":"2017-06-24T23:33:44+00:00","dateModified":"2024-01-07T08:10:53+00:00","author":{"@id":"https:\/\/www.yoga-federation.eu\/#\/schema\/person\/e372983a06709c6692f084a24f39ebbf"},"description":"Vzd\u011bl\u00e1vac\u00ed program Instruktor j\u00f3gy prob\u00edh\u00e1 v souladu s mezin\u00e1rodn\u00edmi standardy a pod profesion\u00e1ln\u00edm veden\u00edm prof. dr. Predraga Niki\u0107e mezin\u00e1rodn\u00edho mistra j\u00f3gy","breadcrumb":{"@id":"https:\/\/www.yoga-federation.eu\/cz\/vzdelavaci-program-instruktor-jogy-zapis-probyha\/#breadcrumb"},"inLanguage":"cz-CZ","potentialAction":[{"@type":"ReadAction","target":["https:\/\/www.yoga-federation.eu\/cz\/vzdelavaci-program-instruktor-jogy-zapis-probyha\/"]}]},{"@type":"ImageObject","inLanguage":"cz-CZ","@id":"https:\/\/www.yoga-federation.eu\/cz\/vzdelavaci-program-instruktor-jogy-zapis-probyha\/#primaryimage","url":"https:\/\/www.yoga-federation.eu\/wp-content\/uploads\/2016\/08\/Vzdelavaci-program-Instruktor-jogy-\u2013-zapis-prob\u00edha.jpg","contentUrl":"https:\/\/www.yoga-federation.eu\/wp-content\/uploads\/2016\/08\/Vzdelavaci-program-Instruktor-jogy-\u2013-zapis-prob\u00edha.jpg","width":1600,"height":844,"caption":"Vzdelavaci program Instruktor jogy"},{"@type":"BreadcrumbList","@id":"https:\/\/www.yoga-federation.eu\/cz\/vzdelavaci-program-instruktor-jogy-zapis-probyha\/#breadcrumb","itemListElement":[{"@type":"ListItem","position":1,"name":"Home","item":"https:\/\/www.yoga-federation.eu\/cz\/"},{"@type":"ListItem","position":2,"name":"Vzd\u011bl\u00e1vac\u00ed program Instruktor j\u00f3gy &#8211; z\u00e1pis prob\u00edh\u00e1"}]},{"@type":"WebSite","@id":"https:\/\/www.yoga-federation.eu\/#website","url":"https:\/\/www.yoga-federation.eu\/","name":"Yoga Federation of Europe","description":"Yoga in Europe","potentialAction":[{"@type":"SearchAction","target":{"@type":"EntryPoint","urlTemplate":"https:\/\/www.yoga-federation.eu\/?s={search_term_string}"},"query-input":{"@type":"PropertyValueSpecification","valueRequired":true,"valueName":"search_term_string"}}],"inLanguage":"cz-CZ"},{"@type":"Person","@id":"https:\/\/www.yoga-federation.eu\/#\/schema\/person\/e372983a06709c6692f084a24f39ebbf","name":"YFE","image":{"@type":"ImageObject","inLanguage":"cz-CZ","@id":"https:\/\/secure.gravatar.com\/avatar\/6b6a148860276be2efac40913189ce2b156d83df6c1aba6e3f88e23bd5dce741?s=96&d=mm&r=g","url":"https:\/\/secure.gravatar.com\/avatar\/6b6a148860276be2efac40913189ce2b156d83df6c1aba6e3f88e23bd5dce741?s=96&d=mm&r=g","contentUrl":"https:\/\/secure.gravatar.com\/avatar\/6b6a148860276be2efac40913189ce2b156d83df6c1aba6e3f88e23bd5dce741?s=96&d=mm&r=g","caption":"YFE"},"url":"https:\/\/www.yoga-federation.eu\/cz\/author\/ivan\/"}]}},"_links":{"self":[{"href":"https:\/\/www.yoga-federation.eu\/cz\/wp-json\/wp\/v2\/posts\/1115","targetHints":{"allow":["GET"]}}],"collection":[{"href":"https:\/\/www.yoga-federation.eu\/cz\/wp-json\/wp\/v2\/posts"}],"about":[{"href":"https:\/\/www.yoga-federation.eu\/cz\/wp-json\/wp\/v2\/types\/post"}],"author":[{"embeddable":true,"href":"https:\/\/www.yoga-federation.eu\/cz\/wp-json\/wp\/v2\/users\/4"}],"replies":[{"embeddable":true,"href":"https:\/\/www.yoga-federation.eu\/cz\/wp-json\/wp\/v2\/comments?post=1115"}],"version-history":[{"count":0,"href":"https:\/\/www.yoga-federation.eu\/cz\/wp-json\/wp\/v2\/posts\/1115\/revisions"}],"wp:featuredmedia":[{"embeddable":true,"href":"https:\/\/www.yoga-federation.eu\/cz\/wp-json\/wp\/v2\/media\/1874"}],"wp:attachment":[{"href":"https:\/\/www.yoga-federation.eu\/cz\/wp-json\/wp\/v2\/media?parent=1115"}],"wp:term":[{"taxonomy":"category","embeddable":true,"href":"https:\/\/www.yoga-federation.eu\/cz\/wp-json\/wp\/v2\/categories?post=1115"},{"taxonomy":"post_tag","embeddable":true,"href":"https:\/\/www.yoga-federation.eu\/cz\/wp-json\/wp\/v2\/tags?post=1115"}],"curies":[{"name":"wp","href":"https:\/\/api.w.org\/{rel}","templated":true}]}}