{"id":3626,"date":"2018-05-28T19:56:53","date_gmt":"2018-05-28T19:56:53","guid":{"rendered":"https:\/\/www.yoga-federation.eu\/?p=3626"},"modified":"2018-05-28T20:17:35","modified_gmt":"2018-05-28T20:17:35","slug":"yoga-im-burggarten-wien-2018","status":"publish","type":"post","link":"https:\/\/www.yoga-federation.eu\/at\/yoga-im-burggarten-wien-2018\/","title":{"rendered":"Yoga im Burggarten \u2013 Wien 2018"},"content":{"rendered":"<div class=\"fusion-fullwidth fullwidth-box fusion-builder-row-1 nonhundred-percent-fullwidth non-hundred-percent-height-scrolling\" style=\"background-color: rgba(255,255,255,0);background-position: center center;background-repeat: no-repeat;padding-top:0px;padding-right:0px;padding-bottom:0px;padding-left:0px;margin-bottom: 0px;margin-top: 0px;border-width: 0px 0px 0px 0px;border-color:#eae9e9;border-style:solid;\" ><div class=\"fusion-builder-row fusion-row\"><div class=\"fusion-layout-column fusion_builder_column fusion-builder-column-0 fusion_builder_column_1_1 1_1 fusion-one-full fusion-column-first fusion-column-last\" style=\"margin-top:0px;margin-bottom:20px;\"><div class=\"fusion-column-wrapper fusion-flex-column-wrapper-legacy\" style=\"background-position:left top;background-repeat:no-repeat;-webkit-background-size:cover;-moz-background-size:cover;-o-background-size:cover;background-size:cover;padding: 0px 0px 0px 0px;\"><div class=\"fusion-text fusion-text-1\"><p class=\"m_7270697872762514730ydpf6686225MsoNormal\"><span lang=\"DE\">Auch in diesem Jahr bieten die Yoga-Lehrerinnen der YFE kostenlosen Yoga-Unterricht auf den Gr\u00fcnfl\u00e4chen des Burggartens an. Diese Aktion f\u00f6rdert einen gesunden Lebensstil bei den Teilnehmenden. Die geplanten Yoga-\u00dcbungen erfordern kein Vorwissen oder besondere k\u00f6rperliche Fertigkeiten.<\/span><\/p>\n<p class=\"m_7270697872762514730ydpf6686225MsoNormal\"><span lang=\"DE\">Beginn: August<\/span><\/p>\n<p class=\"m_7270697872762514730ydpf6686225MsoNormal\"><span lang=\"DE\">Alle interessierten Teilnehmenden k\u00f6nnen sich f\u00fcr den Freiluft-Yogaunterricht per E-Mail: yoga.yfe@gmail.com oder telefonisch direkt bei den Lehrerinnen anmelden:\u00a006603407167<\/span><\/p>\n<p class=\"m_7270697872762514730ydpf6686225MsoNormal\"><span lang=\"DE\">Anmerkung: Bitte bequeme Kleidung tragen sowie eine Flasche Wasser und ein Handtuch oder eine Matte mitnehmen. Bei Regen findet der Freiluft-Unterricht nicht statt und wird auf die n\u00e4chste Woche zur selben Zeit verschoben.<\/span><\/p>\n<p class=\"m_7270697872762514730ydpf6686225MsoNormal\"><span lang=\"DE\">Machen Sie mit!<\/span><\/p>\n<p><a href=\"https:\/\/www.yoga-federation.eu\/wp-content\/uploads\/2018\/05\/Yoga-im-Burggarten-\u2013-Wien-2018-1.jpg\"><img loading=\"lazy\" decoding=\"async\" class=\"aligncenter wp-image-3627 size-800\" src=\"https:\/\/www.yoga-federation.eu\/wp-content\/uploads\/2018\/05\/Yoga-im-Burggarten-\u2013-Wien-2018-1-800x450.jpg\" alt=\"Yoga im Burggarten \u2013 Wien 2018\" width=\"800\" height=\"450\" srcset=\"https:\/\/www.yoga-federation.eu\/wp-content\/uploads\/2018\/05\/Yoga-im-Burggarten-\u2013-Wien-2018-1-200x113.jpg 200w, https:\/\/www.yoga-federation.eu\/wp-content\/uploads\/2018\/05\/Yoga-im-Burggarten-\u2013-Wien-2018-1-300x169.jpg 300w, https:\/\/www.yoga-federation.eu\/wp-content\/uploads\/2018\/05\/Yoga-im-Burggarten-\u2013-Wien-2018-1-400x225.jpg 400w, https:\/\/www.yoga-federation.eu\/wp-content\/uploads\/2018\/05\/Yoga-im-Burggarten-\u2013-Wien-2018-1-600x338.jpg 600w, https:\/\/www.yoga-federation.eu\/wp-content\/uploads\/2018\/05\/Yoga-im-Burggarten-\u2013-Wien-2018-1-768x432.jpg 768w, https:\/\/www.yoga-federation.eu\/wp-content\/uploads\/2018\/05\/Yoga-im-Burggarten-\u2013-Wien-2018-1-800x450.jpg 800w, https:\/\/www.yoga-federation.eu\/wp-content\/uploads\/2018\/05\/Yoga-im-Burggarten-\u2013-Wien-2018-1-1024x576.jpg 1024w, https:\/\/www.yoga-federation.eu\/wp-content\/uploads\/2018\/05\/Yoga-im-Burggarten-\u2013-Wien-2018-1-1200x675.jpg 1200w, https:\/\/www.yoga-federation.eu\/wp-content\/uploads\/2018\/05\/Yoga-im-Burggarten-\u2013-Wien-2018-1.jpg 1280w\" sizes=\"auto, (max-width: 800px) 100vw, 800px\" \/><\/a><\/p>\n<\/div><div class=\"fusion-clearfix\"><\/div><\/div><\/div><\/div><\/div>\n","protected":false},"excerpt":{"rendered":"","protected":false},"author":6,"featured_media":3627,"comment_status":"closed","ping_status":"open","sticky":false,"template":"","format":"standard","meta":{"footnotes":""},"categories":[82],"tags":[],"class_list":["post-3626","post","type-post","status-publish","format-standard","has-post-thumbnail","hentry","category-projekte"],"yoast_head":"<!-- This site is optimized with the Yoast SEO plugin v27.4 - https:\/\/yoast.com\/product\/yoast-seo-wordpress\/ -->\n<title>Yoga im Burggarten \u2013 Wien 2018 - Yoga Federation of Europe<\/title>\n<meta name=\"description\" content=\"Auch in diesem Jahr bieten die Yoga-Lehrerinnen der YFE kostenlosen Yoga-Unterricht auf den Gr\u00fcnfl\u00e4chen des Burggartens an. Diese Aktion f\u00f6rdert einen gesunden Lebensstil bei den Teilnehmenden. Die geplanten Yoga-\u00dcbungen erfordern kein Vorwissen oder besondere k\u00f6rperliche Fertigkeiten.\" \/>\n<meta name=\"robots\" content=\"index, follow, max-snippet:-1, max-image-preview:large, max-video-preview:-1\" \/>\n<link rel=\"canonical\" href=\"https:\/\/www.yoga-federation.eu\/at\/yoga-im-burggarten-wien-2018\/\" \/>\n<meta property=\"og:locale\" content=\"en_US\" \/>\n<meta property=\"og:type\" content=\"article\" \/>\n<meta property=\"og:title\" content=\"Yoga im Burggarten \u2013 Wien 2018 - Yoga Federation of Europe\" \/>\n<meta property=\"og:description\" content=\"Auch in diesem Jahr bieten die Yoga-Lehrerinnen der YFE kostenlosen Yoga-Unterricht auf den Gr\u00fcnfl\u00e4chen des Burggartens an. Diese Aktion f\u00f6rdert einen gesunden Lebensstil bei den Teilnehmenden. Die geplanten Yoga-\u00dcbungen erfordern kein Vorwissen oder besondere k\u00f6rperliche Fertigkeiten.\" \/>\n<meta property=\"og:url\" content=\"https:\/\/www.yoga-federation.eu\/at\/yoga-im-burggarten-wien-2018\/\" \/>\n<meta property=\"og:site_name\" content=\"Yoga Federation of Europe\" \/>\n<meta property=\"article:published_time\" content=\"2018-05-28T19:56:53+00:00\" \/>\n<meta property=\"article:modified_time\" content=\"2018-05-28T20:17:35+00:00\" \/>\n<meta property=\"og:image\" content=\"https:\/\/www.yoga-federation.eu\/wp-content\/uploads\/2018\/05\/Yoga-im-Burggarten-\u2013-Wien-2018-1.jpg\" \/>\n\t<meta property=\"og:image:width\" content=\"1280\" \/>\n\t<meta property=\"og:image:height\" content=\"720\" \/>\n\t<meta property=\"og:image:type\" content=\"image\/jpeg\" \/>\n<meta name=\"author\" content=\"YFE\" \/>\n<meta name=\"twitter:card\" content=\"summary_large_image\" \/>\n<meta name=\"twitter:label1\" content=\"Written by\" \/>\n\t<meta name=\"twitter:data1\" content=\"YFE\" \/>\n\t<meta name=\"twitter:label2\" content=\"Est. reading time\" \/>\n\t<meta name=\"twitter:data2\" content=\"1 minute\" \/>\n<script type=\"application\/ld+json\" class=\"yoast-schema-graph\">{\"@context\":\"https:\\\/\\\/schema.org\",\"@graph\":[{\"@type\":\"Article\",\"@id\":\"https:\\\/\\\/www.yoga-federation.eu\\\/at\\\/yoga-im-burggarten-wien-2018\\\/#article\",\"isPartOf\":{\"@id\":\"https:\\\/\\\/www.yoga-federation.eu\\\/at\\\/yoga-im-burggarten-wien-2018\\\/\"},\"author\":{\"name\":\"YFE\",\"@id\":\"https:\\\/\\\/www.yoga-federation.eu\\\/#\\\/schema\\\/person\\\/c70b5a8f7323477f70814bd277cc9105\"},\"headline\":\"Yoga im Burggarten \u2013 Wien 2018\",\"datePublished\":\"2018-05-28T19:56:53+00:00\",\"dateModified\":\"2018-05-28T20:17:35+00:00\",\"mainEntityOfPage\":{\"@id\":\"https:\\\/\\\/www.yoga-federation.eu\\\/at\\\/yoga-im-burggarten-wien-2018\\\/\"},\"wordCount\":300,\"image\":{\"@id\":\"https:\\\/\\\/www.yoga-federation.eu\\\/at\\\/yoga-im-burggarten-wien-2018\\\/#primaryimage\"},\"thumbnailUrl\":\"https:\\\/\\\/www.yoga-federation.eu\\\/wp-content\\\/uploads\\\/2018\\\/05\\\/Yoga-im-Burggarten-\u2013-Wien-2018-1.jpg\",\"articleSection\":[\"Projekte\"],\"inLanguage\":\"at-AT\"},{\"@type\":\"WebPage\",\"@id\":\"https:\\\/\\\/www.yoga-federation.eu\\\/at\\\/yoga-im-burggarten-wien-2018\\\/\",\"url\":\"https:\\\/\\\/www.yoga-federation.eu\\\/at\\\/yoga-im-burggarten-wien-2018\\\/\",\"name\":\"Yoga im Burggarten \u2013 Wien 2018 - Yoga Federation of Europe\",\"isPartOf\":{\"@id\":\"https:\\\/\\\/www.yoga-federation.eu\\\/#website\"},\"primaryImageOfPage\":{\"@id\":\"https:\\\/\\\/www.yoga-federation.eu\\\/at\\\/yoga-im-burggarten-wien-2018\\\/#primaryimage\"},\"image\":{\"@id\":\"https:\\\/\\\/www.yoga-federation.eu\\\/at\\\/yoga-im-burggarten-wien-2018\\\/#primaryimage\"},\"thumbnailUrl\":\"https:\\\/\\\/www.yoga-federation.eu\\\/wp-content\\\/uploads\\\/2018\\\/05\\\/Yoga-im-Burggarten-\u2013-Wien-2018-1.jpg\",\"datePublished\":\"2018-05-28T19:56:53+00:00\",\"dateModified\":\"2018-05-28T20:17:35+00:00\",\"author\":{\"@id\":\"https:\\\/\\\/www.yoga-federation.eu\\\/#\\\/schema\\\/person\\\/c70b5a8f7323477f70814bd277cc9105\"},\"description\":\"Auch in diesem Jahr bieten die Yoga-Lehrerinnen der YFE kostenlosen Yoga-Unterricht auf den Gr\u00fcnfl\u00e4chen des Burggartens an. Diese Aktion f\u00f6rdert einen gesunden Lebensstil bei den Teilnehmenden. Die geplanten Yoga-\u00dcbungen erfordern kein Vorwissen oder besondere k\u00f6rperliche Fertigkeiten.\",\"breadcrumb\":{\"@id\":\"https:\\\/\\\/www.yoga-federation.eu\\\/at\\\/yoga-im-burggarten-wien-2018\\\/#breadcrumb\"},\"inLanguage\":\"at-AT\",\"potentialAction\":[{\"@type\":\"ReadAction\",\"target\":[\"https:\\\/\\\/www.yoga-federation.eu\\\/at\\\/yoga-im-burggarten-wien-2018\\\/\"]}]},{\"@type\":\"ImageObject\",\"inLanguage\":\"at-AT\",\"@id\":\"https:\\\/\\\/www.yoga-federation.eu\\\/at\\\/yoga-im-burggarten-wien-2018\\\/#primaryimage\",\"url\":\"https:\\\/\\\/www.yoga-federation.eu\\\/wp-content\\\/uploads\\\/2018\\\/05\\\/Yoga-im-Burggarten-\u2013-Wien-2018-1.jpg\",\"contentUrl\":\"https:\\\/\\\/www.yoga-federation.eu\\\/wp-content\\\/uploads\\\/2018\\\/05\\\/Yoga-im-Burggarten-\u2013-Wien-2018-1.jpg\",\"width\":1280,\"height\":720,\"caption\":\"Yoga im Burggarten \u2013 Wien 2018\"},{\"@type\":\"BreadcrumbList\",\"@id\":\"https:\\\/\\\/www.yoga-federation.eu\\\/at\\\/yoga-im-burggarten-wien-2018\\\/#breadcrumb\",\"itemListElement\":[{\"@type\":\"ListItem\",\"position\":1,\"name\":\"Home\",\"item\":\"https:\\\/\\\/www.yoga-federation.eu\\\/at\\\/\"},{\"@type\":\"ListItem\",\"position\":2,\"name\":\"Yoga im Burggarten \u2013 Wien 2018\"}]},{\"@type\":\"WebSite\",\"@id\":\"https:\\\/\\\/www.yoga-federation.eu\\\/#website\",\"url\":\"https:\\\/\\\/www.yoga-federation.eu\\\/\",\"name\":\"Yoga Federation of Europe\",\"description\":\"Yoga in Europe\",\"potentialAction\":[{\"@type\":\"SearchAction\",\"target\":{\"@type\":\"EntryPoint\",\"urlTemplate\":\"https:\\\/\\\/www.yoga-federation.eu\\\/?s={search_term_string}\"},\"query-input\":{\"@type\":\"PropertyValueSpecification\",\"valueRequired\":true,\"valueName\":\"search_term_string\"}}],\"inLanguage\":\"at-AT\"},{\"@type\":\"Person\",\"@id\":\"https:\\\/\\\/www.yoga-federation.eu\\\/#\\\/schema\\\/person\\\/c70b5a8f7323477f70814bd277cc9105\",\"name\":\"YFE\",\"image\":{\"@type\":\"ImageObject\",\"inLanguage\":\"at-AT\",\"@id\":\"https:\\\/\\\/secure.gravatar.com\\\/avatar\\\/64f6beecfc59c339d337f0a16c80bfc143a5e623923f6f42beb67b25788f3e50?s=96&d=mm&r=g\",\"url\":\"https:\\\/\\\/secure.gravatar.com\\\/avatar\\\/64f6beecfc59c339d337f0a16c80bfc143a5e623923f6f42beb67b25788f3e50?s=96&d=mm&r=g\",\"contentUrl\":\"https:\\\/\\\/secure.gravatar.com\\\/avatar\\\/64f6beecfc59c339d337f0a16c80bfc143a5e623923f6f42beb67b25788f3e50?s=96&d=mm&r=g\",\"caption\":\"YFE\"},\"url\":\"https:\\\/\\\/www.yoga-federation.eu\\\/at\\\/author\\\/ana\\\/\"}]}<\/script>\n<!-- \/ Yoast SEO plugin. -->","yoast_head_json":{"title":"Yoga im Burggarten \u2013 Wien 2018 - Yoga Federation of Europe","description":"Auch in diesem Jahr bieten die Yoga-Lehrerinnen der YFE kostenlosen Yoga-Unterricht auf den Gr\u00fcnfl\u00e4chen des Burggartens an. Diese Aktion f\u00f6rdert einen gesunden Lebensstil bei den Teilnehmenden. Die geplanten Yoga-\u00dcbungen erfordern kein Vorwissen oder besondere k\u00f6rperliche Fertigkeiten.","robots":{"index":"index","follow":"follow","max-snippet":"max-snippet:-1","max-image-preview":"max-image-preview:large","max-video-preview":"max-video-preview:-1"},"canonical":"https:\/\/www.yoga-federation.eu\/at\/yoga-im-burggarten-wien-2018\/","og_locale":"en_US","og_type":"article","og_title":"Yoga im Burggarten \u2013 Wien 2018 - Yoga Federation of Europe","og_description":"Auch in diesem Jahr bieten die Yoga-Lehrerinnen der YFE kostenlosen Yoga-Unterricht auf den Gr\u00fcnfl\u00e4chen des Burggartens an. Diese Aktion f\u00f6rdert einen gesunden Lebensstil bei den Teilnehmenden. Die geplanten Yoga-\u00dcbungen erfordern kein Vorwissen oder besondere k\u00f6rperliche Fertigkeiten.","og_url":"https:\/\/www.yoga-federation.eu\/at\/yoga-im-burggarten-wien-2018\/","og_site_name":"Yoga Federation of Europe","article_published_time":"2018-05-28T19:56:53+00:00","article_modified_time":"2018-05-28T20:17:35+00:00","og_image":[{"width":1280,"height":720,"url":"https:\/\/www.yoga-federation.eu\/wp-content\/uploads\/2018\/05\/Yoga-im-Burggarten-\u2013-Wien-2018-1.jpg","type":"image\/jpeg"}],"author":"YFE","twitter_card":"summary_large_image","twitter_misc":{"Written by":"YFE","Est. reading time":"1 minute"},"schema":{"@context":"https:\/\/schema.org","@graph":[{"@type":"Article","@id":"https:\/\/www.yoga-federation.eu\/at\/yoga-im-burggarten-wien-2018\/#article","isPartOf":{"@id":"https:\/\/www.yoga-federation.eu\/at\/yoga-im-burggarten-wien-2018\/"},"author":{"name":"YFE","@id":"https:\/\/www.yoga-federation.eu\/#\/schema\/person\/c70b5a8f7323477f70814bd277cc9105"},"headline":"Yoga im Burggarten \u2013 Wien 2018","datePublished":"2018-05-28T19:56:53+00:00","dateModified":"2018-05-28T20:17:35+00:00","mainEntityOfPage":{"@id":"https:\/\/www.yoga-federation.eu\/at\/yoga-im-burggarten-wien-2018\/"},"wordCount":300,"image":{"@id":"https:\/\/www.yoga-federation.eu\/at\/yoga-im-burggarten-wien-2018\/#primaryimage"},"thumbnailUrl":"https:\/\/www.yoga-federation.eu\/wp-content\/uploads\/2018\/05\/Yoga-im-Burggarten-\u2013-Wien-2018-1.jpg","articleSection":["Projekte"],"inLanguage":"at-AT"},{"@type":"WebPage","@id":"https:\/\/www.yoga-federation.eu\/at\/yoga-im-burggarten-wien-2018\/","url":"https:\/\/www.yoga-federation.eu\/at\/yoga-im-burggarten-wien-2018\/","name":"Yoga im Burggarten \u2013 Wien 2018 - Yoga Federation of Europe","isPartOf":{"@id":"https:\/\/www.yoga-federation.eu\/#website"},"primaryImageOfPage":{"@id":"https:\/\/www.yoga-federation.eu\/at\/yoga-im-burggarten-wien-2018\/#primaryimage"},"image":{"@id":"https:\/\/www.yoga-federation.eu\/at\/yoga-im-burggarten-wien-2018\/#primaryimage"},"thumbnailUrl":"https:\/\/www.yoga-federation.eu\/wp-content\/uploads\/2018\/05\/Yoga-im-Burggarten-\u2013-Wien-2018-1.jpg","datePublished":"2018-05-28T19:56:53+00:00","dateModified":"2018-05-28T20:17:35+00:00","author":{"@id":"https:\/\/www.yoga-federation.eu\/#\/schema\/person\/c70b5a8f7323477f70814bd277cc9105"},"description":"Auch in diesem Jahr bieten die Yoga-Lehrerinnen der YFE kostenlosen Yoga-Unterricht auf den Gr\u00fcnfl\u00e4chen des Burggartens an. Diese Aktion f\u00f6rdert einen gesunden Lebensstil bei den Teilnehmenden. Die geplanten Yoga-\u00dcbungen erfordern kein Vorwissen oder besondere k\u00f6rperliche Fertigkeiten.","breadcrumb":{"@id":"https:\/\/www.yoga-federation.eu\/at\/yoga-im-burggarten-wien-2018\/#breadcrumb"},"inLanguage":"at-AT","potentialAction":[{"@type":"ReadAction","target":["https:\/\/www.yoga-federation.eu\/at\/yoga-im-burggarten-wien-2018\/"]}]},{"@type":"ImageObject","inLanguage":"at-AT","@id":"https:\/\/www.yoga-federation.eu\/at\/yoga-im-burggarten-wien-2018\/#primaryimage","url":"https:\/\/www.yoga-federation.eu\/wp-content\/uploads\/2018\/05\/Yoga-im-Burggarten-\u2013-Wien-2018-1.jpg","contentUrl":"https:\/\/www.yoga-federation.eu\/wp-content\/uploads\/2018\/05\/Yoga-im-Burggarten-\u2013-Wien-2018-1.jpg","width":1280,"height":720,"caption":"Yoga im Burggarten \u2013 Wien 2018"},{"@type":"BreadcrumbList","@id":"https:\/\/www.yoga-federation.eu\/at\/yoga-im-burggarten-wien-2018\/#breadcrumb","itemListElement":[{"@type":"ListItem","position":1,"name":"Home","item":"https:\/\/www.yoga-federation.eu\/at\/"},{"@type":"ListItem","position":2,"name":"Yoga im Burggarten \u2013 Wien 2018"}]},{"@type":"WebSite","@id":"https:\/\/www.yoga-federation.eu\/#website","url":"https:\/\/www.yoga-federation.eu\/","name":"Yoga Federation of Europe","description":"Yoga in Europe","potentialAction":[{"@type":"SearchAction","target":{"@type":"EntryPoint","urlTemplate":"https:\/\/www.yoga-federation.eu\/?s={search_term_string}"},"query-input":{"@type":"PropertyValueSpecification","valueRequired":true,"valueName":"search_term_string"}}],"inLanguage":"at-AT"},{"@type":"Person","@id":"https:\/\/www.yoga-federation.eu\/#\/schema\/person\/c70b5a8f7323477f70814bd277cc9105","name":"YFE","image":{"@type":"ImageObject","inLanguage":"at-AT","@id":"https:\/\/secure.gravatar.com\/avatar\/64f6beecfc59c339d337f0a16c80bfc143a5e623923f6f42beb67b25788f3e50?s=96&d=mm&r=g","url":"https:\/\/secure.gravatar.com\/avatar\/64f6beecfc59c339d337f0a16c80bfc143a5e623923f6f42beb67b25788f3e50?s=96&d=mm&r=g","contentUrl":"https:\/\/secure.gravatar.com\/avatar\/64f6beecfc59c339d337f0a16c80bfc143a5e623923f6f42beb67b25788f3e50?s=96&d=mm&r=g","caption":"YFE"},"url":"https:\/\/www.yoga-federation.eu\/at\/author\/ana\/"}]}},"_links":{"self":[{"href":"https:\/\/www.yoga-federation.eu\/at\/wp-json\/wp\/v2\/posts\/3626","targetHints":{"allow":["GET"]}}],"collection":[{"href":"https:\/\/www.yoga-federation.eu\/at\/wp-json\/wp\/v2\/posts"}],"about":[{"href":"https:\/\/www.yoga-federation.eu\/at\/wp-json\/wp\/v2\/types\/post"}],"author":[{"embeddable":true,"href":"https:\/\/www.yoga-federation.eu\/at\/wp-json\/wp\/v2\/users\/6"}],"replies":[{"embeddable":true,"href":"https:\/\/www.yoga-federation.eu\/at\/wp-json\/wp\/v2\/comments?post=3626"}],"version-history":[{"count":0,"href":"https:\/\/www.yoga-federation.eu\/at\/wp-json\/wp\/v2\/posts\/3626\/revisions"}],"wp:featuredmedia":[{"embeddable":true,"href":"https:\/\/www.yoga-federation.eu\/at\/wp-json\/wp\/v2\/media\/3627"}],"wp:attachment":[{"href":"https:\/\/www.yoga-federation.eu\/at\/wp-json\/wp\/v2\/media?parent=3626"}],"wp:term":[{"taxonomy":"category","embeddable":true,"href":"https:\/\/www.yoga-federation.eu\/at\/wp-json\/wp\/v2\/categories?post=3626"},{"taxonomy":"post_tag","embeddable":true,"href":"https:\/\/www.yoga-federation.eu\/at\/wp-json\/wp\/v2\/tags?post=3626"}],"curies":[{"name":"wp","href":"https:\/\/api.w.org\/{rel}","templated":true}]}}