{"id":2122,"date":"2017-06-22T22:34:16","date_gmt":"2017-06-22T22:34:16","guid":{"rendered":"https:\/\/www.yoga-federation.eu\/at\/?p=2122"},"modified":"2017-06-22T22:36:11","modified_gmt":"2017-06-22T22:36:11","slug":"die-grose-yoga-performance-wien-2017","status":"publish","type":"post","link":"https:\/\/www.yoga-federation.eu\/at\/die-grose-yoga-performance-wien-2017\/","title":{"rendered":"Die Gro\u00dfe Yoga Performance in Wien &#8211; 2017"},"content":{"rendered":"<div class=\"fusion-text fusion-text-1\"><p>Am Sonntag, den 18. Juni 2017 hat eine Yoga Performance vor der Gloriette (im Schlossgarten Sch\u00f6nbrunn) stattgefunden.<br \/>\nDiese wurde von der Europ\u00e4ischen Yoga F\u00f6deration organisiert. Unter Anleitung der StudentInnen der europ\u00e4ischen Yoga Akademie und zusammen mit anderen Yoga Begeisterten, die an dieser Performance teilgenommen haben, wurde um 14 Uhr \u201eSurya Namaskar\u201c \u2013 Sonnengru\u00df von allen gemeinsam ausgef\u00fchrt. Die Veranstaltung hat in Rahmen des Internationalen Yoga-Tages stattgefunden.<\/p>\n\n\t\t<style type=\"text\/css\">\n\t\t\t#gallery-1 {\n\t\t\t\tmargin: auto;\n\t\t\t}\n\t\t\t#gallery-1 .gallery-item {\n\t\t\t\tfloat: left;\n\t\t\t\tmargin-top: 10px;\n\t\t\t\ttext-align: center;\n\t\t\t\twidth: 20%;\n\t\t\t}\n\t\t\t#gallery-1 img {\n\t\t\t\tborder: 2px solid #cfcfcf;\n\t\t\t}\n\t\t\t#gallery-1 .gallery-caption {\n\t\t\t\tmargin-left: 0;\n\t\t\t}\n\t\t\t\/* see gallery_shortcode() in wp-includes\/media.php *\/\n\t\t<\/style>\n\t\t<div id='gallery-1' class='gallery galleryid-2122 gallery-columns-5 gallery-size-thumbnail'><dl class='gallery-item'>\n\t\t\t<dt class='gallery-icon landscape'>\n\t\t\t\t<a data-rel=\"iLightbox[postimages]\" data-title=\"yoga in wien 2017\" data-caption=\"\" href='https:\/\/www.yoga-federation.eu\/wp-content\/uploads\/2017\/06\/yoga-in-wien-2017-1.jpg'><img loading=\"lazy\" decoding=\"async\" width=\"150\" height=\"150\" src=\"https:\/\/www.yoga-federation.eu\/wp-content\/uploads\/2017\/06\/yoga-in-wien-2017-1-150x150.jpg\" class=\"attachment-thumbnail size-thumbnail\" alt=\"\" srcset=\"https:\/\/www.yoga-federation.eu\/wp-content\/uploads\/2017\/06\/yoga-in-wien-2017-1-66x66.jpg 66w, https:\/\/www.yoga-federation.eu\/wp-content\/uploads\/2017\/06\/yoga-in-wien-2017-1-150x150.jpg 150w\" sizes=\"auto, (max-width: 150px) 100vw, 150px\" \/><\/a>\n\t\t\t<\/dt><\/dl><dl class='gallery-item'>\n\t\t\t<dt class='gallery-icon landscape'>\n\t\t\t\t<a data-rel=\"iLightbox[postimages]\" data-title=\"yoga in wien 2017 2\" data-caption=\"\" href='https:\/\/www.yoga-federation.eu\/wp-content\/uploads\/2017\/06\/yoga-in-wien-2017-2.jpg'><img loading=\"lazy\" decoding=\"async\" width=\"150\" height=\"150\" src=\"https:\/\/www.yoga-federation.eu\/wp-content\/uploads\/2017\/06\/yoga-in-wien-2017-2-150x150.jpg\" class=\"attachment-thumbnail size-thumbnail\" alt=\"\" srcset=\"https:\/\/www.yoga-federation.eu\/wp-content\/uploads\/2017\/06\/yoga-in-wien-2017-2-66x66.jpg 66w, https:\/\/www.yoga-federation.eu\/wp-content\/uploads\/2017\/06\/yoga-in-wien-2017-2-150x150.jpg 150w\" sizes=\"auto, (max-width: 150px) 100vw, 150px\" \/><\/a>\n\t\t\t<\/dt><\/dl><dl class='gallery-item'>\n\t\t\t<dt class='gallery-icon portrait'>\n\t\t\t\t<a data-rel=\"iLightbox[postimages]\" data-title=\"yoga wien 3 2017\" data-caption=\"\" href='https:\/\/www.yoga-federation.eu\/wp-content\/uploads\/2017\/06\/yoga-wien-3-2017.jpg'><img loading=\"lazy\" decoding=\"async\" width=\"150\" height=\"150\" src=\"https:\/\/www.yoga-federation.eu\/wp-content\/uploads\/2017\/06\/yoga-wien-3-2017-150x150.jpg\" class=\"attachment-thumbnail size-thumbnail\" alt=\"yoga in wien\" srcset=\"https:\/\/www.yoga-federation.eu\/wp-content\/uploads\/2017\/06\/yoga-wien-3-2017-66x66.jpg 66w, https:\/\/www.yoga-federation.eu\/wp-content\/uploads\/2017\/06\/yoga-wien-3-2017-150x150.jpg 150w\" sizes=\"auto, (max-width: 150px) 100vw, 150px\" \/><\/a>\n\t\t\t<\/dt><\/dl><dl class='gallery-item'>\n\t\t\t<dt class='gallery-icon landscape'>\n\t\t\t\t<a data-rel=\"iLightbox[postimages]\" data-title=\"yoga in wien 4\" data-caption=\"\" href='https:\/\/www.yoga-federation.eu\/wp-content\/uploads\/2017\/06\/yoga-in-wien-4-1.jpg'><img loading=\"lazy\" decoding=\"async\" width=\"150\" height=\"150\" src=\"https:\/\/www.yoga-federation.eu\/wp-content\/uploads\/2017\/06\/yoga-in-wien-4-1-150x150.jpg\" class=\"attachment-thumbnail size-thumbnail\" alt=\"\" srcset=\"https:\/\/www.yoga-federation.eu\/wp-content\/uploads\/2017\/06\/yoga-in-wien-4-1-66x66.jpg 66w, https:\/\/www.yoga-federation.eu\/wp-content\/uploads\/2017\/06\/yoga-in-wien-4-1-150x150.jpg 150w\" sizes=\"auto, (max-width: 150px) 100vw, 150px\" \/><\/a>\n\t\t\t<\/dt><\/dl><dl class='gallery-item'>\n\t\t\t<dt class='gallery-icon landscape'>\n\t\t\t\t<a data-rel=\"iLightbox[postimages]\" data-title=\"yoga in wien 5\" data-caption=\"\" href='https:\/\/www.yoga-federation.eu\/wp-content\/uploads\/2017\/06\/yoga-in-wien-5-1.jpg'><img loading=\"lazy\" decoding=\"async\" width=\"150\" height=\"150\" src=\"https:\/\/www.yoga-federation.eu\/wp-content\/uploads\/2017\/06\/yoga-in-wien-5-1-150x150.jpg\" class=\"attachment-thumbnail size-thumbnail\" alt=\"\" srcset=\"https:\/\/www.yoga-federation.eu\/wp-content\/uploads\/2017\/06\/yoga-in-wien-5-1-66x66.jpg 66w, https:\/\/www.yoga-federation.eu\/wp-content\/uploads\/2017\/06\/yoga-in-wien-5-1-150x150.jpg 150w\" sizes=\"auto, (max-width: 150px) 100vw, 150px\" \/><\/a>\n\t\t\t<\/dt><\/dl><br style=\"clear: both\" \/>\n\t\t<\/div>\n\n<p>\n<\/div>\n","protected":false},"excerpt":{"rendered":"","protected":false},"author":6,"featured_media":2156,"comment_status":"closed","ping_status":"open","sticky":false,"template":"","format":"standard","meta":{"footnotes":""},"categories":[54],"tags":[],"class_list":["post-2122","post","type-post","status-publish","format-standard","has-post-thumbnail","hentry","category-auffuhrung"],"yoast_head":"<!-- This site is optimized with the Yoast SEO plugin v27.4 - https:\/\/yoast.com\/product\/yoast-seo-wordpress\/ -->\n<title>Die Gro\u00dfe Yoga Performance in Wien - 2017 - Yoga Federation of Europe<\/title>\n<meta name=\"robots\" content=\"index, follow, max-snippet:-1, max-image-preview:large, max-video-preview:-1\" \/>\n<link rel=\"canonical\" href=\"https:\/\/www.yoga-federation.eu\/at\/die-grose-yoga-performance-wien-2017\/\" \/>\n<meta property=\"og:locale\" content=\"en_US\" \/>\n<meta property=\"og:type\" content=\"article\" \/>\n<meta property=\"og:title\" content=\"Die Gro\u00dfe Yoga Performance in Wien - 2017 - Yoga Federation of Europe\" \/>\n<meta property=\"og:url\" content=\"https:\/\/www.yoga-federation.eu\/at\/die-grose-yoga-performance-wien-2017\/\" \/>\n<meta property=\"og:site_name\" content=\"Yoga Federation of Europe\" \/>\n<meta property=\"article:published_time\" content=\"2017-06-22T22:34:16+00:00\" \/>\n<meta property=\"article:modified_time\" content=\"2017-06-22T22:36:11+00:00\" \/>\n<meta property=\"og:image\" content=\"https:\/\/www.yoga-federation.eu\/wp-content\/uploads\/2017\/06\/yoga-in-wien-2017-2.jpg\" \/>\n\t<meta property=\"og:image:width\" content=\"1346\" \/>\n\t<meta property=\"og:image:height\" content=\"1219\" \/>\n\t<meta property=\"og:image:type\" content=\"image\/jpeg\" \/>\n<meta name=\"author\" content=\"YFE\" \/>\n<meta name=\"twitter:card\" content=\"summary_large_image\" \/>\n<meta name=\"twitter:label1\" content=\"Written by\" \/>\n\t<meta name=\"twitter:data1\" content=\"YFE\" \/>\n<script type=\"application\/ld+json\" class=\"yoast-schema-graph\">{\"@context\":\"https:\\\/\\\/schema.org\",\"@graph\":[{\"@type\":\"Article\",\"@id\":\"https:\\\/\\\/www.yoga-federation.eu\\\/at\\\/die-grose-yoga-performance-wien-2017\\\/#article\",\"isPartOf\":{\"@id\":\"https:\\\/\\\/www.yoga-federation.eu\\\/at\\\/die-grose-yoga-performance-wien-2017\\\/\"},\"author\":{\"name\":\"YFE\",\"@id\":\"https:\\\/\\\/www.yoga-federation.eu\\\/#\\\/schema\\\/person\\\/c70b5a8f7323477f70814bd277cc9105\"},\"headline\":\"Die Gro\u00dfe Yoga Performance in Wien &#8211; 2017\",\"datePublished\":\"2017-06-22T22:34:16+00:00\",\"dateModified\":\"2017-06-22T22:36:11+00:00\",\"mainEntityOfPage\":{\"@id\":\"https:\\\/\\\/www.yoga-federation.eu\\\/at\\\/die-grose-yoga-performance-wien-2017\\\/\"},\"wordCount\":84,\"image\":{\"@id\":\"https:\\\/\\\/www.yoga-federation.eu\\\/at\\\/die-grose-yoga-performance-wien-2017\\\/#primaryimage\"},\"thumbnailUrl\":\"https:\\\/\\\/www.yoga-federation.eu\\\/wp-content\\\/uploads\\\/2017\\\/06\\\/yoga-in-wien-2017-2.jpg\",\"articleSection\":[\"Auff\u00fchrung\"],\"inLanguage\":\"at-AT\"},{\"@type\":\"WebPage\",\"@id\":\"https:\\\/\\\/www.yoga-federation.eu\\\/at\\\/die-grose-yoga-performance-wien-2017\\\/\",\"url\":\"https:\\\/\\\/www.yoga-federation.eu\\\/at\\\/die-grose-yoga-performance-wien-2017\\\/\",\"name\":\"Die Gro\u00dfe Yoga Performance in Wien - 2017 - Yoga Federation of Europe\",\"isPartOf\":{\"@id\":\"https:\\\/\\\/www.yoga-federation.eu\\\/#website\"},\"primaryImageOfPage\":{\"@id\":\"https:\\\/\\\/www.yoga-federation.eu\\\/at\\\/die-grose-yoga-performance-wien-2017\\\/#primaryimage\"},\"image\":{\"@id\":\"https:\\\/\\\/www.yoga-federation.eu\\\/at\\\/die-grose-yoga-performance-wien-2017\\\/#primaryimage\"},\"thumbnailUrl\":\"https:\\\/\\\/www.yoga-federation.eu\\\/wp-content\\\/uploads\\\/2017\\\/06\\\/yoga-in-wien-2017-2.jpg\",\"datePublished\":\"2017-06-22T22:34:16+00:00\",\"dateModified\":\"2017-06-22T22:36:11+00:00\",\"author\":{\"@id\":\"https:\\\/\\\/www.yoga-federation.eu\\\/#\\\/schema\\\/person\\\/c70b5a8f7323477f70814bd277cc9105\"},\"breadcrumb\":{\"@id\":\"https:\\\/\\\/www.yoga-federation.eu\\\/at\\\/die-grose-yoga-performance-wien-2017\\\/#breadcrumb\"},\"inLanguage\":\"at-AT\",\"potentialAction\":[{\"@type\":\"ReadAction\",\"target\":[\"https:\\\/\\\/www.yoga-federation.eu\\\/at\\\/die-grose-yoga-performance-wien-2017\\\/\"]}]},{\"@type\":\"ImageObject\",\"inLanguage\":\"at-AT\",\"@id\":\"https:\\\/\\\/www.yoga-federation.eu\\\/at\\\/die-grose-yoga-performance-wien-2017\\\/#primaryimage\",\"url\":\"https:\\\/\\\/www.yoga-federation.eu\\\/wp-content\\\/uploads\\\/2017\\\/06\\\/yoga-in-wien-2017-2.jpg\",\"contentUrl\":\"https:\\\/\\\/www.yoga-federation.eu\\\/wp-content\\\/uploads\\\/2017\\\/06\\\/yoga-in-wien-2017-2.jpg\",\"width\":1346,\"height\":1219},{\"@type\":\"BreadcrumbList\",\"@id\":\"https:\\\/\\\/www.yoga-federation.eu\\\/at\\\/die-grose-yoga-performance-wien-2017\\\/#breadcrumb\",\"itemListElement\":[{\"@type\":\"ListItem\",\"position\":1,\"name\":\"Home\",\"item\":\"https:\\\/\\\/www.yoga-federation.eu\\\/at\\\/\"},{\"@type\":\"ListItem\",\"position\":2,\"name\":\"Die Gro\u00dfe Yoga Performance in Wien &#8211; 2017\"}]},{\"@type\":\"WebSite\",\"@id\":\"https:\\\/\\\/www.yoga-federation.eu\\\/#website\",\"url\":\"https:\\\/\\\/www.yoga-federation.eu\\\/\",\"name\":\"Yoga Federation of Europe\",\"description\":\"Yoga in Europe\",\"potentialAction\":[{\"@type\":\"SearchAction\",\"target\":{\"@type\":\"EntryPoint\",\"urlTemplate\":\"https:\\\/\\\/www.yoga-federation.eu\\\/?s={search_term_string}\"},\"query-input\":{\"@type\":\"PropertyValueSpecification\",\"valueRequired\":true,\"valueName\":\"search_term_string\"}}],\"inLanguage\":\"at-AT\"},{\"@type\":\"Person\",\"@id\":\"https:\\\/\\\/www.yoga-federation.eu\\\/#\\\/schema\\\/person\\\/c70b5a8f7323477f70814bd277cc9105\",\"name\":\"YFE\",\"image\":{\"@type\":\"ImageObject\",\"inLanguage\":\"at-AT\",\"@id\":\"https:\\\/\\\/secure.gravatar.com\\\/avatar\\\/64f6beecfc59c339d337f0a16c80bfc143a5e623923f6f42beb67b25788f3e50?s=96&d=mm&r=g\",\"url\":\"https:\\\/\\\/secure.gravatar.com\\\/avatar\\\/64f6beecfc59c339d337f0a16c80bfc143a5e623923f6f42beb67b25788f3e50?s=96&d=mm&r=g\",\"contentUrl\":\"https:\\\/\\\/secure.gravatar.com\\\/avatar\\\/64f6beecfc59c339d337f0a16c80bfc143a5e623923f6f42beb67b25788f3e50?s=96&d=mm&r=g\",\"caption\":\"YFE\"},\"url\":\"https:\\\/\\\/www.yoga-federation.eu\\\/at\\\/author\\\/ana\\\/\"}]}<\/script>\n<!-- \/ Yoast SEO plugin. -->","yoast_head_json":{"title":"Die Gro\u00dfe Yoga Performance in Wien - 2017 - Yoga Federation of Europe","robots":{"index":"index","follow":"follow","max-snippet":"max-snippet:-1","max-image-preview":"max-image-preview:large","max-video-preview":"max-video-preview:-1"},"canonical":"https:\/\/www.yoga-federation.eu\/at\/die-grose-yoga-performance-wien-2017\/","og_locale":"en_US","og_type":"article","og_title":"Die Gro\u00dfe Yoga Performance in Wien - 2017 - Yoga Federation of Europe","og_url":"https:\/\/www.yoga-federation.eu\/at\/die-grose-yoga-performance-wien-2017\/","og_site_name":"Yoga Federation of Europe","article_published_time":"2017-06-22T22:34:16+00:00","article_modified_time":"2017-06-22T22:36:11+00:00","og_image":[{"width":1346,"height":1219,"url":"https:\/\/www.yoga-federation.eu\/wp-content\/uploads\/2017\/06\/yoga-in-wien-2017-2.jpg","type":"image\/jpeg"}],"author":"YFE","twitter_card":"summary_large_image","twitter_misc":{"Written by":"YFE"},"schema":{"@context":"https:\/\/schema.org","@graph":[{"@type":"Article","@id":"https:\/\/www.yoga-federation.eu\/at\/die-grose-yoga-performance-wien-2017\/#article","isPartOf":{"@id":"https:\/\/www.yoga-federation.eu\/at\/die-grose-yoga-performance-wien-2017\/"},"author":{"name":"YFE","@id":"https:\/\/www.yoga-federation.eu\/#\/schema\/person\/c70b5a8f7323477f70814bd277cc9105"},"headline":"Die Gro\u00dfe Yoga Performance in Wien &#8211; 2017","datePublished":"2017-06-22T22:34:16+00:00","dateModified":"2017-06-22T22:36:11+00:00","mainEntityOfPage":{"@id":"https:\/\/www.yoga-federation.eu\/at\/die-grose-yoga-performance-wien-2017\/"},"wordCount":84,"image":{"@id":"https:\/\/www.yoga-federation.eu\/at\/die-grose-yoga-performance-wien-2017\/#primaryimage"},"thumbnailUrl":"https:\/\/www.yoga-federation.eu\/wp-content\/uploads\/2017\/06\/yoga-in-wien-2017-2.jpg","articleSection":["Auff\u00fchrung"],"inLanguage":"at-AT"},{"@type":"WebPage","@id":"https:\/\/www.yoga-federation.eu\/at\/die-grose-yoga-performance-wien-2017\/","url":"https:\/\/www.yoga-federation.eu\/at\/die-grose-yoga-performance-wien-2017\/","name":"Die Gro\u00dfe Yoga Performance in Wien - 2017 - Yoga Federation of Europe","isPartOf":{"@id":"https:\/\/www.yoga-federation.eu\/#website"},"primaryImageOfPage":{"@id":"https:\/\/www.yoga-federation.eu\/at\/die-grose-yoga-performance-wien-2017\/#primaryimage"},"image":{"@id":"https:\/\/www.yoga-federation.eu\/at\/die-grose-yoga-performance-wien-2017\/#primaryimage"},"thumbnailUrl":"https:\/\/www.yoga-federation.eu\/wp-content\/uploads\/2017\/06\/yoga-in-wien-2017-2.jpg","datePublished":"2017-06-22T22:34:16+00:00","dateModified":"2017-06-22T22:36:11+00:00","author":{"@id":"https:\/\/www.yoga-federation.eu\/#\/schema\/person\/c70b5a8f7323477f70814bd277cc9105"},"breadcrumb":{"@id":"https:\/\/www.yoga-federation.eu\/at\/die-grose-yoga-performance-wien-2017\/#breadcrumb"},"inLanguage":"at-AT","potentialAction":[{"@type":"ReadAction","target":["https:\/\/www.yoga-federation.eu\/at\/die-grose-yoga-performance-wien-2017\/"]}]},{"@type":"ImageObject","inLanguage":"at-AT","@id":"https:\/\/www.yoga-federation.eu\/at\/die-grose-yoga-performance-wien-2017\/#primaryimage","url":"https:\/\/www.yoga-federation.eu\/wp-content\/uploads\/2017\/06\/yoga-in-wien-2017-2.jpg","contentUrl":"https:\/\/www.yoga-federation.eu\/wp-content\/uploads\/2017\/06\/yoga-in-wien-2017-2.jpg","width":1346,"height":1219},{"@type":"BreadcrumbList","@id":"https:\/\/www.yoga-federation.eu\/at\/die-grose-yoga-performance-wien-2017\/#breadcrumb","itemListElement":[{"@type":"ListItem","position":1,"name":"Home","item":"https:\/\/www.yoga-federation.eu\/at\/"},{"@type":"ListItem","position":2,"name":"Die Gro\u00dfe Yoga Performance in Wien &#8211; 2017"}]},{"@type":"WebSite","@id":"https:\/\/www.yoga-federation.eu\/#website","url":"https:\/\/www.yoga-federation.eu\/","name":"Yoga Federation of Europe","description":"Yoga in Europe","potentialAction":[{"@type":"SearchAction","target":{"@type":"EntryPoint","urlTemplate":"https:\/\/www.yoga-federation.eu\/?s={search_term_string}"},"query-input":{"@type":"PropertyValueSpecification","valueRequired":true,"valueName":"search_term_string"}}],"inLanguage":"at-AT"},{"@type":"Person","@id":"https:\/\/www.yoga-federation.eu\/#\/schema\/person\/c70b5a8f7323477f70814bd277cc9105","name":"YFE","image":{"@type":"ImageObject","inLanguage":"at-AT","@id":"https:\/\/secure.gravatar.com\/avatar\/64f6beecfc59c339d337f0a16c80bfc143a5e623923f6f42beb67b25788f3e50?s=96&d=mm&r=g","url":"https:\/\/secure.gravatar.com\/avatar\/64f6beecfc59c339d337f0a16c80bfc143a5e623923f6f42beb67b25788f3e50?s=96&d=mm&r=g","contentUrl":"https:\/\/secure.gravatar.com\/avatar\/64f6beecfc59c339d337f0a16c80bfc143a5e623923f6f42beb67b25788f3e50?s=96&d=mm&r=g","caption":"YFE"},"url":"https:\/\/www.yoga-federation.eu\/at\/author\/ana\/"}]}},"_links":{"self":[{"href":"https:\/\/www.yoga-federation.eu\/at\/wp-json\/wp\/v2\/posts\/2122","targetHints":{"allow":["GET"]}}],"collection":[{"href":"https:\/\/www.yoga-federation.eu\/at\/wp-json\/wp\/v2\/posts"}],"about":[{"href":"https:\/\/www.yoga-federation.eu\/at\/wp-json\/wp\/v2\/types\/post"}],"author":[{"embeddable":true,"href":"https:\/\/www.yoga-federation.eu\/at\/wp-json\/wp\/v2\/users\/6"}],"replies":[{"embeddable":true,"href":"https:\/\/www.yoga-federation.eu\/at\/wp-json\/wp\/v2\/comments?post=2122"}],"version-history":[{"count":0,"href":"https:\/\/www.yoga-federation.eu\/at\/wp-json\/wp\/v2\/posts\/2122\/revisions"}],"wp:featuredmedia":[{"embeddable":true,"href":"https:\/\/www.yoga-federation.eu\/at\/wp-json\/wp\/v2\/media\/2156"}],"wp:attachment":[{"href":"https:\/\/www.yoga-federation.eu\/at\/wp-json\/wp\/v2\/media?parent=2122"}],"wp:term":[{"taxonomy":"category","embeddable":true,"href":"https:\/\/www.yoga-federation.eu\/at\/wp-json\/wp\/v2\/categories?post=2122"},{"taxonomy":"post_tag","embeddable":true,"href":"https:\/\/www.yoga-federation.eu\/at\/wp-json\/wp\/v2\/tags?post=2122"}],"curies":[{"name":"wp","href":"https:\/\/api.w.org\/{rel}","templated":true}]}}